{"id":30708,"date":"2026-01-16T12:03:15","date_gmt":"2026-01-16T10:03:15","guid":{"rendered":"https:\/\/tys.fi\/sujuvaa-asumista-monipuolisilla-sahkoisilla-palveluilla-tysn-uusi-sahkoinen-palvelulupaus-on-julkistettu"},"modified":"2026-01-16T12:04:57","modified_gmt":"2026-01-16T10:04:57","slug":"sujuvaa-asumista-monipuolisilla-sahkoisilla-palveluilla-tysn-uusi-sahkoinen-palvelulupaus-on-julkistettu","status":"publish","type":"post","link":"https:\/\/tys.fi\/sv\/sujuvaa-asumista-monipuolisilla-sahkoisilla-palveluilla-tysn-uusi-sahkoinen-palvelulupaus-on-julkistettu","title":{"rendered":"Smidigt boende med m\u00e5ngsidiga digitala tj\u00e4nster \u2013 TYS nya digitala servicel\u00f6fte har publicerats"},"content":{"rendered":"<p>TYS har f\u00f6rnyat sitt servicel\u00f6fte till ett digitalt servicel\u00f6fte. Det tidigare servicel\u00f6ftet, som publicerades 2018, var det f\u00f6rsta servicel\u00f6ftet som offentliggjordes av ett studentbostadssamfund i Finland.<\/p>\n<p>Det nya digitala servicel\u00f6ftet beskriver allt som TYS hyresg\u00e4ster kan sk\u00f6ta via digitala tj\u00e4nster samt vilken typ av personlig service stiftelsen erbjuder vid sidan av dem.<\/p>\n<p>Det f\u00f6rnyade l\u00f6ftet sammanfattar det som TYS har f\u00f6rbundit sig till: enkel \u00e4rendehantering, tillg\u00e4nglighet och st\u00f6d f\u00f6r hyresg\u00e4stens vardag. Som hyresg\u00e4st kan du sk\u00f6ta n\u00e4stan alla boenderelaterade \u00e4renden digitalt, oberoende av tid och plats \u2013 fr\u00e5n bostadsans\u00f6kan till undertecknande av hyresavtal och betalning av hyran.<\/p>\n<p><strong>V\u00e5rt digitala servicel\u00f6fte \u00e4r:<br \/>\n<\/strong><br \/>\nDe elektroniska tj\u00e4nsterna \u00e4r tillg\u00e4ngliga f\u00f6r kunder alla dagar om \u00e5ret och dygnet runt.<\/p>\n<p>Som kund hos TYS kan du elektroniskt:<\/p>\n<ul>\n<li>l\u00e4mna in en bostadsans\u00f6kan och \u00e4ndra den<\/li>\n<li>acceptera ett bostadserbjudande<\/li>\n<li>skriva under hyresavtalet<\/li>\n<li>fylla i inflyttningskontrollen<\/li>\n<li>se information om bostaden och hyresavtalet<\/li>\n<li>se betalningsstatus och betala hyran<\/li>\n<li>g\u00f6ra felanm\u00e4lan om brister i bostaden<\/li>\n<li>g\u00f6ra reservationer via bokningstj\u00e4nster<\/li>\n<li>anm\u00e4la om st\u00f6rningar<\/li>\n<li>beg\u00e4ra tillst\u00e5nd f\u00f6r andrahandsuthyrning och andra \u00e4ndringar i hyresavtalet<\/li>\n<li>ta kontakt med kundservice<\/li>\n<li>s\u00e4ga upp hyresavtalet<\/li>\n<li>fr\u00e5ga r\u00e5d fr\u00e5n webbplatsens AI-assistent<\/li>\n<\/ul>\n<p>TYS:s elektroniska tj\u00e4nster m\u00f6jligg\u00f6r smidig \u00e4rendehantering oberoende av tid och plats.<\/p>\n<p>Vi betj\u00e4nar dig personligen via e-post och telefon n\u00e4r du beh\u00f6ver hj\u00e4lp.<\/p>\n<p>Om du vill kan du h\u00e4mta nycklarna till din bostad fr\u00e5n nyckelautomaten, som \u00e4r tillg\u00e4nglig dygnet runt. Byr\u00e5ns kundservice hj\u00e4lper dig ocks\u00e5 med nyckelfr\u00e5gor.<\/p>\n","protected":false},"excerpt":{"rendered":"<p>TYS har f\u00f6rnyat sitt servicel\u00f6fte till ett digitalt servicel\u00f6fte. Det tidigare servicel\u00f6ftet, som publicerades 2018,&#8230;<\/p>\n","protected":false},"author":2,"featured_media":27289,"comment_status":"closed","ping_status":"open","sticky":false,"template":"","format":"standard","meta":{"footnotes":""},"categories":[38],"tags":[],"class_list":{"0":"post-30708","1":"post","2":"type-post","3":"status-publish","4":"format-standard","5":"has-post-thumbnail","7":"category-nyheter-sv"},"yoast_head":"<!-- This site is optimized with the Yoast SEO plugin v27.4 - https:\/\/yoast.com\/product\/yoast-seo-wordpress\/ -->\n<title>Smidigt boende med m\u00e5ngsidiga digitala tj\u00e4nster \u2013 TYS nya digitala servicel\u00f6fte har publicerats | TYS | Turun Ylioppilaskyl\u00e4s\u00e4\u00e4ti\u00f6<\/title>\n<meta name=\"robots\" content=\"index, follow, max-snippet:-1, max-image-preview:large, max-video-preview:-1\" \/>\n<link rel=\"canonical\" href=\"https:\/\/tys.fi\/sv\/sujuvaa-asumista-monipuolisilla-sahkoisilla-palveluilla-tysn-uusi-sahkoinen-palvelulupaus-on-julkistettu\" \/>\n<meta property=\"og:locale\" content=\"sv_SE\" \/>\n<meta property=\"og:type\" content=\"article\" \/>\n<meta property=\"og:title\" content=\"Smidigt boende med m\u00e5ngsidiga digitala tj\u00e4nster \u2013 TYS nya digitala servicel\u00f6fte har publicerats | TYS | Turun Ylioppilaskyl\u00e4s\u00e4\u00e4ti\u00f6\" \/>\n<meta property=\"og:description\" content=\"TYS har f\u00f6rnyat sitt servicel\u00f6fte till ett digitalt servicel\u00f6fte. Det tidigare servicel\u00f6ftet, som publicerades 2018,...\" \/>\n<meta property=\"og:url\" content=\"https:\/\/tys.fi\/sv\/sujuvaa-asumista-monipuolisilla-sahkoisilla-palveluilla-tysn-uusi-sahkoinen-palvelulupaus-on-julkistettu\" \/>\n<meta property=\"og:site_name\" content=\"Turun Ylioppilaskyl&auml;s&auml;&auml;ti&ouml;\" \/>\n<meta property=\"article:publisher\" content=\"https:\/\/www.facebook.com\/tysturku\/\" \/>\n<meta property=\"article:published_time\" content=\"2026-01-16T10:03:15+00:00\" \/>\n<meta property=\"article:modified_time\" content=\"2026-01-16T10:04:57+00:00\" \/>\n<meta property=\"og:image\" content=\"https:\/\/tys.fi\/wp-content\/uploads\/2024\/04\/asukassivut-ensv.jpg\" \/>\n\t<meta property=\"og:image:width\" content=\"1920\" \/>\n\t<meta property=\"og:image:height\" content=\"1282\" \/>\n\t<meta property=\"og:image:type\" content=\"image\/jpeg\" \/>\n<meta name=\"author\" content=\"Marja Aapalahti\" \/>\n<meta name=\"twitter:card\" content=\"summary_large_image\" \/>\n<meta name=\"twitter:creator\" content=\"@tysturku\" \/>\n<meta name=\"twitter:site\" content=\"@tysturku\" \/>\n<meta name=\"twitter:label1\" content=\"Skriven av\" \/>\n\t<meta name=\"twitter:data1\" content=\"Marja Aapalahti\" \/>\n\t<meta name=\"twitter:label2\" content=\"Ber\u00e4knad l\u00e4stid\" \/>\n\t<meta name=\"twitter:data2\" content=\"2 minuter\" \/>\n<script type=\"application\/ld+json\" class=\"yoast-schema-graph\">{\"@context\":\"https:\\\/\\\/schema.org\",\"@graph\":[{\"@type\":\"Article\",\"@id\":\"https:\\\/\\\/tys.fi\\\/sv\\\/sujuvaa-asumista-monipuolisilla-sahkoisilla-palveluilla-tysn-uusi-sahkoinen-palvelulupaus-on-julkistettu#article\",\"isPartOf\":{\"@id\":\"https:\\\/\\\/tys.fi\\\/sv\\\/sujuvaa-asumista-monipuolisilla-sahkoisilla-palveluilla-tysn-uusi-sahkoinen-palvelulupaus-on-julkistettu\"},\"author\":{\"name\":\"Marja Aapalahti\",\"@id\":\"https:\\\/\\\/tys.fi\\\/#\\\/schema\\\/person\\\/c1f87ee6d97815ab24d89b5ad67f8718\"},\"headline\":\"Smidigt boende med m\u00e5ngsidiga digitala tj\u00e4nster \u2013 TYS nya digitala servicel\u00f6fte har publicerats\",\"datePublished\":\"2026-01-16T10:03:15+00:00\",\"dateModified\":\"2026-01-16T10:04:57+00:00\",\"mainEntityOfPage\":{\"@id\":\"https:\\\/\\\/tys.fi\\\/sv\\\/sujuvaa-asumista-monipuolisilla-sahkoisilla-palveluilla-tysn-uusi-sahkoinen-palvelulupaus-on-julkistettu\"},\"wordCount\":299,\"publisher\":{\"@id\":\"https:\\\/\\\/tys.fi\\\/#organization\"},\"image\":{\"@id\":\"https:\\\/\\\/tys.fi\\\/sv\\\/sujuvaa-asumista-monipuolisilla-sahkoisilla-palveluilla-tysn-uusi-sahkoinen-palvelulupaus-on-julkistettu#primaryimage\"},\"thumbnailUrl\":\"https:\\\/\\\/tys.fi\\\/wp-content\\\/uploads\\\/2024\\\/04\\\/asukassivut-ensv.jpg\",\"articleSection\":[\"Nyheter\"],\"inLanguage\":\"sv-SE\"},{\"@type\":\"WebPage\",\"@id\":\"https:\\\/\\\/tys.fi\\\/sv\\\/sujuvaa-asumista-monipuolisilla-sahkoisilla-palveluilla-tysn-uusi-sahkoinen-palvelulupaus-on-julkistettu\",\"url\":\"https:\\\/\\\/tys.fi\\\/sv\\\/sujuvaa-asumista-monipuolisilla-sahkoisilla-palveluilla-tysn-uusi-sahkoinen-palvelulupaus-on-julkistettu\",\"name\":\"Smidigt boende med m\u00e5ngsidiga digitala tj\u00e4nster \u2013 TYS nya digitala servicel\u00f6fte har publicerats | TYS | Turun Ylioppilaskyl\u00e4s\u00e4\u00e4ti\u00f6\",\"isPartOf\":{\"@id\":\"https:\\\/\\\/tys.fi\\\/#website\"},\"primaryImageOfPage\":{\"@id\":\"https:\\\/\\\/tys.fi\\\/sv\\\/sujuvaa-asumista-monipuolisilla-sahkoisilla-palveluilla-tysn-uusi-sahkoinen-palvelulupaus-on-julkistettu#primaryimage\"},\"image\":{\"@id\":\"https:\\\/\\\/tys.fi\\\/sv\\\/sujuvaa-asumista-monipuolisilla-sahkoisilla-palveluilla-tysn-uusi-sahkoinen-palvelulupaus-on-julkistettu#primaryimage\"},\"thumbnailUrl\":\"https:\\\/\\\/tys.fi\\\/wp-content\\\/uploads\\\/2024\\\/04\\\/asukassivut-ensv.jpg\",\"datePublished\":\"2026-01-16T10:03:15+00:00\",\"dateModified\":\"2026-01-16T10:04:57+00:00\",\"breadcrumb\":{\"@id\":\"https:\\\/\\\/tys.fi\\\/sv\\\/sujuvaa-asumista-monipuolisilla-sahkoisilla-palveluilla-tysn-uusi-sahkoinen-palvelulupaus-on-julkistettu#breadcrumb\"},\"inLanguage\":\"sv-SE\",\"potentialAction\":[{\"@type\":\"ReadAction\",\"target\":[\"https:\\\/\\\/tys.fi\\\/sv\\\/sujuvaa-asumista-monipuolisilla-sahkoisilla-palveluilla-tysn-uusi-sahkoinen-palvelulupaus-on-julkistettu\"]}]},{\"@type\":\"ImageObject\",\"inLanguage\":\"sv-SE\",\"@id\":\"https:\\\/\\\/tys.fi\\\/sv\\\/sujuvaa-asumista-monipuolisilla-sahkoisilla-palveluilla-tysn-uusi-sahkoinen-palvelulupaus-on-julkistettu#primaryimage\",\"url\":\"https:\\\/\\\/tys.fi\\\/wp-content\\\/uploads\\\/2024\\\/04\\\/asukassivut-ensv.jpg\",\"contentUrl\":\"https:\\\/\\\/tys.fi\\\/wp-content\\\/uploads\\\/2024\\\/04\\\/asukassivut-ensv.jpg\",\"width\":1920,\"height\":1282},{\"@type\":\"BreadcrumbList\",\"@id\":\"https:\\\/\\\/tys.fi\\\/sv\\\/sujuvaa-asumista-monipuolisilla-sahkoisilla-palveluilla-tysn-uusi-sahkoinen-palvelulupaus-on-julkistettu#breadcrumb\",\"itemListElement\":[{\"@type\":\"ListItem\",\"position\":1,\"name\":\"Home\",\"item\":\"https:\\\/\\\/tys.fi\\\/sv\"},{\"@type\":\"ListItem\",\"position\":2,\"name\":\"Smidigt boende med m\u00e5ngsidiga digitala tj\u00e4nster \u2013 TYS nya digitala servicel\u00f6fte har publicerats\"}]},{\"@type\":\"WebSite\",\"@id\":\"https:\\\/\\\/tys.fi\\\/#website\",\"url\":\"https:\\\/\\\/tys.fi\\\/\",\"name\":\"Turun Ylioppilaskyl\u00e4s\u00e4\u00e4ti\u00f6\",\"description\":\"Vuokra-asunnot Turku\",\"publisher\":{\"@id\":\"https:\\\/\\\/tys.fi\\\/#organization\"},\"potentialAction\":[{\"@type\":\"SearchAction\",\"target\":{\"@type\":\"EntryPoint\",\"urlTemplate\":\"https:\\\/\\\/tys.fi\\\/?s={search_term_string}\"},\"query-input\":{\"@type\":\"PropertyValueSpecification\",\"valueRequired\":true,\"valueName\":\"search_term_string\"}}],\"inLanguage\":\"sv-SE\"},{\"@type\":\"Organization\",\"@id\":\"https:\\\/\\\/tys.fi\\\/#organization\",\"name\":\"TYS\",\"url\":\"https:\\\/\\\/tys.fi\\\/\",\"logo\":{\"@type\":\"ImageObject\",\"inLanguage\":\"sv-SE\",\"@id\":\"https:\\\/\\\/tys.fi\\\/#\\\/schema\\\/logo\\\/image\\\/\",\"url\":\"https:\\\/\\\/tys.fi\\\/wp-content\\\/uploads\\\/2019\\\/03\\\/TYS-Logo_Green_500px.png\",\"contentUrl\":\"https:\\\/\\\/tys.fi\\\/wp-content\\\/uploads\\\/2019\\\/03\\\/TYS-Logo_Green_500px.png\",\"width\":500,\"height\":232,\"caption\":\"TYS\"},\"image\":{\"@id\":\"https:\\\/\\\/tys.fi\\\/#\\\/schema\\\/logo\\\/image\\\/\"},\"sameAs\":[\"https:\\\/\\\/www.facebook.com\\\/tysturku\\\/\",\"https:\\\/\\\/x.com\\\/tysturku\",\"https:\\\/\\\/www.instagram.com\\\/tysturku\\\/\",\"https:\\\/\\\/www.linkedin.com\\\/company\\\/tysturku\\\/\",\"https:\\\/\\\/www.youtube.com\\\/channel\\\/UCjKOs8BOiY0SORCB0WWixlw?view_as=subscriber\",\"https:\\\/\\\/fi.wikipedia.org\\\/wiki\\\/Turun_ylioppilaskyl\u00e4s\u00e4\u00e4ti\u00f6\"]},{\"@type\":\"Person\",\"@id\":\"https:\\\/\\\/tys.fi\\\/#\\\/schema\\\/person\\\/c1f87ee6d97815ab24d89b5ad67f8718\",\"name\":\"Marja Aapalahti\",\"url\":\"https:\\\/\\\/tys.fi\\\/sv\\\/author\\\/marja\"}]}<\/script>\n<!-- \/ Yoast SEO plugin. -->","yoast_head_json":{"title":"Smidigt boende med m\u00e5ngsidiga digitala tj\u00e4nster \u2013 TYS nya digitala servicel\u00f6fte har publicerats | TYS | Turun Ylioppilaskyl\u00e4s\u00e4\u00e4ti\u00f6","robots":{"index":"index","follow":"follow","max-snippet":"max-snippet:-1","max-image-preview":"max-image-preview:large","max-video-preview":"max-video-preview:-1"},"canonical":"https:\/\/tys.fi\/sv\/sujuvaa-asumista-monipuolisilla-sahkoisilla-palveluilla-tysn-uusi-sahkoinen-palvelulupaus-on-julkistettu","og_locale":"sv_SE","og_type":"article","og_title":"Smidigt boende med m\u00e5ngsidiga digitala tj\u00e4nster \u2013 TYS nya digitala servicel\u00f6fte har publicerats | TYS | Turun Ylioppilaskyl\u00e4s\u00e4\u00e4ti\u00f6","og_description":"TYS har f\u00f6rnyat sitt servicel\u00f6fte till ett digitalt servicel\u00f6fte. Det tidigare servicel\u00f6ftet, som publicerades 2018,...","og_url":"https:\/\/tys.fi\/sv\/sujuvaa-asumista-monipuolisilla-sahkoisilla-palveluilla-tysn-uusi-sahkoinen-palvelulupaus-on-julkistettu","og_site_name":"Turun Ylioppilaskyl&auml;s&auml;&auml;ti&ouml;","article_publisher":"https:\/\/www.facebook.com\/tysturku\/","article_published_time":"2026-01-16T10:03:15+00:00","article_modified_time":"2026-01-16T10:04:57+00:00","og_image":[{"width":1920,"height":1282,"url":"https:\/\/tys.fi\/wp-content\/uploads\/2024\/04\/asukassivut-ensv.jpg","type":"image\/jpeg"}],"author":"Marja Aapalahti","twitter_card":"summary_large_image","twitter_creator":"@tysturku","twitter_site":"@tysturku","twitter_misc":{"Skriven av":"Marja Aapalahti","Ber\u00e4knad l\u00e4stid":"2 minuter"},"schema":{"@context":"https:\/\/schema.org","@graph":[{"@type":"Article","@id":"https:\/\/tys.fi\/sv\/sujuvaa-asumista-monipuolisilla-sahkoisilla-palveluilla-tysn-uusi-sahkoinen-palvelulupaus-on-julkistettu#article","isPartOf":{"@id":"https:\/\/tys.fi\/sv\/sujuvaa-asumista-monipuolisilla-sahkoisilla-palveluilla-tysn-uusi-sahkoinen-palvelulupaus-on-julkistettu"},"author":{"name":"Marja Aapalahti","@id":"https:\/\/tys.fi\/#\/schema\/person\/c1f87ee6d97815ab24d89b5ad67f8718"},"headline":"Smidigt boende med m\u00e5ngsidiga digitala tj\u00e4nster \u2013 TYS nya digitala servicel\u00f6fte har publicerats","datePublished":"2026-01-16T10:03:15+00:00","dateModified":"2026-01-16T10:04:57+00:00","mainEntityOfPage":{"@id":"https:\/\/tys.fi\/sv\/sujuvaa-asumista-monipuolisilla-sahkoisilla-palveluilla-tysn-uusi-sahkoinen-palvelulupaus-on-julkistettu"},"wordCount":299,"publisher":{"@id":"https:\/\/tys.fi\/#organization"},"image":{"@id":"https:\/\/tys.fi\/sv\/sujuvaa-asumista-monipuolisilla-sahkoisilla-palveluilla-tysn-uusi-sahkoinen-palvelulupaus-on-julkistettu#primaryimage"},"thumbnailUrl":"https:\/\/tys.fi\/wp-content\/uploads\/2024\/04\/asukassivut-ensv.jpg","articleSection":["Nyheter"],"inLanguage":"sv-SE"},{"@type":"WebPage","@id":"https:\/\/tys.fi\/sv\/sujuvaa-asumista-monipuolisilla-sahkoisilla-palveluilla-tysn-uusi-sahkoinen-palvelulupaus-on-julkistettu","url":"https:\/\/tys.fi\/sv\/sujuvaa-asumista-monipuolisilla-sahkoisilla-palveluilla-tysn-uusi-sahkoinen-palvelulupaus-on-julkistettu","name":"Smidigt boende med m\u00e5ngsidiga digitala tj\u00e4nster \u2013 TYS nya digitala servicel\u00f6fte har publicerats | TYS | Turun Ylioppilaskyl\u00e4s\u00e4\u00e4ti\u00f6","isPartOf":{"@id":"https:\/\/tys.fi\/#website"},"primaryImageOfPage":{"@id":"https:\/\/tys.fi\/sv\/sujuvaa-asumista-monipuolisilla-sahkoisilla-palveluilla-tysn-uusi-sahkoinen-palvelulupaus-on-julkistettu#primaryimage"},"image":{"@id":"https:\/\/tys.fi\/sv\/sujuvaa-asumista-monipuolisilla-sahkoisilla-palveluilla-tysn-uusi-sahkoinen-palvelulupaus-on-julkistettu#primaryimage"},"thumbnailUrl":"https:\/\/tys.fi\/wp-content\/uploads\/2024\/04\/asukassivut-ensv.jpg","datePublished":"2026-01-16T10:03:15+00:00","dateModified":"2026-01-16T10:04:57+00:00","breadcrumb":{"@id":"https:\/\/tys.fi\/sv\/sujuvaa-asumista-monipuolisilla-sahkoisilla-palveluilla-tysn-uusi-sahkoinen-palvelulupaus-on-julkistettu#breadcrumb"},"inLanguage":"sv-SE","potentialAction":[{"@type":"ReadAction","target":["https:\/\/tys.fi\/sv\/sujuvaa-asumista-monipuolisilla-sahkoisilla-palveluilla-tysn-uusi-sahkoinen-palvelulupaus-on-julkistettu"]}]},{"@type":"ImageObject","inLanguage":"sv-SE","@id":"https:\/\/tys.fi\/sv\/sujuvaa-asumista-monipuolisilla-sahkoisilla-palveluilla-tysn-uusi-sahkoinen-palvelulupaus-on-julkistettu#primaryimage","url":"https:\/\/tys.fi\/wp-content\/uploads\/2024\/04\/asukassivut-ensv.jpg","contentUrl":"https:\/\/tys.fi\/wp-content\/uploads\/2024\/04\/asukassivut-ensv.jpg","width":1920,"height":1282},{"@type":"BreadcrumbList","@id":"https:\/\/tys.fi\/sv\/sujuvaa-asumista-monipuolisilla-sahkoisilla-palveluilla-tysn-uusi-sahkoinen-palvelulupaus-on-julkistettu#breadcrumb","itemListElement":[{"@type":"ListItem","position":1,"name":"Home","item":"https:\/\/tys.fi\/sv"},{"@type":"ListItem","position":2,"name":"Smidigt boende med m\u00e5ngsidiga digitala tj\u00e4nster \u2013 TYS nya digitala servicel\u00f6fte har publicerats"}]},{"@type":"WebSite","@id":"https:\/\/tys.fi\/#website","url":"https:\/\/tys.fi\/","name":"Turun Ylioppilaskyl\u00e4s\u00e4\u00e4ti\u00f6","description":"Vuokra-asunnot Turku","publisher":{"@id":"https:\/\/tys.fi\/#organization"},"potentialAction":[{"@type":"SearchAction","target":{"@type":"EntryPoint","urlTemplate":"https:\/\/tys.fi\/?s={search_term_string}"},"query-input":{"@type":"PropertyValueSpecification","valueRequired":true,"valueName":"search_term_string"}}],"inLanguage":"sv-SE"},{"@type":"Organization","@id":"https:\/\/tys.fi\/#organization","name":"TYS","url":"https:\/\/tys.fi\/","logo":{"@type":"ImageObject","inLanguage":"sv-SE","@id":"https:\/\/tys.fi\/#\/schema\/logo\/image\/","url":"https:\/\/tys.fi\/wp-content\/uploads\/2019\/03\/TYS-Logo_Green_500px.png","contentUrl":"https:\/\/tys.fi\/wp-content\/uploads\/2019\/03\/TYS-Logo_Green_500px.png","width":500,"height":232,"caption":"TYS"},"image":{"@id":"https:\/\/tys.fi\/#\/schema\/logo\/image\/"},"sameAs":["https:\/\/www.facebook.com\/tysturku\/","https:\/\/x.com\/tysturku","https:\/\/www.instagram.com\/tysturku\/","https:\/\/www.linkedin.com\/company\/tysturku\/","https:\/\/www.youtube.com\/channel\/UCjKOs8BOiY0SORCB0WWixlw?view_as=subscriber","https:\/\/fi.wikipedia.org\/wiki\/Turun_ylioppilaskyl\u00e4s\u00e4\u00e4ti\u00f6"]},{"@type":"Person","@id":"https:\/\/tys.fi\/#\/schema\/person\/c1f87ee6d97815ab24d89b5ad67f8718","name":"Marja Aapalahti","url":"https:\/\/tys.fi\/sv\/author\/marja"}]}},"_links":{"self":[{"href":"https:\/\/tys.fi\/sv\/wp-json\/wp\/v2\/posts\/30708","targetHints":{"allow":["GET"]}}],"collection":[{"href":"https:\/\/tys.fi\/sv\/wp-json\/wp\/v2\/posts"}],"about":[{"href":"https:\/\/tys.fi\/sv\/wp-json\/wp\/v2\/types\/post"}],"author":[{"embeddable":true,"href":"https:\/\/tys.fi\/sv\/wp-json\/wp\/v2\/users\/2"}],"replies":[{"embeddable":true,"href":"https:\/\/tys.fi\/sv\/wp-json\/wp\/v2\/comments?post=30708"}],"version-history":[{"count":1,"href":"https:\/\/tys.fi\/sv\/wp-json\/wp\/v2\/posts\/30708\/revisions"}],"predecessor-version":[{"id":30710,"href":"https:\/\/tys.fi\/sv\/wp-json\/wp\/v2\/posts\/30708\/revisions\/30710"}],"wp:featuredmedia":[{"embeddable":true,"href":"https:\/\/tys.fi\/sv\/wp-json\/wp\/v2\/media\/27289"}],"wp:attachment":[{"href":"https:\/\/tys.fi\/sv\/wp-json\/wp\/v2\/media?parent=30708"}],"wp:term":[{"taxonomy":"category","embeddable":true,"href":"https:\/\/tys.fi\/sv\/wp-json\/wp\/v2\/categories?post=30708"},{"taxonomy":"post_tag","embeddable":true,"href":"https:\/\/tys.fi\/sv\/wp-json\/wp\/v2\/tags?post=30708"}],"curies":[{"name":"wp","href":"https:\/\/api.w.org\/{rel}","templated":true}]}}