{"id":30417,"date":"2025-11-06T09:04:03","date_gmt":"2025-11-06T07:04:03","guid":{"rendered":"https:\/\/tys.fi\/?p=30417"},"modified":"2025-11-07T12:22:19","modified_gmt":"2025-11-07T10:22:19","slug":"problemet-med-elektroniska-tjanster-har-atgardats","status":"publish","type":"post","link":"https:\/\/tys.fi\/sv\/problemet-med-elektroniska-tjanster-har-atgardats","title":{"rendered":"Problemet med elektroniska tj\u00e4nster har \u00e5tg\u00e4rdats"},"content":{"rendered":"<p data-start=\"945\" data-end=\"1152\">Problemet med TYS:s elektroniska tj\u00e4nster har \u00e5tg\u00e4rdats. Enligt tj\u00e4nsteleverant\u00f6ren ska alla elektroniska tj\u00e4nster, inklusive bostadsans\u00f6kan, s\u00f6kandes tj\u00e4nsten och hyresg\u00e4stsidorna, nu fungera som normalt igen.<\/p>\n<p data-start=\"1154\" data-end=\"1314\">TYS:s elektroniska tj\u00e4nster hade ett driftavbrott den 6\u20137 november, vilket gjorde att bostadsans\u00f6kan, s\u00f6kandes tj\u00e4nsten och hyresg\u00e4stsidorna inte var tillg\u00e4ngliga.<\/p>\n<p data-start=\"1316\" data-end=\"1509\">Om du har fr\u00e5gor kan du kontakta v\u00e5r kundtj\u00e4nst under dess \u00f6ppettider via e-post p\u00e5 <a class=\"decorated-link cursor-pointer\" rel=\"noopener\" data-start=\"1402\" data-end=\"1415\">office@tys.fi<\/a>, per telefon p\u00e5 02 275 0200, eller via dina boendesidor n\u00e4r tj\u00e4nsterna \u00e5ter fungerar.<\/p>\n<p data-start=\"1511\" data-end=\"1604\">Vi beklagar det eventuella besv\u00e4r som problemet kan ha orsakat och tackar f\u00f6r ditt t\u00e5lamod.<\/p>\n<p>&nbsp;<\/p>\n","protected":false},"excerpt":{"rendered":"<p>Problemet med TYS:s elektroniska tj\u00e4nster har \u00e5tg\u00e4rdats. Enligt tj\u00e4nsteleverant\u00f6ren ska alla elektroniska tj\u00e4nster, inklusive bostadsans\u00f6kan,&#8230;<\/p>\n","protected":false},"author":2,"featured_media":13407,"comment_status":"closed","ping_status":"open","sticky":false,"template":"","format":"standard","meta":{"footnotes":""},"categories":[38],"tags":[],"class_list":{"0":"post-30417","1":"post","2":"type-post","3":"status-publish","4":"format-standard","5":"has-post-thumbnail","7":"category-nyheter-sv"},"yoast_head":"<!-- This site is optimized with the Yoast SEO plugin v27.5 - https:\/\/yoast.com\/product\/yoast-seo-wordpress\/ -->\n<title>Problemet med elektroniska tj\u00e4nster har \u00e5tg\u00e4rdats | TYS | Turun Ylioppilaskyl\u00e4s\u00e4\u00e4ti\u00f6<\/title>\n<meta name=\"robots\" content=\"index, follow, max-snippet:-1, max-image-preview:large, max-video-preview:-1\" \/>\n<link rel=\"canonical\" href=\"https:\/\/tys.fi\/sv\/problemet-med-elektroniska-tjanster-har-atgardats\" \/>\n<meta property=\"og:locale\" content=\"sv_SE\" \/>\n<meta property=\"og:type\" content=\"article\" \/>\n<meta property=\"og:title\" content=\"Problemet med elektroniska tj\u00e4nster har \u00e5tg\u00e4rdats | TYS | Turun Ylioppilaskyl\u00e4s\u00e4\u00e4ti\u00f6\" \/>\n<meta property=\"og:description\" content=\"Problemet med TYS:s elektroniska tj\u00e4nster har \u00e5tg\u00e4rdats. Enligt tj\u00e4nsteleverant\u00f6ren ska alla elektroniska tj\u00e4nster, inklusive bostadsans\u00f6kan,...\" \/>\n<meta property=\"og:url\" content=\"https:\/\/tys.fi\/sv\/problemet-med-elektroniska-tjanster-har-atgardats\" \/>\n<meta property=\"og:site_name\" content=\"Turun Ylioppilaskyl&auml;s&auml;&auml;ti&ouml;\" \/>\n<meta property=\"article:publisher\" content=\"https:\/\/www.facebook.com\/tysturku\/\" \/>\n<meta property=\"article:published_time\" content=\"2025-11-06T07:04:03+00:00\" \/>\n<meta property=\"article:modified_time\" content=\"2025-11-07T10:22:19+00:00\" \/>\n<meta property=\"og:image\" content=\"https:\/\/tys.fi\/wp-content\/uploads\/2019\/04\/Tys-sininen.jpg\" \/>\n\t<meta property=\"og:image:width\" content=\"1200\" \/>\n\t<meta property=\"og:image:height\" content=\"799\" \/>\n\t<meta property=\"og:image:type\" content=\"image\/jpeg\" \/>\n<meta name=\"author\" content=\"Marja Aapalahti\" \/>\n<meta name=\"twitter:card\" content=\"summary_large_image\" \/>\n<meta name=\"twitter:creator\" content=\"@tysturku\" \/>\n<meta name=\"twitter:site\" content=\"@tysturku\" \/>\n<meta name=\"twitter:label1\" content=\"Skriven av\" \/>\n\t<meta name=\"twitter:data1\" content=\"Marja Aapalahti\" \/>\n\t<meta name=\"twitter:label2\" content=\"Ber\u00e4knad l\u00e4stid\" \/>\n\t<meta name=\"twitter:data2\" content=\"1 minut\" \/>\n<script type=\"application\/ld+json\" class=\"yoast-schema-graph\">{\"@context\":\"https:\\\/\\\/schema.org\",\"@graph\":[{\"@type\":\"Article\",\"@id\":\"https:\\\/\\\/tys.fi\\\/sv\\\/problemet-med-elektroniska-tjanster-har-atgardats#article\",\"isPartOf\":{\"@id\":\"https:\\\/\\\/tys.fi\\\/sv\\\/problemet-med-elektroniska-tjanster-har-atgardats\"},\"author\":{\"name\":\"Marja Aapalahti\",\"@id\":\"https:\\\/\\\/tys.fi\\\/#\\\/schema\\\/person\\\/c1f87ee6d97815ab24d89b5ad67f8718\"},\"headline\":\"Problemet med elektroniska tj\u00e4nster har \u00e5tg\u00e4rdats\",\"datePublished\":\"2025-11-06T07:04:03+00:00\",\"dateModified\":\"2025-11-07T10:22:19+00:00\",\"mainEntityOfPage\":{\"@id\":\"https:\\\/\\\/tys.fi\\\/sv\\\/problemet-med-elektroniska-tjanster-har-atgardats\"},\"wordCount\":121,\"publisher\":{\"@id\":\"https:\\\/\\\/tys.fi\\\/#organization\"},\"image\":{\"@id\":\"https:\\\/\\\/tys.fi\\\/sv\\\/problemet-med-elektroniska-tjanster-har-atgardats#primaryimage\"},\"thumbnailUrl\":\"https:\\\/\\\/tys.fi\\\/wp-content\\\/uploads\\\/2019\\\/04\\\/Tys-sininen.jpg\",\"articleSection\":[\"Nyheter\"],\"inLanguage\":\"sv-SE\"},{\"@type\":\"WebPage\",\"@id\":\"https:\\\/\\\/tys.fi\\\/sv\\\/problemet-med-elektroniska-tjanster-har-atgardats\",\"url\":\"https:\\\/\\\/tys.fi\\\/sv\\\/problemet-med-elektroniska-tjanster-har-atgardats\",\"name\":\"Problemet med elektroniska tj\u00e4nster har \u00e5tg\u00e4rdats | TYS | Turun Ylioppilaskyl\u00e4s\u00e4\u00e4ti\u00f6\",\"isPartOf\":{\"@id\":\"https:\\\/\\\/tys.fi\\\/#website\"},\"primaryImageOfPage\":{\"@id\":\"https:\\\/\\\/tys.fi\\\/sv\\\/problemet-med-elektroniska-tjanster-har-atgardats#primaryimage\"},\"image\":{\"@id\":\"https:\\\/\\\/tys.fi\\\/sv\\\/problemet-med-elektroniska-tjanster-har-atgardats#primaryimage\"},\"thumbnailUrl\":\"https:\\\/\\\/tys.fi\\\/wp-content\\\/uploads\\\/2019\\\/04\\\/Tys-sininen.jpg\",\"datePublished\":\"2025-11-06T07:04:03+00:00\",\"dateModified\":\"2025-11-07T10:22:19+00:00\",\"breadcrumb\":{\"@id\":\"https:\\\/\\\/tys.fi\\\/sv\\\/problemet-med-elektroniska-tjanster-har-atgardats#breadcrumb\"},\"inLanguage\":\"sv-SE\",\"potentialAction\":[{\"@type\":\"ReadAction\",\"target\":[\"https:\\\/\\\/tys.fi\\\/sv\\\/problemet-med-elektroniska-tjanster-har-atgardats\"]}]},{\"@type\":\"ImageObject\",\"inLanguage\":\"sv-SE\",\"@id\":\"https:\\\/\\\/tys.fi\\\/sv\\\/problemet-med-elektroniska-tjanster-har-atgardats#primaryimage\",\"url\":\"https:\\\/\\\/tys.fi\\\/wp-content\\\/uploads\\\/2019\\\/04\\\/Tys-sininen.jpg\",\"contentUrl\":\"https:\\\/\\\/tys.fi\\\/wp-content\\\/uploads\\\/2019\\\/04\\\/Tys-sininen.jpg\",\"width\":1200,\"height\":799},{\"@type\":\"BreadcrumbList\",\"@id\":\"https:\\\/\\\/tys.fi\\\/sv\\\/problemet-med-elektroniska-tjanster-har-atgardats#breadcrumb\",\"itemListElement\":[{\"@type\":\"ListItem\",\"position\":1,\"name\":\"Home\",\"item\":\"https:\\\/\\\/tys.fi\\\/sv\"},{\"@type\":\"ListItem\",\"position\":2,\"name\":\"Problemet med elektroniska tj\u00e4nster har \u00e5tg\u00e4rdats\"}]},{\"@type\":\"WebSite\",\"@id\":\"https:\\\/\\\/tys.fi\\\/#website\",\"url\":\"https:\\\/\\\/tys.fi\\\/\",\"name\":\"Turun Ylioppilaskyl\u00e4s\u00e4\u00e4ti\u00f6\",\"description\":\"Vuokra-asunnot Turku\",\"publisher\":{\"@id\":\"https:\\\/\\\/tys.fi\\\/#organization\"},\"potentialAction\":[{\"@type\":\"SearchAction\",\"target\":{\"@type\":\"EntryPoint\",\"urlTemplate\":\"https:\\\/\\\/tys.fi\\\/?s={search_term_string}\"},\"query-input\":{\"@type\":\"PropertyValueSpecification\",\"valueRequired\":true,\"valueName\":\"search_term_string\"}}],\"inLanguage\":\"sv-SE\"},{\"@type\":\"Organization\",\"@id\":\"https:\\\/\\\/tys.fi\\\/#organization\",\"name\":\"TYS\",\"url\":\"https:\\\/\\\/tys.fi\\\/\",\"logo\":{\"@type\":\"ImageObject\",\"inLanguage\":\"sv-SE\",\"@id\":\"https:\\\/\\\/tys.fi\\\/#\\\/schema\\\/logo\\\/image\\\/\",\"url\":\"https:\\\/\\\/tys.fi\\\/wp-content\\\/uploads\\\/2019\\\/03\\\/TYS-Logo_Green_500px.png\",\"contentUrl\":\"https:\\\/\\\/tys.fi\\\/wp-content\\\/uploads\\\/2019\\\/03\\\/TYS-Logo_Green_500px.png\",\"width\":500,\"height\":232,\"caption\":\"TYS\"},\"image\":{\"@id\":\"https:\\\/\\\/tys.fi\\\/#\\\/schema\\\/logo\\\/image\\\/\"},\"sameAs\":[\"https:\\\/\\\/www.facebook.com\\\/tysturku\\\/\",\"https:\\\/\\\/x.com\\\/tysturku\",\"https:\\\/\\\/www.instagram.com\\\/tysturku\\\/\",\"https:\\\/\\\/www.linkedin.com\\\/company\\\/tysturku\\\/\",\"https:\\\/\\\/www.youtube.com\\\/channel\\\/UCjKOs8BOiY0SORCB0WWixlw?view_as=subscriber\",\"https:\\\/\\\/fi.wikipedia.org\\\/wiki\\\/Turun_ylioppilaskyl\u00e4s\u00e4\u00e4ti\u00f6\"]},{\"@type\":\"Person\",\"@id\":\"https:\\\/\\\/tys.fi\\\/#\\\/schema\\\/person\\\/c1f87ee6d97815ab24d89b5ad67f8718\",\"name\":\"Marja Aapalahti\",\"url\":\"https:\\\/\\\/tys.fi\\\/sv\\\/author\\\/marja\"}]}<\/script>\n<!-- \/ Yoast SEO plugin. -->","yoast_head_json":{"title":"Problemet med elektroniska tj\u00e4nster har \u00e5tg\u00e4rdats | TYS | Turun Ylioppilaskyl\u00e4s\u00e4\u00e4ti\u00f6","robots":{"index":"index","follow":"follow","max-snippet":"max-snippet:-1","max-image-preview":"max-image-preview:large","max-video-preview":"max-video-preview:-1"},"canonical":"https:\/\/tys.fi\/sv\/problemet-med-elektroniska-tjanster-har-atgardats","og_locale":"sv_SE","og_type":"article","og_title":"Problemet med elektroniska tj\u00e4nster har \u00e5tg\u00e4rdats | TYS | Turun Ylioppilaskyl\u00e4s\u00e4\u00e4ti\u00f6","og_description":"Problemet med TYS:s elektroniska tj\u00e4nster har \u00e5tg\u00e4rdats. Enligt tj\u00e4nsteleverant\u00f6ren ska alla elektroniska tj\u00e4nster, inklusive bostadsans\u00f6kan,...","og_url":"https:\/\/tys.fi\/sv\/problemet-med-elektroniska-tjanster-har-atgardats","og_site_name":"Turun Ylioppilaskyl&auml;s&auml;&auml;ti&ouml;","article_publisher":"https:\/\/www.facebook.com\/tysturku\/","article_published_time":"2025-11-06T07:04:03+00:00","article_modified_time":"2025-11-07T10:22:19+00:00","og_image":[{"width":1200,"height":799,"url":"https:\/\/tys.fi\/wp-content\/uploads\/2019\/04\/Tys-sininen.jpg","type":"image\/jpeg"}],"author":"Marja Aapalahti","twitter_card":"summary_large_image","twitter_creator":"@tysturku","twitter_site":"@tysturku","twitter_misc":{"Skriven av":"Marja Aapalahti","Ber\u00e4knad l\u00e4stid":"1 minut"},"schema":{"@context":"https:\/\/schema.org","@graph":[{"@type":"Article","@id":"https:\/\/tys.fi\/sv\/problemet-med-elektroniska-tjanster-har-atgardats#article","isPartOf":{"@id":"https:\/\/tys.fi\/sv\/problemet-med-elektroniska-tjanster-har-atgardats"},"author":{"name":"Marja Aapalahti","@id":"https:\/\/tys.fi\/#\/schema\/person\/c1f87ee6d97815ab24d89b5ad67f8718"},"headline":"Problemet med elektroniska tj\u00e4nster har \u00e5tg\u00e4rdats","datePublished":"2025-11-06T07:04:03+00:00","dateModified":"2025-11-07T10:22:19+00:00","mainEntityOfPage":{"@id":"https:\/\/tys.fi\/sv\/problemet-med-elektroniska-tjanster-har-atgardats"},"wordCount":121,"publisher":{"@id":"https:\/\/tys.fi\/#organization"},"image":{"@id":"https:\/\/tys.fi\/sv\/problemet-med-elektroniska-tjanster-har-atgardats#primaryimage"},"thumbnailUrl":"https:\/\/tys.fi\/wp-content\/uploads\/2019\/04\/Tys-sininen.jpg","articleSection":["Nyheter"],"inLanguage":"sv-SE"},{"@type":"WebPage","@id":"https:\/\/tys.fi\/sv\/problemet-med-elektroniska-tjanster-har-atgardats","url":"https:\/\/tys.fi\/sv\/problemet-med-elektroniska-tjanster-har-atgardats","name":"Problemet med elektroniska tj\u00e4nster har \u00e5tg\u00e4rdats | TYS | Turun Ylioppilaskyl\u00e4s\u00e4\u00e4ti\u00f6","isPartOf":{"@id":"https:\/\/tys.fi\/#website"},"primaryImageOfPage":{"@id":"https:\/\/tys.fi\/sv\/problemet-med-elektroniska-tjanster-har-atgardats#primaryimage"},"image":{"@id":"https:\/\/tys.fi\/sv\/problemet-med-elektroniska-tjanster-har-atgardats#primaryimage"},"thumbnailUrl":"https:\/\/tys.fi\/wp-content\/uploads\/2019\/04\/Tys-sininen.jpg","datePublished":"2025-11-06T07:04:03+00:00","dateModified":"2025-11-07T10:22:19+00:00","breadcrumb":{"@id":"https:\/\/tys.fi\/sv\/problemet-med-elektroniska-tjanster-har-atgardats#breadcrumb"},"inLanguage":"sv-SE","potentialAction":[{"@type":"ReadAction","target":["https:\/\/tys.fi\/sv\/problemet-med-elektroniska-tjanster-har-atgardats"]}]},{"@type":"ImageObject","inLanguage":"sv-SE","@id":"https:\/\/tys.fi\/sv\/problemet-med-elektroniska-tjanster-har-atgardats#primaryimage","url":"https:\/\/tys.fi\/wp-content\/uploads\/2019\/04\/Tys-sininen.jpg","contentUrl":"https:\/\/tys.fi\/wp-content\/uploads\/2019\/04\/Tys-sininen.jpg","width":1200,"height":799},{"@type":"BreadcrumbList","@id":"https:\/\/tys.fi\/sv\/problemet-med-elektroniska-tjanster-har-atgardats#breadcrumb","itemListElement":[{"@type":"ListItem","position":1,"name":"Home","item":"https:\/\/tys.fi\/sv"},{"@type":"ListItem","position":2,"name":"Problemet med elektroniska tj\u00e4nster har \u00e5tg\u00e4rdats"}]},{"@type":"WebSite","@id":"https:\/\/tys.fi\/#website","url":"https:\/\/tys.fi\/","name":"Turun Ylioppilaskyl\u00e4s\u00e4\u00e4ti\u00f6","description":"Vuokra-asunnot Turku","publisher":{"@id":"https:\/\/tys.fi\/#organization"},"potentialAction":[{"@type":"SearchAction","target":{"@type":"EntryPoint","urlTemplate":"https:\/\/tys.fi\/?s={search_term_string}"},"query-input":{"@type":"PropertyValueSpecification","valueRequired":true,"valueName":"search_term_string"}}],"inLanguage":"sv-SE"},{"@type":"Organization","@id":"https:\/\/tys.fi\/#organization","name":"TYS","url":"https:\/\/tys.fi\/","logo":{"@type":"ImageObject","inLanguage":"sv-SE","@id":"https:\/\/tys.fi\/#\/schema\/logo\/image\/","url":"https:\/\/tys.fi\/wp-content\/uploads\/2019\/03\/TYS-Logo_Green_500px.png","contentUrl":"https:\/\/tys.fi\/wp-content\/uploads\/2019\/03\/TYS-Logo_Green_500px.png","width":500,"height":232,"caption":"TYS"},"image":{"@id":"https:\/\/tys.fi\/#\/schema\/logo\/image\/"},"sameAs":["https:\/\/www.facebook.com\/tysturku\/","https:\/\/x.com\/tysturku","https:\/\/www.instagram.com\/tysturku\/","https:\/\/www.linkedin.com\/company\/tysturku\/","https:\/\/www.youtube.com\/channel\/UCjKOs8BOiY0SORCB0WWixlw?view_as=subscriber","https:\/\/fi.wikipedia.org\/wiki\/Turun_ylioppilaskyl\u00e4s\u00e4\u00e4ti\u00f6"]},{"@type":"Person","@id":"https:\/\/tys.fi\/#\/schema\/person\/c1f87ee6d97815ab24d89b5ad67f8718","name":"Marja Aapalahti","url":"https:\/\/tys.fi\/sv\/author\/marja"}]}},"_links":{"self":[{"href":"https:\/\/tys.fi\/sv\/wp-json\/wp\/v2\/posts\/30417","targetHints":{"allow":["GET"]}}],"collection":[{"href":"https:\/\/tys.fi\/sv\/wp-json\/wp\/v2\/posts"}],"about":[{"href":"https:\/\/tys.fi\/sv\/wp-json\/wp\/v2\/types\/post"}],"author":[{"embeddable":true,"href":"https:\/\/tys.fi\/sv\/wp-json\/wp\/v2\/users\/2"}],"replies":[{"embeddable":true,"href":"https:\/\/tys.fi\/sv\/wp-json\/wp\/v2\/comments?post=30417"}],"version-history":[{"count":3,"href":"https:\/\/tys.fi\/sv\/wp-json\/wp\/v2\/posts\/30417\/revisions"}],"predecessor-version":[{"id":30440,"href":"https:\/\/tys.fi\/sv\/wp-json\/wp\/v2\/posts\/30417\/revisions\/30440"}],"wp:featuredmedia":[{"embeddable":true,"href":"https:\/\/tys.fi\/sv\/wp-json\/wp\/v2\/media\/13407"}],"wp:attachment":[{"href":"https:\/\/tys.fi\/sv\/wp-json\/wp\/v2\/media?parent=30417"}],"wp:term":[{"taxonomy":"category","embeddable":true,"href":"https:\/\/tys.fi\/sv\/wp-json\/wp\/v2\/categories?post=30417"},{"taxonomy":"post_tag","embeddable":true,"href":"https:\/\/tys.fi\/sv\/wp-json\/wp\/v2\/tags?post=30417"}],"curies":[{"name":"wp","href":"https:\/\/api.w.org\/{rel}","templated":true}]}}