{"id":30398,"date":"2025-10-29T11:33:07","date_gmt":"2025-10-29T09:33:07","guid":{"rendered":"https:\/\/tys.fi\/savua-vetta-ja-droneja-kaarinan-vpk-harjoitteli-tysn-huoltohallilla"},"modified":"2025-10-29T12:12:33","modified_gmt":"2025-10-29T10:12:33","slug":"rok-vatten-och-dronare-kaarina-fbk-ovade-i-tyss-servicehall","status":"publish","type":"post","link":"https:\/\/tys.fi\/sv\/rok-vatten-och-dronare-kaarina-fbk-ovade-i-tyss-servicehall","title":{"rendered":"R\u00f6k, vatten och dr\u00f6nare \u2013 Kaarina FBK \u00f6vade i TYS:s servicehall"},"content":{"rendered":"<p><strong>Under h\u00f6sten \u00f6vade Kaarina frivilliga brandk\u00e5r (FBK) i TYS:s f\u00f6re detta servicehall. Syftet med \u00f6vningarna var att utveckla de frivilligas beredskap att agera effektivt vid byggnadsbr\u00e4nder och andra olyckor.<\/strong><\/p>\n<p><strong>Matti V\u00e4yrynen<\/strong>, gruppledare vid Kaarina FBK, ber\u00e4ttar att TYS:s servicehall valdes som \u00f6vningsplats eftersom hallen ligger mycket n\u00e4ra Kaarina FBK:s lokaler i Nummenm\u00e4ki. TYS st\u00e4llde g\u00e4rna lokalerna till FBK:s f\u00f6rfogande, eftersom de inte l\u00e4ngre anv\u00e4nds av stiftelsen.<\/p>\n<p><img loading=\"lazy\" decoding=\"async\" class=\"aligncenter wp-image-30369 size-full\" src=\"https:\/\/tys.fi\/wp-content\/uploads\/2025\/10\/20250925_181356_resized-e1761731809825.jpg\" alt=\"\" width=\"1020\" height=\"513\" srcset=\"https:\/\/tys.fi\/wp-content\/uploads\/2025\/10\/20250925_181356_resized-e1761731809825.jpg 1020w, https:\/\/tys.fi\/wp-content\/uploads\/2025\/10\/20250925_181356_resized-e1761731809825-300x151.jpg 300w, https:\/\/tys.fi\/wp-content\/uploads\/2025\/10\/20250925_181356_resized-e1761731809825-768x386.jpg 768w\" sizes=\"auto, (max-width: 1020px) 100vw, 1020px\" \/><\/p>\n<p>\u2013 TYS uppskattar i h\u00f6g grad det v\u00e4rdefulla r\u00e4ddningsarbete som FBK:s frivilliga utf\u00f6r. N\u00e4r vi fick en f\u00f6rfr\u00e5gan om m\u00f6jligheten att anv\u00e4nda servicehallen f\u00f6r \u00f6vningar, st\u00e4llde vi g\u00e4rna lokalerna till Kaarina FBK:s f\u00f6rfogande, s\u00e4ger TYS:s underh\u00e5llschef <strong>Toni Pohjavirta<\/strong>.<\/p>\n<p>\u00d6vningarna ordnas f\u00f6r att FBK ska kunna agera effektivt i verkliga situationer. Genom regelbunden tr\u00e4ning uppr\u00e4tth\u00e5lls och utvecklas de frivilligas kunnande i olika r\u00e4ddningssituationer.<\/p>\n<p>\u2013 Tr\u00e4ning \u00e4r k\u00e4rnan i brandk\u00e5rens verksamhet. Till exempel f\u00f6r r\u00f6kdykning, ytlivr\u00e4ddning och arbete i fallfarliga omr\u00e5den, det vill s\u00e4ga reparbete, finns \u00e5rliga obligatoriska \u00f6vningskrav. Utifr\u00e5n dessa g\u00f6rs en utbildningsplan som styr de veckovisa \u00f6vningarna, ber\u00e4ttar V\u00e4yrynen.<\/p>\n<p><strong>\u00d6vningar f\u00f6r byggnadsbr\u00e4nder<\/strong><\/p>\n<p>Sammanlagt ordnades fyra \u00f6vningsdagar. Enligt V\u00e4yrynen l\u00e5g huvudvikten p\u00e5 olika moment i sl\u00e4ckning av byggnadsbr\u00e4nder.<\/p>\n<p>Tv\u00e5 av \u00f6vningarna fokuserade p\u00e5 specifika delomr\u00e5den, s\u00e5som anv\u00e4ndning av v\u00e4rmekamera, sl\u00e4ckning med slangar och munstycken samt sl\u00e4ckning av mindre br\u00e4nder med handbrandsl\u00e4ckare. En av \u00f6vningarna var utformad som ett larm, d\u00e4r brandm\u00e4nnen inte p\u00e5 f\u00f6rhand visste vad som v\u00e4ntade. Syftet var att testa deras funktionsf\u00f6rm\u00e5ga och beslutsfattande i en realistisk brandsituation.<\/p>\n<p><strong><img loading=\"lazy\" decoding=\"async\" class=\"aligncenter wp-image-30372 size-full\" src=\"https:\/\/tys.fi\/wp-content\/uploads\/2025\/10\/20250925_183919_resized-e1761732036688.jpg\" alt=\"\" width=\"1020\" height=\"556\" srcset=\"https:\/\/tys.fi\/wp-content\/uploads\/2025\/10\/20250925_183919_resized-e1761732036688.jpg 1020w, https:\/\/tys.fi\/wp-content\/uploads\/2025\/10\/20250925_183919_resized-e1761732036688-300x164.jpg 300w, https:\/\/tys.fi\/wp-content\/uploads\/2025\/10\/20250925_183919_resized-e1761732036688-768x419.jpg 768w\" sizes=\"auto, (max-width: 1020px) 100vw, 1020px\" \/><\/strong><\/p>\n<p>\u2013 Vi testade bland annat hur olika anv\u00e4ndningss\u00e4tt av munstycken p\u00e5verkar hur r\u00f6ken beter sig och sprids i byggnaden. Vi fick ocks\u00e5 pr\u00f6va s\u00e5 kallade stickstr\u00e5lr\u00f6r, det vill s\u00e4ga l\u00e5nga munstycken som f\u00f6rs in genom ett borrat h\u00e5l i v\u00e4ggen, vilket g\u00f6r det m\u00f6jligt att sl\u00e4cka i slutna utrymmen utan att \u00f6ppna d\u00f6rrar, beskriver V\u00e4yrynen.<\/p>\n<p><strong>Dr\u00f6nare hj\u00e4lper r\u00e4ddningspersonalen att lokalisera brandomr\u00e5den<\/strong><\/p>\n<p>En dr\u00f6nare anv\u00e4ndes ocks\u00e5 under \u00f6vningarna. V\u00e4yrynen ber\u00e4ttar att UAS-verksamhet (Unmanned Aerial System) \u00e4r ett av Kaarina FBK:s specialomr\u00e5den. Med dr\u00f6narens v\u00e4rmekamera kan man i byggnadsbr\u00e4nder se hur elden spridit sig, till exempel under ett tak, och vid terr\u00e4ngbr\u00e4nder kan den anv\u00e4ndas f\u00f6r att bed\u00f6ma brandens omfattning.<\/p>\n<p><strong><img loading=\"lazy\" decoding=\"async\" class=\"aligncenter wp-image-30381 size-full\" src=\"https:\/\/tys.fi\/wp-content\/uploads\/2025\/10\/20250925_185148_resized-e1761732069121.jpg\" alt=\"\" width=\"1020\" height=\"518\" srcset=\"https:\/\/tys.fi\/wp-content\/uploads\/2025\/10\/20250925_185148_resized-e1761732069121.jpg 1020w, https:\/\/tys.fi\/wp-content\/uploads\/2025\/10\/20250925_185148_resized-e1761732069121-300x152.jpg 300w, https:\/\/tys.fi\/wp-content\/uploads\/2025\/10\/20250925_185148_resized-e1761732069121-768x390.jpg 768w\" sizes=\"auto, (max-width: 1020px) 100vw, 1020px\" \/><\/strong><\/p>\n<p>\u2013 Dr\u00f6naren \u00e4r ett viktigt verktyg eftersom den snabbt ger en l\u00e4gesbild fr\u00e5n luften. Vid n\u00e4stan alla st\u00f6rre br\u00e4nder syns en r\u00e4ddningstj\u00e4nstens dr\u00f6nare i luften \u2013 och ofta \u00e4r det Kaarina FBK som opererar den. En dr\u00f6nare utrustad med v\u00e4rmekamera kan \u00e4ven anv\u00e4ndas f\u00f6r att s\u00f6ka efter f\u00f6rsvunna personer, s\u00e4ger V\u00e4yrynen.<\/p>\n<p><strong>Vem som helst kan g\u00e5 med i den frivilliga brandk\u00e5ren<\/strong><\/p>\n<p>I Finland bygger r\u00e4ddningsverksamheten p\u00e5 samarbete mellan yrkesbrandk\u00e5rer och frivilliga brandk\u00e5rer (FBK). Numera kallas dessa frivilliga brandk\u00e5rer f\u00f6r kontraktsbrandk\u00e5rer.<\/p>\n<p>Ungef\u00e4r 90 procent av Finlands yta t\u00e4cks av omr\u00e5den d\u00e4r kontraktsbrandk\u00e5rerna ansvarar f\u00f6r alla r\u00e4ddningsuppdrag. Totalt sett ansvarar de f\u00f6r cirka 60 procent av alla r\u00e4ddningsinsatser i landet.<\/p>\n<p>\u2013 Yrkesbrandk\u00e5rer finns vanligtvis bara i st\u00e4der och st\u00f6rre samh\u00e4llen. I st\u00e4derna st\u00f6der FBK de yrkesm\u00e4ssiga brandk\u00e5rerna vid st\u00f6rre uppdrag och vid samtidiga larm. S\u00e5 \u00e4r det till exempel i \u00c5bo, ber\u00e4ttar V\u00e4yrynen.<\/p>\n<p><strong><img loading=\"lazy\" decoding=\"async\" class=\"aligncenter wp-image-30384 size-full\" src=\"https:\/\/tys.fi\/wp-content\/uploads\/2025\/10\/20250925_191039_resized-e1761732128544.jpg\" alt=\"\" width=\"1020\" height=\"527\" srcset=\"https:\/\/tys.fi\/wp-content\/uploads\/2025\/10\/20250925_191039_resized-e1761732128544.jpg 1020w, https:\/\/tys.fi\/wp-content\/uploads\/2025\/10\/20250925_191039_resized-e1761732128544-300x155.jpg 300w, https:\/\/tys.fi\/wp-content\/uploads\/2025\/10\/20250925_191039_resized-e1761732128544-768x397.jpg 768w\" sizes=\"auto, (max-width: 1020px) 100vw, 1020px\" \/><\/strong><\/p>\n<p>Vem som helst kan g\u00e5 med i en frivillig brandk\u00e5r, och ingen tidigare erfarenhet av r\u00e4ddningsarbete kr\u00e4vs. Det enda kravet \u00e4r kunskaper i finska, eftersom all utbildning sker p\u00e5 finska.<\/p>\n<p>\u2013 F\u00f6rutom larmavdelningen finns det ocks\u00e5 andra uppgifter inom brandk\u00e5ren. Alla beh\u00f6ver inte \u201dh\u00e5lla i slangen\u201d, utan \u00e4ven ungdomsutbildning och st\u00f6dverksamhet som grundsl\u00e4ckningsutbildning och andra s\u00e4kerhetsutbildningar beh\u00f6ver sina akt\u00f6rer, uppmuntrar V\u00e4yrynen.<\/p>\n<p>Nya frivilliga tas med i verksamheten tv\u00e5 g\u00e5nger om \u00e5ret \u2013 efter julledigheten och efter sommarloven p\u00e5 h\u00f6sten. Om man redan har erfarenhet av brandk\u00e5rsverksamhet kan man ansluta sig n\u00e4r som helst.<\/p>\n<p>Mer information om den frivilliga brandk\u00e5rens verksamhet och hur du kan delta hittar du p\u00e5:<\/p>\n<p><a href=\"http:\/\/www.kaarinanvpk.com\">www.kaarinanvpk.com<\/a> (p\u00e5 finska)<br \/>\n<a href=\"https:\/\/www.palokuntaan.fi\/se\">www.palokuntaan.fi\/se<\/a><\/p>\n<p>&nbsp;<\/p>\n","protected":false},"excerpt":{"rendered":"<p>Under h\u00f6sten \u00f6vade Kaarina frivilliga brandk\u00e5r (FBK) i TYS:s f\u00f6re detta servicehall. Syftet med \u00f6vningarna&#8230;<\/p>\n","protected":false},"author":2,"featured_media":30371,"comment_status":"closed","ping_status":"open","sticky":false,"template":"","format":"standard","meta":{"footnotes":""},"categories":[38],"tags":[],"class_list":{"0":"post-30398","1":"post","2":"type-post","3":"status-publish","4":"format-standard","5":"has-post-thumbnail","7":"category-nyheter-sv"},"yoast_head":"<!-- This site is optimized with the Yoast SEO plugin v27.5 - https:\/\/yoast.com\/product\/yoast-seo-wordpress\/ -->\n<title>R\u00f6k, vatten och dr\u00f6nare \u2013 Kaarina FBK \u00f6vade i TYS:s servicehall | TYS | Turun Ylioppilaskyl\u00e4s\u00e4\u00e4ti\u00f6<\/title>\n<meta name=\"robots\" content=\"index, follow, max-snippet:-1, max-image-preview:large, max-video-preview:-1\" \/>\n<link rel=\"canonical\" href=\"https:\/\/tys.fi\/sv\/rok-vatten-och-dronare-kaarina-fbk-ovade-i-tyss-servicehall\" \/>\n<meta property=\"og:locale\" content=\"sv_SE\" \/>\n<meta property=\"og:type\" content=\"article\" \/>\n<meta property=\"og:title\" content=\"R\u00f6k, vatten och dr\u00f6nare \u2013 Kaarina FBK \u00f6vade i TYS:s servicehall | TYS | Turun Ylioppilaskyl\u00e4s\u00e4\u00e4ti\u00f6\" \/>\n<meta property=\"og:description\" content=\"Under h\u00f6sten \u00f6vade Kaarina frivilliga brandk\u00e5r (FBK) i TYS:s f\u00f6re detta servicehall. Syftet med \u00f6vningarna...\" \/>\n<meta property=\"og:url\" content=\"https:\/\/tys.fi\/sv\/rok-vatten-och-dronare-kaarina-fbk-ovade-i-tyss-servicehall\" \/>\n<meta property=\"og:site_name\" content=\"Turun Ylioppilaskyl&auml;s&auml;&auml;ti&ouml;\" \/>\n<meta property=\"article:publisher\" content=\"https:\/\/www.facebook.com\/tysturku\/\" \/>\n<meta property=\"article:published_time\" content=\"2025-10-29T09:33:07+00:00\" \/>\n<meta property=\"article:modified_time\" content=\"2025-10-29T10:12:33+00:00\" \/>\n<meta property=\"og:image\" content=\"https:\/\/tys.fi\/wp-content\/uploads\/2025\/10\/20250925_181356_resized-e1761731809825.jpg\" \/>\n\t<meta property=\"og:image:width\" content=\"1020\" \/>\n\t<meta property=\"og:image:height\" content=\"765\" \/>\n\t<meta property=\"og:image:type\" content=\"image\/jpeg\" \/>\n<meta name=\"author\" content=\"Marja Aapalahti\" \/>\n<meta name=\"twitter:card\" content=\"summary_large_image\" \/>\n<meta name=\"twitter:creator\" content=\"@tysturku\" \/>\n<meta name=\"twitter:site\" content=\"@tysturku\" \/>\n<meta name=\"twitter:label1\" content=\"Skriven av\" \/>\n\t<meta name=\"twitter:data1\" content=\"Marja Aapalahti\" \/>\n\t<meta name=\"twitter:label2\" content=\"Ber\u00e4knad l\u00e4stid\" \/>\n\t<meta name=\"twitter:data2\" content=\"5 minuter\" \/>\n<script type=\"application\/ld+json\" class=\"yoast-schema-graph\">{\"@context\":\"https:\\\/\\\/schema.org\",\"@graph\":[{\"@type\":\"Article\",\"@id\":\"https:\\\/\\\/tys.fi\\\/sv\\\/rok-vatten-och-dronare-kaarina-fbk-ovade-i-tyss-servicehall#article\",\"isPartOf\":{\"@id\":\"https:\\\/\\\/tys.fi\\\/sv\\\/rok-vatten-och-dronare-kaarina-fbk-ovade-i-tyss-servicehall\"},\"author\":{\"name\":\"Marja Aapalahti\",\"@id\":\"https:\\\/\\\/tys.fi\\\/#\\\/schema\\\/person\\\/c1f87ee6d97815ab24d89b5ad67f8718\"},\"headline\":\"R\u00f6k, vatten och dr\u00f6nare \u2013 Kaarina FBK \u00f6vade i TYS:s servicehall\",\"datePublished\":\"2025-10-29T09:33:07+00:00\",\"dateModified\":\"2025-10-29T10:12:33+00:00\",\"mainEntityOfPage\":{\"@id\":\"https:\\\/\\\/tys.fi\\\/sv\\\/rok-vatten-och-dronare-kaarina-fbk-ovade-i-tyss-servicehall\"},\"wordCount\":774,\"publisher\":{\"@id\":\"https:\\\/\\\/tys.fi\\\/#organization\"},\"image\":{\"@id\":\"https:\\\/\\\/tys.fi\\\/sv\\\/rok-vatten-och-dronare-kaarina-fbk-ovade-i-tyss-servicehall#primaryimage\"},\"thumbnailUrl\":\"https:\\\/\\\/tys.fi\\\/wp-content\\\/uploads\\\/2025\\\/10\\\/20250925_181356_resized-e1761731809825.jpg\",\"articleSection\":[\"Nyheter\"],\"inLanguage\":\"sv-SE\"},{\"@type\":\"WebPage\",\"@id\":\"https:\\\/\\\/tys.fi\\\/sv\\\/rok-vatten-och-dronare-kaarina-fbk-ovade-i-tyss-servicehall\",\"url\":\"https:\\\/\\\/tys.fi\\\/sv\\\/rok-vatten-och-dronare-kaarina-fbk-ovade-i-tyss-servicehall\",\"name\":\"R\u00f6k, vatten och dr\u00f6nare \u2013 Kaarina FBK \u00f6vade i TYS:s servicehall | TYS | Turun Ylioppilaskyl\u00e4s\u00e4\u00e4ti\u00f6\",\"isPartOf\":{\"@id\":\"https:\\\/\\\/tys.fi\\\/#website\"},\"primaryImageOfPage\":{\"@id\":\"https:\\\/\\\/tys.fi\\\/sv\\\/rok-vatten-och-dronare-kaarina-fbk-ovade-i-tyss-servicehall#primaryimage\"},\"image\":{\"@id\":\"https:\\\/\\\/tys.fi\\\/sv\\\/rok-vatten-och-dronare-kaarina-fbk-ovade-i-tyss-servicehall#primaryimage\"},\"thumbnailUrl\":\"https:\\\/\\\/tys.fi\\\/wp-content\\\/uploads\\\/2025\\\/10\\\/20250925_181356_resized-e1761731809825.jpg\",\"datePublished\":\"2025-10-29T09:33:07+00:00\",\"dateModified\":\"2025-10-29T10:12:33+00:00\",\"breadcrumb\":{\"@id\":\"https:\\\/\\\/tys.fi\\\/sv\\\/rok-vatten-och-dronare-kaarina-fbk-ovade-i-tyss-servicehall#breadcrumb\"},\"inLanguage\":\"sv-SE\",\"potentialAction\":[{\"@type\":\"ReadAction\",\"target\":[\"https:\\\/\\\/tys.fi\\\/sv\\\/rok-vatten-och-dronare-kaarina-fbk-ovade-i-tyss-servicehall\"]}]},{\"@type\":\"ImageObject\",\"inLanguage\":\"sv-SE\",\"@id\":\"https:\\\/\\\/tys.fi\\\/sv\\\/rok-vatten-och-dronare-kaarina-fbk-ovade-i-tyss-servicehall#primaryimage\",\"url\":\"https:\\\/\\\/tys.fi\\\/wp-content\\\/uploads\\\/2025\\\/10\\\/20250925_181356_resized-e1761731809825.jpg\",\"contentUrl\":\"https:\\\/\\\/tys.fi\\\/wp-content\\\/uploads\\\/2025\\\/10\\\/20250925_181356_resized-e1761731809825.jpg\",\"width\":1020,\"height\":765},{\"@type\":\"BreadcrumbList\",\"@id\":\"https:\\\/\\\/tys.fi\\\/sv\\\/rok-vatten-och-dronare-kaarina-fbk-ovade-i-tyss-servicehall#breadcrumb\",\"itemListElement\":[{\"@type\":\"ListItem\",\"position\":1,\"name\":\"Home\",\"item\":\"https:\\\/\\\/tys.fi\\\/sv\"},{\"@type\":\"ListItem\",\"position\":2,\"name\":\"R\u00f6k, vatten och dr\u00f6nare \u2013 Kaarina FBK \u00f6vade i TYS:s servicehall\"}]},{\"@type\":\"WebSite\",\"@id\":\"https:\\\/\\\/tys.fi\\\/#website\",\"url\":\"https:\\\/\\\/tys.fi\\\/\",\"name\":\"Turun Ylioppilaskyl\u00e4s\u00e4\u00e4ti\u00f6\",\"description\":\"Vuokra-asunnot Turku\",\"publisher\":{\"@id\":\"https:\\\/\\\/tys.fi\\\/#organization\"},\"potentialAction\":[{\"@type\":\"SearchAction\",\"target\":{\"@type\":\"EntryPoint\",\"urlTemplate\":\"https:\\\/\\\/tys.fi\\\/?s={search_term_string}\"},\"query-input\":{\"@type\":\"PropertyValueSpecification\",\"valueRequired\":true,\"valueName\":\"search_term_string\"}}],\"inLanguage\":\"sv-SE\"},{\"@type\":\"Organization\",\"@id\":\"https:\\\/\\\/tys.fi\\\/#organization\",\"name\":\"TYS\",\"url\":\"https:\\\/\\\/tys.fi\\\/\",\"logo\":{\"@type\":\"ImageObject\",\"inLanguage\":\"sv-SE\",\"@id\":\"https:\\\/\\\/tys.fi\\\/#\\\/schema\\\/logo\\\/image\\\/\",\"url\":\"https:\\\/\\\/tys.fi\\\/wp-content\\\/uploads\\\/2019\\\/03\\\/TYS-Logo_Green_500px.png\",\"contentUrl\":\"https:\\\/\\\/tys.fi\\\/wp-content\\\/uploads\\\/2019\\\/03\\\/TYS-Logo_Green_500px.png\",\"width\":500,\"height\":232,\"caption\":\"TYS\"},\"image\":{\"@id\":\"https:\\\/\\\/tys.fi\\\/#\\\/schema\\\/logo\\\/image\\\/\"},\"sameAs\":[\"https:\\\/\\\/www.facebook.com\\\/tysturku\\\/\",\"https:\\\/\\\/x.com\\\/tysturku\",\"https:\\\/\\\/www.instagram.com\\\/tysturku\\\/\",\"https:\\\/\\\/www.linkedin.com\\\/company\\\/tysturku\\\/\",\"https:\\\/\\\/www.youtube.com\\\/channel\\\/UCjKOs8BOiY0SORCB0WWixlw?view_as=subscriber\",\"https:\\\/\\\/fi.wikipedia.org\\\/wiki\\\/Turun_ylioppilaskyl\u00e4s\u00e4\u00e4ti\u00f6\"]},{\"@type\":\"Person\",\"@id\":\"https:\\\/\\\/tys.fi\\\/#\\\/schema\\\/person\\\/c1f87ee6d97815ab24d89b5ad67f8718\",\"name\":\"Marja Aapalahti\",\"url\":\"https:\\\/\\\/tys.fi\\\/sv\\\/author\\\/marja\"}]}<\/script>\n<!-- \/ Yoast SEO plugin. -->","yoast_head_json":{"title":"R\u00f6k, vatten och dr\u00f6nare \u2013 Kaarina FBK \u00f6vade i TYS:s servicehall | TYS | Turun Ylioppilaskyl\u00e4s\u00e4\u00e4ti\u00f6","robots":{"index":"index","follow":"follow","max-snippet":"max-snippet:-1","max-image-preview":"max-image-preview:large","max-video-preview":"max-video-preview:-1"},"canonical":"https:\/\/tys.fi\/sv\/rok-vatten-och-dronare-kaarina-fbk-ovade-i-tyss-servicehall","og_locale":"sv_SE","og_type":"article","og_title":"R\u00f6k, vatten och dr\u00f6nare \u2013 Kaarina FBK \u00f6vade i TYS:s servicehall | TYS | Turun Ylioppilaskyl\u00e4s\u00e4\u00e4ti\u00f6","og_description":"Under h\u00f6sten \u00f6vade Kaarina frivilliga brandk\u00e5r (FBK) i TYS:s f\u00f6re detta servicehall. Syftet med \u00f6vningarna...","og_url":"https:\/\/tys.fi\/sv\/rok-vatten-och-dronare-kaarina-fbk-ovade-i-tyss-servicehall","og_site_name":"Turun Ylioppilaskyl&auml;s&auml;&auml;ti&ouml;","article_publisher":"https:\/\/www.facebook.com\/tysturku\/","article_published_time":"2025-10-29T09:33:07+00:00","article_modified_time":"2025-10-29T10:12:33+00:00","og_image":[{"width":1020,"height":765,"url":"https:\/\/tys.fi\/wp-content\/uploads\/2025\/10\/20250925_181356_resized-e1761731809825.jpg","type":"image\/jpeg"}],"author":"Marja Aapalahti","twitter_card":"summary_large_image","twitter_creator":"@tysturku","twitter_site":"@tysturku","twitter_misc":{"Skriven av":"Marja Aapalahti","Ber\u00e4knad l\u00e4stid":"5 minuter"},"schema":{"@context":"https:\/\/schema.org","@graph":[{"@type":"Article","@id":"https:\/\/tys.fi\/sv\/rok-vatten-och-dronare-kaarina-fbk-ovade-i-tyss-servicehall#article","isPartOf":{"@id":"https:\/\/tys.fi\/sv\/rok-vatten-och-dronare-kaarina-fbk-ovade-i-tyss-servicehall"},"author":{"name":"Marja Aapalahti","@id":"https:\/\/tys.fi\/#\/schema\/person\/c1f87ee6d97815ab24d89b5ad67f8718"},"headline":"R\u00f6k, vatten och dr\u00f6nare \u2013 Kaarina FBK \u00f6vade i TYS:s servicehall","datePublished":"2025-10-29T09:33:07+00:00","dateModified":"2025-10-29T10:12:33+00:00","mainEntityOfPage":{"@id":"https:\/\/tys.fi\/sv\/rok-vatten-och-dronare-kaarina-fbk-ovade-i-tyss-servicehall"},"wordCount":774,"publisher":{"@id":"https:\/\/tys.fi\/#organization"},"image":{"@id":"https:\/\/tys.fi\/sv\/rok-vatten-och-dronare-kaarina-fbk-ovade-i-tyss-servicehall#primaryimage"},"thumbnailUrl":"https:\/\/tys.fi\/wp-content\/uploads\/2025\/10\/20250925_181356_resized-e1761731809825.jpg","articleSection":["Nyheter"],"inLanguage":"sv-SE"},{"@type":"WebPage","@id":"https:\/\/tys.fi\/sv\/rok-vatten-och-dronare-kaarina-fbk-ovade-i-tyss-servicehall","url":"https:\/\/tys.fi\/sv\/rok-vatten-och-dronare-kaarina-fbk-ovade-i-tyss-servicehall","name":"R\u00f6k, vatten och dr\u00f6nare \u2013 Kaarina FBK \u00f6vade i TYS:s servicehall | TYS | Turun Ylioppilaskyl\u00e4s\u00e4\u00e4ti\u00f6","isPartOf":{"@id":"https:\/\/tys.fi\/#website"},"primaryImageOfPage":{"@id":"https:\/\/tys.fi\/sv\/rok-vatten-och-dronare-kaarina-fbk-ovade-i-tyss-servicehall#primaryimage"},"image":{"@id":"https:\/\/tys.fi\/sv\/rok-vatten-och-dronare-kaarina-fbk-ovade-i-tyss-servicehall#primaryimage"},"thumbnailUrl":"https:\/\/tys.fi\/wp-content\/uploads\/2025\/10\/20250925_181356_resized-e1761731809825.jpg","datePublished":"2025-10-29T09:33:07+00:00","dateModified":"2025-10-29T10:12:33+00:00","breadcrumb":{"@id":"https:\/\/tys.fi\/sv\/rok-vatten-och-dronare-kaarina-fbk-ovade-i-tyss-servicehall#breadcrumb"},"inLanguage":"sv-SE","potentialAction":[{"@type":"ReadAction","target":["https:\/\/tys.fi\/sv\/rok-vatten-och-dronare-kaarina-fbk-ovade-i-tyss-servicehall"]}]},{"@type":"ImageObject","inLanguage":"sv-SE","@id":"https:\/\/tys.fi\/sv\/rok-vatten-och-dronare-kaarina-fbk-ovade-i-tyss-servicehall#primaryimage","url":"https:\/\/tys.fi\/wp-content\/uploads\/2025\/10\/20250925_181356_resized-e1761731809825.jpg","contentUrl":"https:\/\/tys.fi\/wp-content\/uploads\/2025\/10\/20250925_181356_resized-e1761731809825.jpg","width":1020,"height":765},{"@type":"BreadcrumbList","@id":"https:\/\/tys.fi\/sv\/rok-vatten-och-dronare-kaarina-fbk-ovade-i-tyss-servicehall#breadcrumb","itemListElement":[{"@type":"ListItem","position":1,"name":"Home","item":"https:\/\/tys.fi\/sv"},{"@type":"ListItem","position":2,"name":"R\u00f6k, vatten och dr\u00f6nare \u2013 Kaarina FBK \u00f6vade i TYS:s servicehall"}]},{"@type":"WebSite","@id":"https:\/\/tys.fi\/#website","url":"https:\/\/tys.fi\/","name":"Turun Ylioppilaskyl\u00e4s\u00e4\u00e4ti\u00f6","description":"Vuokra-asunnot Turku","publisher":{"@id":"https:\/\/tys.fi\/#organization"},"potentialAction":[{"@type":"SearchAction","target":{"@type":"EntryPoint","urlTemplate":"https:\/\/tys.fi\/?s={search_term_string}"},"query-input":{"@type":"PropertyValueSpecification","valueRequired":true,"valueName":"search_term_string"}}],"inLanguage":"sv-SE"},{"@type":"Organization","@id":"https:\/\/tys.fi\/#organization","name":"TYS","url":"https:\/\/tys.fi\/","logo":{"@type":"ImageObject","inLanguage":"sv-SE","@id":"https:\/\/tys.fi\/#\/schema\/logo\/image\/","url":"https:\/\/tys.fi\/wp-content\/uploads\/2019\/03\/TYS-Logo_Green_500px.png","contentUrl":"https:\/\/tys.fi\/wp-content\/uploads\/2019\/03\/TYS-Logo_Green_500px.png","width":500,"height":232,"caption":"TYS"},"image":{"@id":"https:\/\/tys.fi\/#\/schema\/logo\/image\/"},"sameAs":["https:\/\/www.facebook.com\/tysturku\/","https:\/\/x.com\/tysturku","https:\/\/www.instagram.com\/tysturku\/","https:\/\/www.linkedin.com\/company\/tysturku\/","https:\/\/www.youtube.com\/channel\/UCjKOs8BOiY0SORCB0WWixlw?view_as=subscriber","https:\/\/fi.wikipedia.org\/wiki\/Turun_ylioppilaskyl\u00e4s\u00e4\u00e4ti\u00f6"]},{"@type":"Person","@id":"https:\/\/tys.fi\/#\/schema\/person\/c1f87ee6d97815ab24d89b5ad67f8718","name":"Marja Aapalahti","url":"https:\/\/tys.fi\/sv\/author\/marja"}]}},"_links":{"self":[{"href":"https:\/\/tys.fi\/sv\/wp-json\/wp\/v2\/posts\/30398","targetHints":{"allow":["GET"]}}],"collection":[{"href":"https:\/\/tys.fi\/sv\/wp-json\/wp\/v2\/posts"}],"about":[{"href":"https:\/\/tys.fi\/sv\/wp-json\/wp\/v2\/types\/post"}],"author":[{"embeddable":true,"href":"https:\/\/tys.fi\/sv\/wp-json\/wp\/v2\/users\/2"}],"replies":[{"embeddable":true,"href":"https:\/\/tys.fi\/sv\/wp-json\/wp\/v2\/comments?post=30398"}],"version-history":[{"count":2,"href":"https:\/\/tys.fi\/sv\/wp-json\/wp\/v2\/posts\/30398\/revisions"}],"predecessor-version":[{"id":30402,"href":"https:\/\/tys.fi\/sv\/wp-json\/wp\/v2\/posts\/30398\/revisions\/30402"}],"wp:featuredmedia":[{"embeddable":true,"href":"https:\/\/tys.fi\/sv\/wp-json\/wp\/v2\/media\/30371"}],"wp:attachment":[{"href":"https:\/\/tys.fi\/sv\/wp-json\/wp\/v2\/media?parent=30398"}],"wp:term":[{"taxonomy":"category","embeddable":true,"href":"https:\/\/tys.fi\/sv\/wp-json\/wp\/v2\/categories?post=30398"},{"taxonomy":"post_tag","embeddable":true,"href":"https:\/\/tys.fi\/sv\/wp-json\/wp\/v2\/tags?post=30398"}],"curies":[{"name":"wp","href":"https:\/\/api.w.org\/{rel}","templated":true}]}}