{"id":30025,"date":"2025-08-26T12:29:53","date_gmt":"2025-08-26T09:29:53","guid":{"rendered":"https:\/\/tys.fi\/porriaisten-paratiisi-ja-asukkaiden-silmanilo-tysin-niityt-menestyivat-toisena-kesanaan-vaihtelevasti"},"modified":"2025-08-26T12:33:30","modified_gmt":"2025-08-26T09:33:30","slug":"ett-paradis-for-pollinatorer-och-en-frojd-for-hyresgasterna-tys-angar-lyckades-med-varierande-resultat-under-sin-andra-sommar","status":"publish","type":"post","link":"https:\/\/tys.fi\/sv\/ett-paradis-for-pollinatorer-och-en-frojd-for-hyresgasterna-tys-angar-lyckades-med-varierande-resultat-under-sin-andra-sommar","title":{"rendered":"Ett paradis f\u00f6r pollinat\u00f6rer och en fr\u00f6jd f\u00f6r hyresg\u00e4sterna \u2013 TYS \u00e4ngar lyckades med varierande resultat under sin andra sommar"},"content":{"rendered":"<div id=\"attachment_30020\" style=\"width: 310px\" class=\"wp-caption alignright\"><img loading=\"lazy\" decoding=\"async\" aria-describedby=\"caption-attachment-30020\" class=\"wp-image-30020 size-medium\" src=\"https:\/\/tys.fi\/wp-content\/uploads\/2025\/08\/Ikituurin-niitty-III-1280x1280-1-300x300.jpg\" alt=\"\" width=\"300\" height=\"300\" srcset=\"https:\/\/tys.fi\/wp-content\/uploads\/2025\/08\/Ikituurin-niitty-III-1280x1280-1-300x300.jpg 300w, https:\/\/tys.fi\/wp-content\/uploads\/2025\/08\/Ikituurin-niitty-III-1280x1280-1-1024x1024.jpg 1024w, https:\/\/tys.fi\/wp-content\/uploads\/2025\/08\/Ikituurin-niitty-III-1280x1280-1-150x150.jpg 150w, https:\/\/tys.fi\/wp-content\/uploads\/2025\/08\/Ikituurin-niitty-III-1280x1280-1-768x768.jpg 768w, https:\/\/tys.fi\/wp-content\/uploads\/2025\/08\/Ikituurin-niitty-III-1280x1280-1-140x140.jpg 140w, https:\/\/tys.fi\/wp-content\/uploads\/2025\/08\/Ikituurin-niitty-III-1280x1280-1-100x100.jpg 100w, https:\/\/tys.fi\/wp-content\/uploads\/2025\/08\/Ikituurin-niitty-III-1280x1280-1-500x500.jpg 500w, https:\/\/tys.fi\/wp-content\/uploads\/2025\/08\/Ikituurin-niitty-III-1280x1280-1-350x350.jpg 350w, https:\/\/tys.fi\/wp-content\/uploads\/2025\/08\/Ikituurin-niitty-III-1280x1280-1-1000x1000.jpg 1000w, https:\/\/tys.fi\/wp-content\/uploads\/2025\/08\/Ikituurin-niitty-III-1280x1280-1-800x800.jpg 800w, https:\/\/tys.fi\/wp-content\/uploads\/2025\/08\/Ikituurin-niitty-III-1280x1280-1.jpg 1280w\" sizes=\"auto, (max-width: 300px) 100vw, 300px\" \/><p id=\"caption-attachment-30020\" class=\"wp-caption-text\">Ikituuri\u00e4ngens blomsterprakt<\/p><\/div>\n<p>Har du m\u00e4rkt att gr\u00e4sytor p\u00e5 vissa av TYS bostadsobjekt har f\u00f6rvandlats till \u00e4ngar? \u00c4ngar anlades v\u00e5ren 2024 i n\u00e4rheten av bostadsobjekten Haliskyl\u00e4, Ikituuri, Kuunsilta och Nummenranta. Syftet \u00e4r att st\u00f6da den biologiska m\u00e5ngfalden och erbjuda livsmilj\u00f6er f\u00f6r pollinerare. Kartor \u00f6ver \u00e4ngarnas l\u00e4ge hittar du i slutet av denna artikel.<\/p>\n<p>\u201dId\u00e9n till att anl\u00e4gga \u00e4ngar kom fr\u00e5n v\u00e5ra hyresg\u00e4ster. Det \u00e4r alltid trevligt n\u00e4r vi kan f\u00f6rverkliga de \u00f6nskem\u00e5l som framf\u00f6rs till oss,\u201d s\u00e4ger TYS underh\u00e5llschef <strong>Toni Pohjavirta<\/strong>.<\/p>\n<p>Placeringen av \u00e4ngarna planerades tillsammans med TYS samarbetspartner f\u00f6r utemilj\u00f6er, Infraroad Oy. \u00c4ngarna anlades p\u00e5 v\u00e4xtplatser som valts ut av en gr\u00f6nomr\u00e5desexpert, med h\u00e4nsyn till hyresg\u00e4sternas boendetrivsel.<\/p>\n<p>Att anl\u00e4gga \u00e4ngar kr\u00e4ver tid och t\u00e5lamod. N\u00e4r en gr\u00e4smatta omvandlas till \u00e4ng handlar de f\u00f6rsta \u00e5ren mest om att se vilka v\u00e4xter som naturligt dyker upp ur jorden. V\u00e4xterna som visar sig ger ledtr\u00e5dar om bland annat jordarten och n\u00e4ringshalten.<\/p>\n<p>\u201d\u00c4ngarna i Ikituuri och Haliskyl\u00e4 v\u00e4xte bra under b\u00e5da somrarna, men p\u00e5 grund av den l\u00e5nga torrperioden gav \u00e4ngarna i Nummenranta och Kuunsilta inte den blomsterprakt vi hade hoppats p\u00e5 i \u00e5r. N\u00e4sta \u00e5r unders\u00f6ker vi hur vi kan st\u00f6da m\u00e5ngfalden i de tv\u00e5 senare \u00e4ngarna och f\u00e5 dem att blomma ordentligt,\u201d f\u00f6rklarar Pohjavirta.<\/p>\n<p>\u00c4ngarnas v\u00e4xts\u00e4song \u00e4r nu \u00f6ver och de kommer snart att sl\u00e5s ner. De avslagna v\u00e4xtdelarna l\u00e4mnas kvar f\u00f6r att torka, s\u00e5 att fr\u00f6na hinner falla till marken. TYS hoppas att blommor inte plockas fr\u00e5n \u00e4ngarna hem till bost\u00e4derna, s\u00e5 att \u00e4ngarna kan forts\u00e4tta utvecklas och bli sj\u00e4lvf\u00f6rs\u00f6rjande utan behov av extra s\u00e5dd. N\u00e4r v\u00e4xtdelarna torkat r\u00e4fsas de bort.<\/p>\n<p>\u201dInf\u00f6r n\u00e4sta sommar g\u00f6rs vid behov kompletterande s\u00e5dd och andra \u00e5tg\u00e4rder f\u00f6r att st\u00f6da \u00e4ngarnas tillv\u00e4xt. Nya \u00e4ngar \u00e4r f\u00f6r n\u00e4rvarande inte planerade, men m\u00f6jligheten att anl\u00e4gga fler utreds,\u201d tipsar Pohjavirta.<\/p>\n<p>&nbsp;<\/p>\n<p><strong>En frodig \u00e4ng \u00e4r ett paradis f\u00f6r pollinat\u00f6rer<\/strong><\/p>\n<p>Blomster\u00e4ngar gl\u00e4der m\u00e5ngas \u00f6gon, men de har ett \u00e4nnu st\u00f6rre v\u00e4rde f\u00f6r pollinerande insekter samt olika hotade arter. Enligt <a href=\"https:\/\/www.sll.fi\/opi-lisaa\/polyttajat\/\">Finlands naturskyddsf\u00f6rbund<\/a> har antalet hotade arter \u00f6kat i alla de viktigaste pollinat\u00f6rsgrupperna; n\u00e4stan var femte bi och fj\u00e4ril \u00e4r hotad. Antalet arter \u00f6kar till exempel n\u00e4r en gr\u00e4smatta omvandlas till \u00e4ng. \u00c4ngssk\u00f6tsel gynnar inte bara v\u00e4xter och pollinerande insekter utan ocks\u00e5 f\u00e5glar, svampar och markens mikrober.<\/p>\n<p>\u00c4ngar b\u00f6r d\u00e4rf\u00f6r beundras p\u00e5 lite avst\u00e5nd, eftersom promenader eller blomplockning kan skada omr\u00e5dets arter. Vid \u00e4ngarna har d\u00e4rf\u00f6r \u00e4ven skyltar satts upp, som ger information om dem till f\u00f6rbipasserande och hyresg\u00e4ster.<\/p>\n<p>&nbsp;<\/p>\n<p><strong>\u00c4ngsomr\u00e5den p\u00e5 kartbilderna:<\/strong><\/p>\n<p><img loading=\"lazy\" decoding=\"async\" class=\"alignnone wp-image-27948 size-large\" src=\"https:\/\/tys.fi\/wp-content\/uploads\/2024\/05\/Haliskyla-1280x720-1-1024x576.jpg\" alt=\"\" width=\"1024\" height=\"576\" srcset=\"https:\/\/tys.fi\/wp-content\/uploads\/2024\/05\/Haliskyla-1280x720-1-1024x576.jpg 1024w, https:\/\/tys.fi\/wp-content\/uploads\/2024\/05\/Haliskyla-1280x720-1-300x169.jpg 300w, https:\/\/tys.fi\/wp-content\/uploads\/2024\/05\/Haliskyla-1280x720-1-768x432.jpg 768w, https:\/\/tys.fi\/wp-content\/uploads\/2024\/05\/Haliskyla-1280x720-1-1536x864.jpg 1536w, https:\/\/tys.fi\/wp-content\/uploads\/2024\/05\/Haliskyla-1280x720-1.jpg 1707w\" sizes=\"auto, (max-width: 1024px) 100vw, 1024px\" \/><\/p>\n<p><img loading=\"lazy\" decoding=\"async\" class=\"alignnone wp-image-27951 size-large\" src=\"https:\/\/tys.fi\/wp-content\/uploads\/2024\/05\/Ikituuri-Nummenranta-1280x720-1-1024x576.jpg\" alt=\"\" width=\"1024\" height=\"576\" srcset=\"https:\/\/tys.fi\/wp-content\/uploads\/2024\/05\/Ikituuri-Nummenranta-1280x720-1-1024x576.jpg 1024w, https:\/\/tys.fi\/wp-content\/uploads\/2024\/05\/Ikituuri-Nummenranta-1280x720-1-300x169.jpg 300w, https:\/\/tys.fi\/wp-content\/uploads\/2024\/05\/Ikituuri-Nummenranta-1280x720-1-768x432.jpg 768w, https:\/\/tys.fi\/wp-content\/uploads\/2024\/05\/Ikituuri-Nummenranta-1280x720-1-1536x864.jpg 1536w, https:\/\/tys.fi\/wp-content\/uploads\/2024\/05\/Ikituuri-Nummenranta-1280x720-1.jpg 1707w\" sizes=\"auto, (max-width: 1024px) 100vw, 1024px\" \/><\/p>\n<p><img loading=\"lazy\" decoding=\"async\" class=\"alignnone wp-image-27954 size-large\" src=\"https:\/\/tys.fi\/wp-content\/uploads\/2024\/05\/Kuunsilta-1280x720-1-1024x576.jpg\" alt=\"\" width=\"1024\" height=\"576\" srcset=\"https:\/\/tys.fi\/wp-content\/uploads\/2024\/05\/Kuunsilta-1280x720-1-1024x576.jpg 1024w, https:\/\/tys.fi\/wp-content\/uploads\/2024\/05\/Kuunsilta-1280x720-1-300x169.jpg 300w, https:\/\/tys.fi\/wp-content\/uploads\/2024\/05\/Kuunsilta-1280x720-1-768x432.jpg 768w, https:\/\/tys.fi\/wp-content\/uploads\/2024\/05\/Kuunsilta-1280x720-1-1536x864.jpg 1536w, https:\/\/tys.fi\/wp-content\/uploads\/2024\/05\/Kuunsilta-1280x720-1.jpg 1707w\" sizes=\"auto, (max-width: 1024px) 100vw, 1024px\" \/><\/p>\n","protected":false},"excerpt":{"rendered":"<p>Har du m\u00e4rkt att gr\u00e4sytor p\u00e5 vissa av TYS bostadsobjekt har f\u00f6rvandlats till \u00e4ngar? \u00c4ngar&#8230;<\/p>\n","protected":false},"author":2,"featured_media":30022,"comment_status":"closed","ping_status":"closed","sticky":false,"template":"","format":"standard","meta":{"footnotes":""},"categories":[38],"tags":[],"class_list":{"0":"post-30025","1":"post","2":"type-post","3":"status-publish","4":"format-standard","5":"has-post-thumbnail","7":"category-nyheter-sv"},"yoast_head":"<!-- This site is optimized with the Yoast SEO plugin v27.5 - https:\/\/yoast.com\/product\/yoast-seo-wordpress\/ -->\n<title>Ett paradis f\u00f6r pollinat\u00f6rer och en fr\u00f6jd f\u00f6r hyresg\u00e4sterna \u2013 TYS \u00e4ngar lyckades med varierande resultat under sin andra sommar | TYS | Turun Ylioppilaskyl\u00e4s\u00e4\u00e4ti\u00f6<\/title>\n<meta name=\"robots\" content=\"index, follow, max-snippet:-1, max-image-preview:large, max-video-preview:-1\" \/>\n<link rel=\"canonical\" href=\"https:\/\/tys.fi\/sv\/ett-paradis-for-pollinatorer-och-en-frojd-for-hyresgasterna-tys-angar-lyckades-med-varierande-resultat-under-sin-andra-sommar\" \/>\n<meta property=\"og:locale\" content=\"sv_SE\" \/>\n<meta property=\"og:type\" content=\"article\" \/>\n<meta property=\"og:title\" content=\"Ett paradis f\u00f6r pollinat\u00f6rer och en fr\u00f6jd f\u00f6r hyresg\u00e4sterna \u2013 TYS \u00e4ngar lyckades med varierande resultat under sin andra sommar | TYS | Turun Ylioppilaskyl\u00e4s\u00e4\u00e4ti\u00f6\" \/>\n<meta property=\"og:description\" content=\"Har du m\u00e4rkt att gr\u00e4sytor p\u00e5 vissa av TYS bostadsobjekt har f\u00f6rvandlats till \u00e4ngar? \u00c4ngar...\" \/>\n<meta property=\"og:url\" content=\"https:\/\/tys.fi\/sv\/ett-paradis-for-pollinatorer-och-en-frojd-for-hyresgasterna-tys-angar-lyckades-med-varierande-resultat-under-sin-andra-sommar\" \/>\n<meta property=\"og:site_name\" content=\"Turun Ylioppilaskyl&auml;s&auml;&auml;ti&ouml;\" \/>\n<meta property=\"article:publisher\" content=\"https:\/\/www.facebook.com\/tysturku\/\" \/>\n<meta property=\"article:published_time\" content=\"2025-08-26T09:29:53+00:00\" \/>\n<meta property=\"article:modified_time\" content=\"2025-08-26T09:33:30+00:00\" \/>\n<meta property=\"og:image\" content=\"https:\/\/tys.fi\/wp-content\/uploads\/2025\/08\/Ikituurin-niitty-III-1280x1280-1.jpg\" \/>\n\t<meta property=\"og:image:width\" content=\"1280\" \/>\n\t<meta property=\"og:image:height\" content=\"1280\" \/>\n\t<meta property=\"og:image:type\" content=\"image\/jpeg\" \/>\n<meta name=\"author\" content=\"Marja Aapalahti\" \/>\n<meta name=\"twitter:card\" content=\"summary_large_image\" \/>\n<meta name=\"twitter:creator\" content=\"@tysturku\" \/>\n<meta name=\"twitter:site\" content=\"@tysturku\" \/>\n<meta name=\"twitter:label1\" content=\"Skriven av\" \/>\n\t<meta name=\"twitter:data1\" content=\"Marja Aapalahti\" \/>\n\t<meta name=\"twitter:label2\" content=\"Ber\u00e4knad l\u00e4stid\" \/>\n\t<meta name=\"twitter:data2\" content=\"4 minuter\" \/>\n<script type=\"application\/ld+json\" class=\"yoast-schema-graph\">{\"@context\":\"https:\\\/\\\/schema.org\",\"@graph\":[{\"@type\":\"Article\",\"@id\":\"https:\\\/\\\/tys.fi\\\/sv\\\/ett-paradis-for-pollinatorer-och-en-frojd-for-hyresgasterna-tys-angar-lyckades-med-varierande-resultat-under-sin-andra-sommar#article\",\"isPartOf\":{\"@id\":\"https:\\\/\\\/tys.fi\\\/sv\\\/ett-paradis-for-pollinatorer-och-en-frojd-for-hyresgasterna-tys-angar-lyckades-med-varierande-resultat-under-sin-andra-sommar\"},\"author\":{\"name\":\"Marja Aapalahti\",\"@id\":\"https:\\\/\\\/tys.fi\\\/#\\\/schema\\\/person\\\/c1f87ee6d97815ab24d89b5ad67f8718\"},\"headline\":\"Ett paradis f\u00f6r pollinat\u00f6rer och en fr\u00f6jd f\u00f6r hyresg\u00e4sterna \u2013 TYS \u00e4ngar lyckades med varierande resultat under sin andra sommar\",\"datePublished\":\"2025-08-26T09:29:53+00:00\",\"dateModified\":\"2025-08-26T09:33:30+00:00\",\"mainEntityOfPage\":{\"@id\":\"https:\\\/\\\/tys.fi\\\/sv\\\/ett-paradis-for-pollinatorer-och-en-frojd-for-hyresgasterna-tys-angar-lyckades-med-varierande-resultat-under-sin-andra-sommar\"},\"wordCount\":534,\"publisher\":{\"@id\":\"https:\\\/\\\/tys.fi\\\/#organization\"},\"image\":{\"@id\":\"https:\\\/\\\/tys.fi\\\/sv\\\/ett-paradis-for-pollinatorer-och-en-frojd-for-hyresgasterna-tys-angar-lyckades-med-varierande-resultat-under-sin-andra-sommar#primaryimage\"},\"thumbnailUrl\":\"https:\\\/\\\/tys.fi\\\/wp-content\\\/uploads\\\/2025\\\/08\\\/Ikituurin-niitty-III-1280x1280-1.jpg\",\"articleSection\":[\"Nyheter\"],\"inLanguage\":\"sv-SE\"},{\"@type\":\"WebPage\",\"@id\":\"https:\\\/\\\/tys.fi\\\/sv\\\/ett-paradis-for-pollinatorer-och-en-frojd-for-hyresgasterna-tys-angar-lyckades-med-varierande-resultat-under-sin-andra-sommar\",\"url\":\"https:\\\/\\\/tys.fi\\\/sv\\\/ett-paradis-for-pollinatorer-och-en-frojd-for-hyresgasterna-tys-angar-lyckades-med-varierande-resultat-under-sin-andra-sommar\",\"name\":\"Ett paradis f\u00f6r pollinat\u00f6rer och en fr\u00f6jd f\u00f6r hyresg\u00e4sterna \u2013 TYS \u00e4ngar lyckades med varierande resultat under sin andra sommar | TYS | Turun Ylioppilaskyl\u00e4s\u00e4\u00e4ti\u00f6\",\"isPartOf\":{\"@id\":\"https:\\\/\\\/tys.fi\\\/#website\"},\"primaryImageOfPage\":{\"@id\":\"https:\\\/\\\/tys.fi\\\/sv\\\/ett-paradis-for-pollinatorer-och-en-frojd-for-hyresgasterna-tys-angar-lyckades-med-varierande-resultat-under-sin-andra-sommar#primaryimage\"},\"image\":{\"@id\":\"https:\\\/\\\/tys.fi\\\/sv\\\/ett-paradis-for-pollinatorer-och-en-frojd-for-hyresgasterna-tys-angar-lyckades-med-varierande-resultat-under-sin-andra-sommar#primaryimage\"},\"thumbnailUrl\":\"https:\\\/\\\/tys.fi\\\/wp-content\\\/uploads\\\/2025\\\/08\\\/Ikituurin-niitty-III-1280x1280-1.jpg\",\"datePublished\":\"2025-08-26T09:29:53+00:00\",\"dateModified\":\"2025-08-26T09:33:30+00:00\",\"breadcrumb\":{\"@id\":\"https:\\\/\\\/tys.fi\\\/sv\\\/ett-paradis-for-pollinatorer-och-en-frojd-for-hyresgasterna-tys-angar-lyckades-med-varierande-resultat-under-sin-andra-sommar#breadcrumb\"},\"inLanguage\":\"sv-SE\",\"potentialAction\":[{\"@type\":\"ReadAction\",\"target\":[\"https:\\\/\\\/tys.fi\\\/sv\\\/ett-paradis-for-pollinatorer-och-en-frojd-for-hyresgasterna-tys-angar-lyckades-med-varierande-resultat-under-sin-andra-sommar\"]}]},{\"@type\":\"ImageObject\",\"inLanguage\":\"sv-SE\",\"@id\":\"https:\\\/\\\/tys.fi\\\/sv\\\/ett-paradis-for-pollinatorer-och-en-frojd-for-hyresgasterna-tys-angar-lyckades-med-varierande-resultat-under-sin-andra-sommar#primaryimage\",\"url\":\"https:\\\/\\\/tys.fi\\\/wp-content\\\/uploads\\\/2025\\\/08\\\/Ikituurin-niitty-III-1280x1280-1.jpg\",\"contentUrl\":\"https:\\\/\\\/tys.fi\\\/wp-content\\\/uploads\\\/2025\\\/08\\\/Ikituurin-niitty-III-1280x1280-1.jpg\",\"width\":1280,\"height\":1280},{\"@type\":\"BreadcrumbList\",\"@id\":\"https:\\\/\\\/tys.fi\\\/sv\\\/ett-paradis-for-pollinatorer-och-en-frojd-for-hyresgasterna-tys-angar-lyckades-med-varierande-resultat-under-sin-andra-sommar#breadcrumb\",\"itemListElement\":[{\"@type\":\"ListItem\",\"position\":1,\"name\":\"Home\",\"item\":\"https:\\\/\\\/tys.fi\\\/sv\"},{\"@type\":\"ListItem\",\"position\":2,\"name\":\"Ett paradis f\u00f6r pollinat\u00f6rer och en fr\u00f6jd f\u00f6r hyresg\u00e4sterna \u2013 TYS \u00e4ngar lyckades med varierande resultat under sin andra sommar\"}]},{\"@type\":\"WebSite\",\"@id\":\"https:\\\/\\\/tys.fi\\\/#website\",\"url\":\"https:\\\/\\\/tys.fi\\\/\",\"name\":\"Turun Ylioppilaskyl\u00e4s\u00e4\u00e4ti\u00f6\",\"description\":\"Vuokra-asunnot Turku\",\"publisher\":{\"@id\":\"https:\\\/\\\/tys.fi\\\/#organization\"},\"potentialAction\":[{\"@type\":\"SearchAction\",\"target\":{\"@type\":\"EntryPoint\",\"urlTemplate\":\"https:\\\/\\\/tys.fi\\\/?s={search_term_string}\"},\"query-input\":{\"@type\":\"PropertyValueSpecification\",\"valueRequired\":true,\"valueName\":\"search_term_string\"}}],\"inLanguage\":\"sv-SE\"},{\"@type\":\"Organization\",\"@id\":\"https:\\\/\\\/tys.fi\\\/#organization\",\"name\":\"TYS\",\"url\":\"https:\\\/\\\/tys.fi\\\/\",\"logo\":{\"@type\":\"ImageObject\",\"inLanguage\":\"sv-SE\",\"@id\":\"https:\\\/\\\/tys.fi\\\/#\\\/schema\\\/logo\\\/image\\\/\",\"url\":\"https:\\\/\\\/tys.fi\\\/wp-content\\\/uploads\\\/2019\\\/03\\\/TYS-Logo_Green_500px.png\",\"contentUrl\":\"https:\\\/\\\/tys.fi\\\/wp-content\\\/uploads\\\/2019\\\/03\\\/TYS-Logo_Green_500px.png\",\"width\":500,\"height\":232,\"caption\":\"TYS\"},\"image\":{\"@id\":\"https:\\\/\\\/tys.fi\\\/#\\\/schema\\\/logo\\\/image\\\/\"},\"sameAs\":[\"https:\\\/\\\/www.facebook.com\\\/tysturku\\\/\",\"https:\\\/\\\/x.com\\\/tysturku\",\"https:\\\/\\\/www.instagram.com\\\/tysturku\\\/\",\"https:\\\/\\\/www.linkedin.com\\\/company\\\/tysturku\\\/\",\"https:\\\/\\\/www.youtube.com\\\/channel\\\/UCjKOs8BOiY0SORCB0WWixlw?view_as=subscriber\",\"https:\\\/\\\/fi.wikipedia.org\\\/wiki\\\/Turun_ylioppilaskyl\u00e4s\u00e4\u00e4ti\u00f6\"]},{\"@type\":\"Person\",\"@id\":\"https:\\\/\\\/tys.fi\\\/#\\\/schema\\\/person\\\/c1f87ee6d97815ab24d89b5ad67f8718\",\"name\":\"Marja Aapalahti\",\"url\":\"https:\\\/\\\/tys.fi\\\/sv\\\/author\\\/marja\"}]}<\/script>\n<!-- \/ Yoast SEO plugin. -->","yoast_head_json":{"title":"Ett paradis f\u00f6r pollinat\u00f6rer och en fr\u00f6jd f\u00f6r hyresg\u00e4sterna \u2013 TYS \u00e4ngar lyckades med varierande resultat under sin andra sommar | TYS | Turun Ylioppilaskyl\u00e4s\u00e4\u00e4ti\u00f6","robots":{"index":"index","follow":"follow","max-snippet":"max-snippet:-1","max-image-preview":"max-image-preview:large","max-video-preview":"max-video-preview:-1"},"canonical":"https:\/\/tys.fi\/sv\/ett-paradis-for-pollinatorer-och-en-frojd-for-hyresgasterna-tys-angar-lyckades-med-varierande-resultat-under-sin-andra-sommar","og_locale":"sv_SE","og_type":"article","og_title":"Ett paradis f\u00f6r pollinat\u00f6rer och en fr\u00f6jd f\u00f6r hyresg\u00e4sterna \u2013 TYS \u00e4ngar lyckades med varierande resultat under sin andra sommar | TYS | Turun Ylioppilaskyl\u00e4s\u00e4\u00e4ti\u00f6","og_description":"Har du m\u00e4rkt att gr\u00e4sytor p\u00e5 vissa av TYS bostadsobjekt har f\u00f6rvandlats till \u00e4ngar? \u00c4ngar...","og_url":"https:\/\/tys.fi\/sv\/ett-paradis-for-pollinatorer-och-en-frojd-for-hyresgasterna-tys-angar-lyckades-med-varierande-resultat-under-sin-andra-sommar","og_site_name":"Turun Ylioppilaskyl&auml;s&auml;&auml;ti&ouml;","article_publisher":"https:\/\/www.facebook.com\/tysturku\/","article_published_time":"2025-08-26T09:29:53+00:00","article_modified_time":"2025-08-26T09:33:30+00:00","og_image":[{"width":1280,"height":1280,"url":"https:\/\/tys.fi\/wp-content\/uploads\/2025\/08\/Ikituurin-niitty-III-1280x1280-1.jpg","type":"image\/jpeg"}],"author":"Marja Aapalahti","twitter_card":"summary_large_image","twitter_creator":"@tysturku","twitter_site":"@tysturku","twitter_misc":{"Skriven av":"Marja Aapalahti","Ber\u00e4knad l\u00e4stid":"4 minuter"},"schema":{"@context":"https:\/\/schema.org","@graph":[{"@type":"Article","@id":"https:\/\/tys.fi\/sv\/ett-paradis-for-pollinatorer-och-en-frojd-for-hyresgasterna-tys-angar-lyckades-med-varierande-resultat-under-sin-andra-sommar#article","isPartOf":{"@id":"https:\/\/tys.fi\/sv\/ett-paradis-for-pollinatorer-och-en-frojd-for-hyresgasterna-tys-angar-lyckades-med-varierande-resultat-under-sin-andra-sommar"},"author":{"name":"Marja Aapalahti","@id":"https:\/\/tys.fi\/#\/schema\/person\/c1f87ee6d97815ab24d89b5ad67f8718"},"headline":"Ett paradis f\u00f6r pollinat\u00f6rer och en fr\u00f6jd f\u00f6r hyresg\u00e4sterna \u2013 TYS \u00e4ngar lyckades med varierande resultat under sin andra sommar","datePublished":"2025-08-26T09:29:53+00:00","dateModified":"2025-08-26T09:33:30+00:00","mainEntityOfPage":{"@id":"https:\/\/tys.fi\/sv\/ett-paradis-for-pollinatorer-och-en-frojd-for-hyresgasterna-tys-angar-lyckades-med-varierande-resultat-under-sin-andra-sommar"},"wordCount":534,"publisher":{"@id":"https:\/\/tys.fi\/#organization"},"image":{"@id":"https:\/\/tys.fi\/sv\/ett-paradis-for-pollinatorer-och-en-frojd-for-hyresgasterna-tys-angar-lyckades-med-varierande-resultat-under-sin-andra-sommar#primaryimage"},"thumbnailUrl":"https:\/\/tys.fi\/wp-content\/uploads\/2025\/08\/Ikituurin-niitty-III-1280x1280-1.jpg","articleSection":["Nyheter"],"inLanguage":"sv-SE"},{"@type":"WebPage","@id":"https:\/\/tys.fi\/sv\/ett-paradis-for-pollinatorer-och-en-frojd-for-hyresgasterna-tys-angar-lyckades-med-varierande-resultat-under-sin-andra-sommar","url":"https:\/\/tys.fi\/sv\/ett-paradis-for-pollinatorer-och-en-frojd-for-hyresgasterna-tys-angar-lyckades-med-varierande-resultat-under-sin-andra-sommar","name":"Ett paradis f\u00f6r pollinat\u00f6rer och en fr\u00f6jd f\u00f6r hyresg\u00e4sterna \u2013 TYS \u00e4ngar lyckades med varierande resultat under sin andra sommar | TYS | Turun Ylioppilaskyl\u00e4s\u00e4\u00e4ti\u00f6","isPartOf":{"@id":"https:\/\/tys.fi\/#website"},"primaryImageOfPage":{"@id":"https:\/\/tys.fi\/sv\/ett-paradis-for-pollinatorer-och-en-frojd-for-hyresgasterna-tys-angar-lyckades-med-varierande-resultat-under-sin-andra-sommar#primaryimage"},"image":{"@id":"https:\/\/tys.fi\/sv\/ett-paradis-for-pollinatorer-och-en-frojd-for-hyresgasterna-tys-angar-lyckades-med-varierande-resultat-under-sin-andra-sommar#primaryimage"},"thumbnailUrl":"https:\/\/tys.fi\/wp-content\/uploads\/2025\/08\/Ikituurin-niitty-III-1280x1280-1.jpg","datePublished":"2025-08-26T09:29:53+00:00","dateModified":"2025-08-26T09:33:30+00:00","breadcrumb":{"@id":"https:\/\/tys.fi\/sv\/ett-paradis-for-pollinatorer-och-en-frojd-for-hyresgasterna-tys-angar-lyckades-med-varierande-resultat-under-sin-andra-sommar#breadcrumb"},"inLanguage":"sv-SE","potentialAction":[{"@type":"ReadAction","target":["https:\/\/tys.fi\/sv\/ett-paradis-for-pollinatorer-och-en-frojd-for-hyresgasterna-tys-angar-lyckades-med-varierande-resultat-under-sin-andra-sommar"]}]},{"@type":"ImageObject","inLanguage":"sv-SE","@id":"https:\/\/tys.fi\/sv\/ett-paradis-for-pollinatorer-och-en-frojd-for-hyresgasterna-tys-angar-lyckades-med-varierande-resultat-under-sin-andra-sommar#primaryimage","url":"https:\/\/tys.fi\/wp-content\/uploads\/2025\/08\/Ikituurin-niitty-III-1280x1280-1.jpg","contentUrl":"https:\/\/tys.fi\/wp-content\/uploads\/2025\/08\/Ikituurin-niitty-III-1280x1280-1.jpg","width":1280,"height":1280},{"@type":"BreadcrumbList","@id":"https:\/\/tys.fi\/sv\/ett-paradis-for-pollinatorer-och-en-frojd-for-hyresgasterna-tys-angar-lyckades-med-varierande-resultat-under-sin-andra-sommar#breadcrumb","itemListElement":[{"@type":"ListItem","position":1,"name":"Home","item":"https:\/\/tys.fi\/sv"},{"@type":"ListItem","position":2,"name":"Ett paradis f\u00f6r pollinat\u00f6rer och en fr\u00f6jd f\u00f6r hyresg\u00e4sterna \u2013 TYS \u00e4ngar lyckades med varierande resultat under sin andra sommar"}]},{"@type":"WebSite","@id":"https:\/\/tys.fi\/#website","url":"https:\/\/tys.fi\/","name":"Turun Ylioppilaskyl\u00e4s\u00e4\u00e4ti\u00f6","description":"Vuokra-asunnot Turku","publisher":{"@id":"https:\/\/tys.fi\/#organization"},"potentialAction":[{"@type":"SearchAction","target":{"@type":"EntryPoint","urlTemplate":"https:\/\/tys.fi\/?s={search_term_string}"},"query-input":{"@type":"PropertyValueSpecification","valueRequired":true,"valueName":"search_term_string"}}],"inLanguage":"sv-SE"},{"@type":"Organization","@id":"https:\/\/tys.fi\/#organization","name":"TYS","url":"https:\/\/tys.fi\/","logo":{"@type":"ImageObject","inLanguage":"sv-SE","@id":"https:\/\/tys.fi\/#\/schema\/logo\/image\/","url":"https:\/\/tys.fi\/wp-content\/uploads\/2019\/03\/TYS-Logo_Green_500px.png","contentUrl":"https:\/\/tys.fi\/wp-content\/uploads\/2019\/03\/TYS-Logo_Green_500px.png","width":500,"height":232,"caption":"TYS"},"image":{"@id":"https:\/\/tys.fi\/#\/schema\/logo\/image\/"},"sameAs":["https:\/\/www.facebook.com\/tysturku\/","https:\/\/x.com\/tysturku","https:\/\/www.instagram.com\/tysturku\/","https:\/\/www.linkedin.com\/company\/tysturku\/","https:\/\/www.youtube.com\/channel\/UCjKOs8BOiY0SORCB0WWixlw?view_as=subscriber","https:\/\/fi.wikipedia.org\/wiki\/Turun_ylioppilaskyl\u00e4s\u00e4\u00e4ti\u00f6"]},{"@type":"Person","@id":"https:\/\/tys.fi\/#\/schema\/person\/c1f87ee6d97815ab24d89b5ad67f8718","name":"Marja Aapalahti","url":"https:\/\/tys.fi\/sv\/author\/marja"}]}},"_links":{"self":[{"href":"https:\/\/tys.fi\/sv\/wp-json\/wp\/v2\/posts\/30025","targetHints":{"allow":["GET"]}}],"collection":[{"href":"https:\/\/tys.fi\/sv\/wp-json\/wp\/v2\/posts"}],"about":[{"href":"https:\/\/tys.fi\/sv\/wp-json\/wp\/v2\/types\/post"}],"author":[{"embeddable":true,"href":"https:\/\/tys.fi\/sv\/wp-json\/wp\/v2\/users\/2"}],"replies":[{"embeddable":true,"href":"https:\/\/tys.fi\/sv\/wp-json\/wp\/v2\/comments?post=30025"}],"version-history":[{"count":2,"href":"https:\/\/tys.fi\/sv\/wp-json\/wp\/v2\/posts\/30025\/revisions"}],"predecessor-version":[{"id":30029,"href":"https:\/\/tys.fi\/sv\/wp-json\/wp\/v2\/posts\/30025\/revisions\/30029"}],"wp:featuredmedia":[{"embeddable":true,"href":"https:\/\/tys.fi\/sv\/wp-json\/wp\/v2\/media\/30022"}],"wp:attachment":[{"href":"https:\/\/tys.fi\/sv\/wp-json\/wp\/v2\/media?parent=30025"}],"wp:term":[{"taxonomy":"category","embeddable":true,"href":"https:\/\/tys.fi\/sv\/wp-json\/wp\/v2\/categories?post=30025"},{"taxonomy":"post_tag","embeddable":true,"href":"https:\/\/tys.fi\/sv\/wp-json\/wp\/v2\/tags?post=30025"}],"curies":[{"name":"wp","href":"https:\/\/api.w.org\/{rel}","templated":true}]}}