{"id":29825,"date":"2025-05-28T15:34:17","date_gmt":"2025-05-28T12:34:17","guid":{"rendered":"https:\/\/tys.fi\/tys-asentaa-uudet-palovaroittimet-asuntoihin-joissa-on-paristokayttoinen-palovaroitin-mika-on-tulevaisuudessa-asukkaan-vastuulla"},"modified":"2025-05-28T15:44:03","modified_gmt":"2025-05-28T12:44:03","slug":"tys-installerar-nya-brandvarnare-i-lagenheter-som-har-batteridrivna-brandvarnare-vad-kommer-att-vara-hyresgastens-ansvar-i-framtiden","status":"publish","type":"post","link":"https:\/\/tys.fi\/sv\/tys-installerar-nya-brandvarnare-i-lagenheter-som-har-batteridrivna-brandvarnare-vad-kommer-att-vara-hyresgastens-ansvar-i-framtiden","title":{"rendered":"TYS installerar nya brandvarnare i l\u00e4genheter som har batteridrivna brandvarnare \u2013 Vad kommer att vara hyresg\u00e4stens ansvar i framtiden?"},"content":{"rendered":"<p>Fr\u00e5n b\u00f6rjan av \u00e5r 2026 blir batteridrivna brandvarnare i l\u00e4genheter bostads\u00e4garens ansvar enligt r\u00e4ddningslagen. Syftet med \u00e4ndringen \u00e4r att f\u00f6rb\u00e4ttra brands\u00e4kerheten.<\/p>\n<p><strong>En fungerande brandvarnare \u00e4r en viktig del av l\u00e4genhetens brandskydd. Hyresg\u00e4sten \u00e4r ocks\u00e5 ansvarig f\u00f6r att uppr\u00e4tth\u00e5lla brands\u00e4kerheten i sin bostad och f\u00f6r att kontrollera att brandvarnaren fungerar. Fel p\u00e5 brandvarnaren ska omedelbart rapporteras till TYS.<\/strong><\/p>\n<p>I TYS bost\u00e4der g\u00e4ller installationerna batteridrivna brandvarnare som tidigare varit hyresg\u00e4stens ansvar. TYS b\u00f6rjar installera brandvarnarna sommaren 2025, och installationerna ber\u00e4knas vara klara f\u00f6re slutet av 2025.<\/p>\n<p>I vissa av TYS bostadsobjekt finns redan brandvarnaresystem anslutna till eln\u00e4tet, som TYS ansvarar f\u00f6r. Dessa bostadsobjekt p\u00e5verkas inte av f\u00f6r\u00e4ndringen. Du hittar en lista \u00f6ver dessa bostadsobjekt <a href=\"https:\/\/tys.fi\/sv\/hyresgastens-handbok\/brandvarnare\">h\u00e4r<\/a>.<\/p>\n<h3><strong>N\u00e4r Installera Brandvarnarna?<\/strong><\/h3>\n<p>Brandvarnare installeras i f\u00f6ljande bostadsobjekt i etapper:<\/p>\n<ul>\n<li>Ispuri<\/li>\n<li>Kiertot\u00e4hti<\/li>\n<li>Kotivalo<\/li>\n<li>Kuikkulankatu<\/li>\n<li>Kuunsilta (orenoverade bost\u00e4der)<\/li>\n<li>Nummenranta<\/li>\n<li>Pilvilinna<\/li>\n<li>Tavasti<\/li>\n<li>Studentbyn \u00d6st<\/li>\n<li>Studentbyn V\u00e4st<\/li>\n<\/ul>\n<p>TYS informerar hyresg\u00e4ster om installationstidtabellen via e-post tv\u00e5 veckor innan installationen.<\/p>\n<h3><strong>Hur Sk\u00f6ts Brandvarnare? Vad Ska Hyresg\u00e4sten G\u00f6ra?<\/strong><\/h3>\n<p><strong>TYS ansvarar<\/strong> <strong>f\u00f6r<\/strong> att byta batterierna vid behov. Eventuella inspektioner av brandvarnare meddelas separat.<\/p>\n<p><strong>Hyresg\u00e4sten \u00e4r ansvarig f\u00f6r<\/strong> att testa och reng\u00f6ra brandvarnaren enligt TYS anvisningar samt omedelbart rapporteras fel p\u00e5 brandvarnaren till TYS.<\/p>\n<p><strong>Hyresg\u00e4sten m\u00e5ste testas brandvarnaren en g\u00e5ng i m\u00e5naden<\/strong> genom att trycka p\u00e5 testknappen. Om den piper fungerar den. <strong>Brandvarnaren ska ocks\u00e5 reng\u00f6ras<\/strong> minst tv\u00e5 g\u00e5nger om \u00e5ret genom att dammsuga bort damm. Ytan kan torkas med en fuktig trasa. Mer detaljerade reng\u00f6ringsinstruktioner finns <strong><a href=\"https:\/\/tys.fi\/wp-content\/uploads\/2025\/05\/Bransvarnare_Bruks-och-rengorings-anvisning.pdf\">H\u00c4R<\/a><\/strong>.<\/p>\n<p><strong>Hyresg\u00e4sten f\u00e5r inte ta bort batteriet eller sj\u00e4lva brandvarnaren. Batteriet f\u00e5r inte bytas av hyresg\u00e4sten<\/strong> och inga \u00e5tg\u00e4rder f\u00e5r vidtas som kan st\u00f6ra dess funktion. Om brandvarnaren skadas p\u00e5 grund av hyresg\u00e4stens agerande debiteras ers\u00e4ttning enligt TYS ers\u00e4ttningsprislista.<\/p>\n<h3><strong>Vad G\u00f6r Jag om Brandvarnaren Pipers?<\/strong><\/h3>\n<p>Om brandvarnaren piper ungef\u00e4r en g\u00e5ng per minut \u00e4r batteriet troligen slut. TYS underh\u00e5ll byter d\u00e5 ut batteriet. Vid s\u00e5dana fall ska felanm\u00e4lan g\u00f6ras via hyresg\u00e4stportalen under vardagar kl. 07\u201315. Vid \u00f6vriga tider ring journumret 0500 523 759 (lna\/mna) eller Iltakajo 02 275 2138 (lna\/mna).<\/p>\n<p>&nbsp;<\/p>\n","protected":false},"excerpt":{"rendered":"<p>Fr\u00e5n b\u00f6rjan av \u00e5r 2026 blir batteridrivna brandvarnare i l\u00e4genheter bostads\u00e4garens ansvar enligt r\u00e4ddningslagen. Syftet&#8230;<\/p>\n","protected":false},"author":2,"featured_media":27681,"comment_status":"closed","ping_status":"closed","sticky":false,"template":"","format":"standard","meta":{"footnotes":""},"categories":[38],"tags":[],"class_list":{"0":"post-29825","1":"post","2":"type-post","3":"status-publish","4":"format-standard","5":"has-post-thumbnail","7":"category-nyheter-sv"},"yoast_head":"<!-- This site is optimized with the Yoast SEO plugin v27.5 - https:\/\/yoast.com\/product\/yoast-seo-wordpress\/ -->\n<title>TYS installerar nya brandvarnare i l\u00e4genheter som har batteridrivna brandvarnare \u2013 Vad kommer att vara hyresg\u00e4stens ansvar i framtiden? | TYS | Turun Ylioppilaskyl\u00e4s\u00e4\u00e4ti\u00f6<\/title>\n<meta name=\"robots\" content=\"index, follow, max-snippet:-1, max-image-preview:large, max-video-preview:-1\" \/>\n<link rel=\"canonical\" href=\"https:\/\/tys.fi\/sv\/tys-installerar-nya-brandvarnare-i-lagenheter-som-har-batteridrivna-brandvarnare-vad-kommer-att-vara-hyresgastens-ansvar-i-framtiden\" \/>\n<meta property=\"og:locale\" content=\"sv_SE\" \/>\n<meta property=\"og:type\" content=\"article\" \/>\n<meta property=\"og:title\" content=\"TYS installerar nya brandvarnare i l\u00e4genheter som har batteridrivna brandvarnare \u2013 Vad kommer att vara hyresg\u00e4stens ansvar i framtiden? | TYS | Turun Ylioppilaskyl\u00e4s\u00e4\u00e4ti\u00f6\" \/>\n<meta property=\"og:description\" content=\"Fr\u00e5n b\u00f6rjan av \u00e5r 2026 blir batteridrivna brandvarnare i l\u00e4genheter bostads\u00e4garens ansvar enligt r\u00e4ddningslagen. Syftet...\" \/>\n<meta property=\"og:url\" content=\"https:\/\/tys.fi\/sv\/tys-installerar-nya-brandvarnare-i-lagenheter-som-har-batteridrivna-brandvarnare-vad-kommer-att-vara-hyresgastens-ansvar-i-framtiden\" \/>\n<meta property=\"og:site_name\" content=\"Turun Ylioppilaskyl&auml;s&auml;&auml;ti&ouml;\" \/>\n<meta property=\"article:publisher\" content=\"https:\/\/www.facebook.com\/tysturku\/\" \/>\n<meta property=\"article:published_time\" content=\"2025-05-28T12:34:17+00:00\" \/>\n<meta property=\"article:modified_time\" content=\"2025-05-28T12:44:03+00:00\" \/>\n<meta property=\"og:image\" content=\"https:\/\/tys.fi\/wp-content\/uploads\/2024\/04\/palovaroitin-vaaka-600.jpg\" \/>\n\t<meta property=\"og:image:width\" content=\"600\" \/>\n\t<meta property=\"og:image:height\" content=\"338\" \/>\n\t<meta property=\"og:image:type\" content=\"image\/jpeg\" \/>\n<meta name=\"author\" content=\"Marja Aapalahti\" \/>\n<meta name=\"twitter:card\" content=\"summary_large_image\" \/>\n<meta name=\"twitter:creator\" content=\"@tysturku\" \/>\n<meta name=\"twitter:site\" content=\"@tysturku\" \/>\n<meta name=\"twitter:label1\" content=\"Skriven av\" \/>\n\t<meta name=\"twitter:data1\" content=\"Marja Aapalahti\" \/>\n\t<meta name=\"twitter:label2\" content=\"Ber\u00e4knad l\u00e4stid\" \/>\n\t<meta name=\"twitter:data2\" content=\"3 minuter\" \/>\n<script type=\"application\/ld+json\" class=\"yoast-schema-graph\">{\"@context\":\"https:\\\/\\\/schema.org\",\"@graph\":[{\"@type\":\"Article\",\"@id\":\"https:\\\/\\\/tys.fi\\\/sv\\\/tys-installerar-nya-brandvarnare-i-lagenheter-som-har-batteridrivna-brandvarnare-vad-kommer-att-vara-hyresgastens-ansvar-i-framtiden#article\",\"isPartOf\":{\"@id\":\"https:\\\/\\\/tys.fi\\\/sv\\\/tys-installerar-nya-brandvarnare-i-lagenheter-som-har-batteridrivna-brandvarnare-vad-kommer-att-vara-hyresgastens-ansvar-i-framtiden\"},\"author\":{\"name\":\"Marja Aapalahti\",\"@id\":\"https:\\\/\\\/tys.fi\\\/#\\\/schema\\\/person\\\/c1f87ee6d97815ab24d89b5ad67f8718\"},\"headline\":\"TYS installerar nya brandvarnare i l\u00e4genheter som har batteridrivna brandvarnare \u2013 Vad kommer att vara hyresg\u00e4stens ansvar i framtiden?\",\"datePublished\":\"2025-05-28T12:34:17+00:00\",\"dateModified\":\"2025-05-28T12:44:03+00:00\",\"mainEntityOfPage\":{\"@id\":\"https:\\\/\\\/tys.fi\\\/sv\\\/tys-installerar-nya-brandvarnare-i-lagenheter-som-har-batteridrivna-brandvarnare-vad-kommer-att-vara-hyresgastens-ansvar-i-framtiden\"},\"wordCount\":402,\"publisher\":{\"@id\":\"https:\\\/\\\/tys.fi\\\/#organization\"},\"image\":{\"@id\":\"https:\\\/\\\/tys.fi\\\/sv\\\/tys-installerar-nya-brandvarnare-i-lagenheter-som-har-batteridrivna-brandvarnare-vad-kommer-att-vara-hyresgastens-ansvar-i-framtiden#primaryimage\"},\"thumbnailUrl\":\"https:\\\/\\\/tys.fi\\\/wp-content\\\/uploads\\\/2024\\\/04\\\/palovaroitin-vaaka-600.jpg\",\"articleSection\":[\"Nyheter\"],\"inLanguage\":\"sv-SE\"},{\"@type\":\"WebPage\",\"@id\":\"https:\\\/\\\/tys.fi\\\/sv\\\/tys-installerar-nya-brandvarnare-i-lagenheter-som-har-batteridrivna-brandvarnare-vad-kommer-att-vara-hyresgastens-ansvar-i-framtiden\",\"url\":\"https:\\\/\\\/tys.fi\\\/sv\\\/tys-installerar-nya-brandvarnare-i-lagenheter-som-har-batteridrivna-brandvarnare-vad-kommer-att-vara-hyresgastens-ansvar-i-framtiden\",\"name\":\"TYS installerar nya brandvarnare i l\u00e4genheter som har batteridrivna brandvarnare \u2013 Vad kommer att vara hyresg\u00e4stens ansvar i framtiden? | TYS | Turun Ylioppilaskyl\u00e4s\u00e4\u00e4ti\u00f6\",\"isPartOf\":{\"@id\":\"https:\\\/\\\/tys.fi\\\/#website\"},\"primaryImageOfPage\":{\"@id\":\"https:\\\/\\\/tys.fi\\\/sv\\\/tys-installerar-nya-brandvarnare-i-lagenheter-som-har-batteridrivna-brandvarnare-vad-kommer-att-vara-hyresgastens-ansvar-i-framtiden#primaryimage\"},\"image\":{\"@id\":\"https:\\\/\\\/tys.fi\\\/sv\\\/tys-installerar-nya-brandvarnare-i-lagenheter-som-har-batteridrivna-brandvarnare-vad-kommer-att-vara-hyresgastens-ansvar-i-framtiden#primaryimage\"},\"thumbnailUrl\":\"https:\\\/\\\/tys.fi\\\/wp-content\\\/uploads\\\/2024\\\/04\\\/palovaroitin-vaaka-600.jpg\",\"datePublished\":\"2025-05-28T12:34:17+00:00\",\"dateModified\":\"2025-05-28T12:44:03+00:00\",\"breadcrumb\":{\"@id\":\"https:\\\/\\\/tys.fi\\\/sv\\\/tys-installerar-nya-brandvarnare-i-lagenheter-som-har-batteridrivna-brandvarnare-vad-kommer-att-vara-hyresgastens-ansvar-i-framtiden#breadcrumb\"},\"inLanguage\":\"sv-SE\",\"potentialAction\":[{\"@type\":\"ReadAction\",\"target\":[\"https:\\\/\\\/tys.fi\\\/sv\\\/tys-installerar-nya-brandvarnare-i-lagenheter-som-har-batteridrivna-brandvarnare-vad-kommer-att-vara-hyresgastens-ansvar-i-framtiden\"]}]},{\"@type\":\"ImageObject\",\"inLanguage\":\"sv-SE\",\"@id\":\"https:\\\/\\\/tys.fi\\\/sv\\\/tys-installerar-nya-brandvarnare-i-lagenheter-som-har-batteridrivna-brandvarnare-vad-kommer-att-vara-hyresgastens-ansvar-i-framtiden#primaryimage\",\"url\":\"https:\\\/\\\/tys.fi\\\/wp-content\\\/uploads\\\/2024\\\/04\\\/palovaroitin-vaaka-600.jpg\",\"contentUrl\":\"https:\\\/\\\/tys.fi\\\/wp-content\\\/uploads\\\/2024\\\/04\\\/palovaroitin-vaaka-600.jpg\",\"width\":600,\"height\":338},{\"@type\":\"BreadcrumbList\",\"@id\":\"https:\\\/\\\/tys.fi\\\/sv\\\/tys-installerar-nya-brandvarnare-i-lagenheter-som-har-batteridrivna-brandvarnare-vad-kommer-att-vara-hyresgastens-ansvar-i-framtiden#breadcrumb\",\"itemListElement\":[{\"@type\":\"ListItem\",\"position\":1,\"name\":\"Home\",\"item\":\"https:\\\/\\\/tys.fi\\\/sv\"},{\"@type\":\"ListItem\",\"position\":2,\"name\":\"TYS installerar nya brandvarnare i l\u00e4genheter som har batteridrivna brandvarnare \u2013 Vad kommer att vara hyresg\u00e4stens ansvar i framtiden?\"}]},{\"@type\":\"WebSite\",\"@id\":\"https:\\\/\\\/tys.fi\\\/#website\",\"url\":\"https:\\\/\\\/tys.fi\\\/\",\"name\":\"Turun Ylioppilaskyl\u00e4s\u00e4\u00e4ti\u00f6\",\"description\":\"Vuokra-asunnot Turku\",\"publisher\":{\"@id\":\"https:\\\/\\\/tys.fi\\\/#organization\"},\"potentialAction\":[{\"@type\":\"SearchAction\",\"target\":{\"@type\":\"EntryPoint\",\"urlTemplate\":\"https:\\\/\\\/tys.fi\\\/?s={search_term_string}\"},\"query-input\":{\"@type\":\"PropertyValueSpecification\",\"valueRequired\":true,\"valueName\":\"search_term_string\"}}],\"inLanguage\":\"sv-SE\"},{\"@type\":\"Organization\",\"@id\":\"https:\\\/\\\/tys.fi\\\/#organization\",\"name\":\"TYS\",\"url\":\"https:\\\/\\\/tys.fi\\\/\",\"logo\":{\"@type\":\"ImageObject\",\"inLanguage\":\"sv-SE\",\"@id\":\"https:\\\/\\\/tys.fi\\\/#\\\/schema\\\/logo\\\/image\\\/\",\"url\":\"https:\\\/\\\/tys.fi\\\/wp-content\\\/uploads\\\/2019\\\/03\\\/TYS-Logo_Green_500px.png\",\"contentUrl\":\"https:\\\/\\\/tys.fi\\\/wp-content\\\/uploads\\\/2019\\\/03\\\/TYS-Logo_Green_500px.png\",\"width\":500,\"height\":232,\"caption\":\"TYS\"},\"image\":{\"@id\":\"https:\\\/\\\/tys.fi\\\/#\\\/schema\\\/logo\\\/image\\\/\"},\"sameAs\":[\"https:\\\/\\\/www.facebook.com\\\/tysturku\\\/\",\"https:\\\/\\\/x.com\\\/tysturku\",\"https:\\\/\\\/www.instagram.com\\\/tysturku\\\/\",\"https:\\\/\\\/www.linkedin.com\\\/company\\\/tysturku\\\/\",\"https:\\\/\\\/www.youtube.com\\\/channel\\\/UCjKOs8BOiY0SORCB0WWixlw?view_as=subscriber\",\"https:\\\/\\\/fi.wikipedia.org\\\/wiki\\\/Turun_ylioppilaskyl\u00e4s\u00e4\u00e4ti\u00f6\"]},{\"@type\":\"Person\",\"@id\":\"https:\\\/\\\/tys.fi\\\/#\\\/schema\\\/person\\\/c1f87ee6d97815ab24d89b5ad67f8718\",\"name\":\"Marja Aapalahti\",\"url\":\"https:\\\/\\\/tys.fi\\\/sv\\\/author\\\/marja\"}]}<\/script>\n<!-- \/ Yoast SEO plugin. -->","yoast_head_json":{"title":"TYS installerar nya brandvarnare i l\u00e4genheter som har batteridrivna brandvarnare \u2013 Vad kommer att vara hyresg\u00e4stens ansvar i framtiden? | TYS | Turun Ylioppilaskyl\u00e4s\u00e4\u00e4ti\u00f6","robots":{"index":"index","follow":"follow","max-snippet":"max-snippet:-1","max-image-preview":"max-image-preview:large","max-video-preview":"max-video-preview:-1"},"canonical":"https:\/\/tys.fi\/sv\/tys-installerar-nya-brandvarnare-i-lagenheter-som-har-batteridrivna-brandvarnare-vad-kommer-att-vara-hyresgastens-ansvar-i-framtiden","og_locale":"sv_SE","og_type":"article","og_title":"TYS installerar nya brandvarnare i l\u00e4genheter som har batteridrivna brandvarnare \u2013 Vad kommer att vara hyresg\u00e4stens ansvar i framtiden? | TYS | Turun Ylioppilaskyl\u00e4s\u00e4\u00e4ti\u00f6","og_description":"Fr\u00e5n b\u00f6rjan av \u00e5r 2026 blir batteridrivna brandvarnare i l\u00e4genheter bostads\u00e4garens ansvar enligt r\u00e4ddningslagen. Syftet...","og_url":"https:\/\/tys.fi\/sv\/tys-installerar-nya-brandvarnare-i-lagenheter-som-har-batteridrivna-brandvarnare-vad-kommer-att-vara-hyresgastens-ansvar-i-framtiden","og_site_name":"Turun Ylioppilaskyl&auml;s&auml;&auml;ti&ouml;","article_publisher":"https:\/\/www.facebook.com\/tysturku\/","article_published_time":"2025-05-28T12:34:17+00:00","article_modified_time":"2025-05-28T12:44:03+00:00","og_image":[{"width":600,"height":338,"url":"https:\/\/tys.fi\/wp-content\/uploads\/2024\/04\/palovaroitin-vaaka-600.jpg","type":"image\/jpeg"}],"author":"Marja Aapalahti","twitter_card":"summary_large_image","twitter_creator":"@tysturku","twitter_site":"@tysturku","twitter_misc":{"Skriven av":"Marja Aapalahti","Ber\u00e4knad l\u00e4stid":"3 minuter"},"schema":{"@context":"https:\/\/schema.org","@graph":[{"@type":"Article","@id":"https:\/\/tys.fi\/sv\/tys-installerar-nya-brandvarnare-i-lagenheter-som-har-batteridrivna-brandvarnare-vad-kommer-att-vara-hyresgastens-ansvar-i-framtiden#article","isPartOf":{"@id":"https:\/\/tys.fi\/sv\/tys-installerar-nya-brandvarnare-i-lagenheter-som-har-batteridrivna-brandvarnare-vad-kommer-att-vara-hyresgastens-ansvar-i-framtiden"},"author":{"name":"Marja Aapalahti","@id":"https:\/\/tys.fi\/#\/schema\/person\/c1f87ee6d97815ab24d89b5ad67f8718"},"headline":"TYS installerar nya brandvarnare i l\u00e4genheter som har batteridrivna brandvarnare \u2013 Vad kommer att vara hyresg\u00e4stens ansvar i framtiden?","datePublished":"2025-05-28T12:34:17+00:00","dateModified":"2025-05-28T12:44:03+00:00","mainEntityOfPage":{"@id":"https:\/\/tys.fi\/sv\/tys-installerar-nya-brandvarnare-i-lagenheter-som-har-batteridrivna-brandvarnare-vad-kommer-att-vara-hyresgastens-ansvar-i-framtiden"},"wordCount":402,"publisher":{"@id":"https:\/\/tys.fi\/#organization"},"image":{"@id":"https:\/\/tys.fi\/sv\/tys-installerar-nya-brandvarnare-i-lagenheter-som-har-batteridrivna-brandvarnare-vad-kommer-att-vara-hyresgastens-ansvar-i-framtiden#primaryimage"},"thumbnailUrl":"https:\/\/tys.fi\/wp-content\/uploads\/2024\/04\/palovaroitin-vaaka-600.jpg","articleSection":["Nyheter"],"inLanguage":"sv-SE"},{"@type":"WebPage","@id":"https:\/\/tys.fi\/sv\/tys-installerar-nya-brandvarnare-i-lagenheter-som-har-batteridrivna-brandvarnare-vad-kommer-att-vara-hyresgastens-ansvar-i-framtiden","url":"https:\/\/tys.fi\/sv\/tys-installerar-nya-brandvarnare-i-lagenheter-som-har-batteridrivna-brandvarnare-vad-kommer-att-vara-hyresgastens-ansvar-i-framtiden","name":"TYS installerar nya brandvarnare i l\u00e4genheter som har batteridrivna brandvarnare \u2013 Vad kommer att vara hyresg\u00e4stens ansvar i framtiden? | TYS | Turun Ylioppilaskyl\u00e4s\u00e4\u00e4ti\u00f6","isPartOf":{"@id":"https:\/\/tys.fi\/#website"},"primaryImageOfPage":{"@id":"https:\/\/tys.fi\/sv\/tys-installerar-nya-brandvarnare-i-lagenheter-som-har-batteridrivna-brandvarnare-vad-kommer-att-vara-hyresgastens-ansvar-i-framtiden#primaryimage"},"image":{"@id":"https:\/\/tys.fi\/sv\/tys-installerar-nya-brandvarnare-i-lagenheter-som-har-batteridrivna-brandvarnare-vad-kommer-att-vara-hyresgastens-ansvar-i-framtiden#primaryimage"},"thumbnailUrl":"https:\/\/tys.fi\/wp-content\/uploads\/2024\/04\/palovaroitin-vaaka-600.jpg","datePublished":"2025-05-28T12:34:17+00:00","dateModified":"2025-05-28T12:44:03+00:00","breadcrumb":{"@id":"https:\/\/tys.fi\/sv\/tys-installerar-nya-brandvarnare-i-lagenheter-som-har-batteridrivna-brandvarnare-vad-kommer-att-vara-hyresgastens-ansvar-i-framtiden#breadcrumb"},"inLanguage":"sv-SE","potentialAction":[{"@type":"ReadAction","target":["https:\/\/tys.fi\/sv\/tys-installerar-nya-brandvarnare-i-lagenheter-som-har-batteridrivna-brandvarnare-vad-kommer-att-vara-hyresgastens-ansvar-i-framtiden"]}]},{"@type":"ImageObject","inLanguage":"sv-SE","@id":"https:\/\/tys.fi\/sv\/tys-installerar-nya-brandvarnare-i-lagenheter-som-har-batteridrivna-brandvarnare-vad-kommer-att-vara-hyresgastens-ansvar-i-framtiden#primaryimage","url":"https:\/\/tys.fi\/wp-content\/uploads\/2024\/04\/palovaroitin-vaaka-600.jpg","contentUrl":"https:\/\/tys.fi\/wp-content\/uploads\/2024\/04\/palovaroitin-vaaka-600.jpg","width":600,"height":338},{"@type":"BreadcrumbList","@id":"https:\/\/tys.fi\/sv\/tys-installerar-nya-brandvarnare-i-lagenheter-som-har-batteridrivna-brandvarnare-vad-kommer-att-vara-hyresgastens-ansvar-i-framtiden#breadcrumb","itemListElement":[{"@type":"ListItem","position":1,"name":"Home","item":"https:\/\/tys.fi\/sv"},{"@type":"ListItem","position":2,"name":"TYS installerar nya brandvarnare i l\u00e4genheter som har batteridrivna brandvarnare \u2013 Vad kommer att vara hyresg\u00e4stens ansvar i framtiden?"}]},{"@type":"WebSite","@id":"https:\/\/tys.fi\/#website","url":"https:\/\/tys.fi\/","name":"Turun Ylioppilaskyl\u00e4s\u00e4\u00e4ti\u00f6","description":"Vuokra-asunnot Turku","publisher":{"@id":"https:\/\/tys.fi\/#organization"},"potentialAction":[{"@type":"SearchAction","target":{"@type":"EntryPoint","urlTemplate":"https:\/\/tys.fi\/?s={search_term_string}"},"query-input":{"@type":"PropertyValueSpecification","valueRequired":true,"valueName":"search_term_string"}}],"inLanguage":"sv-SE"},{"@type":"Organization","@id":"https:\/\/tys.fi\/#organization","name":"TYS","url":"https:\/\/tys.fi\/","logo":{"@type":"ImageObject","inLanguage":"sv-SE","@id":"https:\/\/tys.fi\/#\/schema\/logo\/image\/","url":"https:\/\/tys.fi\/wp-content\/uploads\/2019\/03\/TYS-Logo_Green_500px.png","contentUrl":"https:\/\/tys.fi\/wp-content\/uploads\/2019\/03\/TYS-Logo_Green_500px.png","width":500,"height":232,"caption":"TYS"},"image":{"@id":"https:\/\/tys.fi\/#\/schema\/logo\/image\/"},"sameAs":["https:\/\/www.facebook.com\/tysturku\/","https:\/\/x.com\/tysturku","https:\/\/www.instagram.com\/tysturku\/","https:\/\/www.linkedin.com\/company\/tysturku\/","https:\/\/www.youtube.com\/channel\/UCjKOs8BOiY0SORCB0WWixlw?view_as=subscriber","https:\/\/fi.wikipedia.org\/wiki\/Turun_ylioppilaskyl\u00e4s\u00e4\u00e4ti\u00f6"]},{"@type":"Person","@id":"https:\/\/tys.fi\/#\/schema\/person\/c1f87ee6d97815ab24d89b5ad67f8718","name":"Marja Aapalahti","url":"https:\/\/tys.fi\/sv\/author\/marja"}]}},"_links":{"self":[{"href":"https:\/\/tys.fi\/sv\/wp-json\/wp\/v2\/posts\/29825","targetHints":{"allow":["GET"]}}],"collection":[{"href":"https:\/\/tys.fi\/sv\/wp-json\/wp\/v2\/posts"}],"about":[{"href":"https:\/\/tys.fi\/sv\/wp-json\/wp\/v2\/types\/post"}],"author":[{"embeddable":true,"href":"https:\/\/tys.fi\/sv\/wp-json\/wp\/v2\/users\/2"}],"replies":[{"embeddable":true,"href":"https:\/\/tys.fi\/sv\/wp-json\/wp\/v2\/comments?post=29825"}],"version-history":[{"count":3,"href":"https:\/\/tys.fi\/sv\/wp-json\/wp\/v2\/posts\/29825\/revisions"}],"predecessor-version":[{"id":29833,"href":"https:\/\/tys.fi\/sv\/wp-json\/wp\/v2\/posts\/29825\/revisions\/29833"}],"wp:featuredmedia":[{"embeddable":true,"href":"https:\/\/tys.fi\/sv\/wp-json\/wp\/v2\/media\/27681"}],"wp:attachment":[{"href":"https:\/\/tys.fi\/sv\/wp-json\/wp\/v2\/media?parent=29825"}],"wp:term":[{"taxonomy":"category","embeddable":true,"href":"https:\/\/tys.fi\/sv\/wp-json\/wp\/v2\/categories?post=29825"},{"taxonomy":"post_tag","embeddable":true,"href":"https:\/\/tys.fi\/sv\/wp-json\/wp\/v2\/tags?post=29825"}],"curies":[{"name":"wp","href":"https:\/\/api.w.org\/{rel}","templated":true}]}}