{"id":29044,"date":"2025-02-03T09:00:04","date_gmt":"2025-02-03T07:00:04","guid":{"rendered":"https:\/\/tys.fi\/tys-fastighets-service-ingenjor-matias-salo-ar-en-klimatforandrare"},"modified":"2025-02-03T15:44:12","modified_gmt":"2025-02-03T13:44:12","slug":"tys-fastighets-service-ingenjor-matias-salo-ar-en-klimatforandrare","status":"publish","type":"post","link":"https:\/\/tys.fi\/sv\/tys-fastighets-service-ingenjor-matias-salo-ar-en-klimatforandrare","title":{"rendered":"TYS fastighets service ingenj\u00f6r Matias Salo \u00e4r en Klimatf\u00f6r\u00e4ndrare"},"content":{"rendered":"<p><strong><img loading=\"lazy\" decoding=\"async\" class=\"aligncenter wp-image-29039 size-large\" src=\"https:\/\/tys.fi\/wp-content\/uploads\/2025\/01\/Matias-1024x576.png\" alt=\"\" width=\"1024\" height=\"576\" srcset=\"https:\/\/tys.fi\/wp-content\/uploads\/2025\/01\/Matias-1024x576.png 1024w, https:\/\/tys.fi\/wp-content\/uploads\/2025\/01\/Matias-300x169.png 300w, https:\/\/tys.fi\/wp-content\/uploads\/2025\/01\/Matias-768x432.png 768w, https:\/\/tys.fi\/wp-content\/uploads\/2025\/01\/Matias-1536x864.png 1536w, https:\/\/tys.fi\/wp-content\/uploads\/2025\/01\/Matias.png 1920w\" sizes=\"auto, (max-width: 1024px) 100vw, 1024px\" \/><\/strong><\/p>\n<p><strong>\u00c5bo stads Klimatf\u00f6r\u00e4ndrare-kampanj lyfter fram \u00e5bobor som arbetar med klimatfr\u00e5gor i vardagen. Klimatf\u00f6r\u00e4ndrarna arbetar i f\u00f6retag och organisationer som har \u00e5tagit sig att hj\u00e4lpa staden att uppn\u00e5 koldioxidneutralitet senast \u00e5r 2029. TYS Klimatf\u00f6r\u00e4ndrare \u00e4r fastighets service ingenj\u00f6r Matias Salo. <\/strong><\/p>\n<p>Fastighets service ingenj\u00f6r Matias Salo utvecklar byggnadstekniken och olika energil\u00f6sningar f\u00f6r TYS studentbost\u00e4der. TYS m\u00e5l \u00e4r att vara koldioxidneutralt senast \u00e5r 2029 och att mildra klimatf\u00f6r\u00e4ndringen \u00e4r ett av stiftelsens viktigaste h\u00e5llbarhetsm\u00e5l. En stor del av koldioxidavtrycken fr\u00e5n stiftelsens fastigheter utg\u00f6rs av energif\u00f6rbrukning och avfallshantering. TYS str\u00e4var efter att minska koldioxidavtrycket bland annat genom att \u00f6ka anv\u00e4ndningen av f\u00f6rnybar energi.<\/p>\n<p>&#8221;H\u00e5llbart och energieffektivt boende inneb\u00e4r bekv\u00e4mt boende. Tanken \u00e4r inte att f\u00f6rs\u00e4mra boendekomforten, utan tv\u00e4rtom. M\u00e5let \u00e4r att utveckla l\u00f6sningar som minskar byggnadernas energif\u00f6rbrukning. Resultatet blir bost\u00e4der med \u00e4nnu h\u00f6gre trivselfaktor&#8221;, f\u00f6rklarar Matias.<\/p>\n<p>Matias ber\u00e4ttar att han alltid har varit intresserad av att utveckla olika tekniska l\u00f6sningar. TYS investerar kontinuerligt i utrustning och l\u00f6sningar som f\u00f6rb\u00e4ttrar energieffektiviteten. TYS har till exempel installerat solpaneler, olika system f\u00f6r energilagring och -optimering samt v\u00e4rmepumpar i sina bostadsobjekt.<\/p>\n<p>&#8221;TYS har med energieffektiva l\u00f6sningar kunnat minska boendets koldioxidavtryck och producera energi som anv\u00e4nds av slutanv\u00e4ndarna, det vill s\u00e4ga sina hyresg\u00e4ster. Ett bra exempel p\u00e5 detta \u00e4r de solpaneler som har installerats i TYS bostadsobjekt. \u00c5r 2023 fanns det sammanlagt 1222 paneler som producerade hela 321 MWh el, vilket motsvarar \u00e5rsbehovet f\u00f6r cirka 16 eluppv\u00e4rmda enfamiljshus. F\u00f6r n\u00e4rvarande har TYS redan 1670 solpaneler i fyra bostadsobjekt&#8221;, f\u00f6rklarar Matias.<\/p>\n<p>Hyresg\u00e4sterna uppmuntras och f\u00e5r \u00e4ven v\u00e4gledning om hur de kan minska koldioxidavtrycket fr\u00e5n sitt boende genom sm\u00e5 val i vardagen. TYS ger till exempel aktivt sina hyresg\u00e4ster tips om hur de kan spara n\u00e4r det g\u00e4ller vatten och el.<\/p>\n<p>&#8221;Det \u00e4r intressant och givande att se hur boendet har blivit mer energieffektivt tack vare l\u00f6sningarna och samarbetet med hyresg\u00e4sterna. \u00c5bos koldioxidneutrala framtid \u00e4r n\u00e5got som ang\u00e5r oss alla. Vi kan alla bidra till att m\u00e5let uppn\u00e5s genom v\u00e5ra egna handlingar, till exempel genom att minska vattenf\u00f6rbrukningen, f\u00f6rb\u00e4ttra sorteringen och gynna loppmarknader&#8221;, beskriver Matias.<\/p>\n<p>&nbsp;<\/p>\n<p><strong>Klimatf\u00f6r\u00e4ndrare-kampanjen<\/strong><\/p>\n<p>Klimatf\u00f6r\u00e4ndrare-kampanjen syftar till att lyfta fram det vardagliga klimatarbetet som g\u00f6rs i f\u00f6retag och organisationer i \u00c5boomr\u00e5det. Klimatf\u00f6r\u00e4ndrarna \u00e4r personer som arbetar i f\u00f6retag och organisationer som har \u00e5tagit sig ambiti\u00f6sa klimatm\u00e5l.<\/p>\n<p>Klimatf\u00f6r\u00e4ndrarnas arbetsgivare, inklusive TYS, har ing\u00e5tt ett \u00e5tagande f\u00f6r klimatstadskontrakt med \u00c5bo stad. De str\u00e4var efter att minska sina utsl\u00e4pp p\u00e5 m\u00e5nga s\u00e4tt, bland annat inom byggnation, energianv\u00e4ndning och trafik. Samtidigt hj\u00e4lper de \u00c5bo att uppn\u00e5 stadens eget m\u00e5l vad g\u00e4ller koldioxidneutralitet. \u00c5bo planerar att vara koldioxidneutralt senast \u00e5r 2029, d\u00e5 staden fyller 800 \u00e5r.<\/p>\n<p>Skalan av Klimatf\u00f6r\u00e4ndrare str\u00e4cker sig fr\u00e5n f\u00f6rs\u00e4ljnings- och marknadschefer f\u00f6r musikfestivaler till fastighetsingenj\u00f6rer, och fr\u00e5n byggprojektchefer till universitetens prorektorer.<\/p>\n<p>I februari kan man st\u00f6ta p\u00e5 Klimatf\u00f6r\u00e4ndrare b\u00e5de i \u00c5bos stadsmilj\u00f6 och p\u00e5 sociala medier. Du kan bekanta dig med alla Klimatf\u00f6r\u00e4ndrare p\u00e5 \u00c5bo stads webbplats p\u00e5 adressen: <a href=\"http:\/\/www.turku.fi\/ilmastonmuuttajat\">www.turku.fi\/ilmastonmuuttajat<\/a><\/p>\n","protected":false},"excerpt":{"rendered":"<p>\u00c5bo stads Klimatf\u00f6r\u00e4ndrare-kampanj lyfter fram \u00e5bobor som arbetar med klimatfr\u00e5gor i vardagen. Klimatf\u00f6r\u00e4ndrarna arbetar i&#8230;<\/p>\n","protected":false},"author":2,"featured_media":29037,"comment_status":"closed","ping_status":"open","sticky":false,"template":"","format":"standard","meta":{"footnotes":""},"categories":[38],"tags":[],"class_list":{"0":"post-29044","1":"post","2":"type-post","3":"status-publish","4":"format-standard","5":"has-post-thumbnail","7":"category-nyheter-sv"},"yoast_head":"<!-- This site is optimized with the Yoast SEO plugin v27.5 - https:\/\/yoast.com\/product\/yoast-seo-wordpress\/ -->\n<title>TYS fastighets service ingenj\u00f6r Matias Salo \u00e4r en Klimatf\u00f6r\u00e4ndrare | TYS | Turun Ylioppilaskyl\u00e4s\u00e4\u00e4ti\u00f6<\/title>\n<meta name=\"robots\" content=\"index, follow, max-snippet:-1, max-image-preview:large, max-video-preview:-1\" \/>\n<link rel=\"canonical\" href=\"https:\/\/tys.fi\/sv\/tys-fastighets-service-ingenjor-matias-salo-ar-en-klimatforandrare\" \/>\n<meta property=\"og:locale\" content=\"sv_SE\" \/>\n<meta property=\"og:type\" content=\"article\" \/>\n<meta property=\"og:title\" content=\"TYS fastighets service ingenj\u00f6r Matias Salo \u00e4r en Klimatf\u00f6r\u00e4ndrare | TYS | Turun Ylioppilaskyl\u00e4s\u00e4\u00e4ti\u00f6\" \/>\n<meta property=\"og:description\" content=\"\u00c5bo stads Klimatf\u00f6r\u00e4ndrare-kampanj lyfter fram \u00e5bobor som arbetar med klimatfr\u00e5gor i vardagen. Klimatf\u00f6r\u00e4ndrarna arbetar i...\" \/>\n<meta property=\"og:url\" content=\"https:\/\/tys.fi\/sv\/tys-fastighets-service-ingenjor-matias-salo-ar-en-klimatforandrare\" \/>\n<meta property=\"og:site_name\" content=\"Turun Ylioppilaskyl&auml;s&auml;&auml;ti&ouml;\" \/>\n<meta property=\"article:publisher\" content=\"https:\/\/www.facebook.com\/tysturku\/\" \/>\n<meta property=\"article:published_time\" content=\"2025-02-03T07:00:04+00:00\" \/>\n<meta property=\"article:modified_time\" content=\"2025-02-03T13:44:12+00:00\" \/>\n<meta property=\"og:image\" content=\"https:\/\/tys.fi\/wp-content\/uploads\/2025\/01\/Matias-1024x576.png\" \/>\n\t<meta property=\"og:image:width\" content=\"1024\" \/>\n\t<meta property=\"og:image:height\" content=\"576\" \/>\n\t<meta property=\"og:image:type\" content=\"image\/png\" \/>\n<meta name=\"author\" content=\"Marja Aapalahti\" \/>\n<meta name=\"twitter:card\" content=\"summary_large_image\" \/>\n<meta name=\"twitter:creator\" content=\"@tysturku\" \/>\n<meta name=\"twitter:site\" content=\"@tysturku\" \/>\n<meta name=\"twitter:label1\" content=\"Skriven av\" \/>\n\t<meta name=\"twitter:data1\" content=\"Marja Aapalahti\" \/>\n\t<meta name=\"twitter:label2\" content=\"Ber\u00e4knad l\u00e4stid\" \/>\n\t<meta name=\"twitter:data2\" content=\"4 minuter\" \/>\n<script type=\"application\/ld+json\" class=\"yoast-schema-graph\">{\"@context\":\"https:\\\/\\\/schema.org\",\"@graph\":[{\"@type\":\"Article\",\"@id\":\"https:\\\/\\\/tys.fi\\\/sv\\\/tys-fastighets-service-ingenjor-matias-salo-ar-en-klimatforandrare#article\",\"isPartOf\":{\"@id\":\"https:\\\/\\\/tys.fi\\\/sv\\\/tys-fastighets-service-ingenjor-matias-salo-ar-en-klimatforandrare\"},\"author\":{\"name\":\"Marja Aapalahti\",\"@id\":\"https:\\\/\\\/tys.fi\\\/#\\\/schema\\\/person\\\/c1f87ee6d97815ab24d89b5ad67f8718\"},\"headline\":\"TYS fastighets service ingenj\u00f6r Matias Salo \u00e4r en Klimatf\u00f6r\u00e4ndrare\",\"datePublished\":\"2025-02-03T07:00:04+00:00\",\"dateModified\":\"2025-02-03T13:44:12+00:00\",\"mainEntityOfPage\":{\"@id\":\"https:\\\/\\\/tys.fi\\\/sv\\\/tys-fastighets-service-ingenjor-matias-salo-ar-en-klimatforandrare\"},\"wordCount\":587,\"publisher\":{\"@id\":\"https:\\\/\\\/tys.fi\\\/#organization\"},\"image\":{\"@id\":\"https:\\\/\\\/tys.fi\\\/sv\\\/tys-fastighets-service-ingenjor-matias-salo-ar-en-klimatforandrare#primaryimage\"},\"thumbnailUrl\":\"https:\\\/\\\/tys.fi\\\/wp-content\\\/uploads\\\/2025\\\/01\\\/Matias.png\",\"articleSection\":[\"Nyheter\"],\"inLanguage\":\"sv-SE\"},{\"@type\":\"WebPage\",\"@id\":\"https:\\\/\\\/tys.fi\\\/sv\\\/tys-fastighets-service-ingenjor-matias-salo-ar-en-klimatforandrare\",\"url\":\"https:\\\/\\\/tys.fi\\\/sv\\\/tys-fastighets-service-ingenjor-matias-salo-ar-en-klimatforandrare\",\"name\":\"TYS fastighets service ingenj\u00f6r Matias Salo \u00e4r en Klimatf\u00f6r\u00e4ndrare | TYS | Turun Ylioppilaskyl\u00e4s\u00e4\u00e4ti\u00f6\",\"isPartOf\":{\"@id\":\"https:\\\/\\\/tys.fi\\\/#website\"},\"primaryImageOfPage\":{\"@id\":\"https:\\\/\\\/tys.fi\\\/sv\\\/tys-fastighets-service-ingenjor-matias-salo-ar-en-klimatforandrare#primaryimage\"},\"image\":{\"@id\":\"https:\\\/\\\/tys.fi\\\/sv\\\/tys-fastighets-service-ingenjor-matias-salo-ar-en-klimatforandrare#primaryimage\"},\"thumbnailUrl\":\"https:\\\/\\\/tys.fi\\\/wp-content\\\/uploads\\\/2025\\\/01\\\/Matias.png\",\"datePublished\":\"2025-02-03T07:00:04+00:00\",\"dateModified\":\"2025-02-03T13:44:12+00:00\",\"breadcrumb\":{\"@id\":\"https:\\\/\\\/tys.fi\\\/sv\\\/tys-fastighets-service-ingenjor-matias-salo-ar-en-klimatforandrare#breadcrumb\"},\"inLanguage\":\"sv-SE\",\"potentialAction\":[{\"@type\":\"ReadAction\",\"target\":[\"https:\\\/\\\/tys.fi\\\/sv\\\/tys-fastighets-service-ingenjor-matias-salo-ar-en-klimatforandrare\"]}]},{\"@type\":\"ImageObject\",\"inLanguage\":\"sv-SE\",\"@id\":\"https:\\\/\\\/tys.fi\\\/sv\\\/tys-fastighets-service-ingenjor-matias-salo-ar-en-klimatforandrare#primaryimage\",\"url\":\"https:\\\/\\\/tys.fi\\\/wp-content\\\/uploads\\\/2025\\\/01\\\/Matias.png\",\"contentUrl\":\"https:\\\/\\\/tys.fi\\\/wp-content\\\/uploads\\\/2025\\\/01\\\/Matias.png\",\"width\":1920,\"height\":1080},{\"@type\":\"BreadcrumbList\",\"@id\":\"https:\\\/\\\/tys.fi\\\/sv\\\/tys-fastighets-service-ingenjor-matias-salo-ar-en-klimatforandrare#breadcrumb\",\"itemListElement\":[{\"@type\":\"ListItem\",\"position\":1,\"name\":\"Home\",\"item\":\"https:\\\/\\\/tys.fi\\\/sv\"},{\"@type\":\"ListItem\",\"position\":2,\"name\":\"TYS fastighets service ingenj\u00f6r Matias Salo \u00e4r en Klimatf\u00f6r\u00e4ndrare\"}]},{\"@type\":\"WebSite\",\"@id\":\"https:\\\/\\\/tys.fi\\\/#website\",\"url\":\"https:\\\/\\\/tys.fi\\\/\",\"name\":\"Turun Ylioppilaskyl\u00e4s\u00e4\u00e4ti\u00f6\",\"description\":\"Vuokra-asunnot Turku\",\"publisher\":{\"@id\":\"https:\\\/\\\/tys.fi\\\/#organization\"},\"potentialAction\":[{\"@type\":\"SearchAction\",\"target\":{\"@type\":\"EntryPoint\",\"urlTemplate\":\"https:\\\/\\\/tys.fi\\\/?s={search_term_string}\"},\"query-input\":{\"@type\":\"PropertyValueSpecification\",\"valueRequired\":true,\"valueName\":\"search_term_string\"}}],\"inLanguage\":\"sv-SE\"},{\"@type\":\"Organization\",\"@id\":\"https:\\\/\\\/tys.fi\\\/#organization\",\"name\":\"TYS\",\"url\":\"https:\\\/\\\/tys.fi\\\/\",\"logo\":{\"@type\":\"ImageObject\",\"inLanguage\":\"sv-SE\",\"@id\":\"https:\\\/\\\/tys.fi\\\/#\\\/schema\\\/logo\\\/image\\\/\",\"url\":\"https:\\\/\\\/tys.fi\\\/wp-content\\\/uploads\\\/2019\\\/03\\\/TYS-Logo_Green_500px.png\",\"contentUrl\":\"https:\\\/\\\/tys.fi\\\/wp-content\\\/uploads\\\/2019\\\/03\\\/TYS-Logo_Green_500px.png\",\"width\":500,\"height\":232,\"caption\":\"TYS\"},\"image\":{\"@id\":\"https:\\\/\\\/tys.fi\\\/#\\\/schema\\\/logo\\\/image\\\/\"},\"sameAs\":[\"https:\\\/\\\/www.facebook.com\\\/tysturku\\\/\",\"https:\\\/\\\/x.com\\\/tysturku\",\"https:\\\/\\\/www.instagram.com\\\/tysturku\\\/\",\"https:\\\/\\\/www.linkedin.com\\\/company\\\/tysturku\\\/\",\"https:\\\/\\\/www.youtube.com\\\/channel\\\/UCjKOs8BOiY0SORCB0WWixlw?view_as=subscriber\",\"https:\\\/\\\/fi.wikipedia.org\\\/wiki\\\/Turun_ylioppilaskyl\u00e4s\u00e4\u00e4ti\u00f6\"]},{\"@type\":\"Person\",\"@id\":\"https:\\\/\\\/tys.fi\\\/#\\\/schema\\\/person\\\/c1f87ee6d97815ab24d89b5ad67f8718\",\"name\":\"Marja Aapalahti\",\"url\":\"https:\\\/\\\/tys.fi\\\/sv\\\/author\\\/marja\"}]}<\/script>\n<!-- \/ Yoast SEO plugin. -->","yoast_head_json":{"title":"TYS fastighets service ingenj\u00f6r Matias Salo \u00e4r en Klimatf\u00f6r\u00e4ndrare | TYS | Turun Ylioppilaskyl\u00e4s\u00e4\u00e4ti\u00f6","robots":{"index":"index","follow":"follow","max-snippet":"max-snippet:-1","max-image-preview":"max-image-preview:large","max-video-preview":"max-video-preview:-1"},"canonical":"https:\/\/tys.fi\/sv\/tys-fastighets-service-ingenjor-matias-salo-ar-en-klimatforandrare","og_locale":"sv_SE","og_type":"article","og_title":"TYS fastighets service ingenj\u00f6r Matias Salo \u00e4r en Klimatf\u00f6r\u00e4ndrare | TYS | Turun Ylioppilaskyl\u00e4s\u00e4\u00e4ti\u00f6","og_description":"\u00c5bo stads Klimatf\u00f6r\u00e4ndrare-kampanj lyfter fram \u00e5bobor som arbetar med klimatfr\u00e5gor i vardagen. Klimatf\u00f6r\u00e4ndrarna arbetar i...","og_url":"https:\/\/tys.fi\/sv\/tys-fastighets-service-ingenjor-matias-salo-ar-en-klimatforandrare","og_site_name":"Turun Ylioppilaskyl&auml;s&auml;&auml;ti&ouml;","article_publisher":"https:\/\/www.facebook.com\/tysturku\/","article_published_time":"2025-02-03T07:00:04+00:00","article_modified_time":"2025-02-03T13:44:12+00:00","og_image":[{"width":1024,"height":576,"url":"https:\/\/tys.fi\/wp-content\/uploads\/2025\/01\/Matias-1024x576.png","type":"image\/png"}],"author":"Marja Aapalahti","twitter_card":"summary_large_image","twitter_creator":"@tysturku","twitter_site":"@tysturku","twitter_misc":{"Skriven av":"Marja Aapalahti","Ber\u00e4knad l\u00e4stid":"4 minuter"},"schema":{"@context":"https:\/\/schema.org","@graph":[{"@type":"Article","@id":"https:\/\/tys.fi\/sv\/tys-fastighets-service-ingenjor-matias-salo-ar-en-klimatforandrare#article","isPartOf":{"@id":"https:\/\/tys.fi\/sv\/tys-fastighets-service-ingenjor-matias-salo-ar-en-klimatforandrare"},"author":{"name":"Marja Aapalahti","@id":"https:\/\/tys.fi\/#\/schema\/person\/c1f87ee6d97815ab24d89b5ad67f8718"},"headline":"TYS fastighets service ingenj\u00f6r Matias Salo \u00e4r en Klimatf\u00f6r\u00e4ndrare","datePublished":"2025-02-03T07:00:04+00:00","dateModified":"2025-02-03T13:44:12+00:00","mainEntityOfPage":{"@id":"https:\/\/tys.fi\/sv\/tys-fastighets-service-ingenjor-matias-salo-ar-en-klimatforandrare"},"wordCount":587,"publisher":{"@id":"https:\/\/tys.fi\/#organization"},"image":{"@id":"https:\/\/tys.fi\/sv\/tys-fastighets-service-ingenjor-matias-salo-ar-en-klimatforandrare#primaryimage"},"thumbnailUrl":"https:\/\/tys.fi\/wp-content\/uploads\/2025\/01\/Matias.png","articleSection":["Nyheter"],"inLanguage":"sv-SE"},{"@type":"WebPage","@id":"https:\/\/tys.fi\/sv\/tys-fastighets-service-ingenjor-matias-salo-ar-en-klimatforandrare","url":"https:\/\/tys.fi\/sv\/tys-fastighets-service-ingenjor-matias-salo-ar-en-klimatforandrare","name":"TYS fastighets service ingenj\u00f6r Matias Salo \u00e4r en Klimatf\u00f6r\u00e4ndrare | TYS | Turun Ylioppilaskyl\u00e4s\u00e4\u00e4ti\u00f6","isPartOf":{"@id":"https:\/\/tys.fi\/#website"},"primaryImageOfPage":{"@id":"https:\/\/tys.fi\/sv\/tys-fastighets-service-ingenjor-matias-salo-ar-en-klimatforandrare#primaryimage"},"image":{"@id":"https:\/\/tys.fi\/sv\/tys-fastighets-service-ingenjor-matias-salo-ar-en-klimatforandrare#primaryimage"},"thumbnailUrl":"https:\/\/tys.fi\/wp-content\/uploads\/2025\/01\/Matias.png","datePublished":"2025-02-03T07:00:04+00:00","dateModified":"2025-02-03T13:44:12+00:00","breadcrumb":{"@id":"https:\/\/tys.fi\/sv\/tys-fastighets-service-ingenjor-matias-salo-ar-en-klimatforandrare#breadcrumb"},"inLanguage":"sv-SE","potentialAction":[{"@type":"ReadAction","target":["https:\/\/tys.fi\/sv\/tys-fastighets-service-ingenjor-matias-salo-ar-en-klimatforandrare"]}]},{"@type":"ImageObject","inLanguage":"sv-SE","@id":"https:\/\/tys.fi\/sv\/tys-fastighets-service-ingenjor-matias-salo-ar-en-klimatforandrare#primaryimage","url":"https:\/\/tys.fi\/wp-content\/uploads\/2025\/01\/Matias.png","contentUrl":"https:\/\/tys.fi\/wp-content\/uploads\/2025\/01\/Matias.png","width":1920,"height":1080},{"@type":"BreadcrumbList","@id":"https:\/\/tys.fi\/sv\/tys-fastighets-service-ingenjor-matias-salo-ar-en-klimatforandrare#breadcrumb","itemListElement":[{"@type":"ListItem","position":1,"name":"Home","item":"https:\/\/tys.fi\/sv"},{"@type":"ListItem","position":2,"name":"TYS fastighets service ingenj\u00f6r Matias Salo \u00e4r en Klimatf\u00f6r\u00e4ndrare"}]},{"@type":"WebSite","@id":"https:\/\/tys.fi\/#website","url":"https:\/\/tys.fi\/","name":"Turun Ylioppilaskyl\u00e4s\u00e4\u00e4ti\u00f6","description":"Vuokra-asunnot Turku","publisher":{"@id":"https:\/\/tys.fi\/#organization"},"potentialAction":[{"@type":"SearchAction","target":{"@type":"EntryPoint","urlTemplate":"https:\/\/tys.fi\/?s={search_term_string}"},"query-input":{"@type":"PropertyValueSpecification","valueRequired":true,"valueName":"search_term_string"}}],"inLanguage":"sv-SE"},{"@type":"Organization","@id":"https:\/\/tys.fi\/#organization","name":"TYS","url":"https:\/\/tys.fi\/","logo":{"@type":"ImageObject","inLanguage":"sv-SE","@id":"https:\/\/tys.fi\/#\/schema\/logo\/image\/","url":"https:\/\/tys.fi\/wp-content\/uploads\/2019\/03\/TYS-Logo_Green_500px.png","contentUrl":"https:\/\/tys.fi\/wp-content\/uploads\/2019\/03\/TYS-Logo_Green_500px.png","width":500,"height":232,"caption":"TYS"},"image":{"@id":"https:\/\/tys.fi\/#\/schema\/logo\/image\/"},"sameAs":["https:\/\/www.facebook.com\/tysturku\/","https:\/\/x.com\/tysturku","https:\/\/www.instagram.com\/tysturku\/","https:\/\/www.linkedin.com\/company\/tysturku\/","https:\/\/www.youtube.com\/channel\/UCjKOs8BOiY0SORCB0WWixlw?view_as=subscriber","https:\/\/fi.wikipedia.org\/wiki\/Turun_ylioppilaskyl\u00e4s\u00e4\u00e4ti\u00f6"]},{"@type":"Person","@id":"https:\/\/tys.fi\/#\/schema\/person\/c1f87ee6d97815ab24d89b5ad67f8718","name":"Marja Aapalahti","url":"https:\/\/tys.fi\/sv\/author\/marja"}]}},"_links":{"self":[{"href":"https:\/\/tys.fi\/sv\/wp-json\/wp\/v2\/posts\/29044","targetHints":{"allow":["GET"]}}],"collection":[{"href":"https:\/\/tys.fi\/sv\/wp-json\/wp\/v2\/posts"}],"about":[{"href":"https:\/\/tys.fi\/sv\/wp-json\/wp\/v2\/types\/post"}],"author":[{"embeddable":true,"href":"https:\/\/tys.fi\/sv\/wp-json\/wp\/v2\/users\/2"}],"replies":[{"embeddable":true,"href":"https:\/\/tys.fi\/sv\/wp-json\/wp\/v2\/comments?post=29044"}],"version-history":[{"count":2,"href":"https:\/\/tys.fi\/sv\/wp-json\/wp\/v2\/posts\/29044\/revisions"}],"predecessor-version":[{"id":29177,"href":"https:\/\/tys.fi\/sv\/wp-json\/wp\/v2\/posts\/29044\/revisions\/29177"}],"wp:featuredmedia":[{"embeddable":true,"href":"https:\/\/tys.fi\/sv\/wp-json\/wp\/v2\/media\/29037"}],"wp:attachment":[{"href":"https:\/\/tys.fi\/sv\/wp-json\/wp\/v2\/media?parent=29044"}],"wp:term":[{"taxonomy":"category","embeddable":true,"href":"https:\/\/tys.fi\/sv\/wp-json\/wp\/v2\/categories?post=29044"},{"taxonomy":"post_tag","embeddable":true,"href":"https:\/\/tys.fi\/sv\/wp-json\/wp\/v2\/tags?post=29044"}],"curies":[{"name":"wp","href":"https:\/\/api.w.org\/{rel}","templated":true}]}}