{"id":27631,"date":"2024-04-18T12:35:10","date_gmt":"2024-04-18T09:35:10","guid":{"rendered":"https:\/\/tys.fi\/?p=27631"},"modified":"2024-04-18T12:35:18","modified_gmt":"2024-04-18T09:35:18","slug":"vi-soker-finlands-basta-hyresgastkommitte","status":"publish","type":"post","link":"https:\/\/tys.fi\/sv\/vi-soker-finlands-basta-hyresgastkommitte","title":{"rendered":"Vi s\u00f6ker Finlands b\u00e4sta hyresg\u00e4stkommitt\u00e9!"},"content":{"rendered":"<p><img loading=\"lazy\" decoding=\"async\" class=\"alignnone size-full wp-image-27623\" src=\"https:\/\/tys.fi\/wp-content\/uploads\/2024\/04\/Artikkelikuva_spatk.jpg\" alt=\"Kisa on k\u00e4ynniss\u00e4! The competition is on!\" width=\"960\" height=\"540\" srcset=\"https:\/\/tys.fi\/wp-content\/uploads\/2024\/04\/Artikkelikuva_spatk.jpg 960w, https:\/\/tys.fi\/wp-content\/uploads\/2024\/04\/Artikkelikuva_spatk-300x169.jpg 300w, https:\/\/tys.fi\/wp-content\/uploads\/2024\/04\/Artikkelikuva_spatk-768x432.jpg 768w\" sizes=\"auto, (max-width: 960px) 100vw, 960px\" \/><\/p>\n<p>Nu s\u00f6ker vi Finlands b\u00e4sta hyresg\u00e4stkommitt\u00e9!<\/p>\n<p><span style=\"font-weight: 400;\">Har din bostadsobjekt en hyresg\u00e4stkommitt\u00e9 som f\u00f6rtj\u00e4nar ber\u00f6m? Har ni de b\u00e4sta h\u00e4ppeningarna, har ni \u00e5stadkommit n\u00e5got fint i bostadsobjekten, eller \u00e4r ni helt enkelt det b\u00e4sta g\u00e4nget? Nu kan ni skryta! Finlands b\u00e4sta hyresg\u00e4stkommitt\u00e9 v\u00e4ljs och vinnarna prisas med presentkort f\u00f6r upplevelser. Samla ihop er hyresg\u00e4stkommitt\u00e9 och delta i t\u00e4vlingen s\u00e5 h\u00e4r:<\/span><\/p>\n<ol>\n<li><span style=\"font-weight: 400;\">Fundera p\u00e5 exakt vad som g\u00f6r er inv\u00e5narkommitt\u00e9 till Finlands b\u00e4sta.<\/span><\/li>\n<li><span style=\"font-weight: 400;\">Sammanst\u00e4ll era resonemang i text och bilder, fotocollage eller en video<\/span><\/li>\n<li><span style=\"font-weight: 400;\">Delta i t\u00e4vlingen genom att skicka era svar senast 13.5. till johanna.viitanen@tys.fi<\/span><\/li>\n<\/ol>\n<p>Ni kan till exempel ber\u00e4tta om era arrangemang och aktiviteter, feedback ni har f\u00e5tt och generellt allt ni har gjort f\u00f6r er bostadsobjekt. Resultatet kan s\u00e5ledes vara som en annons f\u00f6r er hyresg\u00e4stkommitt\u00e9. Observera att det inskickade materialet kan delas p\u00e5 TYS:s kanaler (och nationellt om ni vinner t\u00e4vlingen).<\/p>\n<p><span style=\"font-weight: 400;\">Den b\u00e4sta hyresg\u00e4stkommitt\u00e9n i Finland avg\u00f6rs av en jury best\u00e5ende av representanter f\u00f6r SYL, SAMOK och SOA. Den b\u00e4sta hyresg\u00e4stkommitt\u00e9n kommer att utses och vinnaren publiceras senast den 17.5. Som bel\u00f6ning f\u00e5r varje medlem i Finlands b\u00e4sta hyresg\u00e4stkommitt\u00e9, f\u00f6rutom ber\u00f6mmelse och \u00e4ra, ett upplevelsepresentkort (v\u00e4rde 50 \u20ac). <\/span><\/p>\n<p><span style=\"font-weight: 400;\">Lycka till i t\u00e4vlingen!<\/span><\/p>\n","protected":false},"excerpt":{"rendered":"<p>Nu s\u00f6ker vi Finlands b\u00e4sta hyresg\u00e4stkommitt\u00e9! Har din bostadsobjekt en hyresg\u00e4stkommitt\u00e9 som f\u00f6rtj\u00e4nar ber\u00f6m? Har&#8230;<\/p>\n","protected":false},"author":2,"featured_media":27620,"comment_status":"closed","ping_status":"open","sticky":false,"template":"","format":"standard","meta":{"footnotes":""},"categories":[38],"tags":[],"class_list":{"0":"post-27631","1":"post","2":"type-post","3":"status-publish","4":"format-standard","5":"has-post-thumbnail","7":"category-nyheter-sv"},"yoast_head":"<!-- This site is optimized with the Yoast SEO plugin v27.5 - https:\/\/yoast.com\/product\/yoast-seo-wordpress\/ -->\n<title>Vi s\u00f6ker Finlands b\u00e4sta hyresg\u00e4stkommitt\u00e9! | TYS | Turun Ylioppilaskyl\u00e4s\u00e4\u00e4ti\u00f6<\/title>\n<meta name=\"robots\" content=\"index, follow, max-snippet:-1, max-image-preview:large, max-video-preview:-1\" \/>\n<link rel=\"canonical\" href=\"https:\/\/tys.fi\/sv\/vi-soker-finlands-basta-hyresgastkommitte\" \/>\n<meta property=\"og:locale\" content=\"sv_SE\" \/>\n<meta property=\"og:type\" content=\"article\" \/>\n<meta property=\"og:title\" content=\"Vi s\u00f6ker Finlands b\u00e4sta hyresg\u00e4stkommitt\u00e9! | TYS | Turun Ylioppilaskyl\u00e4s\u00e4\u00e4ti\u00f6\" \/>\n<meta property=\"og:description\" content=\"Nu s\u00f6ker vi Finlands b\u00e4sta hyresg\u00e4stkommitt\u00e9! Har din bostadsobjekt en hyresg\u00e4stkommitt\u00e9 som f\u00f6rtj\u00e4nar ber\u00f6m? Har...\" \/>\n<meta property=\"og:url\" content=\"https:\/\/tys.fi\/sv\/vi-soker-finlands-basta-hyresgastkommitte\" \/>\n<meta property=\"og:site_name\" content=\"Turun Ylioppilaskyl&auml;s&auml;&auml;ti&ouml;\" \/>\n<meta property=\"article:publisher\" content=\"https:\/\/www.facebook.com\/tysturku\/\" \/>\n<meta property=\"article:published_time\" content=\"2024-04-18T09:35:10+00:00\" \/>\n<meta property=\"article:modified_time\" content=\"2024-04-18T09:35:18+00:00\" \/>\n<meta property=\"og:image\" content=\"https:\/\/tys.fi\/wp-content\/uploads\/2024\/04\/Tyyssijan-piha.jpg\" \/>\n\t<meta property=\"og:image:width\" content=\"2048\" \/>\n\t<meta property=\"og:image:height\" content=\"1152\" \/>\n\t<meta property=\"og:image:type\" content=\"image\/jpeg\" \/>\n<meta name=\"author\" content=\"Marja Aapalahti\" \/>\n<meta name=\"twitter:card\" content=\"summary_large_image\" \/>\n<meta name=\"twitter:creator\" content=\"@tysturku\" \/>\n<meta name=\"twitter:site\" content=\"@tysturku\" \/>\n<meta name=\"twitter:label1\" content=\"Skriven av\" \/>\n\t<meta name=\"twitter:data1\" content=\"Marja Aapalahti\" \/>\n\t<meta name=\"twitter:label2\" content=\"Ber\u00e4knad l\u00e4stid\" \/>\n\t<meta name=\"twitter:data2\" content=\"2 minuter\" \/>\n<script type=\"application\/ld+json\" class=\"yoast-schema-graph\">{\"@context\":\"https:\\\/\\\/schema.org\",\"@graph\":[{\"@type\":\"Article\",\"@id\":\"https:\\\/\\\/tys.fi\\\/sv\\\/vi-soker-finlands-basta-hyresgastkommitte#article\",\"isPartOf\":{\"@id\":\"https:\\\/\\\/tys.fi\\\/sv\\\/vi-soker-finlands-basta-hyresgastkommitte\"},\"author\":{\"name\":\"Marja Aapalahti\",\"@id\":\"https:\\\/\\\/tys.fi\\\/#\\\/schema\\\/person\\\/c1f87ee6d97815ab24d89b5ad67f8718\"},\"headline\":\"Vi s\u00f6ker Finlands b\u00e4sta hyresg\u00e4stkommitt\u00e9!\",\"datePublished\":\"2024-04-18T09:35:10+00:00\",\"dateModified\":\"2024-04-18T09:35:18+00:00\",\"mainEntityOfPage\":{\"@id\":\"https:\\\/\\\/tys.fi\\\/sv\\\/vi-soker-finlands-basta-hyresgastkommitte\"},\"wordCount\":249,\"publisher\":{\"@id\":\"https:\\\/\\\/tys.fi\\\/#organization\"},\"image\":{\"@id\":\"https:\\\/\\\/tys.fi\\\/sv\\\/vi-soker-finlands-basta-hyresgastkommitte#primaryimage\"},\"thumbnailUrl\":\"https:\\\/\\\/tys.fi\\\/wp-content\\\/uploads\\\/2024\\\/04\\\/Tyyssijan-piha.jpg\",\"articleSection\":[\"Nyheter\"],\"inLanguage\":\"sv-SE\"},{\"@type\":\"WebPage\",\"@id\":\"https:\\\/\\\/tys.fi\\\/sv\\\/vi-soker-finlands-basta-hyresgastkommitte\",\"url\":\"https:\\\/\\\/tys.fi\\\/sv\\\/vi-soker-finlands-basta-hyresgastkommitte\",\"name\":\"Vi s\u00f6ker Finlands b\u00e4sta hyresg\u00e4stkommitt\u00e9! | TYS | Turun Ylioppilaskyl\u00e4s\u00e4\u00e4ti\u00f6\",\"isPartOf\":{\"@id\":\"https:\\\/\\\/tys.fi\\\/#website\"},\"primaryImageOfPage\":{\"@id\":\"https:\\\/\\\/tys.fi\\\/sv\\\/vi-soker-finlands-basta-hyresgastkommitte#primaryimage\"},\"image\":{\"@id\":\"https:\\\/\\\/tys.fi\\\/sv\\\/vi-soker-finlands-basta-hyresgastkommitte#primaryimage\"},\"thumbnailUrl\":\"https:\\\/\\\/tys.fi\\\/wp-content\\\/uploads\\\/2024\\\/04\\\/Tyyssijan-piha.jpg\",\"datePublished\":\"2024-04-18T09:35:10+00:00\",\"dateModified\":\"2024-04-18T09:35:18+00:00\",\"breadcrumb\":{\"@id\":\"https:\\\/\\\/tys.fi\\\/sv\\\/vi-soker-finlands-basta-hyresgastkommitte#breadcrumb\"},\"inLanguage\":\"sv-SE\",\"potentialAction\":[{\"@type\":\"ReadAction\",\"target\":[\"https:\\\/\\\/tys.fi\\\/sv\\\/vi-soker-finlands-basta-hyresgastkommitte\"]}]},{\"@type\":\"ImageObject\",\"inLanguage\":\"sv-SE\",\"@id\":\"https:\\\/\\\/tys.fi\\\/sv\\\/vi-soker-finlands-basta-hyresgastkommitte#primaryimage\",\"url\":\"https:\\\/\\\/tys.fi\\\/wp-content\\\/uploads\\\/2024\\\/04\\\/Tyyssijan-piha.jpg\",\"contentUrl\":\"https:\\\/\\\/tys.fi\\\/wp-content\\\/uploads\\\/2024\\\/04\\\/Tyyssijan-piha.jpg\",\"width\":2048,\"height\":1152},{\"@type\":\"BreadcrumbList\",\"@id\":\"https:\\\/\\\/tys.fi\\\/sv\\\/vi-soker-finlands-basta-hyresgastkommitte#breadcrumb\",\"itemListElement\":[{\"@type\":\"ListItem\",\"position\":1,\"name\":\"Home\",\"item\":\"https:\\\/\\\/tys.fi\\\/sv\"},{\"@type\":\"ListItem\",\"position\":2,\"name\":\"Vi s\u00f6ker Finlands b\u00e4sta hyresg\u00e4stkommitt\u00e9!\"}]},{\"@type\":\"WebSite\",\"@id\":\"https:\\\/\\\/tys.fi\\\/#website\",\"url\":\"https:\\\/\\\/tys.fi\\\/\",\"name\":\"Turun Ylioppilaskyl\u00e4s\u00e4\u00e4ti\u00f6\",\"description\":\"Vuokra-asunnot Turku\",\"publisher\":{\"@id\":\"https:\\\/\\\/tys.fi\\\/#organization\"},\"potentialAction\":[{\"@type\":\"SearchAction\",\"target\":{\"@type\":\"EntryPoint\",\"urlTemplate\":\"https:\\\/\\\/tys.fi\\\/?s={search_term_string}\"},\"query-input\":{\"@type\":\"PropertyValueSpecification\",\"valueRequired\":true,\"valueName\":\"search_term_string\"}}],\"inLanguage\":\"sv-SE\"},{\"@type\":\"Organization\",\"@id\":\"https:\\\/\\\/tys.fi\\\/#organization\",\"name\":\"TYS\",\"url\":\"https:\\\/\\\/tys.fi\\\/\",\"logo\":{\"@type\":\"ImageObject\",\"inLanguage\":\"sv-SE\",\"@id\":\"https:\\\/\\\/tys.fi\\\/#\\\/schema\\\/logo\\\/image\\\/\",\"url\":\"https:\\\/\\\/tys.fi\\\/wp-content\\\/uploads\\\/2019\\\/03\\\/TYS-Logo_Green_500px.png\",\"contentUrl\":\"https:\\\/\\\/tys.fi\\\/wp-content\\\/uploads\\\/2019\\\/03\\\/TYS-Logo_Green_500px.png\",\"width\":500,\"height\":232,\"caption\":\"TYS\"},\"image\":{\"@id\":\"https:\\\/\\\/tys.fi\\\/#\\\/schema\\\/logo\\\/image\\\/\"},\"sameAs\":[\"https:\\\/\\\/www.facebook.com\\\/tysturku\\\/\",\"https:\\\/\\\/x.com\\\/tysturku\",\"https:\\\/\\\/www.instagram.com\\\/tysturku\\\/\",\"https:\\\/\\\/www.linkedin.com\\\/company\\\/tysturku\\\/\",\"https:\\\/\\\/www.youtube.com\\\/channel\\\/UCjKOs8BOiY0SORCB0WWixlw?view_as=subscriber\",\"https:\\\/\\\/fi.wikipedia.org\\\/wiki\\\/Turun_ylioppilaskyl\u00e4s\u00e4\u00e4ti\u00f6\"]},{\"@type\":\"Person\",\"@id\":\"https:\\\/\\\/tys.fi\\\/#\\\/schema\\\/person\\\/c1f87ee6d97815ab24d89b5ad67f8718\",\"name\":\"Marja Aapalahti\",\"url\":\"https:\\\/\\\/tys.fi\\\/sv\\\/author\\\/marja\"}]}<\/script>\n<!-- \/ Yoast SEO plugin. -->","yoast_head_json":{"title":"Vi s\u00f6ker Finlands b\u00e4sta hyresg\u00e4stkommitt\u00e9! | TYS | Turun Ylioppilaskyl\u00e4s\u00e4\u00e4ti\u00f6","robots":{"index":"index","follow":"follow","max-snippet":"max-snippet:-1","max-image-preview":"max-image-preview:large","max-video-preview":"max-video-preview:-1"},"canonical":"https:\/\/tys.fi\/sv\/vi-soker-finlands-basta-hyresgastkommitte","og_locale":"sv_SE","og_type":"article","og_title":"Vi s\u00f6ker Finlands b\u00e4sta hyresg\u00e4stkommitt\u00e9! | TYS | Turun Ylioppilaskyl\u00e4s\u00e4\u00e4ti\u00f6","og_description":"Nu s\u00f6ker vi Finlands b\u00e4sta hyresg\u00e4stkommitt\u00e9! Har din bostadsobjekt en hyresg\u00e4stkommitt\u00e9 som f\u00f6rtj\u00e4nar ber\u00f6m? Har...","og_url":"https:\/\/tys.fi\/sv\/vi-soker-finlands-basta-hyresgastkommitte","og_site_name":"Turun Ylioppilaskyl&auml;s&auml;&auml;ti&ouml;","article_publisher":"https:\/\/www.facebook.com\/tysturku\/","article_published_time":"2024-04-18T09:35:10+00:00","article_modified_time":"2024-04-18T09:35:18+00:00","og_image":[{"width":2048,"height":1152,"url":"https:\/\/tys.fi\/wp-content\/uploads\/2024\/04\/Tyyssijan-piha.jpg","type":"image\/jpeg"}],"author":"Marja Aapalahti","twitter_card":"summary_large_image","twitter_creator":"@tysturku","twitter_site":"@tysturku","twitter_misc":{"Skriven av":"Marja Aapalahti","Ber\u00e4knad l\u00e4stid":"2 minuter"},"schema":{"@context":"https:\/\/schema.org","@graph":[{"@type":"Article","@id":"https:\/\/tys.fi\/sv\/vi-soker-finlands-basta-hyresgastkommitte#article","isPartOf":{"@id":"https:\/\/tys.fi\/sv\/vi-soker-finlands-basta-hyresgastkommitte"},"author":{"name":"Marja Aapalahti","@id":"https:\/\/tys.fi\/#\/schema\/person\/c1f87ee6d97815ab24d89b5ad67f8718"},"headline":"Vi s\u00f6ker Finlands b\u00e4sta hyresg\u00e4stkommitt\u00e9!","datePublished":"2024-04-18T09:35:10+00:00","dateModified":"2024-04-18T09:35:18+00:00","mainEntityOfPage":{"@id":"https:\/\/tys.fi\/sv\/vi-soker-finlands-basta-hyresgastkommitte"},"wordCount":249,"publisher":{"@id":"https:\/\/tys.fi\/#organization"},"image":{"@id":"https:\/\/tys.fi\/sv\/vi-soker-finlands-basta-hyresgastkommitte#primaryimage"},"thumbnailUrl":"https:\/\/tys.fi\/wp-content\/uploads\/2024\/04\/Tyyssijan-piha.jpg","articleSection":["Nyheter"],"inLanguage":"sv-SE"},{"@type":"WebPage","@id":"https:\/\/tys.fi\/sv\/vi-soker-finlands-basta-hyresgastkommitte","url":"https:\/\/tys.fi\/sv\/vi-soker-finlands-basta-hyresgastkommitte","name":"Vi s\u00f6ker Finlands b\u00e4sta hyresg\u00e4stkommitt\u00e9! | TYS | Turun Ylioppilaskyl\u00e4s\u00e4\u00e4ti\u00f6","isPartOf":{"@id":"https:\/\/tys.fi\/#website"},"primaryImageOfPage":{"@id":"https:\/\/tys.fi\/sv\/vi-soker-finlands-basta-hyresgastkommitte#primaryimage"},"image":{"@id":"https:\/\/tys.fi\/sv\/vi-soker-finlands-basta-hyresgastkommitte#primaryimage"},"thumbnailUrl":"https:\/\/tys.fi\/wp-content\/uploads\/2024\/04\/Tyyssijan-piha.jpg","datePublished":"2024-04-18T09:35:10+00:00","dateModified":"2024-04-18T09:35:18+00:00","breadcrumb":{"@id":"https:\/\/tys.fi\/sv\/vi-soker-finlands-basta-hyresgastkommitte#breadcrumb"},"inLanguage":"sv-SE","potentialAction":[{"@type":"ReadAction","target":["https:\/\/tys.fi\/sv\/vi-soker-finlands-basta-hyresgastkommitte"]}]},{"@type":"ImageObject","inLanguage":"sv-SE","@id":"https:\/\/tys.fi\/sv\/vi-soker-finlands-basta-hyresgastkommitte#primaryimage","url":"https:\/\/tys.fi\/wp-content\/uploads\/2024\/04\/Tyyssijan-piha.jpg","contentUrl":"https:\/\/tys.fi\/wp-content\/uploads\/2024\/04\/Tyyssijan-piha.jpg","width":2048,"height":1152},{"@type":"BreadcrumbList","@id":"https:\/\/tys.fi\/sv\/vi-soker-finlands-basta-hyresgastkommitte#breadcrumb","itemListElement":[{"@type":"ListItem","position":1,"name":"Home","item":"https:\/\/tys.fi\/sv"},{"@type":"ListItem","position":2,"name":"Vi s\u00f6ker Finlands b\u00e4sta hyresg\u00e4stkommitt\u00e9!"}]},{"@type":"WebSite","@id":"https:\/\/tys.fi\/#website","url":"https:\/\/tys.fi\/","name":"Turun Ylioppilaskyl\u00e4s\u00e4\u00e4ti\u00f6","description":"Vuokra-asunnot Turku","publisher":{"@id":"https:\/\/tys.fi\/#organization"},"potentialAction":[{"@type":"SearchAction","target":{"@type":"EntryPoint","urlTemplate":"https:\/\/tys.fi\/?s={search_term_string}"},"query-input":{"@type":"PropertyValueSpecification","valueRequired":true,"valueName":"search_term_string"}}],"inLanguage":"sv-SE"},{"@type":"Organization","@id":"https:\/\/tys.fi\/#organization","name":"TYS","url":"https:\/\/tys.fi\/","logo":{"@type":"ImageObject","inLanguage":"sv-SE","@id":"https:\/\/tys.fi\/#\/schema\/logo\/image\/","url":"https:\/\/tys.fi\/wp-content\/uploads\/2019\/03\/TYS-Logo_Green_500px.png","contentUrl":"https:\/\/tys.fi\/wp-content\/uploads\/2019\/03\/TYS-Logo_Green_500px.png","width":500,"height":232,"caption":"TYS"},"image":{"@id":"https:\/\/tys.fi\/#\/schema\/logo\/image\/"},"sameAs":["https:\/\/www.facebook.com\/tysturku\/","https:\/\/x.com\/tysturku","https:\/\/www.instagram.com\/tysturku\/","https:\/\/www.linkedin.com\/company\/tysturku\/","https:\/\/www.youtube.com\/channel\/UCjKOs8BOiY0SORCB0WWixlw?view_as=subscriber","https:\/\/fi.wikipedia.org\/wiki\/Turun_ylioppilaskyl\u00e4s\u00e4\u00e4ti\u00f6"]},{"@type":"Person","@id":"https:\/\/tys.fi\/#\/schema\/person\/c1f87ee6d97815ab24d89b5ad67f8718","name":"Marja Aapalahti","url":"https:\/\/tys.fi\/sv\/author\/marja"}]}},"_links":{"self":[{"href":"https:\/\/tys.fi\/sv\/wp-json\/wp\/v2\/posts\/27631","targetHints":{"allow":["GET"]}}],"collection":[{"href":"https:\/\/tys.fi\/sv\/wp-json\/wp\/v2\/posts"}],"about":[{"href":"https:\/\/tys.fi\/sv\/wp-json\/wp\/v2\/types\/post"}],"author":[{"embeddable":true,"href":"https:\/\/tys.fi\/sv\/wp-json\/wp\/v2\/users\/2"}],"replies":[{"embeddable":true,"href":"https:\/\/tys.fi\/sv\/wp-json\/wp\/v2\/comments?post=27631"}],"version-history":[{"count":2,"href":"https:\/\/tys.fi\/sv\/wp-json\/wp\/v2\/posts\/27631\/revisions"}],"predecessor-version":[{"id":27633,"href":"https:\/\/tys.fi\/sv\/wp-json\/wp\/v2\/posts\/27631\/revisions\/27633"}],"wp:featuredmedia":[{"embeddable":true,"href":"https:\/\/tys.fi\/sv\/wp-json\/wp\/v2\/media\/27620"}],"wp:attachment":[{"href":"https:\/\/tys.fi\/sv\/wp-json\/wp\/v2\/media?parent=27631"}],"wp:term":[{"taxonomy":"category","embeddable":true,"href":"https:\/\/tys.fi\/sv\/wp-json\/wp\/v2\/categories?post=27631"},{"taxonomy":"post_tag","embeddable":true,"href":"https:\/\/tys.fi\/sv\/wp-json\/wp\/v2\/tags?post=27631"}],"curies":[{"name":"wp","href":"https:\/\/api.w.org\/{rel}","templated":true}]}}