{"id":27603,"date":"2024-04-16T12:02:29","date_gmt":"2024-04-16T09:02:29","guid":{"rendered":"https:\/\/tys.fi\/?p=27603"},"modified":"2024-04-16T12:02:29","modified_gmt":"2024-04-16T09:02:29","slug":"har-ar-det-officiella-tys-halarmarket-for-2024","status":"publish","type":"post","link":"https:\/\/tys.fi\/sv\/har-ar-det-officiella-tys-halarmarket-for-2024","title":{"rendered":"H\u00e4r \u00e4r det officiella TYS halarm\u00e4rket f\u00f6r 2024!"},"content":{"rendered":"<p><img loading=\"lazy\" decoding=\"async\" class=\"alignnone wp-image-27596 size-large\" src=\"https:\/\/tys.fi\/wp-content\/uploads\/2024\/04\/Merkki-1920x1280-1-1024x683.jpg\" alt=\"\" width=\"1024\" height=\"683\" srcset=\"https:\/\/tys.fi\/wp-content\/uploads\/2024\/04\/Merkki-1920x1280-1-1024x683.jpg 1024w, https:\/\/tys.fi\/wp-content\/uploads\/2024\/04\/Merkki-1920x1280-1-300x200.jpg 300w, https:\/\/tys.fi\/wp-content\/uploads\/2024\/04\/Merkki-1920x1280-1-768x512.jpg 768w, https:\/\/tys.fi\/wp-content\/uploads\/2024\/04\/Merkki-1920x1280-1-1536x1024.jpg 1536w, https:\/\/tys.fi\/wp-content\/uploads\/2024\/04\/Merkki-1920x1280-1-900x600.jpg 900w, https:\/\/tys.fi\/wp-content\/uploads\/2024\/04\/Merkki-1920x1280-1.jpg 1920w\" sizes=\"auto, (max-width: 1024px) 100vw, 1024px\" \/><\/p>\n<p>H\u00e4r \u00e4r det officiella TYS halarm\u00e4rket f\u00f6r 2024! Det vinnande m\u00e4rket \u00e4r inspirerat av byggnaderna i Studentbyn V\u00e4st. Den vinnande designen charmade v\u00e5r bed\u00f6mningspanel med sin igenk\u00e4nnlighet och enkel men smart id\u00e9. Stort tack till alla deltagare i halarm\u00e4rkest\u00e4vlingen!<\/p>\n<p>M\u00e4rken finns tillg\u00e4ngliga p\u00e5 TYS bostadskontor fr\u00e5n och med idag, s\u00e5 du hinner h\u00e4mta ditt inf\u00f6r valborg!<\/p>\n<p>Psst! R\u00f6da Korset organiserar en sy- och hantverkskv\u00e4ll p\u00e5 TYS n&#8217; Chill den 24 april fr\u00e5n kl. 18.00 till 20.00. Kom med och sy p\u00e5 ditt nya TYS-halarm\u00e4rke i trevligt s\u00e4llskap!<\/p>\n","protected":false},"excerpt":{"rendered":"<p>H\u00e4r \u00e4r det officiella TYS halarm\u00e4rket f\u00f6r 2024! Det vinnande m\u00e4rket \u00e4r inspirerat av byggnaderna&#8230;<\/p>\n","protected":false},"author":2,"featured_media":27598,"comment_status":"closed","ping_status":"open","sticky":false,"template":"","format":"standard","meta":{"footnotes":""},"categories":[9,38],"tags":[],"class_list":{"0":"post-27603","1":"post","2":"type-post","3":"status-publish","4":"format-standard","5":"has-post-thumbnail","7":"category-blogg-sv","8":"category-nyheter-sv"},"yoast_head":"<!-- This site is optimized with the Yoast SEO plugin v27.5 - https:\/\/yoast.com\/product\/yoast-seo-wordpress\/ -->\n<title>H\u00e4r \u00e4r det officiella TYS halarm\u00e4rket f\u00f6r 2024! | TYS | Turun Ylioppilaskyl\u00e4s\u00e4\u00e4ti\u00f6<\/title>\n<meta name=\"robots\" content=\"index, follow, max-snippet:-1, max-image-preview:large, max-video-preview:-1\" \/>\n<link rel=\"canonical\" href=\"https:\/\/tys.fi\/sv\/har-ar-det-officiella-tys-halarmarket-for-2024\" \/>\n<meta property=\"og:locale\" content=\"sv_SE\" \/>\n<meta property=\"og:type\" content=\"article\" \/>\n<meta property=\"og:title\" content=\"H\u00e4r \u00e4r det officiella TYS halarm\u00e4rket f\u00f6r 2024! | TYS | Turun Ylioppilaskyl\u00e4s\u00e4\u00e4ti\u00f6\" \/>\n<meta property=\"og:description\" content=\"H\u00e4r \u00e4r det officiella TYS halarm\u00e4rket f\u00f6r 2024! Det vinnande m\u00e4rket \u00e4r inspirerat av byggnaderna...\" \/>\n<meta property=\"og:url\" content=\"https:\/\/tys.fi\/sv\/har-ar-det-officiella-tys-halarmarket-for-2024\" \/>\n<meta property=\"og:site_name\" content=\"Turun Ylioppilaskyl&auml;s&auml;&auml;ti&ouml;\" \/>\n<meta property=\"article:publisher\" content=\"https:\/\/www.facebook.com\/tysturku\/\" \/>\n<meta property=\"article:published_time\" content=\"2024-04-16T09:02:29+00:00\" \/>\n<meta property=\"og:image\" content=\"https:\/\/tys.fi\/wp-content\/uploads\/2024\/04\/Merkki-1920x1280-1.jpg\" \/>\n\t<meta property=\"og:image:width\" content=\"1920\" \/>\n\t<meta property=\"og:image:height\" content=\"1280\" \/>\n\t<meta property=\"og:image:type\" content=\"image\/jpeg\" \/>\n<meta name=\"author\" content=\"Marja Aapalahti\" \/>\n<meta name=\"twitter:card\" content=\"summary_large_image\" \/>\n<meta name=\"twitter:creator\" content=\"@tysturku\" \/>\n<meta name=\"twitter:site\" content=\"@tysturku\" \/>\n<meta name=\"twitter:label1\" content=\"Skriven av\" \/>\n\t<meta name=\"twitter:data1\" content=\"Marja Aapalahti\" \/>\n\t<meta name=\"twitter:label2\" content=\"Ber\u00e4knad l\u00e4stid\" \/>\n\t<meta name=\"twitter:data2\" content=\"1 minut\" \/>\n<script type=\"application\/ld+json\" class=\"yoast-schema-graph\">{\"@context\":\"https:\\\/\\\/schema.org\",\"@graph\":[{\"@type\":\"Article\",\"@id\":\"https:\\\/\\\/tys.fi\\\/sv\\\/har-ar-det-officiella-tys-halarmarket-for-2024#article\",\"isPartOf\":{\"@id\":\"https:\\\/\\\/tys.fi\\\/sv\\\/har-ar-det-officiella-tys-halarmarket-for-2024\"},\"author\":{\"name\":\"Marja Aapalahti\",\"@id\":\"https:\\\/\\\/tys.fi\\\/#\\\/schema\\\/person\\\/c1f87ee6d97815ab24d89b5ad67f8718\"},\"headline\":\"H\u00e4r \u00e4r det officiella TYS halarm\u00e4rket f\u00f6r 2024!\",\"datePublished\":\"2024-04-16T09:02:29+00:00\",\"mainEntityOfPage\":{\"@id\":\"https:\\\/\\\/tys.fi\\\/sv\\\/har-ar-det-officiella-tys-halarmarket-for-2024\"},\"wordCount\":113,\"publisher\":{\"@id\":\"https:\\\/\\\/tys.fi\\\/#organization\"},\"image\":{\"@id\":\"https:\\\/\\\/tys.fi\\\/sv\\\/har-ar-det-officiella-tys-halarmarket-for-2024#primaryimage\"},\"thumbnailUrl\":\"https:\\\/\\\/tys.fi\\\/wp-content\\\/uploads\\\/2024\\\/04\\\/Merkki-1920x1280-1.jpg\",\"articleSection\":[\"Blogg\",\"Nyheter\"],\"inLanguage\":\"sv-SE\"},{\"@type\":\"WebPage\",\"@id\":\"https:\\\/\\\/tys.fi\\\/sv\\\/har-ar-det-officiella-tys-halarmarket-for-2024\",\"url\":\"https:\\\/\\\/tys.fi\\\/sv\\\/har-ar-det-officiella-tys-halarmarket-for-2024\",\"name\":\"H\u00e4r \u00e4r det officiella TYS halarm\u00e4rket f\u00f6r 2024! | TYS | Turun Ylioppilaskyl\u00e4s\u00e4\u00e4ti\u00f6\",\"isPartOf\":{\"@id\":\"https:\\\/\\\/tys.fi\\\/#website\"},\"primaryImageOfPage\":{\"@id\":\"https:\\\/\\\/tys.fi\\\/sv\\\/har-ar-det-officiella-tys-halarmarket-for-2024#primaryimage\"},\"image\":{\"@id\":\"https:\\\/\\\/tys.fi\\\/sv\\\/har-ar-det-officiella-tys-halarmarket-for-2024#primaryimage\"},\"thumbnailUrl\":\"https:\\\/\\\/tys.fi\\\/wp-content\\\/uploads\\\/2024\\\/04\\\/Merkki-1920x1280-1.jpg\",\"datePublished\":\"2024-04-16T09:02:29+00:00\",\"breadcrumb\":{\"@id\":\"https:\\\/\\\/tys.fi\\\/sv\\\/har-ar-det-officiella-tys-halarmarket-for-2024#breadcrumb\"},\"inLanguage\":\"sv-SE\",\"potentialAction\":[{\"@type\":\"ReadAction\",\"target\":[\"https:\\\/\\\/tys.fi\\\/sv\\\/har-ar-det-officiella-tys-halarmarket-for-2024\"]}]},{\"@type\":\"ImageObject\",\"inLanguage\":\"sv-SE\",\"@id\":\"https:\\\/\\\/tys.fi\\\/sv\\\/har-ar-det-officiella-tys-halarmarket-for-2024#primaryimage\",\"url\":\"https:\\\/\\\/tys.fi\\\/wp-content\\\/uploads\\\/2024\\\/04\\\/Merkki-1920x1280-1.jpg\",\"contentUrl\":\"https:\\\/\\\/tys.fi\\\/wp-content\\\/uploads\\\/2024\\\/04\\\/Merkki-1920x1280-1.jpg\",\"width\":1920,\"height\":1280},{\"@type\":\"BreadcrumbList\",\"@id\":\"https:\\\/\\\/tys.fi\\\/sv\\\/har-ar-det-officiella-tys-halarmarket-for-2024#breadcrumb\",\"itemListElement\":[{\"@type\":\"ListItem\",\"position\":1,\"name\":\"Home\",\"item\":\"https:\\\/\\\/tys.fi\\\/sv\"},{\"@type\":\"ListItem\",\"position\":2,\"name\":\"H\u00e4r \u00e4r det officiella TYS halarm\u00e4rket f\u00f6r 2024!\"}]},{\"@type\":\"WebSite\",\"@id\":\"https:\\\/\\\/tys.fi\\\/#website\",\"url\":\"https:\\\/\\\/tys.fi\\\/\",\"name\":\"Turun Ylioppilaskyl\u00e4s\u00e4\u00e4ti\u00f6\",\"description\":\"Vuokra-asunnot Turku\",\"publisher\":{\"@id\":\"https:\\\/\\\/tys.fi\\\/#organization\"},\"potentialAction\":[{\"@type\":\"SearchAction\",\"target\":{\"@type\":\"EntryPoint\",\"urlTemplate\":\"https:\\\/\\\/tys.fi\\\/?s={search_term_string}\"},\"query-input\":{\"@type\":\"PropertyValueSpecification\",\"valueRequired\":true,\"valueName\":\"search_term_string\"}}],\"inLanguage\":\"sv-SE\"},{\"@type\":\"Organization\",\"@id\":\"https:\\\/\\\/tys.fi\\\/#organization\",\"name\":\"TYS\",\"url\":\"https:\\\/\\\/tys.fi\\\/\",\"logo\":{\"@type\":\"ImageObject\",\"inLanguage\":\"sv-SE\",\"@id\":\"https:\\\/\\\/tys.fi\\\/#\\\/schema\\\/logo\\\/image\\\/\",\"url\":\"https:\\\/\\\/tys.fi\\\/wp-content\\\/uploads\\\/2019\\\/03\\\/TYS-Logo_Green_500px.png\",\"contentUrl\":\"https:\\\/\\\/tys.fi\\\/wp-content\\\/uploads\\\/2019\\\/03\\\/TYS-Logo_Green_500px.png\",\"width\":500,\"height\":232,\"caption\":\"TYS\"},\"image\":{\"@id\":\"https:\\\/\\\/tys.fi\\\/#\\\/schema\\\/logo\\\/image\\\/\"},\"sameAs\":[\"https:\\\/\\\/www.facebook.com\\\/tysturku\\\/\",\"https:\\\/\\\/x.com\\\/tysturku\",\"https:\\\/\\\/www.instagram.com\\\/tysturku\\\/\",\"https:\\\/\\\/www.linkedin.com\\\/company\\\/tysturku\\\/\",\"https:\\\/\\\/www.youtube.com\\\/channel\\\/UCjKOs8BOiY0SORCB0WWixlw?view_as=subscriber\",\"https:\\\/\\\/fi.wikipedia.org\\\/wiki\\\/Turun_ylioppilaskyl\u00e4s\u00e4\u00e4ti\u00f6\"]},{\"@type\":\"Person\",\"@id\":\"https:\\\/\\\/tys.fi\\\/#\\\/schema\\\/person\\\/c1f87ee6d97815ab24d89b5ad67f8718\",\"name\":\"Marja Aapalahti\",\"url\":\"https:\\\/\\\/tys.fi\\\/sv\\\/author\\\/marja\"}]}<\/script>\n<!-- \/ Yoast SEO plugin. -->","yoast_head_json":{"title":"H\u00e4r \u00e4r det officiella TYS halarm\u00e4rket f\u00f6r 2024! | TYS | Turun Ylioppilaskyl\u00e4s\u00e4\u00e4ti\u00f6","robots":{"index":"index","follow":"follow","max-snippet":"max-snippet:-1","max-image-preview":"max-image-preview:large","max-video-preview":"max-video-preview:-1"},"canonical":"https:\/\/tys.fi\/sv\/har-ar-det-officiella-tys-halarmarket-for-2024","og_locale":"sv_SE","og_type":"article","og_title":"H\u00e4r \u00e4r det officiella TYS halarm\u00e4rket f\u00f6r 2024! | TYS | Turun Ylioppilaskyl\u00e4s\u00e4\u00e4ti\u00f6","og_description":"H\u00e4r \u00e4r det officiella TYS halarm\u00e4rket f\u00f6r 2024! Det vinnande m\u00e4rket \u00e4r inspirerat av byggnaderna...","og_url":"https:\/\/tys.fi\/sv\/har-ar-det-officiella-tys-halarmarket-for-2024","og_site_name":"Turun Ylioppilaskyl&auml;s&auml;&auml;ti&ouml;","article_publisher":"https:\/\/www.facebook.com\/tysturku\/","article_published_time":"2024-04-16T09:02:29+00:00","og_image":[{"width":1920,"height":1280,"url":"https:\/\/tys.fi\/wp-content\/uploads\/2024\/04\/Merkki-1920x1280-1.jpg","type":"image\/jpeg"}],"author":"Marja Aapalahti","twitter_card":"summary_large_image","twitter_creator":"@tysturku","twitter_site":"@tysturku","twitter_misc":{"Skriven av":"Marja Aapalahti","Ber\u00e4knad l\u00e4stid":"1 minut"},"schema":{"@context":"https:\/\/schema.org","@graph":[{"@type":"Article","@id":"https:\/\/tys.fi\/sv\/har-ar-det-officiella-tys-halarmarket-for-2024#article","isPartOf":{"@id":"https:\/\/tys.fi\/sv\/har-ar-det-officiella-tys-halarmarket-for-2024"},"author":{"name":"Marja Aapalahti","@id":"https:\/\/tys.fi\/#\/schema\/person\/c1f87ee6d97815ab24d89b5ad67f8718"},"headline":"H\u00e4r \u00e4r det officiella TYS halarm\u00e4rket f\u00f6r 2024!","datePublished":"2024-04-16T09:02:29+00:00","mainEntityOfPage":{"@id":"https:\/\/tys.fi\/sv\/har-ar-det-officiella-tys-halarmarket-for-2024"},"wordCount":113,"publisher":{"@id":"https:\/\/tys.fi\/#organization"},"image":{"@id":"https:\/\/tys.fi\/sv\/har-ar-det-officiella-tys-halarmarket-for-2024#primaryimage"},"thumbnailUrl":"https:\/\/tys.fi\/wp-content\/uploads\/2024\/04\/Merkki-1920x1280-1.jpg","articleSection":["Blogg","Nyheter"],"inLanguage":"sv-SE"},{"@type":"WebPage","@id":"https:\/\/tys.fi\/sv\/har-ar-det-officiella-tys-halarmarket-for-2024","url":"https:\/\/tys.fi\/sv\/har-ar-det-officiella-tys-halarmarket-for-2024","name":"H\u00e4r \u00e4r det officiella TYS halarm\u00e4rket f\u00f6r 2024! | TYS | Turun Ylioppilaskyl\u00e4s\u00e4\u00e4ti\u00f6","isPartOf":{"@id":"https:\/\/tys.fi\/#website"},"primaryImageOfPage":{"@id":"https:\/\/tys.fi\/sv\/har-ar-det-officiella-tys-halarmarket-for-2024#primaryimage"},"image":{"@id":"https:\/\/tys.fi\/sv\/har-ar-det-officiella-tys-halarmarket-for-2024#primaryimage"},"thumbnailUrl":"https:\/\/tys.fi\/wp-content\/uploads\/2024\/04\/Merkki-1920x1280-1.jpg","datePublished":"2024-04-16T09:02:29+00:00","breadcrumb":{"@id":"https:\/\/tys.fi\/sv\/har-ar-det-officiella-tys-halarmarket-for-2024#breadcrumb"},"inLanguage":"sv-SE","potentialAction":[{"@type":"ReadAction","target":["https:\/\/tys.fi\/sv\/har-ar-det-officiella-tys-halarmarket-for-2024"]}]},{"@type":"ImageObject","inLanguage":"sv-SE","@id":"https:\/\/tys.fi\/sv\/har-ar-det-officiella-tys-halarmarket-for-2024#primaryimage","url":"https:\/\/tys.fi\/wp-content\/uploads\/2024\/04\/Merkki-1920x1280-1.jpg","contentUrl":"https:\/\/tys.fi\/wp-content\/uploads\/2024\/04\/Merkki-1920x1280-1.jpg","width":1920,"height":1280},{"@type":"BreadcrumbList","@id":"https:\/\/tys.fi\/sv\/har-ar-det-officiella-tys-halarmarket-for-2024#breadcrumb","itemListElement":[{"@type":"ListItem","position":1,"name":"Home","item":"https:\/\/tys.fi\/sv"},{"@type":"ListItem","position":2,"name":"H\u00e4r \u00e4r det officiella TYS halarm\u00e4rket f\u00f6r 2024!"}]},{"@type":"WebSite","@id":"https:\/\/tys.fi\/#website","url":"https:\/\/tys.fi\/","name":"Turun Ylioppilaskyl\u00e4s\u00e4\u00e4ti\u00f6","description":"Vuokra-asunnot Turku","publisher":{"@id":"https:\/\/tys.fi\/#organization"},"potentialAction":[{"@type":"SearchAction","target":{"@type":"EntryPoint","urlTemplate":"https:\/\/tys.fi\/?s={search_term_string}"},"query-input":{"@type":"PropertyValueSpecification","valueRequired":true,"valueName":"search_term_string"}}],"inLanguage":"sv-SE"},{"@type":"Organization","@id":"https:\/\/tys.fi\/#organization","name":"TYS","url":"https:\/\/tys.fi\/","logo":{"@type":"ImageObject","inLanguage":"sv-SE","@id":"https:\/\/tys.fi\/#\/schema\/logo\/image\/","url":"https:\/\/tys.fi\/wp-content\/uploads\/2019\/03\/TYS-Logo_Green_500px.png","contentUrl":"https:\/\/tys.fi\/wp-content\/uploads\/2019\/03\/TYS-Logo_Green_500px.png","width":500,"height":232,"caption":"TYS"},"image":{"@id":"https:\/\/tys.fi\/#\/schema\/logo\/image\/"},"sameAs":["https:\/\/www.facebook.com\/tysturku\/","https:\/\/x.com\/tysturku","https:\/\/www.instagram.com\/tysturku\/","https:\/\/www.linkedin.com\/company\/tysturku\/","https:\/\/www.youtube.com\/channel\/UCjKOs8BOiY0SORCB0WWixlw?view_as=subscriber","https:\/\/fi.wikipedia.org\/wiki\/Turun_ylioppilaskyl\u00e4s\u00e4\u00e4ti\u00f6"]},{"@type":"Person","@id":"https:\/\/tys.fi\/#\/schema\/person\/c1f87ee6d97815ab24d89b5ad67f8718","name":"Marja Aapalahti","url":"https:\/\/tys.fi\/sv\/author\/marja"}]}},"_links":{"self":[{"href":"https:\/\/tys.fi\/sv\/wp-json\/wp\/v2\/posts\/27603","targetHints":{"allow":["GET"]}}],"collection":[{"href":"https:\/\/tys.fi\/sv\/wp-json\/wp\/v2\/posts"}],"about":[{"href":"https:\/\/tys.fi\/sv\/wp-json\/wp\/v2\/types\/post"}],"author":[{"embeddable":true,"href":"https:\/\/tys.fi\/sv\/wp-json\/wp\/v2\/users\/2"}],"replies":[{"embeddable":true,"href":"https:\/\/tys.fi\/sv\/wp-json\/wp\/v2\/comments?post=27603"}],"version-history":[{"count":1,"href":"https:\/\/tys.fi\/sv\/wp-json\/wp\/v2\/posts\/27603\/revisions"}],"predecessor-version":[{"id":27604,"href":"https:\/\/tys.fi\/sv\/wp-json\/wp\/v2\/posts\/27603\/revisions\/27604"}],"wp:featuredmedia":[{"embeddable":true,"href":"https:\/\/tys.fi\/sv\/wp-json\/wp\/v2\/media\/27598"}],"wp:attachment":[{"href":"https:\/\/tys.fi\/sv\/wp-json\/wp\/v2\/media?parent=27603"}],"wp:term":[{"taxonomy":"category","embeddable":true,"href":"https:\/\/tys.fi\/sv\/wp-json\/wp\/v2\/categories?post=27603"},{"taxonomy":"post_tag","embeddable":true,"href":"https:\/\/tys.fi\/sv\/wp-json\/wp\/v2\/tags?post=27603"}],"curies":[{"name":"wp","href":"https:\/\/api.w.org\/{rel}","templated":true}]}}