{"id":27578,"date":"2024-04-15T13:31:50","date_gmt":"2024-04-15T10:31:50","guid":{"rendered":"https:\/\/tys.fi\/?p=27578"},"modified":"2024-04-15T13:32:21","modified_gmt":"2024-04-15T10:32:21","slug":"studenternas-cykelmassa-ordnas-pa-tyyssijas-innegard-den-18-5","status":"publish","type":"post","link":"https:\/\/tys.fi\/sv\/studenternas-cykelmassa-ordnas-pa-tyyssijas-innegard-den-18-5","title":{"rendered":"Studenternas Cykelm\u00e4ssa ordnas p\u00e5 Tyyssijas inneg\u00e5rd den 18.5."},"content":{"rendered":"<p>Studenternas Cykelm\u00e4ssa ordnas f\u00f6r andra g\u00e5ngen l\u00f6rdagen den 18.5. kl. 12\u201316 p\u00e5 Tyyssijas innerg\u00e5rd, i hj\u00e4rtat av Studentbyn.<\/p>\n<p>Den f\u00f6rsta m\u00e4ssan var s\u00e5 lyckad att forts\u00e4ttning f\u00f6ljer. Du kan reparera och fixa din egen cykel i en rolig atmosf\u00e4r, antingen ensam eller tillsammans med v\u00e4nner. Experter fr\u00e5n Turun Py\u00f6r\u00e4paja finns p\u00e5 plats f\u00f6r att hj\u00e4lpa till, verktyg kan l\u00e5nas och det finns ocks\u00e5 ett litet urval av reservdelar till salu.<\/p>\n<p>Den h\u00e4r g\u00e5ngen kan du ocks\u00e5 k\u00f6pa prisv\u00e4rda och renoverade begagnade cyklar p\u00e5 m\u00e4ssan! Och om din gamla cykel \u00e4r helt oanv\u00e4ndbar kan du ocks\u00e5 ta med den till m\u00e4ssans metallinsamling.<\/p>\n<p>Du kan ocks\u00e5 f\u00f6r\u00e4ndra utseendet p\u00e5 din cykel med hj\u00e4lp av tillbeh\u00f6r donerade av Turun Ekotori \u2013 endast din egen fantasi och ditt mod s\u00e4tter gr\u00e4nser f\u00f6r ditt skapande. P\u00e5 den senaste m\u00e4ssan fick m\u00e5nga studenternas cyklar egna skyddshelgon skapade av fina \u00e5tervunna plastleksaker. Gl\u00e4djen hos barnfamiljerna icke att f\u00f6rgl\u00f6mma.<\/p>\n<p>Evenemanget m\u00f6jligg\u00f6rs av Study in Turku, Studentbystiftelsen i \u00c5bo (TYS) och Turun Py\u00f6r\u00e4paja. Som arrang\u00f6r fungerar Turun Py\u00f6r\u00e4messut Oy.<\/p>\n<p>Mer information: <a href=\"https:\/\/messut.net\/?lang=sv\">https:\/\/messut.net\/?lang=sv<\/a><\/p>\n<p>&nbsp;<\/p>\n<p><strong>Studenternas Cykelm\u00e4ssa<br \/>\n<\/strong>L\u00f6 18.5.2024 kl. 12\u201316<br \/>\nInspektorsgatan 12, \u00c5bo<br \/>\nTyyssijas innerg\u00e5rd, Studentbyn<\/p>\n","protected":false},"excerpt":{"rendered":"<p>Studenternas Cykelm\u00e4ssa ordnas f\u00f6r andra g\u00e5ngen l\u00f6rdagen den 18.5. kl. 12\u201316 p\u00e5 Tyyssijas innerg\u00e5rd, i&#8230;<\/p>\n","protected":false},"author":2,"featured_media":27579,"comment_status":"closed","ping_status":"open","sticky":false,"template":"","format":"standard","meta":{"footnotes":""},"categories":[38],"tags":[],"class_list":{"0":"post-27578","1":"post","2":"type-post","3":"status-publish","4":"format-standard","5":"has-post-thumbnail","7":"category-nyheter-sv"},"yoast_head":"<!-- This site is optimized with the Yoast SEO plugin v27.5 - https:\/\/yoast.com\/product\/yoast-seo-wordpress\/ -->\n<title>Studenternas Cykelm\u00e4ssa ordnas p\u00e5 Tyyssijas inneg\u00e5rd den 18.5. | TYS | Turun Ylioppilaskyl\u00e4s\u00e4\u00e4ti\u00f6<\/title>\n<meta name=\"robots\" content=\"index, follow, max-snippet:-1, max-image-preview:large, max-video-preview:-1\" \/>\n<link rel=\"canonical\" href=\"https:\/\/tys.fi\/sv\/studenternas-cykelmassa-ordnas-pa-tyyssijas-innegard-den-18-5\" \/>\n<meta property=\"og:locale\" content=\"sv_SE\" \/>\n<meta property=\"og:type\" content=\"article\" \/>\n<meta property=\"og:title\" content=\"Studenternas Cykelm\u00e4ssa ordnas p\u00e5 Tyyssijas inneg\u00e5rd den 18.5. | TYS | Turun Ylioppilaskyl\u00e4s\u00e4\u00e4ti\u00f6\" \/>\n<meta property=\"og:description\" content=\"Studenternas Cykelm\u00e4ssa ordnas f\u00f6r andra g\u00e5ngen l\u00f6rdagen den 18.5. kl. 12\u201316 p\u00e5 Tyyssijas innerg\u00e5rd, i...\" \/>\n<meta property=\"og:url\" content=\"https:\/\/tys.fi\/sv\/studenternas-cykelmassa-ordnas-pa-tyyssijas-innegard-den-18-5\" \/>\n<meta property=\"og:site_name\" content=\"Turun Ylioppilaskyl&auml;s&auml;&auml;ti&ouml;\" \/>\n<meta property=\"article:publisher\" content=\"https:\/\/www.facebook.com\/tysturku\/\" \/>\n<meta property=\"article:published_time\" content=\"2024-04-15T10:31:50+00:00\" \/>\n<meta property=\"article:modified_time\" content=\"2024-04-15T10:32:21+00:00\" \/>\n<meta property=\"og:image\" content=\"https:\/\/tys.fi\/wp-content\/uploads\/2024\/04\/TP_BIKE_VAAKA.jpg\" \/>\n\t<meta property=\"og:image:width\" content=\"1024\" \/>\n\t<meta property=\"og:image:height\" content=\"768\" \/>\n\t<meta property=\"og:image:type\" content=\"image\/jpeg\" \/>\n<meta name=\"author\" content=\"Marja Aapalahti\" \/>\n<meta name=\"twitter:card\" content=\"summary_large_image\" \/>\n<meta name=\"twitter:creator\" content=\"@tysturku\" \/>\n<meta name=\"twitter:site\" content=\"@tysturku\" \/>\n<meta name=\"twitter:label1\" content=\"Skriven av\" \/>\n\t<meta name=\"twitter:data1\" content=\"Marja Aapalahti\" \/>\n\t<meta name=\"twitter:label2\" content=\"Ber\u00e4knad l\u00e4stid\" \/>\n\t<meta name=\"twitter:data2\" content=\"2 minuter\" \/>\n<script type=\"application\/ld+json\" class=\"yoast-schema-graph\">{\"@context\":\"https:\\\/\\\/schema.org\",\"@graph\":[{\"@type\":\"Article\",\"@id\":\"https:\\\/\\\/tys.fi\\\/sv\\\/studenternas-cykelmassa-ordnas-pa-tyyssijas-innegard-den-18-5#article\",\"isPartOf\":{\"@id\":\"https:\\\/\\\/tys.fi\\\/sv\\\/studenternas-cykelmassa-ordnas-pa-tyyssijas-innegard-den-18-5\"},\"author\":{\"name\":\"Marja Aapalahti\",\"@id\":\"https:\\\/\\\/tys.fi\\\/#\\\/schema\\\/person\\\/c1f87ee6d97815ab24d89b5ad67f8718\"},\"headline\":\"Studenternas Cykelm\u00e4ssa ordnas p\u00e5 Tyyssijas inneg\u00e5rd den 18.5.\",\"datePublished\":\"2024-04-15T10:31:50+00:00\",\"dateModified\":\"2024-04-15T10:32:21+00:00\",\"mainEntityOfPage\":{\"@id\":\"https:\\\/\\\/tys.fi\\\/sv\\\/studenternas-cykelmassa-ordnas-pa-tyyssijas-innegard-den-18-5\"},\"wordCount\":239,\"publisher\":{\"@id\":\"https:\\\/\\\/tys.fi\\\/#organization\"},\"image\":{\"@id\":\"https:\\\/\\\/tys.fi\\\/sv\\\/studenternas-cykelmassa-ordnas-pa-tyyssijas-innegard-den-18-5#primaryimage\"},\"thumbnailUrl\":\"https:\\\/\\\/tys.fi\\\/wp-content\\\/uploads\\\/2024\\\/04\\\/TP_BIKE_VAAKA.jpg\",\"articleSection\":[\"Nyheter\"],\"inLanguage\":\"sv-SE\"},{\"@type\":\"WebPage\",\"@id\":\"https:\\\/\\\/tys.fi\\\/sv\\\/studenternas-cykelmassa-ordnas-pa-tyyssijas-innegard-den-18-5\",\"url\":\"https:\\\/\\\/tys.fi\\\/sv\\\/studenternas-cykelmassa-ordnas-pa-tyyssijas-innegard-den-18-5\",\"name\":\"Studenternas Cykelm\u00e4ssa ordnas p\u00e5 Tyyssijas inneg\u00e5rd den 18.5. | TYS | Turun Ylioppilaskyl\u00e4s\u00e4\u00e4ti\u00f6\",\"isPartOf\":{\"@id\":\"https:\\\/\\\/tys.fi\\\/#website\"},\"primaryImageOfPage\":{\"@id\":\"https:\\\/\\\/tys.fi\\\/sv\\\/studenternas-cykelmassa-ordnas-pa-tyyssijas-innegard-den-18-5#primaryimage\"},\"image\":{\"@id\":\"https:\\\/\\\/tys.fi\\\/sv\\\/studenternas-cykelmassa-ordnas-pa-tyyssijas-innegard-den-18-5#primaryimage\"},\"thumbnailUrl\":\"https:\\\/\\\/tys.fi\\\/wp-content\\\/uploads\\\/2024\\\/04\\\/TP_BIKE_VAAKA.jpg\",\"datePublished\":\"2024-04-15T10:31:50+00:00\",\"dateModified\":\"2024-04-15T10:32:21+00:00\",\"breadcrumb\":{\"@id\":\"https:\\\/\\\/tys.fi\\\/sv\\\/studenternas-cykelmassa-ordnas-pa-tyyssijas-innegard-den-18-5#breadcrumb\"},\"inLanguage\":\"sv-SE\",\"potentialAction\":[{\"@type\":\"ReadAction\",\"target\":[\"https:\\\/\\\/tys.fi\\\/sv\\\/studenternas-cykelmassa-ordnas-pa-tyyssijas-innegard-den-18-5\"]}]},{\"@type\":\"ImageObject\",\"inLanguage\":\"sv-SE\",\"@id\":\"https:\\\/\\\/tys.fi\\\/sv\\\/studenternas-cykelmassa-ordnas-pa-tyyssijas-innegard-den-18-5#primaryimage\",\"url\":\"https:\\\/\\\/tys.fi\\\/wp-content\\\/uploads\\\/2024\\\/04\\\/TP_BIKE_VAAKA.jpg\",\"contentUrl\":\"https:\\\/\\\/tys.fi\\\/wp-content\\\/uploads\\\/2024\\\/04\\\/TP_BIKE_VAAKA.jpg\",\"width\":1024,\"height\":768},{\"@type\":\"BreadcrumbList\",\"@id\":\"https:\\\/\\\/tys.fi\\\/sv\\\/studenternas-cykelmassa-ordnas-pa-tyyssijas-innegard-den-18-5#breadcrumb\",\"itemListElement\":[{\"@type\":\"ListItem\",\"position\":1,\"name\":\"Home\",\"item\":\"https:\\\/\\\/tys.fi\\\/sv\"},{\"@type\":\"ListItem\",\"position\":2,\"name\":\"Studenternas Cykelm\u00e4ssa ordnas p\u00e5 Tyyssijas inneg\u00e5rd den 18.5.\"}]},{\"@type\":\"WebSite\",\"@id\":\"https:\\\/\\\/tys.fi\\\/#website\",\"url\":\"https:\\\/\\\/tys.fi\\\/\",\"name\":\"Turun Ylioppilaskyl\u00e4s\u00e4\u00e4ti\u00f6\",\"description\":\"Vuokra-asunnot Turku\",\"publisher\":{\"@id\":\"https:\\\/\\\/tys.fi\\\/#organization\"},\"potentialAction\":[{\"@type\":\"SearchAction\",\"target\":{\"@type\":\"EntryPoint\",\"urlTemplate\":\"https:\\\/\\\/tys.fi\\\/?s={search_term_string}\"},\"query-input\":{\"@type\":\"PropertyValueSpecification\",\"valueRequired\":true,\"valueName\":\"search_term_string\"}}],\"inLanguage\":\"sv-SE\"},{\"@type\":\"Organization\",\"@id\":\"https:\\\/\\\/tys.fi\\\/#organization\",\"name\":\"TYS\",\"url\":\"https:\\\/\\\/tys.fi\\\/\",\"logo\":{\"@type\":\"ImageObject\",\"inLanguage\":\"sv-SE\",\"@id\":\"https:\\\/\\\/tys.fi\\\/#\\\/schema\\\/logo\\\/image\\\/\",\"url\":\"https:\\\/\\\/tys.fi\\\/wp-content\\\/uploads\\\/2019\\\/03\\\/TYS-Logo_Green_500px.png\",\"contentUrl\":\"https:\\\/\\\/tys.fi\\\/wp-content\\\/uploads\\\/2019\\\/03\\\/TYS-Logo_Green_500px.png\",\"width\":500,\"height\":232,\"caption\":\"TYS\"},\"image\":{\"@id\":\"https:\\\/\\\/tys.fi\\\/#\\\/schema\\\/logo\\\/image\\\/\"},\"sameAs\":[\"https:\\\/\\\/www.facebook.com\\\/tysturku\\\/\",\"https:\\\/\\\/x.com\\\/tysturku\",\"https:\\\/\\\/www.instagram.com\\\/tysturku\\\/\",\"https:\\\/\\\/www.linkedin.com\\\/company\\\/tysturku\\\/\",\"https:\\\/\\\/www.youtube.com\\\/channel\\\/UCjKOs8BOiY0SORCB0WWixlw?view_as=subscriber\",\"https:\\\/\\\/fi.wikipedia.org\\\/wiki\\\/Turun_ylioppilaskyl\u00e4s\u00e4\u00e4ti\u00f6\"]},{\"@type\":\"Person\",\"@id\":\"https:\\\/\\\/tys.fi\\\/#\\\/schema\\\/person\\\/c1f87ee6d97815ab24d89b5ad67f8718\",\"name\":\"Marja Aapalahti\",\"url\":\"https:\\\/\\\/tys.fi\\\/sv\\\/author\\\/marja\"}]}<\/script>\n<!-- \/ Yoast SEO plugin. -->","yoast_head_json":{"title":"Studenternas Cykelm\u00e4ssa ordnas p\u00e5 Tyyssijas inneg\u00e5rd den 18.5. | TYS | Turun Ylioppilaskyl\u00e4s\u00e4\u00e4ti\u00f6","robots":{"index":"index","follow":"follow","max-snippet":"max-snippet:-1","max-image-preview":"max-image-preview:large","max-video-preview":"max-video-preview:-1"},"canonical":"https:\/\/tys.fi\/sv\/studenternas-cykelmassa-ordnas-pa-tyyssijas-innegard-den-18-5","og_locale":"sv_SE","og_type":"article","og_title":"Studenternas Cykelm\u00e4ssa ordnas p\u00e5 Tyyssijas inneg\u00e5rd den 18.5. | TYS | Turun Ylioppilaskyl\u00e4s\u00e4\u00e4ti\u00f6","og_description":"Studenternas Cykelm\u00e4ssa ordnas f\u00f6r andra g\u00e5ngen l\u00f6rdagen den 18.5. kl. 12\u201316 p\u00e5 Tyyssijas innerg\u00e5rd, i...","og_url":"https:\/\/tys.fi\/sv\/studenternas-cykelmassa-ordnas-pa-tyyssijas-innegard-den-18-5","og_site_name":"Turun Ylioppilaskyl&auml;s&auml;&auml;ti&ouml;","article_publisher":"https:\/\/www.facebook.com\/tysturku\/","article_published_time":"2024-04-15T10:31:50+00:00","article_modified_time":"2024-04-15T10:32:21+00:00","og_image":[{"width":1024,"height":768,"url":"https:\/\/tys.fi\/wp-content\/uploads\/2024\/04\/TP_BIKE_VAAKA.jpg","type":"image\/jpeg"}],"author":"Marja Aapalahti","twitter_card":"summary_large_image","twitter_creator":"@tysturku","twitter_site":"@tysturku","twitter_misc":{"Skriven av":"Marja Aapalahti","Ber\u00e4knad l\u00e4stid":"2 minuter"},"schema":{"@context":"https:\/\/schema.org","@graph":[{"@type":"Article","@id":"https:\/\/tys.fi\/sv\/studenternas-cykelmassa-ordnas-pa-tyyssijas-innegard-den-18-5#article","isPartOf":{"@id":"https:\/\/tys.fi\/sv\/studenternas-cykelmassa-ordnas-pa-tyyssijas-innegard-den-18-5"},"author":{"name":"Marja Aapalahti","@id":"https:\/\/tys.fi\/#\/schema\/person\/c1f87ee6d97815ab24d89b5ad67f8718"},"headline":"Studenternas Cykelm\u00e4ssa ordnas p\u00e5 Tyyssijas inneg\u00e5rd den 18.5.","datePublished":"2024-04-15T10:31:50+00:00","dateModified":"2024-04-15T10:32:21+00:00","mainEntityOfPage":{"@id":"https:\/\/tys.fi\/sv\/studenternas-cykelmassa-ordnas-pa-tyyssijas-innegard-den-18-5"},"wordCount":239,"publisher":{"@id":"https:\/\/tys.fi\/#organization"},"image":{"@id":"https:\/\/tys.fi\/sv\/studenternas-cykelmassa-ordnas-pa-tyyssijas-innegard-den-18-5#primaryimage"},"thumbnailUrl":"https:\/\/tys.fi\/wp-content\/uploads\/2024\/04\/TP_BIKE_VAAKA.jpg","articleSection":["Nyheter"],"inLanguage":"sv-SE"},{"@type":"WebPage","@id":"https:\/\/tys.fi\/sv\/studenternas-cykelmassa-ordnas-pa-tyyssijas-innegard-den-18-5","url":"https:\/\/tys.fi\/sv\/studenternas-cykelmassa-ordnas-pa-tyyssijas-innegard-den-18-5","name":"Studenternas Cykelm\u00e4ssa ordnas p\u00e5 Tyyssijas inneg\u00e5rd den 18.5. | TYS | Turun Ylioppilaskyl\u00e4s\u00e4\u00e4ti\u00f6","isPartOf":{"@id":"https:\/\/tys.fi\/#website"},"primaryImageOfPage":{"@id":"https:\/\/tys.fi\/sv\/studenternas-cykelmassa-ordnas-pa-tyyssijas-innegard-den-18-5#primaryimage"},"image":{"@id":"https:\/\/tys.fi\/sv\/studenternas-cykelmassa-ordnas-pa-tyyssijas-innegard-den-18-5#primaryimage"},"thumbnailUrl":"https:\/\/tys.fi\/wp-content\/uploads\/2024\/04\/TP_BIKE_VAAKA.jpg","datePublished":"2024-04-15T10:31:50+00:00","dateModified":"2024-04-15T10:32:21+00:00","breadcrumb":{"@id":"https:\/\/tys.fi\/sv\/studenternas-cykelmassa-ordnas-pa-tyyssijas-innegard-den-18-5#breadcrumb"},"inLanguage":"sv-SE","potentialAction":[{"@type":"ReadAction","target":["https:\/\/tys.fi\/sv\/studenternas-cykelmassa-ordnas-pa-tyyssijas-innegard-den-18-5"]}]},{"@type":"ImageObject","inLanguage":"sv-SE","@id":"https:\/\/tys.fi\/sv\/studenternas-cykelmassa-ordnas-pa-tyyssijas-innegard-den-18-5#primaryimage","url":"https:\/\/tys.fi\/wp-content\/uploads\/2024\/04\/TP_BIKE_VAAKA.jpg","contentUrl":"https:\/\/tys.fi\/wp-content\/uploads\/2024\/04\/TP_BIKE_VAAKA.jpg","width":1024,"height":768},{"@type":"BreadcrumbList","@id":"https:\/\/tys.fi\/sv\/studenternas-cykelmassa-ordnas-pa-tyyssijas-innegard-den-18-5#breadcrumb","itemListElement":[{"@type":"ListItem","position":1,"name":"Home","item":"https:\/\/tys.fi\/sv"},{"@type":"ListItem","position":2,"name":"Studenternas Cykelm\u00e4ssa ordnas p\u00e5 Tyyssijas inneg\u00e5rd den 18.5."}]},{"@type":"WebSite","@id":"https:\/\/tys.fi\/#website","url":"https:\/\/tys.fi\/","name":"Turun Ylioppilaskyl\u00e4s\u00e4\u00e4ti\u00f6","description":"Vuokra-asunnot Turku","publisher":{"@id":"https:\/\/tys.fi\/#organization"},"potentialAction":[{"@type":"SearchAction","target":{"@type":"EntryPoint","urlTemplate":"https:\/\/tys.fi\/?s={search_term_string}"},"query-input":{"@type":"PropertyValueSpecification","valueRequired":true,"valueName":"search_term_string"}}],"inLanguage":"sv-SE"},{"@type":"Organization","@id":"https:\/\/tys.fi\/#organization","name":"TYS","url":"https:\/\/tys.fi\/","logo":{"@type":"ImageObject","inLanguage":"sv-SE","@id":"https:\/\/tys.fi\/#\/schema\/logo\/image\/","url":"https:\/\/tys.fi\/wp-content\/uploads\/2019\/03\/TYS-Logo_Green_500px.png","contentUrl":"https:\/\/tys.fi\/wp-content\/uploads\/2019\/03\/TYS-Logo_Green_500px.png","width":500,"height":232,"caption":"TYS"},"image":{"@id":"https:\/\/tys.fi\/#\/schema\/logo\/image\/"},"sameAs":["https:\/\/www.facebook.com\/tysturku\/","https:\/\/x.com\/tysturku","https:\/\/www.instagram.com\/tysturku\/","https:\/\/www.linkedin.com\/company\/tysturku\/","https:\/\/www.youtube.com\/channel\/UCjKOs8BOiY0SORCB0WWixlw?view_as=subscriber","https:\/\/fi.wikipedia.org\/wiki\/Turun_ylioppilaskyl\u00e4s\u00e4\u00e4ti\u00f6"]},{"@type":"Person","@id":"https:\/\/tys.fi\/#\/schema\/person\/c1f87ee6d97815ab24d89b5ad67f8718","name":"Marja Aapalahti","url":"https:\/\/tys.fi\/sv\/author\/marja"}]}},"_links":{"self":[{"href":"https:\/\/tys.fi\/sv\/wp-json\/wp\/v2\/posts\/27578","targetHints":{"allow":["GET"]}}],"collection":[{"href":"https:\/\/tys.fi\/sv\/wp-json\/wp\/v2\/posts"}],"about":[{"href":"https:\/\/tys.fi\/sv\/wp-json\/wp\/v2\/types\/post"}],"author":[{"embeddable":true,"href":"https:\/\/tys.fi\/sv\/wp-json\/wp\/v2\/users\/2"}],"replies":[{"embeddable":true,"href":"https:\/\/tys.fi\/sv\/wp-json\/wp\/v2\/comments?post=27578"}],"version-history":[{"count":4,"href":"https:\/\/tys.fi\/sv\/wp-json\/wp\/v2\/posts\/27578\/revisions"}],"predecessor-version":[{"id":27594,"href":"https:\/\/tys.fi\/sv\/wp-json\/wp\/v2\/posts\/27578\/revisions\/27594"}],"wp:featuredmedia":[{"embeddable":true,"href":"https:\/\/tys.fi\/sv\/wp-json\/wp\/v2\/media\/27579"}],"wp:attachment":[{"href":"https:\/\/tys.fi\/sv\/wp-json\/wp\/v2\/media?parent=27578"}],"wp:term":[{"taxonomy":"category","embeddable":true,"href":"https:\/\/tys.fi\/sv\/wp-json\/wp\/v2\/categories?post=27578"},{"taxonomy":"post_tag","embeddable":true,"href":"https:\/\/tys.fi\/sv\/wp-json\/wp\/v2\/tags?post=27578"}],"curies":[{"name":"wp","href":"https:\/\/api.w.org\/{rel}","templated":true}]}}