{"id":26650,"date":"2024-01-25T13:05:50","date_gmt":"2024-01-25T11:05:50","guid":{"rendered":"https:\/\/tys.fi\/?p=26650"},"modified":"2024-02-05T08:35:48","modified_gmt":"2024-02-05T06:35:48","slug":"kundtjanstens-oppettider-andras-fran-1-2-2024","status":"publish","type":"post","link":"https:\/\/tys.fi\/sv\/kundtjanstens-oppettider-andras-fran-1-2-2024","title":{"rendered":"Kundtj\u00e4nstens \u00f6ppettider \u00e4ndras fr\u00e5n 1.2.2024"},"content":{"rendered":"<p>Fr\u00e5n b\u00f6rjan av februari f\u00e5r du kontakt med v\u00e5r kundtj\u00e4nst per telefon och mejl samt via webbsajtens TYS Chat och hyresg\u00e4stsidorna m\u00e5\u2013fre kl. 10\u201315. Bostadsbyr\u00e5ns d\u00f6rr \u00e4r \u00f6ppen m\u00e5\u2013fre kl. 12\u201315. F\u00f6rsta vardagen varje m\u00e5nad \u00e4r bostadsbyr\u00e5n \u00e4nd\u00e5 \u00f6ppen kl. 10\u201316 f\u00f6r att nya hyresg\u00e4ster ska kunna flytta in med minsta m\u00f6jliga kr\u00e5ngel.<\/p>\n<p>Utanf\u00f6r \u00f6ppettiderna betj\u00e4nar fastighetsunderh\u00e5llets jour och v\u00e4ktare som f\u00f6rut utan \u00e4ndringar. Fr\u00e5n b\u00f6rjan av februari, betj\u00e4n\u00e4r d\u00f6rr\u00f6ppning p\u00e5 vardagar kl. 15\u201308 och p\u00e5 helgerna 24h.<\/p>\n<p><strong>TYS har satsat p\u00e5 e-tj\u00e4nster<\/strong><\/p>\n<p>TYS har redan l\u00e4nge satsat p\u00e5 elektroniska boendetj\u00e4nster. Hyresavtal undertecknas, fel anm\u00e4ls, underh\u00e5ll best\u00e4lls, bastu och klubbrum bokas och kundtj\u00e4nsten kontaktas beh\u00e4ndigt genom elektroniska kanaler. Tack vare nyckelautomaten som togs i bruk 2022 g\u00e5r det till och med att i samband med flyttning l\u00f6sa ut nycklar utanf\u00f6r bostadsbyr\u00e5ns \u00f6ppettider.<\/p>\n<p>V\u00e5ra hyresg\u00e4ster har varit snabba med att b\u00f6rja anv\u00e4nda e-tj\u00e4nsterna. Vi \u00e4ndrar \u00f6ppettiderna f\u00f6r att f\u00f6rs\u00e4kra oss om att v\u00e5ra servicer\u00e5dgivare i forts\u00e4ttningen ska kunna reagera s\u00e5 snabbt som m\u00f6jligt ocks\u00e5 n\u00e4r hyresg\u00e4sterna tar kontakt i v\u00e5ra elektroniska kanaler.<\/p>\n<p><strong>De nya \u00f6ppettiderna i ett n\u00f6tskal:<\/strong><\/p>\n<p>Telefon, mejl och e-tj\u00e4nster: m\u00e5\u2013fre kl. 10\u201315<br \/>\nBostadsbyr\u00e5ns \u00f6ppettider: m\u00e5\u2013fre kl. 12\u201315<br \/>\nM\u00e5nadens f\u00f6rsta vardag \u00e4r bostadsbyr\u00e5, telefon och e-tj\u00e4nster \u00f6ppna kl. 10\u201316.<\/p>\n","protected":false},"excerpt":{"rendered":"<p>Fr\u00e5n b\u00f6rjan av februari f\u00e5r du kontakt med v\u00e5r kundtj\u00e4nst per telefon och mejl samt&#8230;<\/p>\n","protected":false},"author":2,"featured_media":26069,"comment_status":"closed","ping_status":"open","sticky":false,"template":"","format":"standard","meta":{"footnotes":""},"categories":[38],"tags":[],"class_list":{"0":"post-26650","1":"post","2":"type-post","3":"status-publish","4":"format-standard","5":"has-post-thumbnail","7":"category-nyheter-sv"},"yoast_head":"<!-- This site is optimized with the Yoast SEO plugin v27.5 - https:\/\/yoast.com\/product\/yoast-seo-wordpress\/ -->\n<title>Kundtj\u00e4nstens \u00f6ppettider \u00e4ndras fr\u00e5n 1.2.2024 | TYS | Turun Ylioppilaskyl\u00e4s\u00e4\u00e4ti\u00f6<\/title>\n<meta name=\"robots\" content=\"index, follow, max-snippet:-1, max-image-preview:large, max-video-preview:-1\" \/>\n<link rel=\"canonical\" href=\"https:\/\/tys.fi\/sv\/kundtjanstens-oppettider-andras-fran-1-2-2024\" \/>\n<meta property=\"og:locale\" content=\"sv_SE\" \/>\n<meta property=\"og:type\" content=\"article\" \/>\n<meta property=\"og:title\" content=\"Kundtj\u00e4nstens \u00f6ppettider \u00e4ndras fr\u00e5n 1.2.2024 | TYS | Turun Ylioppilaskyl\u00e4s\u00e4\u00e4ti\u00f6\" \/>\n<meta property=\"og:description\" content=\"Fr\u00e5n b\u00f6rjan av februari f\u00e5r du kontakt med v\u00e5r kundtj\u00e4nst per telefon och mejl samt...\" \/>\n<meta property=\"og:url\" content=\"https:\/\/tys.fi\/sv\/kundtjanstens-oppettider-andras-fran-1-2-2024\" \/>\n<meta property=\"og:site_name\" content=\"Turun Ylioppilaskyl&auml;s&auml;&auml;ti&ouml;\" \/>\n<meta property=\"article:publisher\" content=\"https:\/\/www.facebook.com\/tysturku\/\" \/>\n<meta property=\"article:published_time\" content=\"2024-01-25T11:05:50+00:00\" \/>\n<meta property=\"article:modified_time\" content=\"2024-02-05T06:35:48+00:00\" \/>\n<meta property=\"og:image\" content=\"https:\/\/tys.fi\/wp-content\/uploads\/2023\/11\/TYS-Toimiston-kyltti-1920-1024x683.png\" \/>\n\t<meta property=\"og:image:width\" content=\"1024\" \/>\n\t<meta property=\"og:image:height\" content=\"683\" \/>\n\t<meta property=\"og:image:type\" content=\"image\/png\" \/>\n<meta name=\"author\" content=\"Marja Aapalahti\" \/>\n<meta name=\"twitter:card\" content=\"summary_large_image\" \/>\n<meta name=\"twitter:creator\" content=\"@tysturku\" \/>\n<meta name=\"twitter:site\" content=\"@tysturku\" \/>\n<meta name=\"twitter:label1\" content=\"Skriven av\" \/>\n\t<meta name=\"twitter:data1\" content=\"Marja Aapalahti\" \/>\n\t<meta name=\"twitter:label2\" content=\"Ber\u00e4knad l\u00e4stid\" \/>\n\t<meta name=\"twitter:data2\" content=\"2 minuter\" \/>\n<script type=\"application\/ld+json\" class=\"yoast-schema-graph\">{\"@context\":\"https:\\\/\\\/schema.org\",\"@graph\":[{\"@type\":\"Article\",\"@id\":\"https:\\\/\\\/tys.fi\\\/sv\\\/kundtjanstens-oppettider-andras-fran-1-2-2024#article\",\"isPartOf\":{\"@id\":\"https:\\\/\\\/tys.fi\\\/sv\\\/kundtjanstens-oppettider-andras-fran-1-2-2024\"},\"author\":{\"name\":\"Marja Aapalahti\",\"@id\":\"https:\\\/\\\/tys.fi\\\/#\\\/schema\\\/person\\\/c1f87ee6d97815ab24d89b5ad67f8718\"},\"headline\":\"Kundtj\u00e4nstens \u00f6ppettider \u00e4ndras fr\u00e5n 1.2.2024\",\"datePublished\":\"2024-01-25T11:05:50+00:00\",\"dateModified\":\"2024-02-05T06:35:48+00:00\",\"mainEntityOfPage\":{\"@id\":\"https:\\\/\\\/tys.fi\\\/sv\\\/kundtjanstens-oppettider-andras-fran-1-2-2024\"},\"wordCount\":261,\"publisher\":{\"@id\":\"https:\\\/\\\/tys.fi\\\/#organization\"},\"image\":{\"@id\":\"https:\\\/\\\/tys.fi\\\/sv\\\/kundtjanstens-oppettider-andras-fran-1-2-2024#primaryimage\"},\"thumbnailUrl\":\"https:\\\/\\\/tys.fi\\\/wp-content\\\/uploads\\\/2023\\\/11\\\/TYS-Toimiston-kyltti-1920.png\",\"articleSection\":[\"Nyheter\"],\"inLanguage\":\"sv-SE\"},{\"@type\":\"WebPage\",\"@id\":\"https:\\\/\\\/tys.fi\\\/sv\\\/kundtjanstens-oppettider-andras-fran-1-2-2024\",\"url\":\"https:\\\/\\\/tys.fi\\\/sv\\\/kundtjanstens-oppettider-andras-fran-1-2-2024\",\"name\":\"Kundtj\u00e4nstens \u00f6ppettider \u00e4ndras fr\u00e5n 1.2.2024 | TYS | Turun Ylioppilaskyl\u00e4s\u00e4\u00e4ti\u00f6\",\"isPartOf\":{\"@id\":\"https:\\\/\\\/tys.fi\\\/#website\"},\"primaryImageOfPage\":{\"@id\":\"https:\\\/\\\/tys.fi\\\/sv\\\/kundtjanstens-oppettider-andras-fran-1-2-2024#primaryimage\"},\"image\":{\"@id\":\"https:\\\/\\\/tys.fi\\\/sv\\\/kundtjanstens-oppettider-andras-fran-1-2-2024#primaryimage\"},\"thumbnailUrl\":\"https:\\\/\\\/tys.fi\\\/wp-content\\\/uploads\\\/2023\\\/11\\\/TYS-Toimiston-kyltti-1920.png\",\"datePublished\":\"2024-01-25T11:05:50+00:00\",\"dateModified\":\"2024-02-05T06:35:48+00:00\",\"breadcrumb\":{\"@id\":\"https:\\\/\\\/tys.fi\\\/sv\\\/kundtjanstens-oppettider-andras-fran-1-2-2024#breadcrumb\"},\"inLanguage\":\"sv-SE\",\"potentialAction\":[{\"@type\":\"ReadAction\",\"target\":[\"https:\\\/\\\/tys.fi\\\/sv\\\/kundtjanstens-oppettider-andras-fran-1-2-2024\"]}]},{\"@type\":\"ImageObject\",\"inLanguage\":\"sv-SE\",\"@id\":\"https:\\\/\\\/tys.fi\\\/sv\\\/kundtjanstens-oppettider-andras-fran-1-2-2024#primaryimage\",\"url\":\"https:\\\/\\\/tys.fi\\\/wp-content\\\/uploads\\\/2023\\\/11\\\/TYS-Toimiston-kyltti-1920.png\",\"contentUrl\":\"https:\\\/\\\/tys.fi\\\/wp-content\\\/uploads\\\/2023\\\/11\\\/TYS-Toimiston-kyltti-1920.png\",\"width\":1920,\"height\":1280,\"caption\":\"TYS Office\"},{\"@type\":\"BreadcrumbList\",\"@id\":\"https:\\\/\\\/tys.fi\\\/sv\\\/kundtjanstens-oppettider-andras-fran-1-2-2024#breadcrumb\",\"itemListElement\":[{\"@type\":\"ListItem\",\"position\":1,\"name\":\"Home\",\"item\":\"https:\\\/\\\/tys.fi\\\/sv\"},{\"@type\":\"ListItem\",\"position\":2,\"name\":\"Kundtj\u00e4nstens \u00f6ppettider \u00e4ndras fr\u00e5n 1.2.2024\"}]},{\"@type\":\"WebSite\",\"@id\":\"https:\\\/\\\/tys.fi\\\/#website\",\"url\":\"https:\\\/\\\/tys.fi\\\/\",\"name\":\"Turun Ylioppilaskyl\u00e4s\u00e4\u00e4ti\u00f6\",\"description\":\"Vuokra-asunnot Turku\",\"publisher\":{\"@id\":\"https:\\\/\\\/tys.fi\\\/#organization\"},\"potentialAction\":[{\"@type\":\"SearchAction\",\"target\":{\"@type\":\"EntryPoint\",\"urlTemplate\":\"https:\\\/\\\/tys.fi\\\/?s={search_term_string}\"},\"query-input\":{\"@type\":\"PropertyValueSpecification\",\"valueRequired\":true,\"valueName\":\"search_term_string\"}}],\"inLanguage\":\"sv-SE\"},{\"@type\":\"Organization\",\"@id\":\"https:\\\/\\\/tys.fi\\\/#organization\",\"name\":\"TYS\",\"url\":\"https:\\\/\\\/tys.fi\\\/\",\"logo\":{\"@type\":\"ImageObject\",\"inLanguage\":\"sv-SE\",\"@id\":\"https:\\\/\\\/tys.fi\\\/#\\\/schema\\\/logo\\\/image\\\/\",\"url\":\"https:\\\/\\\/tys.fi\\\/wp-content\\\/uploads\\\/2019\\\/03\\\/TYS-Logo_Green_500px.png\",\"contentUrl\":\"https:\\\/\\\/tys.fi\\\/wp-content\\\/uploads\\\/2019\\\/03\\\/TYS-Logo_Green_500px.png\",\"width\":500,\"height\":232,\"caption\":\"TYS\"},\"image\":{\"@id\":\"https:\\\/\\\/tys.fi\\\/#\\\/schema\\\/logo\\\/image\\\/\"},\"sameAs\":[\"https:\\\/\\\/www.facebook.com\\\/tysturku\\\/\",\"https:\\\/\\\/x.com\\\/tysturku\",\"https:\\\/\\\/www.instagram.com\\\/tysturku\\\/\",\"https:\\\/\\\/www.linkedin.com\\\/company\\\/tysturku\\\/\",\"https:\\\/\\\/www.youtube.com\\\/channel\\\/UCjKOs8BOiY0SORCB0WWixlw?view_as=subscriber\",\"https:\\\/\\\/fi.wikipedia.org\\\/wiki\\\/Turun_ylioppilaskyl\u00e4s\u00e4\u00e4ti\u00f6\"]},{\"@type\":\"Person\",\"@id\":\"https:\\\/\\\/tys.fi\\\/#\\\/schema\\\/person\\\/c1f87ee6d97815ab24d89b5ad67f8718\",\"name\":\"Marja Aapalahti\",\"url\":\"https:\\\/\\\/tys.fi\\\/sv\\\/author\\\/marja\"}]}<\/script>\n<!-- \/ Yoast SEO plugin. -->","yoast_head_json":{"title":"Kundtj\u00e4nstens \u00f6ppettider \u00e4ndras fr\u00e5n 1.2.2024 | TYS | Turun Ylioppilaskyl\u00e4s\u00e4\u00e4ti\u00f6","robots":{"index":"index","follow":"follow","max-snippet":"max-snippet:-1","max-image-preview":"max-image-preview:large","max-video-preview":"max-video-preview:-1"},"canonical":"https:\/\/tys.fi\/sv\/kundtjanstens-oppettider-andras-fran-1-2-2024","og_locale":"sv_SE","og_type":"article","og_title":"Kundtj\u00e4nstens \u00f6ppettider \u00e4ndras fr\u00e5n 1.2.2024 | TYS | Turun Ylioppilaskyl\u00e4s\u00e4\u00e4ti\u00f6","og_description":"Fr\u00e5n b\u00f6rjan av februari f\u00e5r du kontakt med v\u00e5r kundtj\u00e4nst per telefon och mejl samt...","og_url":"https:\/\/tys.fi\/sv\/kundtjanstens-oppettider-andras-fran-1-2-2024","og_site_name":"Turun Ylioppilaskyl&auml;s&auml;&auml;ti&ouml;","article_publisher":"https:\/\/www.facebook.com\/tysturku\/","article_published_time":"2024-01-25T11:05:50+00:00","article_modified_time":"2024-02-05T06:35:48+00:00","og_image":[{"width":1024,"height":683,"url":"https:\/\/tys.fi\/wp-content\/uploads\/2023\/11\/TYS-Toimiston-kyltti-1920-1024x683.png","type":"image\/png"}],"author":"Marja Aapalahti","twitter_card":"summary_large_image","twitter_creator":"@tysturku","twitter_site":"@tysturku","twitter_misc":{"Skriven av":"Marja Aapalahti","Ber\u00e4knad l\u00e4stid":"2 minuter"},"schema":{"@context":"https:\/\/schema.org","@graph":[{"@type":"Article","@id":"https:\/\/tys.fi\/sv\/kundtjanstens-oppettider-andras-fran-1-2-2024#article","isPartOf":{"@id":"https:\/\/tys.fi\/sv\/kundtjanstens-oppettider-andras-fran-1-2-2024"},"author":{"name":"Marja Aapalahti","@id":"https:\/\/tys.fi\/#\/schema\/person\/c1f87ee6d97815ab24d89b5ad67f8718"},"headline":"Kundtj\u00e4nstens \u00f6ppettider \u00e4ndras fr\u00e5n 1.2.2024","datePublished":"2024-01-25T11:05:50+00:00","dateModified":"2024-02-05T06:35:48+00:00","mainEntityOfPage":{"@id":"https:\/\/tys.fi\/sv\/kundtjanstens-oppettider-andras-fran-1-2-2024"},"wordCount":261,"publisher":{"@id":"https:\/\/tys.fi\/#organization"},"image":{"@id":"https:\/\/tys.fi\/sv\/kundtjanstens-oppettider-andras-fran-1-2-2024#primaryimage"},"thumbnailUrl":"https:\/\/tys.fi\/wp-content\/uploads\/2023\/11\/TYS-Toimiston-kyltti-1920.png","articleSection":["Nyheter"],"inLanguage":"sv-SE"},{"@type":"WebPage","@id":"https:\/\/tys.fi\/sv\/kundtjanstens-oppettider-andras-fran-1-2-2024","url":"https:\/\/tys.fi\/sv\/kundtjanstens-oppettider-andras-fran-1-2-2024","name":"Kundtj\u00e4nstens \u00f6ppettider \u00e4ndras fr\u00e5n 1.2.2024 | TYS | Turun Ylioppilaskyl\u00e4s\u00e4\u00e4ti\u00f6","isPartOf":{"@id":"https:\/\/tys.fi\/#website"},"primaryImageOfPage":{"@id":"https:\/\/tys.fi\/sv\/kundtjanstens-oppettider-andras-fran-1-2-2024#primaryimage"},"image":{"@id":"https:\/\/tys.fi\/sv\/kundtjanstens-oppettider-andras-fran-1-2-2024#primaryimage"},"thumbnailUrl":"https:\/\/tys.fi\/wp-content\/uploads\/2023\/11\/TYS-Toimiston-kyltti-1920.png","datePublished":"2024-01-25T11:05:50+00:00","dateModified":"2024-02-05T06:35:48+00:00","breadcrumb":{"@id":"https:\/\/tys.fi\/sv\/kundtjanstens-oppettider-andras-fran-1-2-2024#breadcrumb"},"inLanguage":"sv-SE","potentialAction":[{"@type":"ReadAction","target":["https:\/\/tys.fi\/sv\/kundtjanstens-oppettider-andras-fran-1-2-2024"]}]},{"@type":"ImageObject","inLanguage":"sv-SE","@id":"https:\/\/tys.fi\/sv\/kundtjanstens-oppettider-andras-fran-1-2-2024#primaryimage","url":"https:\/\/tys.fi\/wp-content\/uploads\/2023\/11\/TYS-Toimiston-kyltti-1920.png","contentUrl":"https:\/\/tys.fi\/wp-content\/uploads\/2023\/11\/TYS-Toimiston-kyltti-1920.png","width":1920,"height":1280,"caption":"TYS Office"},{"@type":"BreadcrumbList","@id":"https:\/\/tys.fi\/sv\/kundtjanstens-oppettider-andras-fran-1-2-2024#breadcrumb","itemListElement":[{"@type":"ListItem","position":1,"name":"Home","item":"https:\/\/tys.fi\/sv"},{"@type":"ListItem","position":2,"name":"Kundtj\u00e4nstens \u00f6ppettider \u00e4ndras fr\u00e5n 1.2.2024"}]},{"@type":"WebSite","@id":"https:\/\/tys.fi\/#website","url":"https:\/\/tys.fi\/","name":"Turun Ylioppilaskyl\u00e4s\u00e4\u00e4ti\u00f6","description":"Vuokra-asunnot Turku","publisher":{"@id":"https:\/\/tys.fi\/#organization"},"potentialAction":[{"@type":"SearchAction","target":{"@type":"EntryPoint","urlTemplate":"https:\/\/tys.fi\/?s={search_term_string}"},"query-input":{"@type":"PropertyValueSpecification","valueRequired":true,"valueName":"search_term_string"}}],"inLanguage":"sv-SE"},{"@type":"Organization","@id":"https:\/\/tys.fi\/#organization","name":"TYS","url":"https:\/\/tys.fi\/","logo":{"@type":"ImageObject","inLanguage":"sv-SE","@id":"https:\/\/tys.fi\/#\/schema\/logo\/image\/","url":"https:\/\/tys.fi\/wp-content\/uploads\/2019\/03\/TYS-Logo_Green_500px.png","contentUrl":"https:\/\/tys.fi\/wp-content\/uploads\/2019\/03\/TYS-Logo_Green_500px.png","width":500,"height":232,"caption":"TYS"},"image":{"@id":"https:\/\/tys.fi\/#\/schema\/logo\/image\/"},"sameAs":["https:\/\/www.facebook.com\/tysturku\/","https:\/\/x.com\/tysturku","https:\/\/www.instagram.com\/tysturku\/","https:\/\/www.linkedin.com\/company\/tysturku\/","https:\/\/www.youtube.com\/channel\/UCjKOs8BOiY0SORCB0WWixlw?view_as=subscriber","https:\/\/fi.wikipedia.org\/wiki\/Turun_ylioppilaskyl\u00e4s\u00e4\u00e4ti\u00f6"]},{"@type":"Person","@id":"https:\/\/tys.fi\/#\/schema\/person\/c1f87ee6d97815ab24d89b5ad67f8718","name":"Marja Aapalahti","url":"https:\/\/tys.fi\/sv\/author\/marja"}]}},"_links":{"self":[{"href":"https:\/\/tys.fi\/sv\/wp-json\/wp\/v2\/posts\/26650","targetHints":{"allow":["GET"]}}],"collection":[{"href":"https:\/\/tys.fi\/sv\/wp-json\/wp\/v2\/posts"}],"about":[{"href":"https:\/\/tys.fi\/sv\/wp-json\/wp\/v2\/types\/post"}],"author":[{"embeddable":true,"href":"https:\/\/tys.fi\/sv\/wp-json\/wp\/v2\/users\/2"}],"replies":[{"embeddable":true,"href":"https:\/\/tys.fi\/sv\/wp-json\/wp\/v2\/comments?post=26650"}],"version-history":[{"count":1,"href":"https:\/\/tys.fi\/sv\/wp-json\/wp\/v2\/posts\/26650\/revisions"}],"predecessor-version":[{"id":26651,"href":"https:\/\/tys.fi\/sv\/wp-json\/wp\/v2\/posts\/26650\/revisions\/26651"}],"wp:featuredmedia":[{"embeddable":true,"href":"https:\/\/tys.fi\/sv\/wp-json\/wp\/v2\/media\/26069"}],"wp:attachment":[{"href":"https:\/\/tys.fi\/sv\/wp-json\/wp\/v2\/media?parent=26650"}],"wp:term":[{"taxonomy":"category","embeddable":true,"href":"https:\/\/tys.fi\/sv\/wp-json\/wp\/v2\/categories?post=26650"},{"taxonomy":"post_tag","embeddable":true,"href":"https:\/\/tys.fi\/sv\/wp-json\/wp\/v2\/tags?post=26650"}],"curies":[{"name":"wp","href":"https:\/\/api.w.org\/{rel}","templated":true}]}}