{"id":25177,"date":"2023-06-13T11:59:22","date_gmt":"2023-06-13T08:59:22","guid":{"rendered":"https:\/\/tys.fi\/?p=25177"},"modified":"2023-06-21T15:26:25","modified_gmt":"2023-06-21T12:26:25","slug":"tys-energibesparingstalko-utmanar-hyresgasterna-att-tanka-pa-sin-el-och-vattenforbrukning","status":"publish","type":"post","link":"https:\/\/tys.fi\/sv\/tys-energibesparingstalko-utmanar-hyresgasterna-att-tanka-pa-sin-el-och-vattenforbrukning","title":{"rendered":"TYS energibesparingstalko utmanar hyresg\u00e4sterna att t\u00e4nka p\u00e5 sin el- och vattenf\u00f6rbrukning"},"content":{"rendered":"<p><strong>Mellan oktober 2022 och februari 2023 genomf\u00f6rde TYS ett energibesparingstalko f\u00f6r hyresg\u00e4sterna, f\u00f6r att uppmuntra dem att spara energi. Bakgrunden var den europeiska energikrisen som orsakades av Rysslands angreppskrig i Ukraina, och som man ville f\u00f6rbereda sig f\u00f6r under de kallaste m\u00e5naderna av uppv\u00e4rmningss\u00e4songen. Talkot gick bra p\u00e5 stiftelsens enheter och resultaten var uppmuntrande, med bra feedback fr\u00e5n hyresg\u00e4sterna.<\/strong><\/p>\n<p>N\u00e4r v\u00e4dret blev kallare p\u00e5 h\u00f6sten 2022 blev det allt tydligare f\u00f6r TYS att den kommande vintern kommer att bli exceptionell n\u00e4r det g\u00e4ller energif\u00f6rs\u00f6rjning \u2013 energikostnaderna f\u00f6rutsp\u00e5ddes stiga och man befarade att det skulle bli brist p\u00e5 energi \u00e4ven under vinterns kallaste stunder. Man besl\u00f6t att f\u00f6rbereda sig f\u00f6r m\u00f6jliga energiutmaningar och f\u00f6r att spara energi. Avg\u00f6rande f\u00f6r besparings\u00e5tg\u00e4rderna var stiftelsens n\u00e4stan 6700 boende, vars f\u00f6rbrukning skulle spela en betydande roll f\u00f6r energif\u00f6rbrukningen under den kommande vintern.<\/p>\n<p>I TYS hyresavtal ing\u00e5r el och vatten i l\u00e4genhetshyran. Undantag \u00e4r bostadsobjekten Tyyssija och Kuunsilta, d\u00e4r vatten debiteras p\u00e5 f\u00f6rbrukningsbasis. I bostadsobjektet Aitiopaikka b\u00f6rjade f\u00f6rbrukningsbaserad vattenfakturering i januari 2023. Detta \u00e4r en utmaning n\u00e4r det g\u00e4ller energibesparing, eftersom f\u00f6rbrukningen inte direkt \u00e5terspeglas i hyresg\u00e4sternas pl\u00e5nb\u00f6cker. Dessutom bor m\u00e5nga av hyresg\u00e4sterna i sin f\u00f6rsta bostad, och m\u00e5nga \u00e4r inte bekanta med de \u00e5tg\u00e4rder eller kostnader som \u00e4r f\u00f6rknippade med energif\u00f6rbrukning.<\/p>\n<p>Stiftelsens elf\u00f6rbrukning har varit l\u00e4gre \u00e4n genomsnittet j\u00e4mf\u00f6rt med andra studentbostadsoperat\u00f6rer i den \u00e5rliga SOA-j\u00e4mf\u00f6relsen 2023 \u2013 av de 14 j\u00e4mf\u00f6rda operat\u00f6rerna rankades TYS p\u00e5 nionde plats, men vattenf\u00f6rbrukningen var bland de b\u00e4sta. D\u00e4rf\u00f6r skulle energibesparings\u00e5tg\u00e4rderna ocks\u00e5 fokusera p\u00e5 kontroll av vattenf\u00f6rbrukningen. Stiftelsens m\u00e5l \u00e4r att vara koldioxidneutral och genom att minska vattenf\u00f6rbrukningen kan stiftelsens koldioxidavtryck ocks\u00e5 p\u00e5verkas.<\/p>\n<p>\u00c4ven energif\u00f6rbrukningen i stiftelsens \u00f6vriga verksamheter optimerades under vintern. Optimeringar gjordes inom belysning, ventilation och bastur. F\u00f6r bastur granskades uppv\u00e4rmningsscheman och turer med mindre \u00e4n 60 % anv\u00e4ndning togs ur drift. Genom att ta bort bastuskiften med liten anv\u00e4ndning, p\u00e5 mindre \u00e4n sex veckor, uppn\u00e5ddes en besparing motsvarande den \u00e5rliga elf\u00f6rbrukningen i ett enfamiljshus med eluppv\u00e4rmning.<\/p>\n<p><strong>\u00c4ven sm\u00e5 \u00e5tg\u00e4rder g\u00f6r stor skillnad<\/strong><\/p>\n<p>N\u00e4r det g\u00e4llde hyresg\u00e4sterna besl\u00f6t man att lansera en s\u00e4rskild kommunikationskampanj f\u00f6r hyresg\u00e4sterna om el- och vattenbesparingar, inspirerad av regeringens Sn\u00e4ppet svalare-energibesparingskampanj. Energibesparingarna startade den 10 oktober 2022 och p\u00e5gick till slutet av februari 2023.<\/p>\n<p>TYS uppmanade alla boende att samarbeta f\u00f6r att g\u00f6ra sm\u00e5 f\u00f6r\u00e4ndringar i sina dagliga liv som skulle hj\u00e4lpa att spara energi. Hyresg\u00e4sterna fick ett energispartips i sin e-post varje vecka och ut\u00f6ver detta publicerades tips p\u00e5 TYS sociala mediekanaler och p\u00e5 talkots egna hemsidor.<\/p>\n<p>Man ville att tipsen skulle vara enkla, roliga och relevanta f\u00f6r studenternas dagliga liv, s\u00e5 att f\u00f6r\u00e4ndringarna skulle vara meningsfulla f\u00f6r hyresg\u00e4sterna. De potentiella energibesparingarna som erh\u00f6lls med hj\u00e4lp av tips var alltid knutna till n\u00e5got konkret, till exempel elf\u00f6rbrukningen f\u00f6r ett enfamiljshus med eluppv\u00e4rmning. Inf\u00f6r julen gavs ocks\u00e5 tips inf\u00f6r julfirandet. Tipsen betonade ocks\u00e5 vikten av alla boendes konsumtion. Man kan g\u00f6ra en stor besparing med en liten egen besparing om alla boende g\u00f6r en liknande besparing.<\/p>\n<p>Talkot omfattade ocks\u00e5 en energibesparingst\u00e4vling, d\u00e4r bostadsobjekten utmanades att kollektivt minska sin egen energif\u00f6rbrukning. I b\u00f6rjan av t\u00e4vlingen ber\u00e4knades medelf\u00f6rbrukningen av el och vatten f\u00f6r varje bostadsobjekt f\u00f6r de tre f\u00f6reg\u00e5ende \u00e5ren, motsvarande de aktuella m\u00e5naderna.<\/p>\n<p>Hyresg\u00e4sterna i de vinnande enheterna som hade anm\u00e4lt sig till lotteriet, deltog i utlottningen av presentkort till Ruohonjuuri-webbutiken.<\/p>\n<p><strong>Energif\u00f6rbrukningen b\u00f6rjade minska \u2013 bra feedback av hyresg\u00e4sterna<\/strong><\/p>\n<p>I b\u00f6rjan av mars 2023 sammanst\u00e4lldes f\u00f6rbrukningssiffrorna och av TYS bostadsobjekt lyckades Ikituuri spara mest el (23,18 % mindre) och Studentbyn \u00f6st (21,02 % mindre). Sammantaget var elf\u00f6rbrukningen 1,56% l\u00e4gre och vattenf\u00f6rbrukningen 8,18% l\u00e4gre \u00e4n det tre\u00e5riga genomsnittet, vilket anses som ett utm\u00e4rkt resultat.<\/p>\n<p>I samband med talkot skickades en enk\u00e4t ocks\u00e5 till hyresg\u00e4sterna f\u00f6r att fr\u00e5ga om deras synpunkter p\u00e5 de tips och kommunikationskanaler som valts. Av de 142 inv\u00e5nare som svarade p\u00e5 enk\u00e4ten ans\u00e5g mer \u00e4n 88% att energibesparingstipsen i talkot var nyttiga och enkla att genomf\u00f6ra. Bland de svarande var det \u00f6verl\u00e4gset popul\u00e4raste s\u00e4ttet (72% av de svarande) att f\u00e5 information om energif\u00f6rbrukningen i sina hem via e-post.<\/p>\n<p>Den fria feedbacken ber\u00f6mde talkot f\u00f6r dess aktualitet, men man ins\u00e5g ocks\u00e5 energif\u00f6rbrukningens inverkan p\u00e5 klimatf\u00f6r\u00e4ndringen. Tipsen ans\u00e5gs vara roliga och l\u00e4tta att genomf\u00f6ra.<\/p>\n<p><em>&#8221;T\u00e4vlingen och kampanjen utmanade mig att vara mer kreativ n\u00e4r det g\u00e4ller energibesparing. Tipsen som gavs var de vanliga, och eftersom jag redan till\u00e4mpade de flesta av dem, blev jag uppmuntrad att till\u00e4mpa fler id\u00e9er. En annan viktig id\u00e9 var k\u00e4nslan av gemenskap \u2013 det k\u00e4ndes som om alla boende nu fungerade tillsammans.&#8221;<\/em><\/p>\n<p><em>&#8221;Det fanns m\u00e5nga tips som var l\u00e4tta att oms\u00e4tta i praktiken och g\u00f6ra till en vana. Jag tror att liknande kampanjer \u00e4r anv\u00e4ndbara och viktiga eftersom de uppn\u00e5r n\u00e5got konkret.&#8221;<\/em><\/p>\n<p><em>\u201dDen h\u00e4r typen av kampanj \u00e4r viktig och v\u00e4ldigt aktuell, samt ett bra s\u00e4tt att uppm\u00e4rksamma <\/em><em>hyresg\u00e4sterna p\u00e5 sin egen konsumtion.&#8221;<\/em><\/p>\n<p>Baserat p\u00e5 feedbacken kommer kommunikationen kring energi att forts\u00e4tta \u00e4ven i framtiden. En ny kampanj om energif\u00f6rbrukning planeras f\u00f6r \u00e5r 2023.<\/p>\n","protected":false},"excerpt":{"rendered":"<p>Mellan oktober 2022 och februari 2023 genomf\u00f6rde TYS ett energibesparingstalko f\u00f6r hyresg\u00e4sterna, f\u00f6r att uppmuntra&#8230;<\/p>\n","protected":false},"author":2,"featured_media":23938,"comment_status":"closed","ping_status":"open","sticky":false,"template":"","format":"standard","meta":{"footnotes":""},"categories":[38],"tags":[],"class_list":{"0":"post-25177","1":"post","2":"type-post","3":"status-publish","4":"format-standard","5":"has-post-thumbnail","7":"category-nyheter-sv"},"yoast_head":"<!-- This site is optimized with the Yoast SEO plugin v27.5 - https:\/\/yoast.com\/product\/yoast-seo-wordpress\/ -->\n<title>TYS energibesparingstalko utmanar hyresg\u00e4sterna att t\u00e4nka p\u00e5 sin el- och vattenf\u00f6rbrukning | TYS | Turun Ylioppilaskyl\u00e4s\u00e4\u00e4ti\u00f6<\/title>\n<meta name=\"robots\" content=\"index, follow, max-snippet:-1, max-image-preview:large, max-video-preview:-1\" \/>\n<link rel=\"canonical\" href=\"https:\/\/tys.fi\/sv\/tys-energibesparingstalko-utmanar-hyresgasterna-att-tanka-pa-sin-el-och-vattenforbrukning\" \/>\n<meta property=\"og:locale\" content=\"sv_SE\" \/>\n<meta property=\"og:type\" content=\"article\" \/>\n<meta property=\"og:title\" content=\"TYS energibesparingstalko utmanar hyresg\u00e4sterna att t\u00e4nka p\u00e5 sin el- och vattenf\u00f6rbrukning | TYS | Turun Ylioppilaskyl\u00e4s\u00e4\u00e4ti\u00f6\" \/>\n<meta property=\"og:description\" content=\"Mellan oktober 2022 och februari 2023 genomf\u00f6rde TYS ett energibesparingstalko f\u00f6r hyresg\u00e4sterna, f\u00f6r att uppmuntra...\" \/>\n<meta property=\"og:url\" content=\"https:\/\/tys.fi\/sv\/tys-energibesparingstalko-utmanar-hyresgasterna-att-tanka-pa-sin-el-och-vattenforbrukning\" \/>\n<meta property=\"og:site_name\" content=\"Turun Ylioppilaskyl&auml;s&auml;&auml;ti&ouml;\" \/>\n<meta property=\"article:publisher\" content=\"https:\/\/www.facebook.com\/tysturku\/\" \/>\n<meta property=\"article:published_time\" content=\"2023-06-13T08:59:22+00:00\" \/>\n<meta property=\"article:modified_time\" content=\"2023-06-21T12:26:25+00:00\" \/>\n<meta property=\"og:image\" content=\"https:\/\/tys.fi\/wp-content\/uploads\/2022\/10\/Energiansaastotalkoot_banneri_sv-scaled.jpg\" \/>\n\t<meta property=\"og:image:width\" content=\"2560\" \/>\n\t<meta property=\"og:image:height\" content=\"1707\" \/>\n\t<meta property=\"og:image:type\" content=\"image\/jpeg\" \/>\n<meta name=\"author\" content=\"Marja Aapalahti\" \/>\n<meta name=\"twitter:card\" content=\"summary_large_image\" \/>\n<meta name=\"twitter:creator\" content=\"@tysturku\" \/>\n<meta name=\"twitter:site\" content=\"@tysturku\" \/>\n<meta name=\"twitter:label1\" content=\"Skriven av\" \/>\n\t<meta name=\"twitter:data1\" content=\"Marja Aapalahti\" \/>\n\t<meta name=\"twitter:label2\" content=\"Ber\u00e4knad l\u00e4stid\" \/>\n\t<meta name=\"twitter:data2\" content=\"5 minuter\" \/>\n<script type=\"application\/ld+json\" class=\"yoast-schema-graph\">{\"@context\":\"https:\\\/\\\/schema.org\",\"@graph\":[{\"@type\":\"Article\",\"@id\":\"https:\\\/\\\/tys.fi\\\/sv\\\/tys-energibesparingstalko-utmanar-hyresgasterna-att-tanka-pa-sin-el-och-vattenforbrukning#article\",\"isPartOf\":{\"@id\":\"https:\\\/\\\/tys.fi\\\/sv\\\/tys-energibesparingstalko-utmanar-hyresgasterna-att-tanka-pa-sin-el-och-vattenforbrukning\"},\"author\":{\"name\":\"Marja Aapalahti\",\"@id\":\"https:\\\/\\\/tys.fi\\\/#\\\/schema\\\/person\\\/c1f87ee6d97815ab24d89b5ad67f8718\"},\"headline\":\"TYS energibesparingstalko utmanar hyresg\u00e4sterna att t\u00e4nka p\u00e5 sin el- och vattenf\u00f6rbrukning\",\"datePublished\":\"2023-06-13T08:59:22+00:00\",\"dateModified\":\"2023-06-21T12:26:25+00:00\",\"mainEntityOfPage\":{\"@id\":\"https:\\\/\\\/tys.fi\\\/sv\\\/tys-energibesparingstalko-utmanar-hyresgasterna-att-tanka-pa-sin-el-och-vattenforbrukning\"},\"wordCount\":976,\"publisher\":{\"@id\":\"https:\\\/\\\/tys.fi\\\/#organization\"},\"image\":{\"@id\":\"https:\\\/\\\/tys.fi\\\/sv\\\/tys-energibesparingstalko-utmanar-hyresgasterna-att-tanka-pa-sin-el-och-vattenforbrukning#primaryimage\"},\"thumbnailUrl\":\"https:\\\/\\\/tys.fi\\\/wp-content\\\/uploads\\\/2022\\\/10\\\/Energiansaastotalkoot_banneri_sv-scaled.jpg\",\"articleSection\":[\"Nyheter\"],\"inLanguage\":\"sv-SE\"},{\"@type\":\"WebPage\",\"@id\":\"https:\\\/\\\/tys.fi\\\/sv\\\/tys-energibesparingstalko-utmanar-hyresgasterna-att-tanka-pa-sin-el-och-vattenforbrukning\",\"url\":\"https:\\\/\\\/tys.fi\\\/sv\\\/tys-energibesparingstalko-utmanar-hyresgasterna-att-tanka-pa-sin-el-och-vattenforbrukning\",\"name\":\"TYS energibesparingstalko utmanar hyresg\u00e4sterna att t\u00e4nka p\u00e5 sin el- och vattenf\u00f6rbrukning | TYS | Turun Ylioppilaskyl\u00e4s\u00e4\u00e4ti\u00f6\",\"isPartOf\":{\"@id\":\"https:\\\/\\\/tys.fi\\\/#website\"},\"primaryImageOfPage\":{\"@id\":\"https:\\\/\\\/tys.fi\\\/sv\\\/tys-energibesparingstalko-utmanar-hyresgasterna-att-tanka-pa-sin-el-och-vattenforbrukning#primaryimage\"},\"image\":{\"@id\":\"https:\\\/\\\/tys.fi\\\/sv\\\/tys-energibesparingstalko-utmanar-hyresgasterna-att-tanka-pa-sin-el-och-vattenforbrukning#primaryimage\"},\"thumbnailUrl\":\"https:\\\/\\\/tys.fi\\\/wp-content\\\/uploads\\\/2022\\\/10\\\/Energiansaastotalkoot_banneri_sv-scaled.jpg\",\"datePublished\":\"2023-06-13T08:59:22+00:00\",\"dateModified\":\"2023-06-21T12:26:25+00:00\",\"breadcrumb\":{\"@id\":\"https:\\\/\\\/tys.fi\\\/sv\\\/tys-energibesparingstalko-utmanar-hyresgasterna-att-tanka-pa-sin-el-och-vattenforbrukning#breadcrumb\"},\"inLanguage\":\"sv-SE\",\"potentialAction\":[{\"@type\":\"ReadAction\",\"target\":[\"https:\\\/\\\/tys.fi\\\/sv\\\/tys-energibesparingstalko-utmanar-hyresgasterna-att-tanka-pa-sin-el-och-vattenforbrukning\"]}]},{\"@type\":\"ImageObject\",\"inLanguage\":\"sv-SE\",\"@id\":\"https:\\\/\\\/tys.fi\\\/sv\\\/tys-energibesparingstalko-utmanar-hyresgasterna-att-tanka-pa-sin-el-och-vattenforbrukning#primaryimage\",\"url\":\"https:\\\/\\\/tys.fi\\\/wp-content\\\/uploads\\\/2022\\\/10\\\/Energiansaastotalkoot_banneri_sv-scaled.jpg\",\"contentUrl\":\"https:\\\/\\\/tys.fi\\\/wp-content\\\/uploads\\\/2022\\\/10\\\/Energiansaastotalkoot_banneri_sv-scaled.jpg\",\"width\":2560,\"height\":1707,\"caption\":\"Woman switching on light near light wall, closeup\"},{\"@type\":\"BreadcrumbList\",\"@id\":\"https:\\\/\\\/tys.fi\\\/sv\\\/tys-energibesparingstalko-utmanar-hyresgasterna-att-tanka-pa-sin-el-och-vattenforbrukning#breadcrumb\",\"itemListElement\":[{\"@type\":\"ListItem\",\"position\":1,\"name\":\"Home\",\"item\":\"https:\\\/\\\/tys.fi\\\/sv\"},{\"@type\":\"ListItem\",\"position\":2,\"name\":\"TYS energibesparingstalko utmanar hyresg\u00e4sterna att t\u00e4nka p\u00e5 sin el- och vattenf\u00f6rbrukning\"}]},{\"@type\":\"WebSite\",\"@id\":\"https:\\\/\\\/tys.fi\\\/#website\",\"url\":\"https:\\\/\\\/tys.fi\\\/\",\"name\":\"Turun Ylioppilaskyl\u00e4s\u00e4\u00e4ti\u00f6\",\"description\":\"Vuokra-asunnot Turku\",\"publisher\":{\"@id\":\"https:\\\/\\\/tys.fi\\\/#organization\"},\"potentialAction\":[{\"@type\":\"SearchAction\",\"target\":{\"@type\":\"EntryPoint\",\"urlTemplate\":\"https:\\\/\\\/tys.fi\\\/?s={search_term_string}\"},\"query-input\":{\"@type\":\"PropertyValueSpecification\",\"valueRequired\":true,\"valueName\":\"search_term_string\"}}],\"inLanguage\":\"sv-SE\"},{\"@type\":\"Organization\",\"@id\":\"https:\\\/\\\/tys.fi\\\/#organization\",\"name\":\"TYS\",\"url\":\"https:\\\/\\\/tys.fi\\\/\",\"logo\":{\"@type\":\"ImageObject\",\"inLanguage\":\"sv-SE\",\"@id\":\"https:\\\/\\\/tys.fi\\\/#\\\/schema\\\/logo\\\/image\\\/\",\"url\":\"https:\\\/\\\/tys.fi\\\/wp-content\\\/uploads\\\/2019\\\/03\\\/TYS-Logo_Green_500px.png\",\"contentUrl\":\"https:\\\/\\\/tys.fi\\\/wp-content\\\/uploads\\\/2019\\\/03\\\/TYS-Logo_Green_500px.png\",\"width\":500,\"height\":232,\"caption\":\"TYS\"},\"image\":{\"@id\":\"https:\\\/\\\/tys.fi\\\/#\\\/schema\\\/logo\\\/image\\\/\"},\"sameAs\":[\"https:\\\/\\\/www.facebook.com\\\/tysturku\\\/\",\"https:\\\/\\\/x.com\\\/tysturku\",\"https:\\\/\\\/www.instagram.com\\\/tysturku\\\/\",\"https:\\\/\\\/www.linkedin.com\\\/company\\\/tysturku\\\/\",\"https:\\\/\\\/www.youtube.com\\\/channel\\\/UCjKOs8BOiY0SORCB0WWixlw?view_as=subscriber\",\"https:\\\/\\\/fi.wikipedia.org\\\/wiki\\\/Turun_ylioppilaskyl\u00e4s\u00e4\u00e4ti\u00f6\"]},{\"@type\":\"Person\",\"@id\":\"https:\\\/\\\/tys.fi\\\/#\\\/schema\\\/person\\\/c1f87ee6d97815ab24d89b5ad67f8718\",\"name\":\"Marja Aapalahti\",\"url\":\"https:\\\/\\\/tys.fi\\\/sv\\\/author\\\/marja\"}]}<\/script>\n<!-- \/ Yoast SEO plugin. -->","yoast_head_json":{"title":"TYS energibesparingstalko utmanar hyresg\u00e4sterna att t\u00e4nka p\u00e5 sin el- och vattenf\u00f6rbrukning | TYS | Turun Ylioppilaskyl\u00e4s\u00e4\u00e4ti\u00f6","robots":{"index":"index","follow":"follow","max-snippet":"max-snippet:-1","max-image-preview":"max-image-preview:large","max-video-preview":"max-video-preview:-1"},"canonical":"https:\/\/tys.fi\/sv\/tys-energibesparingstalko-utmanar-hyresgasterna-att-tanka-pa-sin-el-och-vattenforbrukning","og_locale":"sv_SE","og_type":"article","og_title":"TYS energibesparingstalko utmanar hyresg\u00e4sterna att t\u00e4nka p\u00e5 sin el- och vattenf\u00f6rbrukning | TYS | Turun Ylioppilaskyl\u00e4s\u00e4\u00e4ti\u00f6","og_description":"Mellan oktober 2022 och februari 2023 genomf\u00f6rde TYS ett energibesparingstalko f\u00f6r hyresg\u00e4sterna, f\u00f6r att uppmuntra...","og_url":"https:\/\/tys.fi\/sv\/tys-energibesparingstalko-utmanar-hyresgasterna-att-tanka-pa-sin-el-och-vattenforbrukning","og_site_name":"Turun Ylioppilaskyl&auml;s&auml;&auml;ti&ouml;","article_publisher":"https:\/\/www.facebook.com\/tysturku\/","article_published_time":"2023-06-13T08:59:22+00:00","article_modified_time":"2023-06-21T12:26:25+00:00","og_image":[{"width":2560,"height":1707,"url":"https:\/\/tys.fi\/wp-content\/uploads\/2022\/10\/Energiansaastotalkoot_banneri_sv-scaled.jpg","type":"image\/jpeg"}],"author":"Marja Aapalahti","twitter_card":"summary_large_image","twitter_creator":"@tysturku","twitter_site":"@tysturku","twitter_misc":{"Skriven av":"Marja Aapalahti","Ber\u00e4knad l\u00e4stid":"5 minuter"},"schema":{"@context":"https:\/\/schema.org","@graph":[{"@type":"Article","@id":"https:\/\/tys.fi\/sv\/tys-energibesparingstalko-utmanar-hyresgasterna-att-tanka-pa-sin-el-och-vattenforbrukning#article","isPartOf":{"@id":"https:\/\/tys.fi\/sv\/tys-energibesparingstalko-utmanar-hyresgasterna-att-tanka-pa-sin-el-och-vattenforbrukning"},"author":{"name":"Marja Aapalahti","@id":"https:\/\/tys.fi\/#\/schema\/person\/c1f87ee6d97815ab24d89b5ad67f8718"},"headline":"TYS energibesparingstalko utmanar hyresg\u00e4sterna att t\u00e4nka p\u00e5 sin el- och vattenf\u00f6rbrukning","datePublished":"2023-06-13T08:59:22+00:00","dateModified":"2023-06-21T12:26:25+00:00","mainEntityOfPage":{"@id":"https:\/\/tys.fi\/sv\/tys-energibesparingstalko-utmanar-hyresgasterna-att-tanka-pa-sin-el-och-vattenforbrukning"},"wordCount":976,"publisher":{"@id":"https:\/\/tys.fi\/#organization"},"image":{"@id":"https:\/\/tys.fi\/sv\/tys-energibesparingstalko-utmanar-hyresgasterna-att-tanka-pa-sin-el-och-vattenforbrukning#primaryimage"},"thumbnailUrl":"https:\/\/tys.fi\/wp-content\/uploads\/2022\/10\/Energiansaastotalkoot_banneri_sv-scaled.jpg","articleSection":["Nyheter"],"inLanguage":"sv-SE"},{"@type":"WebPage","@id":"https:\/\/tys.fi\/sv\/tys-energibesparingstalko-utmanar-hyresgasterna-att-tanka-pa-sin-el-och-vattenforbrukning","url":"https:\/\/tys.fi\/sv\/tys-energibesparingstalko-utmanar-hyresgasterna-att-tanka-pa-sin-el-och-vattenforbrukning","name":"TYS energibesparingstalko utmanar hyresg\u00e4sterna att t\u00e4nka p\u00e5 sin el- och vattenf\u00f6rbrukning | TYS | Turun Ylioppilaskyl\u00e4s\u00e4\u00e4ti\u00f6","isPartOf":{"@id":"https:\/\/tys.fi\/#website"},"primaryImageOfPage":{"@id":"https:\/\/tys.fi\/sv\/tys-energibesparingstalko-utmanar-hyresgasterna-att-tanka-pa-sin-el-och-vattenforbrukning#primaryimage"},"image":{"@id":"https:\/\/tys.fi\/sv\/tys-energibesparingstalko-utmanar-hyresgasterna-att-tanka-pa-sin-el-och-vattenforbrukning#primaryimage"},"thumbnailUrl":"https:\/\/tys.fi\/wp-content\/uploads\/2022\/10\/Energiansaastotalkoot_banneri_sv-scaled.jpg","datePublished":"2023-06-13T08:59:22+00:00","dateModified":"2023-06-21T12:26:25+00:00","breadcrumb":{"@id":"https:\/\/tys.fi\/sv\/tys-energibesparingstalko-utmanar-hyresgasterna-att-tanka-pa-sin-el-och-vattenforbrukning#breadcrumb"},"inLanguage":"sv-SE","potentialAction":[{"@type":"ReadAction","target":["https:\/\/tys.fi\/sv\/tys-energibesparingstalko-utmanar-hyresgasterna-att-tanka-pa-sin-el-och-vattenforbrukning"]}]},{"@type":"ImageObject","inLanguage":"sv-SE","@id":"https:\/\/tys.fi\/sv\/tys-energibesparingstalko-utmanar-hyresgasterna-att-tanka-pa-sin-el-och-vattenforbrukning#primaryimage","url":"https:\/\/tys.fi\/wp-content\/uploads\/2022\/10\/Energiansaastotalkoot_banneri_sv-scaled.jpg","contentUrl":"https:\/\/tys.fi\/wp-content\/uploads\/2022\/10\/Energiansaastotalkoot_banneri_sv-scaled.jpg","width":2560,"height":1707,"caption":"Woman switching on light near light wall, closeup"},{"@type":"BreadcrumbList","@id":"https:\/\/tys.fi\/sv\/tys-energibesparingstalko-utmanar-hyresgasterna-att-tanka-pa-sin-el-och-vattenforbrukning#breadcrumb","itemListElement":[{"@type":"ListItem","position":1,"name":"Home","item":"https:\/\/tys.fi\/sv"},{"@type":"ListItem","position":2,"name":"TYS energibesparingstalko utmanar hyresg\u00e4sterna att t\u00e4nka p\u00e5 sin el- och vattenf\u00f6rbrukning"}]},{"@type":"WebSite","@id":"https:\/\/tys.fi\/#website","url":"https:\/\/tys.fi\/","name":"Turun Ylioppilaskyl\u00e4s\u00e4\u00e4ti\u00f6","description":"Vuokra-asunnot Turku","publisher":{"@id":"https:\/\/tys.fi\/#organization"},"potentialAction":[{"@type":"SearchAction","target":{"@type":"EntryPoint","urlTemplate":"https:\/\/tys.fi\/?s={search_term_string}"},"query-input":{"@type":"PropertyValueSpecification","valueRequired":true,"valueName":"search_term_string"}}],"inLanguage":"sv-SE"},{"@type":"Organization","@id":"https:\/\/tys.fi\/#organization","name":"TYS","url":"https:\/\/tys.fi\/","logo":{"@type":"ImageObject","inLanguage":"sv-SE","@id":"https:\/\/tys.fi\/#\/schema\/logo\/image\/","url":"https:\/\/tys.fi\/wp-content\/uploads\/2019\/03\/TYS-Logo_Green_500px.png","contentUrl":"https:\/\/tys.fi\/wp-content\/uploads\/2019\/03\/TYS-Logo_Green_500px.png","width":500,"height":232,"caption":"TYS"},"image":{"@id":"https:\/\/tys.fi\/#\/schema\/logo\/image\/"},"sameAs":["https:\/\/www.facebook.com\/tysturku\/","https:\/\/x.com\/tysturku","https:\/\/www.instagram.com\/tysturku\/","https:\/\/www.linkedin.com\/company\/tysturku\/","https:\/\/www.youtube.com\/channel\/UCjKOs8BOiY0SORCB0WWixlw?view_as=subscriber","https:\/\/fi.wikipedia.org\/wiki\/Turun_ylioppilaskyl\u00e4s\u00e4\u00e4ti\u00f6"]},{"@type":"Person","@id":"https:\/\/tys.fi\/#\/schema\/person\/c1f87ee6d97815ab24d89b5ad67f8718","name":"Marja Aapalahti","url":"https:\/\/tys.fi\/sv\/author\/marja"}]}},"_links":{"self":[{"href":"https:\/\/tys.fi\/sv\/wp-json\/wp\/v2\/posts\/25177","targetHints":{"allow":["GET"]}}],"collection":[{"href":"https:\/\/tys.fi\/sv\/wp-json\/wp\/v2\/posts"}],"about":[{"href":"https:\/\/tys.fi\/sv\/wp-json\/wp\/v2\/types\/post"}],"author":[{"embeddable":true,"href":"https:\/\/tys.fi\/sv\/wp-json\/wp\/v2\/users\/2"}],"replies":[{"embeddable":true,"href":"https:\/\/tys.fi\/sv\/wp-json\/wp\/v2\/comments?post=25177"}],"version-history":[{"count":1,"href":"https:\/\/tys.fi\/sv\/wp-json\/wp\/v2\/posts\/25177\/revisions"}],"predecessor-version":[{"id":25178,"href":"https:\/\/tys.fi\/sv\/wp-json\/wp\/v2\/posts\/25177\/revisions\/25178"}],"wp:featuredmedia":[{"embeddable":true,"href":"https:\/\/tys.fi\/sv\/wp-json\/wp\/v2\/media\/23938"}],"wp:attachment":[{"href":"https:\/\/tys.fi\/sv\/wp-json\/wp\/v2\/media?parent=25177"}],"wp:term":[{"taxonomy":"category","embeddable":true,"href":"https:\/\/tys.fi\/sv\/wp-json\/wp\/v2\/categories?post=25177"},{"taxonomy":"post_tag","embeddable":true,"href":"https:\/\/tys.fi\/sv\/wp-json\/wp\/v2\/tags?post=25177"}],"curies":[{"name":"wp","href":"https:\/\/api.w.org\/{rel}","templated":true}]}}