{"id":24431,"date":"2023-01-27T12:54:44","date_gmt":"2023-01-27T10:54:44","guid":{"rendered":"https:\/\/tys.fi\/?p=24431"},"modified":"2023-01-27T13:13:59","modified_gmt":"2023-01-27T11:13:59","slug":"forbered-dig-i-forvag-pa-eventuella-elavbrott","status":"publish","type":"post","link":"https:\/\/tys.fi\/sv\/forbered-dig-i-forvag-pa-eventuella-elavbrott","title":{"rendered":"F\u00f6rbered dig i f\u00f6rv\u00e4g p\u00e5 eventuella elavbrott"},"content":{"rendered":"<p>Det kan bli elavbrott i Finland p\u00e5 grund av elbrist, vilket ocks\u00e5 kan p\u00e5verka TYS bostadsobjekt. F\u00f6r n\u00e4rvarande antas eventuella elavbrott p\u00e5g\u00e5 i cirka tv\u00e5 timmar, men ingen har definitiv information. Du kan minska risken f\u00f6r elavbrott genom att undvika elf\u00f6rbrukning vid tidpunkterna kl. 8\u201310, kl. 16\u201317 och kl. 19\u201320.<\/p>\n<p>TYS f\u00f6rs\u00f6ker meddela sina hyresg\u00e4ster om kommande elavbrott i f\u00f6rv\u00e4g, men ett elavbrott kan b\u00f6rja med s\u00e5 kort varsel att det \u00e4r om\u00f6jligt att meddela i f\u00f6rv\u00e4g. D\u00e4rf\u00f6r b\u00f6r hyresg\u00e4ster vara f\u00f6rberedda p\u00e5 eventuella elavbrott i f\u00f6rv\u00e4g. Nedan hittar du information om hur du f\u00f6rbereder dig f\u00f6r elavbrott, vad du ska g\u00f6ra vid ett elavbrott och hur ett elavbrott p\u00e5verkar din bostad.<\/p>\n<h4><span style=\"color: #829974;\"><strong>Hur man f\u00f6rbereder sig f\u00f6r ett elavbrott<\/strong><\/span><\/h4>\n<ul>\n<li>Kontrollera ditt telefonnummer och e-post p\u00e5 dina Hyresg\u00e4stsidor och korrigera vid behov.<br \/>\nTYS kan meddela sina hyresg\u00e4ster via SMS eller e-post om kommande elavbrott. Ditt telefonnummer b\u00f6r ha f\u00f6ljande format: +35840xxxxxxxx.<\/li>\n<li>Se till att ha dricksvatten. Kranar f\u00e5r inte anv\u00e4ndas vid elavbrott.<\/li>\n<li>Se till att du har en ficklampa och batterier.<\/li>\n<li>Undvik att anv\u00e4nda hissen om m\u00f6jlig. Hissd\u00f6rrar kan vara st\u00e4ngda vid ett elavbrott.<\/li>\n<\/ul>\n<h4><span style=\"color: #829974;\">Vad man ska g\u00f6ra under ett elavbrott<\/span><\/h4>\n<ul>\n<li>Ett kort elavbrott p\u00e5 tv\u00e5 timmar eller s\u00e5 p\u00e5verkar inte uppv\u00e4rmningen n\u00e4mnv\u00e4rt. Icke desto mindre b\u00f6r du h\u00e5llabostadssd\u00f6rrarna och f\u00f6nstren st\u00e4ngda och f\u00f6nsterventilerna i vintermilj\u00f6.<\/li>\n<li>Belysningen i din bostad och bostadsobjekt fungerar inte. Var f\u00f6rsiktig n\u00e4r du r\u00f6r dig i din bostad, i andra anl\u00e4ggningar eller utomhus n\u00e4r det \u00e4r m\u00f6rkt.<\/li>\n<li>Undvik att \u00f6ppna kylen eller frysen f\u00f6r att f\u00f6rhindra att inneh\u00e5llet v\u00e4rms upp eller tinar.<\/li>\n<li>Anv\u00e4nd inte kranarna eller duschen eller spola toaletten.<\/li>\n<li>St\u00e4ng av alla elektriska apparater f\u00f6r att f\u00f6rhindra brandrisken n\u00e4r el kommer tillbaka. Du b\u00f6r l\u00e4mna en lampa t\u00e4nd i din<br \/>\nbostad s\u00e5 att du kan se n\u00e4r el kommer tillbaka.<\/li>\n<li>Koppla ur alla extra apparater, som din b\u00e4rbara dator och telefonladdare. NOTERA! Koppla inte ur kylsk\u00e5pet!<\/li>\n<li>Internet kommer inte att fungera. Telefonsamtal och textmeddelanden kanske inte heller fungerar normalt.<\/li>\n<li>Hissar fungerar inte. Hissd\u00f6rrar kan vara st\u00e4ngda vid ett elavbrott.<\/li>\n<li>Tv\u00e4ttstugor kommer inte att vara i drift. Om du tv\u00e4ttar tv\u00e4tt n\u00e4r elbrottet b\u00f6rjar, kan det ha fastnat i maskinen f\u00f6r att<br \/>\nvaraktigheten av elbrottet.<\/li>\n<li>TYS bostadsbyr\u00e5n kommer att vara \u00f6ppet normalt. NOTERA! Om elavbrottet p\u00e5verkar Studentbyn kommer byr\u00e5n inte att ha el och kommer inte att ha sina system att fungera normalt.<\/li>\n<li>H\u00e5ll dig lugn och se till att din granne ocks\u00e5 m\u00e5r bra.<\/li>\n<\/ul>\n<h4><span style=\"color: #829974;\">Efter ett elavbrott<\/span><\/h4>\n<ul>\n<li>Anslut de apparater du beh\u00f6ver.<\/li>\n<li>Efter ett elavbrott kan vattnet som kommer ut ur din kran och dusch vara br\u00e4nnhett och f\u00f6rbli missf\u00e4rgat en kort stund. L\u00e5t vattnet rinna f\u00f6rsiktigt f\u00f6rst. Efter att ha l\u00e5tit det k\u00f6ra b\u00f6r f\u00e4rgen g\u00e5 tillbaka till det normala. Om vattnet f\u00f6rblir missf\u00e4rgat efter att ha l\u00e5tit det rinna eller om du upplever andra problem, v\u00e4nligen fyll i en felanm\u00e4lan p\u00e5 dina hyresg\u00e4stsidor.<\/li>\n<\/ul>\n<h4><span style=\"color: #829974;\">Anv\u00e4ndbara l\u00e4nkar<\/span><\/h4>\n<ul>\n<li>Fingrid \u2013 Information om elbrist: <a href=\"https:\/\/www.fingrid.fi\/sv\/grid\/information-om-elbrist\/fragor-och-svar-om-elbrist\/\">www.fingrid.fi\/sv\/grid\/information-ang\u00e5ende-elbrist\/fr\u00e5gor-och-svar-om-elbrist\/<\/a><\/li>\n<li>Hemberedskap rekommenderad av myndigheter och frivilligorganisationer &#8211; 72 timmar: <a href=\"https:\/\/72timmar.fi\/\">https:\/\/72timmar.fi\/<\/a><\/li>\n<\/ul>\n","protected":false},"excerpt":{"rendered":"<p>Det kan bli elavbrott i Finland p\u00e5 grund av elbrist, vilket ocks\u00e5 kan p\u00e5verka TYS&#8230;<\/p>\n","protected":false},"author":2,"featured_media":24432,"comment_status":"closed","ping_status":"open","sticky":false,"template":"","format":"standard","meta":{"footnotes":""},"categories":[38],"tags":[],"class_list":{"0":"post-24431","1":"post","2":"type-post","3":"status-publish","4":"format-standard","5":"has-post-thumbnail","7":"category-nyheter-sv"},"yoast_head":"<!-- This site is optimized with the Yoast SEO plugin v27.5 - https:\/\/yoast.com\/product\/yoast-seo-wordpress\/ -->\n<title>F\u00f6rbered dig i f\u00f6rv\u00e4g p\u00e5 eventuella elavbrott | TYS | Turun Ylioppilaskyl\u00e4s\u00e4\u00e4ti\u00f6<\/title>\n<meta name=\"robots\" content=\"index, follow, max-snippet:-1, max-image-preview:large, max-video-preview:-1\" \/>\n<link rel=\"canonical\" href=\"https:\/\/tys.fi\/sv\/forbered-dig-i-forvag-pa-eventuella-elavbrott\" \/>\n<meta property=\"og:locale\" content=\"sv_SE\" \/>\n<meta property=\"og:type\" content=\"article\" \/>\n<meta property=\"og:title\" content=\"F\u00f6rbered dig i f\u00f6rv\u00e4g p\u00e5 eventuella elavbrott | TYS | Turun Ylioppilaskyl\u00e4s\u00e4\u00e4ti\u00f6\" \/>\n<meta property=\"og:description\" content=\"Det kan bli elavbrott i Finland p\u00e5 grund av elbrist, vilket ocks\u00e5 kan p\u00e5verka TYS...\" \/>\n<meta property=\"og:url\" content=\"https:\/\/tys.fi\/sv\/forbered-dig-i-forvag-pa-eventuella-elavbrott\" \/>\n<meta property=\"og:site_name\" content=\"Turun Ylioppilaskyl&auml;s&auml;&auml;ti&ouml;\" \/>\n<meta property=\"article:publisher\" content=\"https:\/\/www.facebook.com\/tysturku\/\" \/>\n<meta property=\"article:published_time\" content=\"2023-01-27T10:54:44+00:00\" \/>\n<meta property=\"article:modified_time\" content=\"2023-01-27T11:13:59+00:00\" \/>\n<meta property=\"og:image\" content=\"https:\/\/tys.fi\/wp-content\/uploads\/2023\/01\/kynttila2-scaled.jpg\" \/>\n\t<meta property=\"og:image:width\" content=\"2560\" \/>\n\t<meta property=\"og:image:height\" content=\"1707\" \/>\n\t<meta property=\"og:image:type\" content=\"image\/jpeg\" \/>\n<meta name=\"author\" content=\"Marja Aapalahti\" \/>\n<meta name=\"twitter:card\" content=\"summary_large_image\" \/>\n<meta name=\"twitter:creator\" content=\"@tysturku\" \/>\n<meta name=\"twitter:site\" content=\"@tysturku\" \/>\n<meta name=\"twitter:label1\" content=\"Skriven av\" \/>\n\t<meta name=\"twitter:data1\" content=\"Marja Aapalahti\" \/>\n\t<meta name=\"twitter:label2\" content=\"Ber\u00e4knad l\u00e4stid\" \/>\n\t<meta name=\"twitter:data2\" content=\"4 minuter\" \/>\n<script type=\"application\/ld+json\" class=\"yoast-schema-graph\">{\"@context\":\"https:\\\/\\\/schema.org\",\"@graph\":[{\"@type\":\"Article\",\"@id\":\"https:\\\/\\\/tys.fi\\\/sv\\\/forbered-dig-i-forvag-pa-eventuella-elavbrott#article\",\"isPartOf\":{\"@id\":\"https:\\\/\\\/tys.fi\\\/sv\\\/forbered-dig-i-forvag-pa-eventuella-elavbrott\"},\"author\":{\"name\":\"Marja Aapalahti\",\"@id\":\"https:\\\/\\\/tys.fi\\\/#\\\/schema\\\/person\\\/c1f87ee6d97815ab24d89b5ad67f8718\"},\"headline\":\"F\u00f6rbered dig i f\u00f6rv\u00e4g p\u00e5 eventuella elavbrott\",\"datePublished\":\"2023-01-27T10:54:44+00:00\",\"dateModified\":\"2023-01-27T11:13:59+00:00\",\"mainEntityOfPage\":{\"@id\":\"https:\\\/\\\/tys.fi\\\/sv\\\/forbered-dig-i-forvag-pa-eventuella-elavbrott\"},\"wordCount\":605,\"publisher\":{\"@id\":\"https:\\\/\\\/tys.fi\\\/#organization\"},\"image\":{\"@id\":\"https:\\\/\\\/tys.fi\\\/sv\\\/forbered-dig-i-forvag-pa-eventuella-elavbrott#primaryimage\"},\"thumbnailUrl\":\"https:\\\/\\\/tys.fi\\\/wp-content\\\/uploads\\\/2023\\\/01\\\/kynttila2-scaled.jpg\",\"articleSection\":[\"Nyheter\"],\"inLanguage\":\"sv-SE\"},{\"@type\":\"WebPage\",\"@id\":\"https:\\\/\\\/tys.fi\\\/sv\\\/forbered-dig-i-forvag-pa-eventuella-elavbrott\",\"url\":\"https:\\\/\\\/tys.fi\\\/sv\\\/forbered-dig-i-forvag-pa-eventuella-elavbrott\",\"name\":\"F\u00f6rbered dig i f\u00f6rv\u00e4g p\u00e5 eventuella elavbrott | TYS | Turun Ylioppilaskyl\u00e4s\u00e4\u00e4ti\u00f6\",\"isPartOf\":{\"@id\":\"https:\\\/\\\/tys.fi\\\/#website\"},\"primaryImageOfPage\":{\"@id\":\"https:\\\/\\\/tys.fi\\\/sv\\\/forbered-dig-i-forvag-pa-eventuella-elavbrott#primaryimage\"},\"image\":{\"@id\":\"https:\\\/\\\/tys.fi\\\/sv\\\/forbered-dig-i-forvag-pa-eventuella-elavbrott#primaryimage\"},\"thumbnailUrl\":\"https:\\\/\\\/tys.fi\\\/wp-content\\\/uploads\\\/2023\\\/01\\\/kynttila2-scaled.jpg\",\"datePublished\":\"2023-01-27T10:54:44+00:00\",\"dateModified\":\"2023-01-27T11:13:59+00:00\",\"breadcrumb\":{\"@id\":\"https:\\\/\\\/tys.fi\\\/sv\\\/forbered-dig-i-forvag-pa-eventuella-elavbrott#breadcrumb\"},\"inLanguage\":\"sv-SE\",\"potentialAction\":[{\"@type\":\"ReadAction\",\"target\":[\"https:\\\/\\\/tys.fi\\\/sv\\\/forbered-dig-i-forvag-pa-eventuella-elavbrott\"]}]},{\"@type\":\"ImageObject\",\"inLanguage\":\"sv-SE\",\"@id\":\"https:\\\/\\\/tys.fi\\\/sv\\\/forbered-dig-i-forvag-pa-eventuella-elavbrott#primaryimage\",\"url\":\"https:\\\/\\\/tys.fi\\\/wp-content\\\/uploads\\\/2023\\\/01\\\/kynttila2-scaled.jpg\",\"contentUrl\":\"https:\\\/\\\/tys.fi\\\/wp-content\\\/uploads\\\/2023\\\/01\\\/kynttila2-scaled.jpg\",\"width\":2560,\"height\":1707},{\"@type\":\"BreadcrumbList\",\"@id\":\"https:\\\/\\\/tys.fi\\\/sv\\\/forbered-dig-i-forvag-pa-eventuella-elavbrott#breadcrumb\",\"itemListElement\":[{\"@type\":\"ListItem\",\"position\":1,\"name\":\"Home\",\"item\":\"https:\\\/\\\/tys.fi\\\/sv\"},{\"@type\":\"ListItem\",\"position\":2,\"name\":\"F\u00f6rbered dig i f\u00f6rv\u00e4g p\u00e5 eventuella elavbrott\"}]},{\"@type\":\"WebSite\",\"@id\":\"https:\\\/\\\/tys.fi\\\/#website\",\"url\":\"https:\\\/\\\/tys.fi\\\/\",\"name\":\"Turun Ylioppilaskyl\u00e4s\u00e4\u00e4ti\u00f6\",\"description\":\"Vuokra-asunnot Turku\",\"publisher\":{\"@id\":\"https:\\\/\\\/tys.fi\\\/#organization\"},\"potentialAction\":[{\"@type\":\"SearchAction\",\"target\":{\"@type\":\"EntryPoint\",\"urlTemplate\":\"https:\\\/\\\/tys.fi\\\/?s={search_term_string}\"},\"query-input\":{\"@type\":\"PropertyValueSpecification\",\"valueRequired\":true,\"valueName\":\"search_term_string\"}}],\"inLanguage\":\"sv-SE\"},{\"@type\":\"Organization\",\"@id\":\"https:\\\/\\\/tys.fi\\\/#organization\",\"name\":\"TYS\",\"url\":\"https:\\\/\\\/tys.fi\\\/\",\"logo\":{\"@type\":\"ImageObject\",\"inLanguage\":\"sv-SE\",\"@id\":\"https:\\\/\\\/tys.fi\\\/#\\\/schema\\\/logo\\\/image\\\/\",\"url\":\"https:\\\/\\\/tys.fi\\\/wp-content\\\/uploads\\\/2019\\\/03\\\/TYS-Logo_Green_500px.png\",\"contentUrl\":\"https:\\\/\\\/tys.fi\\\/wp-content\\\/uploads\\\/2019\\\/03\\\/TYS-Logo_Green_500px.png\",\"width\":500,\"height\":232,\"caption\":\"TYS\"},\"image\":{\"@id\":\"https:\\\/\\\/tys.fi\\\/#\\\/schema\\\/logo\\\/image\\\/\"},\"sameAs\":[\"https:\\\/\\\/www.facebook.com\\\/tysturku\\\/\",\"https:\\\/\\\/x.com\\\/tysturku\",\"https:\\\/\\\/www.instagram.com\\\/tysturku\\\/\",\"https:\\\/\\\/www.linkedin.com\\\/company\\\/tysturku\\\/\",\"https:\\\/\\\/www.youtube.com\\\/channel\\\/UCjKOs8BOiY0SORCB0WWixlw?view_as=subscriber\",\"https:\\\/\\\/fi.wikipedia.org\\\/wiki\\\/Turun_ylioppilaskyl\u00e4s\u00e4\u00e4ti\u00f6\"]},{\"@type\":\"Person\",\"@id\":\"https:\\\/\\\/tys.fi\\\/#\\\/schema\\\/person\\\/c1f87ee6d97815ab24d89b5ad67f8718\",\"name\":\"Marja Aapalahti\",\"url\":\"https:\\\/\\\/tys.fi\\\/sv\\\/author\\\/marja\"}]}<\/script>\n<!-- \/ Yoast SEO plugin. -->","yoast_head_json":{"title":"F\u00f6rbered dig i f\u00f6rv\u00e4g p\u00e5 eventuella elavbrott | TYS | Turun Ylioppilaskyl\u00e4s\u00e4\u00e4ti\u00f6","robots":{"index":"index","follow":"follow","max-snippet":"max-snippet:-1","max-image-preview":"max-image-preview:large","max-video-preview":"max-video-preview:-1"},"canonical":"https:\/\/tys.fi\/sv\/forbered-dig-i-forvag-pa-eventuella-elavbrott","og_locale":"sv_SE","og_type":"article","og_title":"F\u00f6rbered dig i f\u00f6rv\u00e4g p\u00e5 eventuella elavbrott | TYS | Turun Ylioppilaskyl\u00e4s\u00e4\u00e4ti\u00f6","og_description":"Det kan bli elavbrott i Finland p\u00e5 grund av elbrist, vilket ocks\u00e5 kan p\u00e5verka TYS...","og_url":"https:\/\/tys.fi\/sv\/forbered-dig-i-forvag-pa-eventuella-elavbrott","og_site_name":"Turun Ylioppilaskyl&auml;s&auml;&auml;ti&ouml;","article_publisher":"https:\/\/www.facebook.com\/tysturku\/","article_published_time":"2023-01-27T10:54:44+00:00","article_modified_time":"2023-01-27T11:13:59+00:00","og_image":[{"width":2560,"height":1707,"url":"https:\/\/tys.fi\/wp-content\/uploads\/2023\/01\/kynttila2-scaled.jpg","type":"image\/jpeg"}],"author":"Marja Aapalahti","twitter_card":"summary_large_image","twitter_creator":"@tysturku","twitter_site":"@tysturku","twitter_misc":{"Skriven av":"Marja Aapalahti","Ber\u00e4knad l\u00e4stid":"4 minuter"},"schema":{"@context":"https:\/\/schema.org","@graph":[{"@type":"Article","@id":"https:\/\/tys.fi\/sv\/forbered-dig-i-forvag-pa-eventuella-elavbrott#article","isPartOf":{"@id":"https:\/\/tys.fi\/sv\/forbered-dig-i-forvag-pa-eventuella-elavbrott"},"author":{"name":"Marja Aapalahti","@id":"https:\/\/tys.fi\/#\/schema\/person\/c1f87ee6d97815ab24d89b5ad67f8718"},"headline":"F\u00f6rbered dig i f\u00f6rv\u00e4g p\u00e5 eventuella elavbrott","datePublished":"2023-01-27T10:54:44+00:00","dateModified":"2023-01-27T11:13:59+00:00","mainEntityOfPage":{"@id":"https:\/\/tys.fi\/sv\/forbered-dig-i-forvag-pa-eventuella-elavbrott"},"wordCount":605,"publisher":{"@id":"https:\/\/tys.fi\/#organization"},"image":{"@id":"https:\/\/tys.fi\/sv\/forbered-dig-i-forvag-pa-eventuella-elavbrott#primaryimage"},"thumbnailUrl":"https:\/\/tys.fi\/wp-content\/uploads\/2023\/01\/kynttila2-scaled.jpg","articleSection":["Nyheter"],"inLanguage":"sv-SE"},{"@type":"WebPage","@id":"https:\/\/tys.fi\/sv\/forbered-dig-i-forvag-pa-eventuella-elavbrott","url":"https:\/\/tys.fi\/sv\/forbered-dig-i-forvag-pa-eventuella-elavbrott","name":"F\u00f6rbered dig i f\u00f6rv\u00e4g p\u00e5 eventuella elavbrott | TYS | Turun Ylioppilaskyl\u00e4s\u00e4\u00e4ti\u00f6","isPartOf":{"@id":"https:\/\/tys.fi\/#website"},"primaryImageOfPage":{"@id":"https:\/\/tys.fi\/sv\/forbered-dig-i-forvag-pa-eventuella-elavbrott#primaryimage"},"image":{"@id":"https:\/\/tys.fi\/sv\/forbered-dig-i-forvag-pa-eventuella-elavbrott#primaryimage"},"thumbnailUrl":"https:\/\/tys.fi\/wp-content\/uploads\/2023\/01\/kynttila2-scaled.jpg","datePublished":"2023-01-27T10:54:44+00:00","dateModified":"2023-01-27T11:13:59+00:00","breadcrumb":{"@id":"https:\/\/tys.fi\/sv\/forbered-dig-i-forvag-pa-eventuella-elavbrott#breadcrumb"},"inLanguage":"sv-SE","potentialAction":[{"@type":"ReadAction","target":["https:\/\/tys.fi\/sv\/forbered-dig-i-forvag-pa-eventuella-elavbrott"]}]},{"@type":"ImageObject","inLanguage":"sv-SE","@id":"https:\/\/tys.fi\/sv\/forbered-dig-i-forvag-pa-eventuella-elavbrott#primaryimage","url":"https:\/\/tys.fi\/wp-content\/uploads\/2023\/01\/kynttila2-scaled.jpg","contentUrl":"https:\/\/tys.fi\/wp-content\/uploads\/2023\/01\/kynttila2-scaled.jpg","width":2560,"height":1707},{"@type":"BreadcrumbList","@id":"https:\/\/tys.fi\/sv\/forbered-dig-i-forvag-pa-eventuella-elavbrott#breadcrumb","itemListElement":[{"@type":"ListItem","position":1,"name":"Home","item":"https:\/\/tys.fi\/sv"},{"@type":"ListItem","position":2,"name":"F\u00f6rbered dig i f\u00f6rv\u00e4g p\u00e5 eventuella elavbrott"}]},{"@type":"WebSite","@id":"https:\/\/tys.fi\/#website","url":"https:\/\/tys.fi\/","name":"Turun Ylioppilaskyl\u00e4s\u00e4\u00e4ti\u00f6","description":"Vuokra-asunnot Turku","publisher":{"@id":"https:\/\/tys.fi\/#organization"},"potentialAction":[{"@type":"SearchAction","target":{"@type":"EntryPoint","urlTemplate":"https:\/\/tys.fi\/?s={search_term_string}"},"query-input":{"@type":"PropertyValueSpecification","valueRequired":true,"valueName":"search_term_string"}}],"inLanguage":"sv-SE"},{"@type":"Organization","@id":"https:\/\/tys.fi\/#organization","name":"TYS","url":"https:\/\/tys.fi\/","logo":{"@type":"ImageObject","inLanguage":"sv-SE","@id":"https:\/\/tys.fi\/#\/schema\/logo\/image\/","url":"https:\/\/tys.fi\/wp-content\/uploads\/2019\/03\/TYS-Logo_Green_500px.png","contentUrl":"https:\/\/tys.fi\/wp-content\/uploads\/2019\/03\/TYS-Logo_Green_500px.png","width":500,"height":232,"caption":"TYS"},"image":{"@id":"https:\/\/tys.fi\/#\/schema\/logo\/image\/"},"sameAs":["https:\/\/www.facebook.com\/tysturku\/","https:\/\/x.com\/tysturku","https:\/\/www.instagram.com\/tysturku\/","https:\/\/www.linkedin.com\/company\/tysturku\/","https:\/\/www.youtube.com\/channel\/UCjKOs8BOiY0SORCB0WWixlw?view_as=subscriber","https:\/\/fi.wikipedia.org\/wiki\/Turun_ylioppilaskyl\u00e4s\u00e4\u00e4ti\u00f6"]},{"@type":"Person","@id":"https:\/\/tys.fi\/#\/schema\/person\/c1f87ee6d97815ab24d89b5ad67f8718","name":"Marja Aapalahti","url":"https:\/\/tys.fi\/sv\/author\/marja"}]}},"_links":{"self":[{"href":"https:\/\/tys.fi\/sv\/wp-json\/wp\/v2\/posts\/24431","targetHints":{"allow":["GET"]}}],"collection":[{"href":"https:\/\/tys.fi\/sv\/wp-json\/wp\/v2\/posts"}],"about":[{"href":"https:\/\/tys.fi\/sv\/wp-json\/wp\/v2\/types\/post"}],"author":[{"embeddable":true,"href":"https:\/\/tys.fi\/sv\/wp-json\/wp\/v2\/users\/2"}],"replies":[{"embeddable":true,"href":"https:\/\/tys.fi\/sv\/wp-json\/wp\/v2\/comments?post=24431"}],"version-history":[{"count":3,"href":"https:\/\/tys.fi\/sv\/wp-json\/wp\/v2\/posts\/24431\/revisions"}],"predecessor-version":[{"id":24443,"href":"https:\/\/tys.fi\/sv\/wp-json\/wp\/v2\/posts\/24431\/revisions\/24443"}],"wp:featuredmedia":[{"embeddable":true,"href":"https:\/\/tys.fi\/sv\/wp-json\/wp\/v2\/media\/24432"}],"wp:attachment":[{"href":"https:\/\/tys.fi\/sv\/wp-json\/wp\/v2\/media?parent=24431"}],"wp:term":[{"taxonomy":"category","embeddable":true,"href":"https:\/\/tys.fi\/sv\/wp-json\/wp\/v2\/categories?post=24431"},{"taxonomy":"post_tag","embeddable":true,"href":"https:\/\/tys.fi\/sv\/wp-json\/wp\/v2\/tags?post=24431"}],"curies":[{"name":"wp","href":"https:\/\/api.w.org\/{rel}","templated":true}]}}