{"id":24024,"date":"2022-10-27T08:05:37","date_gmt":"2022-10-27T05:05:37","guid":{"rendered":"https:\/\/tys.fi\/?p=24024"},"modified":"2022-10-27T11:46:03","modified_gmt":"2022-10-27T08:46:03","slug":"turun-ylioppilaskylasaation-vuokria-tarkistetaan-vuodelle-2023","status":"publish","type":"post","link":"https:\/\/tys.fi\/sv\/turun-ylioppilaskylasaation-vuokria-tarkistetaan-vuodelle-2023","title":{"rendered":"Studenbystiftelsen i \u00c5bo justerar sina hyror f\u00f6r 2023"},"content":{"rendered":"<p>Med st\u00f6d i hyreslagens 3 kapitel 32 \u00a7 justeras fr\u00e5n och med 1.1.2023 bostadshyrorna i Studentbystiftelsen i \u00c5bo fastigheter, p\u00e5 grund av \u00f6kade kostnader. Senaste hyresjustering \u00e4gde rum \u00e5r 2020. Bostadshyrorna h\u00f6js med i genomsnitt 1\u20133 % beroende p\u00e5 objekt och typ av bostad. P\u00e5 grund av \u00f6kade energikostnader tillkommer f\u00f6r varje bostad dessutom en ber\u00e4knad h\u00f6jning p\u00e5 0,51 eur\/m\u00b2\/m\u00e5n.<\/p>\n<p>Bostadshyrorna f\u00f6r utbytesstudenter h\u00f6js med 0,51 eur\/m2\/m\u00e5nad. I \u00f6vrigt justeras bostadshyrorna f\u00f6r utbytesstudenterna inte, utan f\u00f6ljande hyresjustering sker 1.8.2023.<\/p>\n<p>TYS bostadshyror best\u00e4ms p\u00e5 sj\u00e4lvkostnadsgrund i enlighet med ARA:s f\u00f6reskrifter och direktiv. Sj\u00e4lvkostnadsprincipen inneb\u00e4r att hyra f\u00f6r bostadsl\u00e4genheten f\u00e5r tas ut av hyresg\u00e4sterna till h\u00f6gst det belopp som ut\u00f6ver \u00f6vriga int\u00e4kter beh\u00f6vs f\u00f6r finansieringen av bost\u00e4derna och lokaler i anslutning till dem samt utgifterna f\u00f6r god fastighetsh\u00e5llning. I enlighet med best\u00e4mmelserna om samf\u00f6rvaltning i hyreshus har ocks\u00e5 hyresg\u00e4stkommitt\u00e9erna haft m\u00f6jlighet att yttra sig ang\u00e5ende budgeten.<\/p>\n<p>Styrelsen f\u00f6r Studentbystiftelsen i \u00c5bo har 12.10.2022 fastst\u00e4llt budgeten f\u00f6r 2023 p\u00e5 basis av justerade hyror och bruksavgifter. Ett meddelande om hyresjusteringarna har skickats per e-post till alla hyresg\u00e4ster. Hyresfakturorna med de justerade hyrorna skickas till hyresg\u00e4sterna i december.<\/p>\n<p><strong>Justering av bilplats- och f\u00f6rr\u00e5dshyror samt m\u00f6belavgifter och \u00f6vriga bruksavgifter<\/strong><\/p>\n<p>Fr\u00e5n och med den 1 januari 2023 sker h\u00f6jningar av parkerings- och f\u00f6rr\u00e5dshyror samt m\u00f6belavgifter och andra nyttjandetill\u00e4gg.<\/p>\n<p>Hyran f\u00f6r bilplatser med elstolpe \u00e4r 15 eur\/m\u00e5n och f\u00f6r bilplats i garaget i Tavasti 30 eur\/m\u00e5n.<\/p>\n<p>F\u00f6rr\u00e5dshyran i Studentbyn \u00f6st och v\u00e4st \u00e4r 8 eur\/m\u00e5n. En eng\u00e5ngsavgift p\u00e5 15 eur uppb\u00e4rs i forts\u00e4ttningen i samband med uthyrning av f\u00f6rr\u00e5d i Studenthusen.<\/p>\n<p>Avgifterna f\u00f6r tv\u00e4ttstuga \u00e4r f\u00f6ljande: 1 kredit\/2,50 eur\/st., 5 krediter\/2 eur\/st. och 10 krediter\/1,80 eur\/st.<\/p>\n<p>M\u00f6belavgiften \u00e4r 20 eur\/m\u00e5n fr\u00e5n och med 1.1.2023 i bost\u00e4derna i Iltakajo, Pilvilinna, Studentbyn \u00f6st och v\u00e4st. H\u00f6jningen av m\u00f6belavgiften beror p\u00e5 att niv\u00e5n p\u00e5 m\u00f6blerna i dessa objekt blir enhetlig. I Ispuri h\u00e5lls m\u00f6belavgiften of\u00f6r\u00e4ndrad och \u00e4r 5 eur\/m\u00e5nad. Den justerade m\u00f6belavgiften g\u00e4ller f\u00f6r avtal som b\u00f6rjar den 1.1.2023 och senare.<\/p>\n<p>Bastuturerna ing\u00e5r forts\u00e4ttningsvis i hyrorna \u00e5r 2023.<\/p>\n<p><strong>Aitiopaikka \u00f6verg\u00e5r till f\u00f6rbrukningsbaserad vattenfakturering<\/strong><\/p>\n<p>Stiftelsens styrelse beslutade \u00e4ven att \u00f6verg\u00e5 till f\u00f6rbrukningsbaserad vattenfakturering i bostadsobjektet Aitiopaikka. Vattnet ing\u00e5r inte l\u00e4ngre i hyran utan faktureras separat fr\u00e5n 1.1.2023, enligt f\u00f6rbrukning. Hyresg\u00e4sterna i Aitiopaikka skickas e-post om \u00f6verg\u00e5ngen till f\u00f6rbrukningsbaserad vattenfakturering.<\/p>\n<h3><strong><br \/>\n<span style=\"color: #829974;\">Vanliga fr\u00e5gor<\/span><\/strong><\/h3>\n<p><strong><br \/>\nVarf\u00f6r h\u00f6jer TYS hyrorna?<\/strong><\/p>\n<p>Med st\u00f6d i hyreslagens 3 kapitel 32 \u00a7 justeras fr\u00e5n och med 1.1.2023 bostadshyrorna i Studentbystiftelsen i \u00c5bo fastigheter, p\u00e5 grund av \u00f6kade kostnader. Senaste hyresjustering \u00e4gde rum \u00e5r 2020.<\/p>\n<p>TYS bostadshyror best\u00e4ms p\u00e5 sj\u00e4lvkostnadsgrund i enlighet med ARA:s f\u00f6reskrifter och direktiv. Sj\u00e4lvkostnadsprincipen inneb\u00e4r att hyra f\u00f6r bostadsl\u00e4genheten f\u00e5r tas ut av hyresg\u00e4sterna till h\u00f6gst det belopp som ut\u00f6ver \u00f6vriga int\u00e4kter beh\u00f6vs f\u00f6r finansieringen av bost\u00e4derna och lokaler i anslutning till dem samt utgifterna f\u00f6r god fastighetsh\u00e5llning.<\/p>\n<p><strong>Varf\u00f6r h\u00f6js hyrorna i vissa bost\u00e4der med 1 % och i andra med 3 %?<\/strong><\/p>\n<p>Hyresbudgeten f\u00f6r bost\u00e4derna ber\u00e4knas utifr\u00e5n uppskattat antal tomma bost\u00e4der. Uppskattningen av nyttjandegraden f\u00f6r \u00e5r 2023 baseras p\u00e5 tidigare \u00e5rs realiserade nyttjandegrad och en uppskattning av f\u00f6r\u00e4ndringar i nyttjandegraden.<\/p>\n<p>Hyrorna h\u00f6js med 3 % i enrumsbost\u00e4der, 2 % i familjel\u00e4genheter och 1 % i bost\u00e4der med delat k\u00f6k och gemensam hall. TYS hyror har redan under en l\u00e4ngre tid justerats enligt bostadstypens popularitet och nyttjandegrad. I de popul\u00e4raste bostadstyperna, d\u00e4r nyttjandegraden \u00e4r god, h\u00f6js hyrorna mer \u00e4n i bostadstyper med tomma bost\u00e4der.<\/p>\n<p>Trots hyresh\u00f6jningarna \u00e4r m\u00e5let fortfarande att hyresniv\u00e5n p\u00e5 TYS bost\u00e4der ligger 15\u201320 % under marknadshyrorna, med h\u00e4nsyn tagen till att \u00e4ven el, vatten och internetuppkoppling ing\u00e5r i j\u00e4mf\u00f6relsen.<\/p>\n<p><strong>Varf\u00f6r debiterar TYS en extra avgift p\u00e5 0,51 eur\/m2\/m\u00e5nad?<\/strong><\/p>\n<p>Budgeten f\u00f6r 2023 har uppr\u00e4ttats under omst\u00e4ndigheter som k\u00e4nnetecknas av en \u00f6kning och eventuell f\u00f6rst\u00e4rkning av f\u00f6r\u00e4ndringsfaktorerna i omv\u00e4rlden. Dessa inkluderar allm\u00e4n ekonomisk os\u00e4kerhet (stigande kostnader, stigande r\u00e4ntor, inflation, konjunktur), tillg\u00e5ng till finansiering och investeringsbidrag (ARA) f\u00f6r nya projekt och renoveringar, f\u00f6r\u00e4ndringar i studiemetoder (distans-\/n\u00e4rutbildning), klimatf\u00f6r\u00e4ndringar och f\u00f6r\u00e4ndringar i s\u00e4kerhetsmilj\u00f6n i Finland och Europa. Uppskattningen av tidpunkten och effekterna av f\u00f6r\u00e4ndringsfaktorerna f\u00f6rsv\u00e5rar den operativa planeringen och budgeteringen. P\u00e5 grund av \u00f6kade energikostnader inneh\u00e5ller budgeten f\u00f6r 2023 en ber\u00e4knad h\u00f6jning p\u00e5 0,51 eur\/m\u00b2\/m\u00e5nad.<\/p>\n<p><strong>Vad grundar sig den separata h\u00f6jningen p\u00e5 0,51 eur\/m2\/m\u00e5nad p\u00e5? Hur har den fastst\u00e4llts?<\/strong><\/p>\n<p>Den \u00e4r en ber\u00e4knad uppskattning av \u00f6kade energikostnader.<br \/>\nP\u00e5 grund av \u00f6kade energikostnader tillkommer en ber\u00e4knad hyresh\u00f6jning p\u00e5 0,51 eur\/m\u00b2\/m\u00e5nad.<\/p>\n<p><strong>Har den den ber\u00e4knade h\u00f6jningen p\u00e5 0,51 eur\/m\u00b2\/m\u00e5nad r\u00e4knats med i min hyra, som st\u00e5r i\u00a0 meddelande om hyresjustering?<\/strong><\/p>\n<p>Ja.<\/p>\n<p><strong>Varf\u00f6r h\u00f6js inte hyrorna f\u00f6r utbytesstudenternas bost\u00e4der lika mycket som f\u00f6r andra bost\u00e4der? <\/strong><\/p>\n<p>Bostadshyrorna f\u00f6r utbytesstudenter h\u00f6js med 0,51 eur\/m2\/m\u00e5nad. I \u00f6vrigt justeras bostadshyrorna f\u00f6r utbytesstudenterna inte, utan f\u00f6ljande hyresjustering sker 1.8.2023. Bostadshyrorna f\u00f6r utbytesstudenter justerades senast 1.8.2022.<\/p>\n<p><strong>Studenternas ekonomiska situation \u00e4r redan sv\u00e5r. Varf\u00f6r h\u00f6jer TYS hyrorna just nu?<\/strong><\/p>\n<p>Bostadshyrorna i Studentbystiftelsen i \u00c5bo fastigheter justeras med st\u00f6d i hyreslagens 3 kapitel 32 \u00a7 p\u00e5 grund av \u00f6kade kostnader.<\/p>\n<p>Bostadshyrorna best\u00e4ms p\u00e5 sj\u00e4lvkostnadsgrund i enlighet med ARA:s f\u00f6reskrifter och direktiv. Sj\u00e4lvkostnadsprincipen inneb\u00e4r att hyra f\u00f6r bostadsl\u00e4genheten f\u00e5r tas ut av hyresg\u00e4sterna till h\u00f6gst det belopp som ut\u00f6ver \u00f6vriga int\u00e4kter beh\u00f6vs f\u00f6r finansieringen av bost\u00e4derna och lokaler i anslutning till dem samt utgifterna f\u00f6r god fastighetsh\u00e5llning.<\/p>\n<p>Varf\u00f6r h\u00f6js hyrorna f\u00f6r bilplatser med elstolpar?<\/p>\n<p>TYS granskar regelbundet sina bruksavgifter. H\u00f6jningen av hyran f\u00f6r bilplatser med elstolpe \u00e4r ocks\u00e5 relaterad till \u00f6kade energikostnader.<\/p>\n<p><strong>Varf\u00f6r \u00e4r priset p\u00e5 en bilplats i Tavasti h\u00f6gre \u00e4n i anda objekt?<\/strong><\/p>\n<p>Tavasti har ett garage, varf\u00f6r priset p\u00e5 en bilplats \u00e4r h\u00f6gre.<\/p>\n<p><strong>Varf\u00f6r stiger f\u00f6rr\u00e5dshyrorna i Studentbyn \u00f6st och v\u00e4st?<\/strong><\/p>\n<p>TYS granskar regelbundet sina bruksavgifter.<\/p>\n<p><strong>Varf\u00f6r uppb\u00e4rs inte hyra f\u00f6r f\u00f6rr\u00e5d i alla bostadsobjekt?<\/strong><\/p>\n<p>De flesta objekten har bostadsspecifika f\u00f6rr\u00e5d till hyresg\u00e4sternas f\u00f6rfogande. Studentbyn och Studenthusen saknar tillr\u00e4ckligt med f\u00f6rr\u00e5d f\u00f6r alla, s\u00e5 de hyresg\u00e4ster som beh\u00f6ver f\u00f6rr\u00e5dsutrymme hyr ett.<\/p>\n<p><strong>Varf\u00f6r debiteras en eng\u00e5ngsavgift f\u00f6r Studenthusens f\u00f6rr\u00e5d men inte f\u00f6r andra?<\/strong><\/p>\n<p>Studenthusens f\u00f6rr\u00e5d \u00e4r snarare f\u00f6rvaringssk\u00e5p \u00e4n f\u00f6rr\u00e5d.<\/p>\n<p><strong>Varf\u00f6r h\u00f6js priserna p\u00e5 tv\u00e4ttkrediter?<\/strong><\/p>\n<p>TYS granskar regelbundet sina bruksavgifter. H\u00f6jningen av priset p\u00e5 tv\u00e4ttkrediter \u00e4r relaterad till \u00f6kade energikostnader.<\/p>\n<p><strong>Varf\u00f6r h\u00f6js m\u00f6belavgifterna? <\/strong><\/p>\n<p>M\u00f6blerna i bost\u00e4derna blir enhetliga och utrustningen f\u00f6rb\u00e4ttras. F\u00f6rb\u00e4ttringen och h\u00f6jningen g\u00e4ller endast nya avtal. Ut\u00f6ver basm\u00f6blerna f\u00e5r bost\u00e4derna med f\u00f6rb\u00e4ttrad utrustning en madrass och en taklampa.<\/p>\n<p><strong>Varf\u00f6r \u00e4r m\u00f6belavgiften inte densamma i alla bostadsobjekt?<\/strong><\/p>\n<p>Utrustningen i Ispuris enrumsbost\u00e4der f\u00f6rb\u00e4ttras inte<strong>.<\/strong><\/p>\n<p><strong>Var finns information om min nya hyra?<\/strong><\/p>\n<p>Den nya hyran n\u00e4mns i meddelandet om hyresjustering och p\u00e5 hyresfakturan du f\u00e5r per e-post i b\u00f6rjan av december.<\/p>\n<p><strong>Kommer hyresbetalningens referensnummer att \u00e4ndras?<\/strong><\/p>\n<p>Det \u00e4ndras inte.<\/p>\n<p><strong>Jag anv\u00e4nder e-fakturering f\u00f6r hyresbetalningen. M\u00e5ste jag g\u00f6ra \u00e4ndringar i e-faktureringen?<\/strong><\/p>\n<p>Det beh\u00f6vs inte.<\/p>\n<p><strong>M\u00e5ste jag ans\u00f6ka om nytt bostadsbidrag?<\/strong><\/p>\n<p>Du b\u00f6r meddela FPA om den nya hyran. FPA f\u00e5r den nya hyran bekr\u00e4ftad av TYS.<\/p>\n<p>&nbsp;<\/p>\n<p><strong>\u00a0<\/strong><\/p>\n<p>&nbsp;<\/p>\n","protected":false},"excerpt":{"rendered":"<p>Med st\u00f6d i hyreslagens 3 kapitel 32 \u00a7 justeras fr\u00e5n och med 1.1.2023 bostadshyrorna i&#8230;<\/p>\n","protected":false},"author":2,"featured_media":13411,"comment_status":"closed","ping_status":"open","sticky":false,"template":"","format":"standard","meta":{"footnotes":""},"categories":[38],"tags":[],"class_list":{"0":"post-24024","1":"post","2":"type-post","3":"status-publish","4":"format-standard","5":"has-post-thumbnail","7":"category-nyheter-sv"},"yoast_head":"<!-- This site is optimized with the Yoast SEO plugin v27.5 - https:\/\/yoast.com\/product\/yoast-seo-wordpress\/ -->\n<title>Studenbystiftelsen i \u00c5bo justerar sina hyror f\u00f6r 2023 | TYS | Turun Ylioppilaskyl\u00e4s\u00e4\u00e4ti\u00f6<\/title>\n<meta name=\"robots\" content=\"index, follow, max-snippet:-1, max-image-preview:large, max-video-preview:-1\" \/>\n<link rel=\"canonical\" href=\"https:\/\/tys.fi\/sv\/turun-ylioppilaskylasaation-vuokria-tarkistetaan-vuodelle-2023\" \/>\n<meta property=\"og:locale\" content=\"sv_SE\" \/>\n<meta property=\"og:type\" content=\"article\" \/>\n<meta property=\"og:title\" content=\"Studenbystiftelsen i \u00c5bo justerar sina hyror f\u00f6r 2023 | TYS | Turun Ylioppilaskyl\u00e4s\u00e4\u00e4ti\u00f6\" \/>\n<meta property=\"og:description\" content=\"Med st\u00f6d i hyreslagens 3 kapitel 32 \u00a7 justeras fr\u00e5n och med 1.1.2023 bostadshyrorna i...\" \/>\n<meta property=\"og:url\" content=\"https:\/\/tys.fi\/sv\/turun-ylioppilaskylasaation-vuokria-tarkistetaan-vuodelle-2023\" \/>\n<meta property=\"og:site_name\" content=\"Turun Ylioppilaskyl&auml;s&auml;&auml;ti&ouml;\" \/>\n<meta property=\"article:publisher\" content=\"https:\/\/www.facebook.com\/tysturku\/\" \/>\n<meta property=\"article:published_time\" content=\"2022-10-27T05:05:37+00:00\" \/>\n<meta property=\"article:modified_time\" content=\"2022-10-27T08:46:03+00:00\" \/>\n<meta property=\"og:image\" content=\"https:\/\/tys.fi\/wp-content\/uploads\/2019\/04\/Tys-vihrea.jpg\" \/>\n\t<meta property=\"og:image:width\" content=\"1200\" \/>\n\t<meta property=\"og:image:height\" content=\"799\" \/>\n\t<meta property=\"og:image:type\" content=\"image\/jpeg\" \/>\n<meta name=\"author\" content=\"Marja Aapalahti\" \/>\n<meta name=\"twitter:card\" content=\"summary_large_image\" \/>\n<meta name=\"twitter:creator\" content=\"@tysturku\" \/>\n<meta name=\"twitter:site\" content=\"@tysturku\" \/>\n<meta name=\"twitter:label1\" content=\"Skriven av\" \/>\n\t<meta name=\"twitter:data1\" content=\"Marja Aapalahti\" \/>\n\t<meta name=\"twitter:label2\" content=\"Ber\u00e4knad l\u00e4stid\" \/>\n\t<meta name=\"twitter:data2\" content=\"7 minuter\" \/>\n<script type=\"application\/ld+json\" class=\"yoast-schema-graph\">{\"@context\":\"https:\\\/\\\/schema.org\",\"@graph\":[{\"@type\":\"Article\",\"@id\":\"https:\\\/\\\/tys.fi\\\/sv\\\/turun-ylioppilaskylasaation-vuokria-tarkistetaan-vuodelle-2023#article\",\"isPartOf\":{\"@id\":\"https:\\\/\\\/tys.fi\\\/sv\\\/turun-ylioppilaskylasaation-vuokria-tarkistetaan-vuodelle-2023\"},\"author\":{\"name\":\"Marja Aapalahti\",\"@id\":\"https:\\\/\\\/tys.fi\\\/#\\\/schema\\\/person\\\/c1f87ee6d97815ab24d89b5ad67f8718\"},\"headline\":\"Studenbystiftelsen i \u00c5bo justerar sina hyror f\u00f6r 2023\",\"datePublished\":\"2022-10-27T05:05:37+00:00\",\"dateModified\":\"2022-10-27T08:46:03+00:00\",\"mainEntityOfPage\":{\"@id\":\"https:\\\/\\\/tys.fi\\\/sv\\\/turun-ylioppilaskylasaation-vuokria-tarkistetaan-vuodelle-2023\"},\"wordCount\":1371,\"publisher\":{\"@id\":\"https:\\\/\\\/tys.fi\\\/#organization\"},\"image\":{\"@id\":\"https:\\\/\\\/tys.fi\\\/sv\\\/turun-ylioppilaskylasaation-vuokria-tarkistetaan-vuodelle-2023#primaryimage\"},\"thumbnailUrl\":\"https:\\\/\\\/tys.fi\\\/wp-content\\\/uploads\\\/2019\\\/04\\\/Tys-vihrea.jpg\",\"articleSection\":[\"Nyheter\"],\"inLanguage\":\"sv-SE\"},{\"@type\":\"WebPage\",\"@id\":\"https:\\\/\\\/tys.fi\\\/sv\\\/turun-ylioppilaskylasaation-vuokria-tarkistetaan-vuodelle-2023\",\"url\":\"https:\\\/\\\/tys.fi\\\/sv\\\/turun-ylioppilaskylasaation-vuokria-tarkistetaan-vuodelle-2023\",\"name\":\"Studenbystiftelsen i \u00c5bo justerar sina hyror f\u00f6r 2023 | TYS | Turun Ylioppilaskyl\u00e4s\u00e4\u00e4ti\u00f6\",\"isPartOf\":{\"@id\":\"https:\\\/\\\/tys.fi\\\/#website\"},\"primaryImageOfPage\":{\"@id\":\"https:\\\/\\\/tys.fi\\\/sv\\\/turun-ylioppilaskylasaation-vuokria-tarkistetaan-vuodelle-2023#primaryimage\"},\"image\":{\"@id\":\"https:\\\/\\\/tys.fi\\\/sv\\\/turun-ylioppilaskylasaation-vuokria-tarkistetaan-vuodelle-2023#primaryimage\"},\"thumbnailUrl\":\"https:\\\/\\\/tys.fi\\\/wp-content\\\/uploads\\\/2019\\\/04\\\/Tys-vihrea.jpg\",\"datePublished\":\"2022-10-27T05:05:37+00:00\",\"dateModified\":\"2022-10-27T08:46:03+00:00\",\"breadcrumb\":{\"@id\":\"https:\\\/\\\/tys.fi\\\/sv\\\/turun-ylioppilaskylasaation-vuokria-tarkistetaan-vuodelle-2023#breadcrumb\"},\"inLanguage\":\"sv-SE\",\"potentialAction\":[{\"@type\":\"ReadAction\",\"target\":[\"https:\\\/\\\/tys.fi\\\/sv\\\/turun-ylioppilaskylasaation-vuokria-tarkistetaan-vuodelle-2023\"]}]},{\"@type\":\"ImageObject\",\"inLanguage\":\"sv-SE\",\"@id\":\"https:\\\/\\\/tys.fi\\\/sv\\\/turun-ylioppilaskylasaation-vuokria-tarkistetaan-vuodelle-2023#primaryimage\",\"url\":\"https:\\\/\\\/tys.fi\\\/wp-content\\\/uploads\\\/2019\\\/04\\\/Tys-vihrea.jpg\",\"contentUrl\":\"https:\\\/\\\/tys.fi\\\/wp-content\\\/uploads\\\/2019\\\/04\\\/Tys-vihrea.jpg\",\"width\":1200,\"height\":799},{\"@type\":\"BreadcrumbList\",\"@id\":\"https:\\\/\\\/tys.fi\\\/sv\\\/turun-ylioppilaskylasaation-vuokria-tarkistetaan-vuodelle-2023#breadcrumb\",\"itemListElement\":[{\"@type\":\"ListItem\",\"position\":1,\"name\":\"Home\",\"item\":\"https:\\\/\\\/tys.fi\\\/sv\"},{\"@type\":\"ListItem\",\"position\":2,\"name\":\"Studenbystiftelsen i \u00c5bo justerar sina hyror f\u00f6r 2023\"}]},{\"@type\":\"WebSite\",\"@id\":\"https:\\\/\\\/tys.fi\\\/#website\",\"url\":\"https:\\\/\\\/tys.fi\\\/\",\"name\":\"Turun Ylioppilaskyl\u00e4s\u00e4\u00e4ti\u00f6\",\"description\":\"Vuokra-asunnot Turku\",\"publisher\":{\"@id\":\"https:\\\/\\\/tys.fi\\\/#organization\"},\"potentialAction\":[{\"@type\":\"SearchAction\",\"target\":{\"@type\":\"EntryPoint\",\"urlTemplate\":\"https:\\\/\\\/tys.fi\\\/?s={search_term_string}\"},\"query-input\":{\"@type\":\"PropertyValueSpecification\",\"valueRequired\":true,\"valueName\":\"search_term_string\"}}],\"inLanguage\":\"sv-SE\"},{\"@type\":\"Organization\",\"@id\":\"https:\\\/\\\/tys.fi\\\/#organization\",\"name\":\"TYS\",\"url\":\"https:\\\/\\\/tys.fi\\\/\",\"logo\":{\"@type\":\"ImageObject\",\"inLanguage\":\"sv-SE\",\"@id\":\"https:\\\/\\\/tys.fi\\\/#\\\/schema\\\/logo\\\/image\\\/\",\"url\":\"https:\\\/\\\/tys.fi\\\/wp-content\\\/uploads\\\/2019\\\/03\\\/TYS-Logo_Green_500px.png\",\"contentUrl\":\"https:\\\/\\\/tys.fi\\\/wp-content\\\/uploads\\\/2019\\\/03\\\/TYS-Logo_Green_500px.png\",\"width\":500,\"height\":232,\"caption\":\"TYS\"},\"image\":{\"@id\":\"https:\\\/\\\/tys.fi\\\/#\\\/schema\\\/logo\\\/image\\\/\"},\"sameAs\":[\"https:\\\/\\\/www.facebook.com\\\/tysturku\\\/\",\"https:\\\/\\\/x.com\\\/tysturku\",\"https:\\\/\\\/www.instagram.com\\\/tysturku\\\/\",\"https:\\\/\\\/www.linkedin.com\\\/company\\\/tysturku\\\/\",\"https:\\\/\\\/www.youtube.com\\\/channel\\\/UCjKOs8BOiY0SORCB0WWixlw?view_as=subscriber\",\"https:\\\/\\\/fi.wikipedia.org\\\/wiki\\\/Turun_ylioppilaskyl\u00e4s\u00e4\u00e4ti\u00f6\"]},{\"@type\":\"Person\",\"@id\":\"https:\\\/\\\/tys.fi\\\/#\\\/schema\\\/person\\\/c1f87ee6d97815ab24d89b5ad67f8718\",\"name\":\"Marja Aapalahti\",\"url\":\"https:\\\/\\\/tys.fi\\\/sv\\\/author\\\/marja\"}]}<\/script>\n<!-- \/ Yoast SEO plugin. -->","yoast_head_json":{"title":"Studenbystiftelsen i \u00c5bo justerar sina hyror f\u00f6r 2023 | TYS | Turun Ylioppilaskyl\u00e4s\u00e4\u00e4ti\u00f6","robots":{"index":"index","follow":"follow","max-snippet":"max-snippet:-1","max-image-preview":"max-image-preview:large","max-video-preview":"max-video-preview:-1"},"canonical":"https:\/\/tys.fi\/sv\/turun-ylioppilaskylasaation-vuokria-tarkistetaan-vuodelle-2023","og_locale":"sv_SE","og_type":"article","og_title":"Studenbystiftelsen i \u00c5bo justerar sina hyror f\u00f6r 2023 | TYS | Turun Ylioppilaskyl\u00e4s\u00e4\u00e4ti\u00f6","og_description":"Med st\u00f6d i hyreslagens 3 kapitel 32 \u00a7 justeras fr\u00e5n och med 1.1.2023 bostadshyrorna i...","og_url":"https:\/\/tys.fi\/sv\/turun-ylioppilaskylasaation-vuokria-tarkistetaan-vuodelle-2023","og_site_name":"Turun Ylioppilaskyl&auml;s&auml;&auml;ti&ouml;","article_publisher":"https:\/\/www.facebook.com\/tysturku\/","article_published_time":"2022-10-27T05:05:37+00:00","article_modified_time":"2022-10-27T08:46:03+00:00","og_image":[{"width":1200,"height":799,"url":"https:\/\/tys.fi\/wp-content\/uploads\/2019\/04\/Tys-vihrea.jpg","type":"image\/jpeg"}],"author":"Marja Aapalahti","twitter_card":"summary_large_image","twitter_creator":"@tysturku","twitter_site":"@tysturku","twitter_misc":{"Skriven av":"Marja Aapalahti","Ber\u00e4knad l\u00e4stid":"7 minuter"},"schema":{"@context":"https:\/\/schema.org","@graph":[{"@type":"Article","@id":"https:\/\/tys.fi\/sv\/turun-ylioppilaskylasaation-vuokria-tarkistetaan-vuodelle-2023#article","isPartOf":{"@id":"https:\/\/tys.fi\/sv\/turun-ylioppilaskylasaation-vuokria-tarkistetaan-vuodelle-2023"},"author":{"name":"Marja Aapalahti","@id":"https:\/\/tys.fi\/#\/schema\/person\/c1f87ee6d97815ab24d89b5ad67f8718"},"headline":"Studenbystiftelsen i \u00c5bo justerar sina hyror f\u00f6r 2023","datePublished":"2022-10-27T05:05:37+00:00","dateModified":"2022-10-27T08:46:03+00:00","mainEntityOfPage":{"@id":"https:\/\/tys.fi\/sv\/turun-ylioppilaskylasaation-vuokria-tarkistetaan-vuodelle-2023"},"wordCount":1371,"publisher":{"@id":"https:\/\/tys.fi\/#organization"},"image":{"@id":"https:\/\/tys.fi\/sv\/turun-ylioppilaskylasaation-vuokria-tarkistetaan-vuodelle-2023#primaryimage"},"thumbnailUrl":"https:\/\/tys.fi\/wp-content\/uploads\/2019\/04\/Tys-vihrea.jpg","articleSection":["Nyheter"],"inLanguage":"sv-SE"},{"@type":"WebPage","@id":"https:\/\/tys.fi\/sv\/turun-ylioppilaskylasaation-vuokria-tarkistetaan-vuodelle-2023","url":"https:\/\/tys.fi\/sv\/turun-ylioppilaskylasaation-vuokria-tarkistetaan-vuodelle-2023","name":"Studenbystiftelsen i \u00c5bo justerar sina hyror f\u00f6r 2023 | TYS | Turun Ylioppilaskyl\u00e4s\u00e4\u00e4ti\u00f6","isPartOf":{"@id":"https:\/\/tys.fi\/#website"},"primaryImageOfPage":{"@id":"https:\/\/tys.fi\/sv\/turun-ylioppilaskylasaation-vuokria-tarkistetaan-vuodelle-2023#primaryimage"},"image":{"@id":"https:\/\/tys.fi\/sv\/turun-ylioppilaskylasaation-vuokria-tarkistetaan-vuodelle-2023#primaryimage"},"thumbnailUrl":"https:\/\/tys.fi\/wp-content\/uploads\/2019\/04\/Tys-vihrea.jpg","datePublished":"2022-10-27T05:05:37+00:00","dateModified":"2022-10-27T08:46:03+00:00","breadcrumb":{"@id":"https:\/\/tys.fi\/sv\/turun-ylioppilaskylasaation-vuokria-tarkistetaan-vuodelle-2023#breadcrumb"},"inLanguage":"sv-SE","potentialAction":[{"@type":"ReadAction","target":["https:\/\/tys.fi\/sv\/turun-ylioppilaskylasaation-vuokria-tarkistetaan-vuodelle-2023"]}]},{"@type":"ImageObject","inLanguage":"sv-SE","@id":"https:\/\/tys.fi\/sv\/turun-ylioppilaskylasaation-vuokria-tarkistetaan-vuodelle-2023#primaryimage","url":"https:\/\/tys.fi\/wp-content\/uploads\/2019\/04\/Tys-vihrea.jpg","contentUrl":"https:\/\/tys.fi\/wp-content\/uploads\/2019\/04\/Tys-vihrea.jpg","width":1200,"height":799},{"@type":"BreadcrumbList","@id":"https:\/\/tys.fi\/sv\/turun-ylioppilaskylasaation-vuokria-tarkistetaan-vuodelle-2023#breadcrumb","itemListElement":[{"@type":"ListItem","position":1,"name":"Home","item":"https:\/\/tys.fi\/sv"},{"@type":"ListItem","position":2,"name":"Studenbystiftelsen i \u00c5bo justerar sina hyror f\u00f6r 2023"}]},{"@type":"WebSite","@id":"https:\/\/tys.fi\/#website","url":"https:\/\/tys.fi\/","name":"Turun Ylioppilaskyl\u00e4s\u00e4\u00e4ti\u00f6","description":"Vuokra-asunnot Turku","publisher":{"@id":"https:\/\/tys.fi\/#organization"},"potentialAction":[{"@type":"SearchAction","target":{"@type":"EntryPoint","urlTemplate":"https:\/\/tys.fi\/?s={search_term_string}"},"query-input":{"@type":"PropertyValueSpecification","valueRequired":true,"valueName":"search_term_string"}}],"inLanguage":"sv-SE"},{"@type":"Organization","@id":"https:\/\/tys.fi\/#organization","name":"TYS","url":"https:\/\/tys.fi\/","logo":{"@type":"ImageObject","inLanguage":"sv-SE","@id":"https:\/\/tys.fi\/#\/schema\/logo\/image\/","url":"https:\/\/tys.fi\/wp-content\/uploads\/2019\/03\/TYS-Logo_Green_500px.png","contentUrl":"https:\/\/tys.fi\/wp-content\/uploads\/2019\/03\/TYS-Logo_Green_500px.png","width":500,"height":232,"caption":"TYS"},"image":{"@id":"https:\/\/tys.fi\/#\/schema\/logo\/image\/"},"sameAs":["https:\/\/www.facebook.com\/tysturku\/","https:\/\/x.com\/tysturku","https:\/\/www.instagram.com\/tysturku\/","https:\/\/www.linkedin.com\/company\/tysturku\/","https:\/\/www.youtube.com\/channel\/UCjKOs8BOiY0SORCB0WWixlw?view_as=subscriber","https:\/\/fi.wikipedia.org\/wiki\/Turun_ylioppilaskyl\u00e4s\u00e4\u00e4ti\u00f6"]},{"@type":"Person","@id":"https:\/\/tys.fi\/#\/schema\/person\/c1f87ee6d97815ab24d89b5ad67f8718","name":"Marja Aapalahti","url":"https:\/\/tys.fi\/sv\/author\/marja"}]}},"_links":{"self":[{"href":"https:\/\/tys.fi\/sv\/wp-json\/wp\/v2\/posts\/24024","targetHints":{"allow":["GET"]}}],"collection":[{"href":"https:\/\/tys.fi\/sv\/wp-json\/wp\/v2\/posts"}],"about":[{"href":"https:\/\/tys.fi\/sv\/wp-json\/wp\/v2\/types\/post"}],"author":[{"embeddable":true,"href":"https:\/\/tys.fi\/sv\/wp-json\/wp\/v2\/users\/2"}],"replies":[{"embeddable":true,"href":"https:\/\/tys.fi\/sv\/wp-json\/wp\/v2\/comments?post=24024"}],"version-history":[{"count":4,"href":"https:\/\/tys.fi\/sv\/wp-json\/wp\/v2\/posts\/24024\/revisions"}],"predecessor-version":[{"id":24035,"href":"https:\/\/tys.fi\/sv\/wp-json\/wp\/v2\/posts\/24024\/revisions\/24035"}],"wp:featuredmedia":[{"embeddable":true,"href":"https:\/\/tys.fi\/sv\/wp-json\/wp\/v2\/media\/13411"}],"wp:attachment":[{"href":"https:\/\/tys.fi\/sv\/wp-json\/wp\/v2\/media?parent=24024"}],"wp:term":[{"taxonomy":"category","embeddable":true,"href":"https:\/\/tys.fi\/sv\/wp-json\/wp\/v2\/categories?post=24024"},{"taxonomy":"post_tag","embeddable":true,"href":"https:\/\/tys.fi\/sv\/wp-json\/wp\/v2\/tags?post=24024"}],"curies":[{"name":"wp","href":"https:\/\/api.w.org\/{rel}","templated":true}]}}