{"id":24003,"date":"2022-10-25T07:52:03","date_gmt":"2022-10-25T04:52:03","guid":{"rendered":"https:\/\/tys.fi\/tidtabellerna-for-bastuuppvarmning-i-tys-bostadsobjekt-skars-ned-for-att-spara-el"},"modified":"2022-10-25T08:20:44","modified_gmt":"2022-10-25T05:20:44","slug":"tidtabellerna-for-bastuuppvarmning-i-tys-bostadsobjekt-skars-ned-for-att-spara-el","status":"publish","type":"post","link":"https:\/\/tys.fi\/sv\/tidtabellerna-for-bastuuppvarmning-i-tys-bostadsobjekt-skars-ned-for-att-spara-el","title":{"rendered":"Tidtabellerna f\u00f6r bastuuppv\u00e4rmning i TYS bostadsobjekt sk\u00e4rs ned f\u00f6r att spara el"},"content":{"rendered":"<p>Krig i Ukraina har lett till problem med energipriserna och -tillg\u00e4ngligheten i Finland och i hela Europa. Under de kalla m\u00e5naderna blir kostnaderna f\u00f6r elanv\u00e4ndning och uppv\u00e4rmning exceptionellt h\u00f6ga.<\/p>\n<p>Alla m\u00e5ste ocks\u00e5 vara beredda p\u00e5 att det d\u00e5 och d\u00e5 kan bli brist p\u00e5 el. Tillg\u00e4ngligheten f\u00f6rsvagas exempelvis av l\u00e5nga och vindl\u00f6sa perioder med frost, l\u00e5g tillg\u00e5ng p\u00e5 el producerad av nordisk vattenkraft, underh\u00e5ll eller driftavbrott i elproduktionsanl\u00e4ggningar samt efterfr\u00e5gan p\u00e5 el i Centraleuropa. Elbrist kan leda till avbrott i distributionen. Risken f\u00f6r str\u00f6mavbrott minskar om man \u00e4r uppm\u00e4rksam p\u00e5 sina egna elanv\u00e4ndningsvanor och n\u00e4r man f\u00f6rbrukar el.<\/p>\n<p>Vi har mejlat v\u00e5ra hyresg\u00e4ster om TYS Energibesparingtalko som ska sporra alla till att fundera p\u00e5 sin egen energif\u00f6rbrukning. Inom ramen f\u00f6r spartalkot justerar TYS bland annat tidtabellerna f\u00f6r bastuuppv\u00e4rmning.<\/p>\n<p>TYS bostadsobjekt har sammanlagt 60 bastur d\u00e4r sammanlagt mer \u00e4n 1300 veckotimmar kan reserveras f\u00f6r bad. Varje bastu v\u00e4rms upp enligt bastutidstabell och st\u00e5r p\u00e5 ocks\u00e5 n\u00e4r tiden inte \u00e4r bokad. En bastu som inte \u00e4r bokad st\u00e5r allts\u00e5 och drar el till ingen nytta.<\/p>\n<p>Vi har studerat utnyttjandegraden f\u00f6r basturna fr\u00e5n v\u00e5ren 2021 till h\u00f6sten 2022 och beslutat att tidtabellerna f\u00f6r bastuuppv\u00e4rmning ska sk\u00e4ras ned. Tider med en utnyttjandegrad p\u00e5 under 60 % stryks. Genom att stryka mindre efterfr\u00e5gade tider kan vi p\u00e5 mindre \u00e4n sex veckor spara lika mycket som \u00e5rskostnaderna f\u00f6r elf\u00f6rbrukningen i ett enfamiljshus.<\/p>\n<p>F\u00f6rslaget om nedsk\u00e4rande tidtabellerna f\u00f6r bastuuppv\u00e4rmning har g\u00e5tt till hyresg\u00e4stkommitt\u00e9n vid varje bostadsobjekt och kommitt\u00e9erna har haft tillf\u00e4lle att kommentera saken. Inga \u00e4ndringar g\u00f6rs i tiderna f\u00f6r joggingbastu.<\/p>\n<p>De nedskurna tidtabellerna f\u00f6r bastuuppv\u00e4rmning tas i bruk 1.11.2022. Observera att de reservationer f\u00f6r november som gjorts p\u00e5 slopade tider kommer att strykas, varvid bastutiderna \u00e5terg\u00e5r till hyresg\u00e4sterna. Hyresg\u00e4sterna kan i TYSBooking se respektive bostadsobjekts bastutider och boka bastutid.<\/p>\n","protected":false},"excerpt":{"rendered":"<p>Krig i Ukraina har lett till problem med energipriserna och -tillg\u00e4ngligheten i Finland och i&#8230;<\/p>\n","protected":false},"author":2,"featured_media":24008,"comment_status":"closed","ping_status":"open","sticky":false,"template":"","format":"standard","meta":{"footnotes":""},"categories":[38],"tags":[],"class_list":{"0":"post-24003","1":"post","2":"type-post","3":"status-publish","4":"format-standard","5":"has-post-thumbnail","7":"category-nyheter-sv"},"yoast_head":"<!-- This site is optimized with the Yoast SEO plugin v27.5 - https:\/\/yoast.com\/product\/yoast-seo-wordpress\/ -->\n<title>Tidtabellerna f\u00f6r bastuuppv\u00e4rmning i TYS bostadsobjekt sk\u00e4rs ned f\u00f6r att spara el | TYS | Turun Ylioppilaskyl\u00e4s\u00e4\u00e4ti\u00f6<\/title>\n<meta name=\"robots\" content=\"index, follow, max-snippet:-1, max-image-preview:large, max-video-preview:-1\" \/>\n<link rel=\"canonical\" href=\"https:\/\/tys.fi\/sv\/tidtabellerna-for-bastuuppvarmning-i-tys-bostadsobjekt-skars-ned-for-att-spara-el\" \/>\n<meta property=\"og:locale\" content=\"sv_SE\" \/>\n<meta property=\"og:type\" content=\"article\" \/>\n<meta property=\"og:title\" content=\"Tidtabellerna f\u00f6r bastuuppv\u00e4rmning i TYS bostadsobjekt sk\u00e4rs ned f\u00f6r att spara el | TYS | Turun Ylioppilaskyl\u00e4s\u00e4\u00e4ti\u00f6\" \/>\n<meta property=\"og:description\" content=\"Krig i Ukraina har lett till problem med energipriserna och -tillg\u00e4ngligheten i Finland och i...\" \/>\n<meta property=\"og:url\" content=\"https:\/\/tys.fi\/sv\/tidtabellerna-for-bastuuppvarmning-i-tys-bostadsobjekt-skars-ned-for-att-spara-el\" \/>\n<meta property=\"og:site_name\" content=\"Turun Ylioppilaskyl&auml;s&auml;&auml;ti&ouml;\" \/>\n<meta property=\"article:publisher\" content=\"https:\/\/www.facebook.com\/tysturku\/\" \/>\n<meta property=\"article:published_time\" content=\"2022-10-25T04:52:03+00:00\" \/>\n<meta property=\"article:modified_time\" content=\"2022-10-25T05:20:44+00:00\" \/>\n<meta property=\"og:image\" content=\"https:\/\/tys.fi\/wp-content\/uploads\/2022\/10\/Somekuva_Saunojen-lammitys_sv-scaled.jpg\" \/>\n\t<meta property=\"og:image:width\" content=\"2560\" \/>\n\t<meta property=\"og:image:height\" content=\"2266\" \/>\n\t<meta property=\"og:image:type\" content=\"image\/jpeg\" \/>\n<meta name=\"author\" content=\"Marja Aapalahti\" \/>\n<meta name=\"twitter:card\" content=\"summary_large_image\" \/>\n<meta name=\"twitter:creator\" content=\"@tysturku\" \/>\n<meta name=\"twitter:site\" content=\"@tysturku\" \/>\n<meta name=\"twitter:label1\" content=\"Skriven av\" \/>\n\t<meta name=\"twitter:data1\" content=\"Marja Aapalahti\" \/>\n\t<meta name=\"twitter:label2\" content=\"Ber\u00e4knad l\u00e4stid\" \/>\n\t<meta name=\"twitter:data2\" content=\"2 minuter\" \/>\n<script type=\"application\/ld+json\" class=\"yoast-schema-graph\">{\"@context\":\"https:\\\/\\\/schema.org\",\"@graph\":[{\"@type\":\"Article\",\"@id\":\"https:\\\/\\\/tys.fi\\\/sv\\\/tidtabellerna-for-bastuuppvarmning-i-tys-bostadsobjekt-skars-ned-for-att-spara-el#article\",\"isPartOf\":{\"@id\":\"https:\\\/\\\/tys.fi\\\/sv\\\/tidtabellerna-for-bastuuppvarmning-i-tys-bostadsobjekt-skars-ned-for-att-spara-el\"},\"author\":{\"name\":\"Marja Aapalahti\",\"@id\":\"https:\\\/\\\/tys.fi\\\/#\\\/schema\\\/person\\\/c1f87ee6d97815ab24d89b5ad67f8718\"},\"headline\":\"Tidtabellerna f\u00f6r bastuuppv\u00e4rmning i TYS bostadsobjekt sk\u00e4rs ned f\u00f6r att spara el\",\"datePublished\":\"2022-10-25T04:52:03+00:00\",\"dateModified\":\"2022-10-25T05:20:44+00:00\",\"mainEntityOfPage\":{\"@id\":\"https:\\\/\\\/tys.fi\\\/sv\\\/tidtabellerna-for-bastuuppvarmning-i-tys-bostadsobjekt-skars-ned-for-att-spara-el\"},\"wordCount\":363,\"publisher\":{\"@id\":\"https:\\\/\\\/tys.fi\\\/#organization\"},\"image\":{\"@id\":\"https:\\\/\\\/tys.fi\\\/sv\\\/tidtabellerna-for-bastuuppvarmning-i-tys-bostadsobjekt-skars-ned-for-att-spara-el#primaryimage\"},\"thumbnailUrl\":\"https:\\\/\\\/tys.fi\\\/wp-content\\\/uploads\\\/2022\\\/10\\\/Somekuva_Saunojen-lammitys_sv-scaled.jpg\",\"articleSection\":[\"Nyheter\"],\"inLanguage\":\"sv-SE\"},{\"@type\":\"WebPage\",\"@id\":\"https:\\\/\\\/tys.fi\\\/sv\\\/tidtabellerna-for-bastuuppvarmning-i-tys-bostadsobjekt-skars-ned-for-att-spara-el\",\"url\":\"https:\\\/\\\/tys.fi\\\/sv\\\/tidtabellerna-for-bastuuppvarmning-i-tys-bostadsobjekt-skars-ned-for-att-spara-el\",\"name\":\"Tidtabellerna f\u00f6r bastuuppv\u00e4rmning i TYS bostadsobjekt sk\u00e4rs ned f\u00f6r att spara el | TYS | Turun Ylioppilaskyl\u00e4s\u00e4\u00e4ti\u00f6\",\"isPartOf\":{\"@id\":\"https:\\\/\\\/tys.fi\\\/#website\"},\"primaryImageOfPage\":{\"@id\":\"https:\\\/\\\/tys.fi\\\/sv\\\/tidtabellerna-for-bastuuppvarmning-i-tys-bostadsobjekt-skars-ned-for-att-spara-el#primaryimage\"},\"image\":{\"@id\":\"https:\\\/\\\/tys.fi\\\/sv\\\/tidtabellerna-for-bastuuppvarmning-i-tys-bostadsobjekt-skars-ned-for-att-spara-el#primaryimage\"},\"thumbnailUrl\":\"https:\\\/\\\/tys.fi\\\/wp-content\\\/uploads\\\/2022\\\/10\\\/Somekuva_Saunojen-lammitys_sv-scaled.jpg\",\"datePublished\":\"2022-10-25T04:52:03+00:00\",\"dateModified\":\"2022-10-25T05:20:44+00:00\",\"breadcrumb\":{\"@id\":\"https:\\\/\\\/tys.fi\\\/sv\\\/tidtabellerna-for-bastuuppvarmning-i-tys-bostadsobjekt-skars-ned-for-att-spara-el#breadcrumb\"},\"inLanguage\":\"sv-SE\",\"potentialAction\":[{\"@type\":\"ReadAction\",\"target\":[\"https:\\\/\\\/tys.fi\\\/sv\\\/tidtabellerna-for-bastuuppvarmning-i-tys-bostadsobjekt-skars-ned-for-att-spara-el\"]}]},{\"@type\":\"ImageObject\",\"inLanguage\":\"sv-SE\",\"@id\":\"https:\\\/\\\/tys.fi\\\/sv\\\/tidtabellerna-for-bastuuppvarmning-i-tys-bostadsobjekt-skars-ned-for-att-spara-el#primaryimage\",\"url\":\"https:\\\/\\\/tys.fi\\\/wp-content\\\/uploads\\\/2022\\\/10\\\/Somekuva_Saunojen-lammitys_sv-scaled.jpg\",\"contentUrl\":\"https:\\\/\\\/tys.fi\\\/wp-content\\\/uploads\\\/2022\\\/10\\\/Somekuva_Saunojen-lammitys_sv-scaled.jpg\",\"width\":2560,\"height\":2266},{\"@type\":\"BreadcrumbList\",\"@id\":\"https:\\\/\\\/tys.fi\\\/sv\\\/tidtabellerna-for-bastuuppvarmning-i-tys-bostadsobjekt-skars-ned-for-att-spara-el#breadcrumb\",\"itemListElement\":[{\"@type\":\"ListItem\",\"position\":1,\"name\":\"Home\",\"item\":\"https:\\\/\\\/tys.fi\\\/sv\"},{\"@type\":\"ListItem\",\"position\":2,\"name\":\"Tidtabellerna f\u00f6r bastuuppv\u00e4rmning i TYS bostadsobjekt sk\u00e4rs ned f\u00f6r att spara el\"}]},{\"@type\":\"WebSite\",\"@id\":\"https:\\\/\\\/tys.fi\\\/#website\",\"url\":\"https:\\\/\\\/tys.fi\\\/\",\"name\":\"Turun Ylioppilaskyl\u00e4s\u00e4\u00e4ti\u00f6\",\"description\":\"Vuokra-asunnot Turku\",\"publisher\":{\"@id\":\"https:\\\/\\\/tys.fi\\\/#organization\"},\"potentialAction\":[{\"@type\":\"SearchAction\",\"target\":{\"@type\":\"EntryPoint\",\"urlTemplate\":\"https:\\\/\\\/tys.fi\\\/?s={search_term_string}\"},\"query-input\":{\"@type\":\"PropertyValueSpecification\",\"valueRequired\":true,\"valueName\":\"search_term_string\"}}],\"inLanguage\":\"sv-SE\"},{\"@type\":\"Organization\",\"@id\":\"https:\\\/\\\/tys.fi\\\/#organization\",\"name\":\"TYS\",\"url\":\"https:\\\/\\\/tys.fi\\\/\",\"logo\":{\"@type\":\"ImageObject\",\"inLanguage\":\"sv-SE\",\"@id\":\"https:\\\/\\\/tys.fi\\\/#\\\/schema\\\/logo\\\/image\\\/\",\"url\":\"https:\\\/\\\/tys.fi\\\/wp-content\\\/uploads\\\/2019\\\/03\\\/TYS-Logo_Green_500px.png\",\"contentUrl\":\"https:\\\/\\\/tys.fi\\\/wp-content\\\/uploads\\\/2019\\\/03\\\/TYS-Logo_Green_500px.png\",\"width\":500,\"height\":232,\"caption\":\"TYS\"},\"image\":{\"@id\":\"https:\\\/\\\/tys.fi\\\/#\\\/schema\\\/logo\\\/image\\\/\"},\"sameAs\":[\"https:\\\/\\\/www.facebook.com\\\/tysturku\\\/\",\"https:\\\/\\\/x.com\\\/tysturku\",\"https:\\\/\\\/www.instagram.com\\\/tysturku\\\/\",\"https:\\\/\\\/www.linkedin.com\\\/company\\\/tysturku\\\/\",\"https:\\\/\\\/www.youtube.com\\\/channel\\\/UCjKOs8BOiY0SORCB0WWixlw?view_as=subscriber\",\"https:\\\/\\\/fi.wikipedia.org\\\/wiki\\\/Turun_ylioppilaskyl\u00e4s\u00e4\u00e4ti\u00f6\"]},{\"@type\":\"Person\",\"@id\":\"https:\\\/\\\/tys.fi\\\/#\\\/schema\\\/person\\\/c1f87ee6d97815ab24d89b5ad67f8718\",\"name\":\"Marja Aapalahti\",\"url\":\"https:\\\/\\\/tys.fi\\\/sv\\\/author\\\/marja\"}]}<\/script>\n<!-- \/ Yoast SEO plugin. -->","yoast_head_json":{"title":"Tidtabellerna f\u00f6r bastuuppv\u00e4rmning i TYS bostadsobjekt sk\u00e4rs ned f\u00f6r att spara el | TYS | Turun Ylioppilaskyl\u00e4s\u00e4\u00e4ti\u00f6","robots":{"index":"index","follow":"follow","max-snippet":"max-snippet:-1","max-image-preview":"max-image-preview:large","max-video-preview":"max-video-preview:-1"},"canonical":"https:\/\/tys.fi\/sv\/tidtabellerna-for-bastuuppvarmning-i-tys-bostadsobjekt-skars-ned-for-att-spara-el","og_locale":"sv_SE","og_type":"article","og_title":"Tidtabellerna f\u00f6r bastuuppv\u00e4rmning i TYS bostadsobjekt sk\u00e4rs ned f\u00f6r att spara el | TYS | Turun Ylioppilaskyl\u00e4s\u00e4\u00e4ti\u00f6","og_description":"Krig i Ukraina har lett till problem med energipriserna och -tillg\u00e4ngligheten i Finland och i...","og_url":"https:\/\/tys.fi\/sv\/tidtabellerna-for-bastuuppvarmning-i-tys-bostadsobjekt-skars-ned-for-att-spara-el","og_site_name":"Turun Ylioppilaskyl&auml;s&auml;&auml;ti&ouml;","article_publisher":"https:\/\/www.facebook.com\/tysturku\/","article_published_time":"2022-10-25T04:52:03+00:00","article_modified_time":"2022-10-25T05:20:44+00:00","og_image":[{"width":2560,"height":2266,"url":"https:\/\/tys.fi\/wp-content\/uploads\/2022\/10\/Somekuva_Saunojen-lammitys_sv-scaled.jpg","type":"image\/jpeg"}],"author":"Marja Aapalahti","twitter_card":"summary_large_image","twitter_creator":"@tysturku","twitter_site":"@tysturku","twitter_misc":{"Skriven av":"Marja Aapalahti","Ber\u00e4knad l\u00e4stid":"2 minuter"},"schema":{"@context":"https:\/\/schema.org","@graph":[{"@type":"Article","@id":"https:\/\/tys.fi\/sv\/tidtabellerna-for-bastuuppvarmning-i-tys-bostadsobjekt-skars-ned-for-att-spara-el#article","isPartOf":{"@id":"https:\/\/tys.fi\/sv\/tidtabellerna-for-bastuuppvarmning-i-tys-bostadsobjekt-skars-ned-for-att-spara-el"},"author":{"name":"Marja Aapalahti","@id":"https:\/\/tys.fi\/#\/schema\/person\/c1f87ee6d97815ab24d89b5ad67f8718"},"headline":"Tidtabellerna f\u00f6r bastuuppv\u00e4rmning i TYS bostadsobjekt sk\u00e4rs ned f\u00f6r att spara el","datePublished":"2022-10-25T04:52:03+00:00","dateModified":"2022-10-25T05:20:44+00:00","mainEntityOfPage":{"@id":"https:\/\/tys.fi\/sv\/tidtabellerna-for-bastuuppvarmning-i-tys-bostadsobjekt-skars-ned-for-att-spara-el"},"wordCount":363,"publisher":{"@id":"https:\/\/tys.fi\/#organization"},"image":{"@id":"https:\/\/tys.fi\/sv\/tidtabellerna-for-bastuuppvarmning-i-tys-bostadsobjekt-skars-ned-for-att-spara-el#primaryimage"},"thumbnailUrl":"https:\/\/tys.fi\/wp-content\/uploads\/2022\/10\/Somekuva_Saunojen-lammitys_sv-scaled.jpg","articleSection":["Nyheter"],"inLanguage":"sv-SE"},{"@type":"WebPage","@id":"https:\/\/tys.fi\/sv\/tidtabellerna-for-bastuuppvarmning-i-tys-bostadsobjekt-skars-ned-for-att-spara-el","url":"https:\/\/tys.fi\/sv\/tidtabellerna-for-bastuuppvarmning-i-tys-bostadsobjekt-skars-ned-for-att-spara-el","name":"Tidtabellerna f\u00f6r bastuuppv\u00e4rmning i TYS bostadsobjekt sk\u00e4rs ned f\u00f6r att spara el | TYS | Turun Ylioppilaskyl\u00e4s\u00e4\u00e4ti\u00f6","isPartOf":{"@id":"https:\/\/tys.fi\/#website"},"primaryImageOfPage":{"@id":"https:\/\/tys.fi\/sv\/tidtabellerna-for-bastuuppvarmning-i-tys-bostadsobjekt-skars-ned-for-att-spara-el#primaryimage"},"image":{"@id":"https:\/\/tys.fi\/sv\/tidtabellerna-for-bastuuppvarmning-i-tys-bostadsobjekt-skars-ned-for-att-spara-el#primaryimage"},"thumbnailUrl":"https:\/\/tys.fi\/wp-content\/uploads\/2022\/10\/Somekuva_Saunojen-lammitys_sv-scaled.jpg","datePublished":"2022-10-25T04:52:03+00:00","dateModified":"2022-10-25T05:20:44+00:00","breadcrumb":{"@id":"https:\/\/tys.fi\/sv\/tidtabellerna-for-bastuuppvarmning-i-tys-bostadsobjekt-skars-ned-for-att-spara-el#breadcrumb"},"inLanguage":"sv-SE","potentialAction":[{"@type":"ReadAction","target":["https:\/\/tys.fi\/sv\/tidtabellerna-for-bastuuppvarmning-i-tys-bostadsobjekt-skars-ned-for-att-spara-el"]}]},{"@type":"ImageObject","inLanguage":"sv-SE","@id":"https:\/\/tys.fi\/sv\/tidtabellerna-for-bastuuppvarmning-i-tys-bostadsobjekt-skars-ned-for-att-spara-el#primaryimage","url":"https:\/\/tys.fi\/wp-content\/uploads\/2022\/10\/Somekuva_Saunojen-lammitys_sv-scaled.jpg","contentUrl":"https:\/\/tys.fi\/wp-content\/uploads\/2022\/10\/Somekuva_Saunojen-lammitys_sv-scaled.jpg","width":2560,"height":2266},{"@type":"BreadcrumbList","@id":"https:\/\/tys.fi\/sv\/tidtabellerna-for-bastuuppvarmning-i-tys-bostadsobjekt-skars-ned-for-att-spara-el#breadcrumb","itemListElement":[{"@type":"ListItem","position":1,"name":"Home","item":"https:\/\/tys.fi\/sv"},{"@type":"ListItem","position":2,"name":"Tidtabellerna f\u00f6r bastuuppv\u00e4rmning i TYS bostadsobjekt sk\u00e4rs ned f\u00f6r att spara el"}]},{"@type":"WebSite","@id":"https:\/\/tys.fi\/#website","url":"https:\/\/tys.fi\/","name":"Turun Ylioppilaskyl\u00e4s\u00e4\u00e4ti\u00f6","description":"Vuokra-asunnot Turku","publisher":{"@id":"https:\/\/tys.fi\/#organization"},"potentialAction":[{"@type":"SearchAction","target":{"@type":"EntryPoint","urlTemplate":"https:\/\/tys.fi\/?s={search_term_string}"},"query-input":{"@type":"PropertyValueSpecification","valueRequired":true,"valueName":"search_term_string"}}],"inLanguage":"sv-SE"},{"@type":"Organization","@id":"https:\/\/tys.fi\/#organization","name":"TYS","url":"https:\/\/tys.fi\/","logo":{"@type":"ImageObject","inLanguage":"sv-SE","@id":"https:\/\/tys.fi\/#\/schema\/logo\/image\/","url":"https:\/\/tys.fi\/wp-content\/uploads\/2019\/03\/TYS-Logo_Green_500px.png","contentUrl":"https:\/\/tys.fi\/wp-content\/uploads\/2019\/03\/TYS-Logo_Green_500px.png","width":500,"height":232,"caption":"TYS"},"image":{"@id":"https:\/\/tys.fi\/#\/schema\/logo\/image\/"},"sameAs":["https:\/\/www.facebook.com\/tysturku\/","https:\/\/x.com\/tysturku","https:\/\/www.instagram.com\/tysturku\/","https:\/\/www.linkedin.com\/company\/tysturku\/","https:\/\/www.youtube.com\/channel\/UCjKOs8BOiY0SORCB0WWixlw?view_as=subscriber","https:\/\/fi.wikipedia.org\/wiki\/Turun_ylioppilaskyl\u00e4s\u00e4\u00e4ti\u00f6"]},{"@type":"Person","@id":"https:\/\/tys.fi\/#\/schema\/person\/c1f87ee6d97815ab24d89b5ad67f8718","name":"Marja Aapalahti","url":"https:\/\/tys.fi\/sv\/author\/marja"}]}},"_links":{"self":[{"href":"https:\/\/tys.fi\/sv\/wp-json\/wp\/v2\/posts\/24003","targetHints":{"allow":["GET"]}}],"collection":[{"href":"https:\/\/tys.fi\/sv\/wp-json\/wp\/v2\/posts"}],"about":[{"href":"https:\/\/tys.fi\/sv\/wp-json\/wp\/v2\/types\/post"}],"author":[{"embeddable":true,"href":"https:\/\/tys.fi\/sv\/wp-json\/wp\/v2\/users\/2"}],"replies":[{"embeddable":true,"href":"https:\/\/tys.fi\/sv\/wp-json\/wp\/v2\/comments?post=24003"}],"version-history":[{"count":1,"href":"https:\/\/tys.fi\/sv\/wp-json\/wp\/v2\/posts\/24003\/revisions"}],"predecessor-version":[{"id":24011,"href":"https:\/\/tys.fi\/sv\/wp-json\/wp\/v2\/posts\/24003\/revisions\/24011"}],"wp:featuredmedia":[{"embeddable":true,"href":"https:\/\/tys.fi\/sv\/wp-json\/wp\/v2\/media\/24008"}],"wp:attachment":[{"href":"https:\/\/tys.fi\/sv\/wp-json\/wp\/v2\/media?parent=24003"}],"wp:term":[{"taxonomy":"category","embeddable":true,"href":"https:\/\/tys.fi\/sv\/wp-json\/wp\/v2\/categories?post=24003"},{"taxonomy":"post_tag","embeddable":true,"href":"https:\/\/tys.fi\/sv\/wp-json\/wp\/v2\/tags?post=24003"}],"curies":[{"name":"wp","href":"https:\/\/api.w.org\/{rel}","templated":true}]}}