{"id":23801,"date":"2022-09-22T11:19:54","date_gmt":"2022-09-22T08:19:54","guid":{"rendered":"https:\/\/tys.fi\/oletko-sina-tysn-seuraava-asukasbloggari-2"},"modified":"2022-09-22T11:23:26","modified_gmt":"2022-09-22T08:23:26","slug":"oletko-sina-tysn-seuraava-asukasbloggari-2","status":"publish","type":"post","link":"https:\/\/tys.fi\/sv\/oletko-sina-tysn-seuraava-asukasbloggari-2","title":{"rendered":"\u00c4r du ny TYS hyresg\u00e4stbloggare?"},"content":{"rendered":"<p>Vi s\u00f6ker bland hyresg\u00e4sterna bloggare som kan g\u00f6ra inl\u00e4gg p\u00e5 Instagram om boendet och studielivet. F\u00f6r bloggandet betalar vi ett m\u00e5natligt arvode och uppdraget cirkulerar under \u00e5ret mellan fyra bloggare.<\/p>\n<p>Intresserad? Skicka senast 2.10.2022 in en ans\u00f6kan d\u00e4r du kortfattat presenterar dig sj\u00e4lv och ber\u00e4ttar varf\u00f6r just du borde bli n\u00e4sta TYS hyresg\u00e4stbloggare! Ans\u00f6kningar och eventuella fr\u00e5gor i anslutning till uppdraget riktas till <a href=\"mailto:office@tys.fi\">office@tys.fi<\/a>. Ocks\u00e5 internationella studerande kan ans\u00f6ka. V\u00e5r f\u00f6rhoppning \u00e4r i alla fall att den s\u00f6kande kan binda sig vid uppdraget f\u00f6r en hel bloggarperiod, fr\u00e5n november 2022 till slutet av oktober 2023.<\/p>\n<p>V\u00e5ra nuvarande bloggare kan du bekanta dig med p\u00e5 Instagram <a href=\"https:\/\/www.instagram.com\/tysturku\/\">@tysturku<\/a>!<\/p>\n","protected":false},"excerpt":{"rendered":"<p>Vi s\u00f6ker bland hyresg\u00e4sterna bloggare som kan g\u00f6ra inl\u00e4gg p\u00e5 Instagram om boendet och studielivet&#8230;.<\/p>\n","protected":false},"author":2,"featured_media":23798,"comment_status":"closed","ping_status":"open","sticky":false,"template":"","format":"standard","meta":{"footnotes":""},"categories":[38],"tags":[],"class_list":{"0":"post-23801","1":"post","2":"type-post","3":"status-publish","4":"format-standard","5":"has-post-thumbnail","7":"category-nyheter-sv"},"yoast_head":"<!-- This site is optimized with the Yoast SEO plugin v27.5 - https:\/\/yoast.com\/product\/yoast-seo-wordpress\/ -->\n<title>\u00c4r du ny TYS hyresg\u00e4stbloggare? | TYS | Turun Ylioppilaskyl\u00e4s\u00e4\u00e4ti\u00f6<\/title>\n<meta name=\"robots\" content=\"index, follow, max-snippet:-1, max-image-preview:large, max-video-preview:-1\" \/>\n<link rel=\"canonical\" href=\"https:\/\/tys.fi\/sv\/oletko-sina-tysn-seuraava-asukasbloggari-2\" \/>\n<meta property=\"og:locale\" content=\"sv_SE\" \/>\n<meta property=\"og:type\" content=\"article\" \/>\n<meta property=\"og:title\" content=\"\u00c4r du ny TYS hyresg\u00e4stbloggare? | TYS | Turun Ylioppilaskyl\u00e4s\u00e4\u00e4ti\u00f6\" \/>\n<meta property=\"og:description\" content=\"Vi s\u00f6ker bland hyresg\u00e4sterna bloggare som kan g\u00f6ra inl\u00e4gg p\u00e5 Instagram om boendet och studielivet....\" \/>\n<meta property=\"og:url\" content=\"https:\/\/tys.fi\/sv\/oletko-sina-tysn-seuraava-asukasbloggari-2\" \/>\n<meta property=\"og:site_name\" content=\"Turun Ylioppilaskyl&auml;s&auml;&auml;ti&ouml;\" \/>\n<meta property=\"article:publisher\" content=\"https:\/\/www.facebook.com\/tysturku\/\" \/>\n<meta property=\"article:published_time\" content=\"2022-09-22T08:19:54+00:00\" \/>\n<meta property=\"article:modified_time\" content=\"2022-09-22T08:23:26+00:00\" \/>\n<meta property=\"og:image\" content=\"https:\/\/tys.fi\/wp-content\/uploads\/2022\/09\/Bloggarit3.jpg\" \/>\n\t<meta property=\"og:image:width\" content=\"1170\" \/>\n\t<meta property=\"og:image:height\" content=\"1161\" \/>\n\t<meta property=\"og:image:type\" content=\"image\/jpeg\" \/>\n<meta name=\"author\" content=\"Marja Aapalahti\" \/>\n<meta name=\"twitter:card\" content=\"summary_large_image\" \/>\n<meta name=\"twitter:creator\" content=\"@tysturku\" \/>\n<meta name=\"twitter:site\" content=\"@tysturku\" \/>\n<meta name=\"twitter:label1\" content=\"Skriven av\" \/>\n\t<meta name=\"twitter:data1\" content=\"Marja Aapalahti\" \/>\n\t<meta name=\"twitter:label2\" content=\"Ber\u00e4knad l\u00e4stid\" \/>\n\t<meta name=\"twitter:data2\" content=\"1 minut\" \/>\n<script type=\"application\/ld+json\" class=\"yoast-schema-graph\">{\"@context\":\"https:\\\/\\\/schema.org\",\"@graph\":[{\"@type\":\"Article\",\"@id\":\"https:\\\/\\\/tys.fi\\\/sv\\\/oletko-sina-tysn-seuraava-asukasbloggari-2#article\",\"isPartOf\":{\"@id\":\"https:\\\/\\\/tys.fi\\\/sv\\\/oletko-sina-tysn-seuraava-asukasbloggari-2\"},\"author\":{\"name\":\"Marja Aapalahti\",\"@id\":\"https:\\\/\\\/tys.fi\\\/#\\\/schema\\\/person\\\/c1f87ee6d97815ab24d89b5ad67f8718\"},\"headline\":\"\u00c4r du ny TYS hyresg\u00e4stbloggare?\",\"datePublished\":\"2022-09-22T08:19:54+00:00\",\"dateModified\":\"2022-09-22T08:23:26+00:00\",\"mainEntityOfPage\":{\"@id\":\"https:\\\/\\\/tys.fi\\\/sv\\\/oletko-sina-tysn-seuraava-asukasbloggari-2\"},\"wordCount\":133,\"publisher\":{\"@id\":\"https:\\\/\\\/tys.fi\\\/#organization\"},\"image\":{\"@id\":\"https:\\\/\\\/tys.fi\\\/sv\\\/oletko-sina-tysn-seuraava-asukasbloggari-2#primaryimage\"},\"thumbnailUrl\":\"https:\\\/\\\/tys.fi\\\/wp-content\\\/uploads\\\/2022\\\/09\\\/Bloggarit3.jpg\",\"articleSection\":[\"Nyheter\"],\"inLanguage\":\"sv-SE\"},{\"@type\":\"WebPage\",\"@id\":\"https:\\\/\\\/tys.fi\\\/sv\\\/oletko-sina-tysn-seuraava-asukasbloggari-2\",\"url\":\"https:\\\/\\\/tys.fi\\\/sv\\\/oletko-sina-tysn-seuraava-asukasbloggari-2\",\"name\":\"\u00c4r du ny TYS hyresg\u00e4stbloggare? | TYS | Turun Ylioppilaskyl\u00e4s\u00e4\u00e4ti\u00f6\",\"isPartOf\":{\"@id\":\"https:\\\/\\\/tys.fi\\\/#website\"},\"primaryImageOfPage\":{\"@id\":\"https:\\\/\\\/tys.fi\\\/sv\\\/oletko-sina-tysn-seuraava-asukasbloggari-2#primaryimage\"},\"image\":{\"@id\":\"https:\\\/\\\/tys.fi\\\/sv\\\/oletko-sina-tysn-seuraava-asukasbloggari-2#primaryimage\"},\"thumbnailUrl\":\"https:\\\/\\\/tys.fi\\\/wp-content\\\/uploads\\\/2022\\\/09\\\/Bloggarit3.jpg\",\"datePublished\":\"2022-09-22T08:19:54+00:00\",\"dateModified\":\"2022-09-22T08:23:26+00:00\",\"breadcrumb\":{\"@id\":\"https:\\\/\\\/tys.fi\\\/sv\\\/oletko-sina-tysn-seuraava-asukasbloggari-2#breadcrumb\"},\"inLanguage\":\"sv-SE\",\"potentialAction\":[{\"@type\":\"ReadAction\",\"target\":[\"https:\\\/\\\/tys.fi\\\/sv\\\/oletko-sina-tysn-seuraava-asukasbloggari-2\"]}]},{\"@type\":\"ImageObject\",\"inLanguage\":\"sv-SE\",\"@id\":\"https:\\\/\\\/tys.fi\\\/sv\\\/oletko-sina-tysn-seuraava-asukasbloggari-2#primaryimage\",\"url\":\"https:\\\/\\\/tys.fi\\\/wp-content\\\/uploads\\\/2022\\\/09\\\/Bloggarit3.jpg\",\"contentUrl\":\"https:\\\/\\\/tys.fi\\\/wp-content\\\/uploads\\\/2022\\\/09\\\/Bloggarit3.jpg\",\"width\":1170,\"height\":1161},{\"@type\":\"BreadcrumbList\",\"@id\":\"https:\\\/\\\/tys.fi\\\/sv\\\/oletko-sina-tysn-seuraava-asukasbloggari-2#breadcrumb\",\"itemListElement\":[{\"@type\":\"ListItem\",\"position\":1,\"name\":\"Home\",\"item\":\"https:\\\/\\\/tys.fi\\\/sv\"},{\"@type\":\"ListItem\",\"position\":2,\"name\":\"\u00c4r du ny TYS hyresg\u00e4stbloggare?\"}]},{\"@type\":\"WebSite\",\"@id\":\"https:\\\/\\\/tys.fi\\\/#website\",\"url\":\"https:\\\/\\\/tys.fi\\\/\",\"name\":\"Turun Ylioppilaskyl\u00e4s\u00e4\u00e4ti\u00f6\",\"description\":\"Vuokra-asunnot Turku\",\"publisher\":{\"@id\":\"https:\\\/\\\/tys.fi\\\/#organization\"},\"potentialAction\":[{\"@type\":\"SearchAction\",\"target\":{\"@type\":\"EntryPoint\",\"urlTemplate\":\"https:\\\/\\\/tys.fi\\\/?s={search_term_string}\"},\"query-input\":{\"@type\":\"PropertyValueSpecification\",\"valueRequired\":true,\"valueName\":\"search_term_string\"}}],\"inLanguage\":\"sv-SE\"},{\"@type\":\"Organization\",\"@id\":\"https:\\\/\\\/tys.fi\\\/#organization\",\"name\":\"TYS\",\"url\":\"https:\\\/\\\/tys.fi\\\/\",\"logo\":{\"@type\":\"ImageObject\",\"inLanguage\":\"sv-SE\",\"@id\":\"https:\\\/\\\/tys.fi\\\/#\\\/schema\\\/logo\\\/image\\\/\",\"url\":\"https:\\\/\\\/tys.fi\\\/wp-content\\\/uploads\\\/2019\\\/03\\\/TYS-Logo_Green_500px.png\",\"contentUrl\":\"https:\\\/\\\/tys.fi\\\/wp-content\\\/uploads\\\/2019\\\/03\\\/TYS-Logo_Green_500px.png\",\"width\":500,\"height\":232,\"caption\":\"TYS\"},\"image\":{\"@id\":\"https:\\\/\\\/tys.fi\\\/#\\\/schema\\\/logo\\\/image\\\/\"},\"sameAs\":[\"https:\\\/\\\/www.facebook.com\\\/tysturku\\\/\",\"https:\\\/\\\/x.com\\\/tysturku\",\"https:\\\/\\\/www.instagram.com\\\/tysturku\\\/\",\"https:\\\/\\\/www.linkedin.com\\\/company\\\/tysturku\\\/\",\"https:\\\/\\\/www.youtube.com\\\/channel\\\/UCjKOs8BOiY0SORCB0WWixlw?view_as=subscriber\",\"https:\\\/\\\/fi.wikipedia.org\\\/wiki\\\/Turun_ylioppilaskyl\u00e4s\u00e4\u00e4ti\u00f6\"]},{\"@type\":\"Person\",\"@id\":\"https:\\\/\\\/tys.fi\\\/#\\\/schema\\\/person\\\/c1f87ee6d97815ab24d89b5ad67f8718\",\"name\":\"Marja Aapalahti\",\"url\":\"https:\\\/\\\/tys.fi\\\/sv\\\/author\\\/marja\"}]}<\/script>\n<!-- \/ Yoast SEO plugin. -->","yoast_head_json":{"title":"\u00c4r du ny TYS hyresg\u00e4stbloggare? | TYS | Turun Ylioppilaskyl\u00e4s\u00e4\u00e4ti\u00f6","robots":{"index":"index","follow":"follow","max-snippet":"max-snippet:-1","max-image-preview":"max-image-preview:large","max-video-preview":"max-video-preview:-1"},"canonical":"https:\/\/tys.fi\/sv\/oletko-sina-tysn-seuraava-asukasbloggari-2","og_locale":"sv_SE","og_type":"article","og_title":"\u00c4r du ny TYS hyresg\u00e4stbloggare? | TYS | Turun Ylioppilaskyl\u00e4s\u00e4\u00e4ti\u00f6","og_description":"Vi s\u00f6ker bland hyresg\u00e4sterna bloggare som kan g\u00f6ra inl\u00e4gg p\u00e5 Instagram om boendet och studielivet....","og_url":"https:\/\/tys.fi\/sv\/oletko-sina-tysn-seuraava-asukasbloggari-2","og_site_name":"Turun Ylioppilaskyl&auml;s&auml;&auml;ti&ouml;","article_publisher":"https:\/\/www.facebook.com\/tysturku\/","article_published_time":"2022-09-22T08:19:54+00:00","article_modified_time":"2022-09-22T08:23:26+00:00","og_image":[{"width":1170,"height":1161,"url":"https:\/\/tys.fi\/wp-content\/uploads\/2022\/09\/Bloggarit3.jpg","type":"image\/jpeg"}],"author":"Marja Aapalahti","twitter_card":"summary_large_image","twitter_creator":"@tysturku","twitter_site":"@tysturku","twitter_misc":{"Skriven av":"Marja Aapalahti","Ber\u00e4knad l\u00e4stid":"1 minut"},"schema":{"@context":"https:\/\/schema.org","@graph":[{"@type":"Article","@id":"https:\/\/tys.fi\/sv\/oletko-sina-tysn-seuraava-asukasbloggari-2#article","isPartOf":{"@id":"https:\/\/tys.fi\/sv\/oletko-sina-tysn-seuraava-asukasbloggari-2"},"author":{"name":"Marja Aapalahti","@id":"https:\/\/tys.fi\/#\/schema\/person\/c1f87ee6d97815ab24d89b5ad67f8718"},"headline":"\u00c4r du ny TYS hyresg\u00e4stbloggare?","datePublished":"2022-09-22T08:19:54+00:00","dateModified":"2022-09-22T08:23:26+00:00","mainEntityOfPage":{"@id":"https:\/\/tys.fi\/sv\/oletko-sina-tysn-seuraava-asukasbloggari-2"},"wordCount":133,"publisher":{"@id":"https:\/\/tys.fi\/#organization"},"image":{"@id":"https:\/\/tys.fi\/sv\/oletko-sina-tysn-seuraava-asukasbloggari-2#primaryimage"},"thumbnailUrl":"https:\/\/tys.fi\/wp-content\/uploads\/2022\/09\/Bloggarit3.jpg","articleSection":["Nyheter"],"inLanguage":"sv-SE"},{"@type":"WebPage","@id":"https:\/\/tys.fi\/sv\/oletko-sina-tysn-seuraava-asukasbloggari-2","url":"https:\/\/tys.fi\/sv\/oletko-sina-tysn-seuraava-asukasbloggari-2","name":"\u00c4r du ny TYS hyresg\u00e4stbloggare? | TYS | Turun Ylioppilaskyl\u00e4s\u00e4\u00e4ti\u00f6","isPartOf":{"@id":"https:\/\/tys.fi\/#website"},"primaryImageOfPage":{"@id":"https:\/\/tys.fi\/sv\/oletko-sina-tysn-seuraava-asukasbloggari-2#primaryimage"},"image":{"@id":"https:\/\/tys.fi\/sv\/oletko-sina-tysn-seuraava-asukasbloggari-2#primaryimage"},"thumbnailUrl":"https:\/\/tys.fi\/wp-content\/uploads\/2022\/09\/Bloggarit3.jpg","datePublished":"2022-09-22T08:19:54+00:00","dateModified":"2022-09-22T08:23:26+00:00","breadcrumb":{"@id":"https:\/\/tys.fi\/sv\/oletko-sina-tysn-seuraava-asukasbloggari-2#breadcrumb"},"inLanguage":"sv-SE","potentialAction":[{"@type":"ReadAction","target":["https:\/\/tys.fi\/sv\/oletko-sina-tysn-seuraava-asukasbloggari-2"]}]},{"@type":"ImageObject","inLanguage":"sv-SE","@id":"https:\/\/tys.fi\/sv\/oletko-sina-tysn-seuraava-asukasbloggari-2#primaryimage","url":"https:\/\/tys.fi\/wp-content\/uploads\/2022\/09\/Bloggarit3.jpg","contentUrl":"https:\/\/tys.fi\/wp-content\/uploads\/2022\/09\/Bloggarit3.jpg","width":1170,"height":1161},{"@type":"BreadcrumbList","@id":"https:\/\/tys.fi\/sv\/oletko-sina-tysn-seuraava-asukasbloggari-2#breadcrumb","itemListElement":[{"@type":"ListItem","position":1,"name":"Home","item":"https:\/\/tys.fi\/sv"},{"@type":"ListItem","position":2,"name":"\u00c4r du ny TYS hyresg\u00e4stbloggare?"}]},{"@type":"WebSite","@id":"https:\/\/tys.fi\/#website","url":"https:\/\/tys.fi\/","name":"Turun Ylioppilaskyl\u00e4s\u00e4\u00e4ti\u00f6","description":"Vuokra-asunnot Turku","publisher":{"@id":"https:\/\/tys.fi\/#organization"},"potentialAction":[{"@type":"SearchAction","target":{"@type":"EntryPoint","urlTemplate":"https:\/\/tys.fi\/?s={search_term_string}"},"query-input":{"@type":"PropertyValueSpecification","valueRequired":true,"valueName":"search_term_string"}}],"inLanguage":"sv-SE"},{"@type":"Organization","@id":"https:\/\/tys.fi\/#organization","name":"TYS","url":"https:\/\/tys.fi\/","logo":{"@type":"ImageObject","inLanguage":"sv-SE","@id":"https:\/\/tys.fi\/#\/schema\/logo\/image\/","url":"https:\/\/tys.fi\/wp-content\/uploads\/2019\/03\/TYS-Logo_Green_500px.png","contentUrl":"https:\/\/tys.fi\/wp-content\/uploads\/2019\/03\/TYS-Logo_Green_500px.png","width":500,"height":232,"caption":"TYS"},"image":{"@id":"https:\/\/tys.fi\/#\/schema\/logo\/image\/"},"sameAs":["https:\/\/www.facebook.com\/tysturku\/","https:\/\/x.com\/tysturku","https:\/\/www.instagram.com\/tysturku\/","https:\/\/www.linkedin.com\/company\/tysturku\/","https:\/\/www.youtube.com\/channel\/UCjKOs8BOiY0SORCB0WWixlw?view_as=subscriber","https:\/\/fi.wikipedia.org\/wiki\/Turun_ylioppilaskyl\u00e4s\u00e4\u00e4ti\u00f6"]},{"@type":"Person","@id":"https:\/\/tys.fi\/#\/schema\/person\/c1f87ee6d97815ab24d89b5ad67f8718","name":"Marja Aapalahti","url":"https:\/\/tys.fi\/sv\/author\/marja"}]}},"_links":{"self":[{"href":"https:\/\/tys.fi\/sv\/wp-json\/wp\/v2\/posts\/23801","targetHints":{"allow":["GET"]}}],"collection":[{"href":"https:\/\/tys.fi\/sv\/wp-json\/wp\/v2\/posts"}],"about":[{"href":"https:\/\/tys.fi\/sv\/wp-json\/wp\/v2\/types\/post"}],"author":[{"embeddable":true,"href":"https:\/\/tys.fi\/sv\/wp-json\/wp\/v2\/users\/2"}],"replies":[{"embeddable":true,"href":"https:\/\/tys.fi\/sv\/wp-json\/wp\/v2\/comments?post=23801"}],"version-history":[{"count":2,"href":"https:\/\/tys.fi\/sv\/wp-json\/wp\/v2\/posts\/23801\/revisions"}],"predecessor-version":[{"id":23805,"href":"https:\/\/tys.fi\/sv\/wp-json\/wp\/v2\/posts\/23801\/revisions\/23805"}],"wp:featuredmedia":[{"embeddable":true,"href":"https:\/\/tys.fi\/sv\/wp-json\/wp\/v2\/media\/23798"}],"wp:attachment":[{"href":"https:\/\/tys.fi\/sv\/wp-json\/wp\/v2\/media?parent=23801"}],"wp:term":[{"taxonomy":"category","embeddable":true,"href":"https:\/\/tys.fi\/sv\/wp-json\/wp\/v2\/categories?post=23801"},{"taxonomy":"post_tag","embeddable":true,"href":"https:\/\/tys.fi\/sv\/wp-json\/wp\/v2\/tags?post=23801"}],"curies":[{"name":"wp","href":"https:\/\/api.w.org\/{rel}","templated":true}]}}