{"id":22728,"date":"2022-04-07T11:50:36","date_gmt":"2022-04-07T08:50:36","guid":{"rendered":"https:\/\/tys.fi\/etsimme-kesatyontekijoita-asiakaspalvelutiimiimme"},"modified":"2022-04-07T11:54:04","modified_gmt":"2022-04-07T08:54:04","slug":"etsimme-kesatyontekijoita-asiakaspalvelutiimiimme","status":"publish","type":"post","link":"https:\/\/tys.fi\/sv\/etsimme-kesatyontekijoita-asiakaspalvelutiimiimme","title":{"rendered":"Vi s\u00f6ker sommarjobbare till v\u00e5rt kundtj\u00e4nstteam"},"content":{"rendered":"<p>Vi s\u00f6ker spr\u00e5kkunniga (finska, engelska och svenska) servicer\u00e5dgivare till v\u00e5rt kundtj\u00e4nstteam f\u00f6r sommars\u00e4songen 2022. TYS erbjuder kundservice i m\u00e5nga kanaler, med f\u00f6rk\u00e4rlek f\u00f6r de digitala kanalerna.<\/p>\n<p>I servicer\u00e5dgivarens uppgifter ing\u00e5r att<\/p>\n<ul>\n<li>betj\u00e4na kunderna per telefon, mejl, chatt och vid disken<\/li>\n<li>sk\u00f6ta uppgifter i anslutning till uthyrning av bost\u00e4der och boendetj\u00e4nster<\/li>\n<li>medverka i administrativt arbete och kommunikation riktad till hyresg\u00e4sterna<\/li>\n<\/ul>\n<p>Vi f\u00f6rv\u00e4ntar oss att du har en v\u00e4nlig kundtj\u00e4nstattityd, har l\u00e4tt f\u00f6r att samarbeta, l\u00e4r dig snabbt och har grundl\u00e4ggande insikter i hyreslagstiftningen. Du ska muntligt och skriftligt vara flytande p\u00e5 finska och engelska; svenska \u00e4r en merit.<\/p>\n<p>Vi beh\u00f6ver dig under sommaren 2022 men det \u00e4r \u00f6nskv\u00e4rt att du ocks\u00e5 under terminerna kan hoppa in vid rusningstoppar. Vi ger f\u00f6retr\u00e4de \u00e5t s\u00f6kande som prelimin\u00e4rt \u00e5tar sig att arbeta f\u00f6r TYS ocks\u00e5 sommaren 2023. Arbetsf\u00f6rh\u00e5llandet inleds i maj 2022 och varar \u00e5tminstone till de f\u00f6rsta dagarna i september.<\/p>\n<p>Intresserad? Mejla senast 22.4.2022 en fritt formulerad ans\u00f6kan med meritf\u00f6rteckning till adressen rekry@tys.fi. Fr\u00e5gor om arbetet kan du ocks\u00e5 rikta till mejladressen rekry@tys.fi.<\/p>\n<p>Studentbystiftelsen i \u00c5bo (TYS) bygger, grundrenoverar, hyr ut och underh\u00e5ller studentbost\u00e4der i \u00c5bo. Vi \u00e4r en hyresg\u00e4storienterad ledande akt\u00f6r som g\u00f6r det m\u00f6jligt f\u00f6r studerande att bo tryggt, individuellt, milj\u00f6v\u00e4nligt och bekymmersfritt. Vi har ungef\u00e4r 7000 hyresg\u00e4ster i v\u00e5ra omkring 5000 bost\u00e4der i 20 bostadsobjekt.<\/p>\n<p>&nbsp;<\/p>\n","protected":false},"excerpt":{"rendered":"<p>Vi s\u00f6ker spr\u00e5kkunniga (finska, engelska och svenska) servicer\u00e5dgivare till v\u00e5rt kundtj\u00e4nstteam f\u00f6r sommars\u00e4songen 2022. TYS&#8230;<\/p>\n","protected":false},"author":2,"featured_media":13411,"comment_status":"closed","ping_status":"open","sticky":false,"template":"","format":"standard","meta":{"footnotes":""},"categories":[38],"tags":[],"class_list":{"0":"post-22728","1":"post","2":"type-post","3":"status-publish","4":"format-standard","5":"has-post-thumbnail","7":"category-nyheter-sv"},"yoast_head":"<!-- This site is optimized with the Yoast SEO plugin v27.5 - https:\/\/yoast.com\/product\/yoast-seo-wordpress\/ -->\n<title>Vi s\u00f6ker sommarjobbare till v\u00e5rt kundtj\u00e4nstteam | TYS | Turun Ylioppilaskyl\u00e4s\u00e4\u00e4ti\u00f6<\/title>\n<meta name=\"robots\" content=\"index, follow, max-snippet:-1, max-image-preview:large, max-video-preview:-1\" \/>\n<link rel=\"canonical\" href=\"https:\/\/tys.fi\/sv\/etsimme-kesatyontekijoita-asiakaspalvelutiimiimme\" \/>\n<meta property=\"og:locale\" content=\"sv_SE\" \/>\n<meta property=\"og:type\" content=\"article\" \/>\n<meta property=\"og:title\" content=\"Vi s\u00f6ker sommarjobbare till v\u00e5rt kundtj\u00e4nstteam | TYS | Turun Ylioppilaskyl\u00e4s\u00e4\u00e4ti\u00f6\" \/>\n<meta property=\"og:description\" content=\"Vi s\u00f6ker spr\u00e5kkunniga (finska, engelska och svenska) servicer\u00e5dgivare till v\u00e5rt kundtj\u00e4nstteam f\u00f6r sommars\u00e4songen 2022. TYS...\" \/>\n<meta property=\"og:url\" content=\"https:\/\/tys.fi\/sv\/etsimme-kesatyontekijoita-asiakaspalvelutiimiimme\" \/>\n<meta property=\"og:site_name\" content=\"Turun Ylioppilaskyl&auml;s&auml;&auml;ti&ouml;\" \/>\n<meta property=\"article:publisher\" content=\"https:\/\/www.facebook.com\/tysturku\/\" \/>\n<meta property=\"article:published_time\" content=\"2022-04-07T08:50:36+00:00\" \/>\n<meta property=\"article:modified_time\" content=\"2022-04-07T08:54:04+00:00\" \/>\n<meta property=\"og:image\" content=\"https:\/\/tys.fi\/wp-content\/uploads\/2019\/04\/Tys-vihrea.jpg\" \/>\n\t<meta property=\"og:image:width\" content=\"1200\" \/>\n\t<meta property=\"og:image:height\" content=\"799\" \/>\n\t<meta property=\"og:image:type\" content=\"image\/jpeg\" \/>\n<meta name=\"author\" content=\"Marja Aapalahti\" \/>\n<meta name=\"twitter:card\" content=\"summary_large_image\" \/>\n<meta name=\"twitter:creator\" content=\"@tysturku\" \/>\n<meta name=\"twitter:site\" content=\"@tysturku\" \/>\n<meta name=\"twitter:label1\" content=\"Skriven av\" \/>\n\t<meta name=\"twitter:data1\" content=\"Marja Aapalahti\" \/>\n\t<meta name=\"twitter:label2\" content=\"Ber\u00e4knad l\u00e4stid\" \/>\n\t<meta name=\"twitter:data2\" content=\"1 minut\" \/>\n<script type=\"application\/ld+json\" class=\"yoast-schema-graph\">{\"@context\":\"https:\\\/\\\/schema.org\",\"@graph\":[{\"@type\":\"Article\",\"@id\":\"https:\\\/\\\/tys.fi\\\/sv\\\/etsimme-kesatyontekijoita-asiakaspalvelutiimiimme#article\",\"isPartOf\":{\"@id\":\"https:\\\/\\\/tys.fi\\\/sv\\\/etsimme-kesatyontekijoita-asiakaspalvelutiimiimme\"},\"author\":{\"name\":\"Marja Aapalahti\",\"@id\":\"https:\\\/\\\/tys.fi\\\/#\\\/schema\\\/person\\\/c1f87ee6d97815ab24d89b5ad67f8718\"},\"headline\":\"Vi s\u00f6ker sommarjobbare till v\u00e5rt kundtj\u00e4nstteam\",\"datePublished\":\"2022-04-07T08:50:36+00:00\",\"dateModified\":\"2022-04-07T08:54:04+00:00\",\"mainEntityOfPage\":{\"@id\":\"https:\\\/\\\/tys.fi\\\/sv\\\/etsimme-kesatyontekijoita-asiakaspalvelutiimiimme\"},\"wordCount\":273,\"publisher\":{\"@id\":\"https:\\\/\\\/tys.fi\\\/#organization\"},\"image\":{\"@id\":\"https:\\\/\\\/tys.fi\\\/sv\\\/etsimme-kesatyontekijoita-asiakaspalvelutiimiimme#primaryimage\"},\"thumbnailUrl\":\"https:\\\/\\\/tys.fi\\\/wp-content\\\/uploads\\\/2019\\\/04\\\/Tys-vihrea.jpg\",\"articleSection\":[\"Nyheter\"],\"inLanguage\":\"sv-SE\"},{\"@type\":\"WebPage\",\"@id\":\"https:\\\/\\\/tys.fi\\\/sv\\\/etsimme-kesatyontekijoita-asiakaspalvelutiimiimme\",\"url\":\"https:\\\/\\\/tys.fi\\\/sv\\\/etsimme-kesatyontekijoita-asiakaspalvelutiimiimme\",\"name\":\"Vi s\u00f6ker sommarjobbare till v\u00e5rt kundtj\u00e4nstteam | TYS | Turun Ylioppilaskyl\u00e4s\u00e4\u00e4ti\u00f6\",\"isPartOf\":{\"@id\":\"https:\\\/\\\/tys.fi\\\/#website\"},\"primaryImageOfPage\":{\"@id\":\"https:\\\/\\\/tys.fi\\\/sv\\\/etsimme-kesatyontekijoita-asiakaspalvelutiimiimme#primaryimage\"},\"image\":{\"@id\":\"https:\\\/\\\/tys.fi\\\/sv\\\/etsimme-kesatyontekijoita-asiakaspalvelutiimiimme#primaryimage\"},\"thumbnailUrl\":\"https:\\\/\\\/tys.fi\\\/wp-content\\\/uploads\\\/2019\\\/04\\\/Tys-vihrea.jpg\",\"datePublished\":\"2022-04-07T08:50:36+00:00\",\"dateModified\":\"2022-04-07T08:54:04+00:00\",\"breadcrumb\":{\"@id\":\"https:\\\/\\\/tys.fi\\\/sv\\\/etsimme-kesatyontekijoita-asiakaspalvelutiimiimme#breadcrumb\"},\"inLanguage\":\"sv-SE\",\"potentialAction\":[{\"@type\":\"ReadAction\",\"target\":[\"https:\\\/\\\/tys.fi\\\/sv\\\/etsimme-kesatyontekijoita-asiakaspalvelutiimiimme\"]}]},{\"@type\":\"ImageObject\",\"inLanguage\":\"sv-SE\",\"@id\":\"https:\\\/\\\/tys.fi\\\/sv\\\/etsimme-kesatyontekijoita-asiakaspalvelutiimiimme#primaryimage\",\"url\":\"https:\\\/\\\/tys.fi\\\/wp-content\\\/uploads\\\/2019\\\/04\\\/Tys-vihrea.jpg\",\"contentUrl\":\"https:\\\/\\\/tys.fi\\\/wp-content\\\/uploads\\\/2019\\\/04\\\/Tys-vihrea.jpg\",\"width\":1200,\"height\":799},{\"@type\":\"BreadcrumbList\",\"@id\":\"https:\\\/\\\/tys.fi\\\/sv\\\/etsimme-kesatyontekijoita-asiakaspalvelutiimiimme#breadcrumb\",\"itemListElement\":[{\"@type\":\"ListItem\",\"position\":1,\"name\":\"Home\",\"item\":\"https:\\\/\\\/tys.fi\\\/sv\"},{\"@type\":\"ListItem\",\"position\":2,\"name\":\"Vi s\u00f6ker sommarjobbare till v\u00e5rt kundtj\u00e4nstteam\"}]},{\"@type\":\"WebSite\",\"@id\":\"https:\\\/\\\/tys.fi\\\/#website\",\"url\":\"https:\\\/\\\/tys.fi\\\/\",\"name\":\"Turun Ylioppilaskyl\u00e4s\u00e4\u00e4ti\u00f6\",\"description\":\"Vuokra-asunnot Turku\",\"publisher\":{\"@id\":\"https:\\\/\\\/tys.fi\\\/#organization\"},\"potentialAction\":[{\"@type\":\"SearchAction\",\"target\":{\"@type\":\"EntryPoint\",\"urlTemplate\":\"https:\\\/\\\/tys.fi\\\/?s={search_term_string}\"},\"query-input\":{\"@type\":\"PropertyValueSpecification\",\"valueRequired\":true,\"valueName\":\"search_term_string\"}}],\"inLanguage\":\"sv-SE\"},{\"@type\":\"Organization\",\"@id\":\"https:\\\/\\\/tys.fi\\\/#organization\",\"name\":\"TYS\",\"url\":\"https:\\\/\\\/tys.fi\\\/\",\"logo\":{\"@type\":\"ImageObject\",\"inLanguage\":\"sv-SE\",\"@id\":\"https:\\\/\\\/tys.fi\\\/#\\\/schema\\\/logo\\\/image\\\/\",\"url\":\"https:\\\/\\\/tys.fi\\\/wp-content\\\/uploads\\\/2019\\\/03\\\/TYS-Logo_Green_500px.png\",\"contentUrl\":\"https:\\\/\\\/tys.fi\\\/wp-content\\\/uploads\\\/2019\\\/03\\\/TYS-Logo_Green_500px.png\",\"width\":500,\"height\":232,\"caption\":\"TYS\"},\"image\":{\"@id\":\"https:\\\/\\\/tys.fi\\\/#\\\/schema\\\/logo\\\/image\\\/\"},\"sameAs\":[\"https:\\\/\\\/www.facebook.com\\\/tysturku\\\/\",\"https:\\\/\\\/x.com\\\/tysturku\",\"https:\\\/\\\/www.instagram.com\\\/tysturku\\\/\",\"https:\\\/\\\/www.linkedin.com\\\/company\\\/tysturku\\\/\",\"https:\\\/\\\/www.youtube.com\\\/channel\\\/UCjKOs8BOiY0SORCB0WWixlw?view_as=subscriber\",\"https:\\\/\\\/fi.wikipedia.org\\\/wiki\\\/Turun_ylioppilaskyl\u00e4s\u00e4\u00e4ti\u00f6\"]},{\"@type\":\"Person\",\"@id\":\"https:\\\/\\\/tys.fi\\\/#\\\/schema\\\/person\\\/c1f87ee6d97815ab24d89b5ad67f8718\",\"name\":\"Marja Aapalahti\",\"url\":\"https:\\\/\\\/tys.fi\\\/sv\\\/author\\\/marja\"}]}<\/script>\n<!-- \/ Yoast SEO plugin. -->","yoast_head_json":{"title":"Vi s\u00f6ker sommarjobbare till v\u00e5rt kundtj\u00e4nstteam | TYS | Turun Ylioppilaskyl\u00e4s\u00e4\u00e4ti\u00f6","robots":{"index":"index","follow":"follow","max-snippet":"max-snippet:-1","max-image-preview":"max-image-preview:large","max-video-preview":"max-video-preview:-1"},"canonical":"https:\/\/tys.fi\/sv\/etsimme-kesatyontekijoita-asiakaspalvelutiimiimme","og_locale":"sv_SE","og_type":"article","og_title":"Vi s\u00f6ker sommarjobbare till v\u00e5rt kundtj\u00e4nstteam | TYS | Turun Ylioppilaskyl\u00e4s\u00e4\u00e4ti\u00f6","og_description":"Vi s\u00f6ker spr\u00e5kkunniga (finska, engelska och svenska) servicer\u00e5dgivare till v\u00e5rt kundtj\u00e4nstteam f\u00f6r sommars\u00e4songen 2022. TYS...","og_url":"https:\/\/tys.fi\/sv\/etsimme-kesatyontekijoita-asiakaspalvelutiimiimme","og_site_name":"Turun Ylioppilaskyl&auml;s&auml;&auml;ti&ouml;","article_publisher":"https:\/\/www.facebook.com\/tysturku\/","article_published_time":"2022-04-07T08:50:36+00:00","article_modified_time":"2022-04-07T08:54:04+00:00","og_image":[{"width":1200,"height":799,"url":"https:\/\/tys.fi\/wp-content\/uploads\/2019\/04\/Tys-vihrea.jpg","type":"image\/jpeg"}],"author":"Marja Aapalahti","twitter_card":"summary_large_image","twitter_creator":"@tysturku","twitter_site":"@tysturku","twitter_misc":{"Skriven av":"Marja Aapalahti","Ber\u00e4knad l\u00e4stid":"1 minut"},"schema":{"@context":"https:\/\/schema.org","@graph":[{"@type":"Article","@id":"https:\/\/tys.fi\/sv\/etsimme-kesatyontekijoita-asiakaspalvelutiimiimme#article","isPartOf":{"@id":"https:\/\/tys.fi\/sv\/etsimme-kesatyontekijoita-asiakaspalvelutiimiimme"},"author":{"name":"Marja Aapalahti","@id":"https:\/\/tys.fi\/#\/schema\/person\/c1f87ee6d97815ab24d89b5ad67f8718"},"headline":"Vi s\u00f6ker sommarjobbare till v\u00e5rt kundtj\u00e4nstteam","datePublished":"2022-04-07T08:50:36+00:00","dateModified":"2022-04-07T08:54:04+00:00","mainEntityOfPage":{"@id":"https:\/\/tys.fi\/sv\/etsimme-kesatyontekijoita-asiakaspalvelutiimiimme"},"wordCount":273,"publisher":{"@id":"https:\/\/tys.fi\/#organization"},"image":{"@id":"https:\/\/tys.fi\/sv\/etsimme-kesatyontekijoita-asiakaspalvelutiimiimme#primaryimage"},"thumbnailUrl":"https:\/\/tys.fi\/wp-content\/uploads\/2019\/04\/Tys-vihrea.jpg","articleSection":["Nyheter"],"inLanguage":"sv-SE"},{"@type":"WebPage","@id":"https:\/\/tys.fi\/sv\/etsimme-kesatyontekijoita-asiakaspalvelutiimiimme","url":"https:\/\/tys.fi\/sv\/etsimme-kesatyontekijoita-asiakaspalvelutiimiimme","name":"Vi s\u00f6ker sommarjobbare till v\u00e5rt kundtj\u00e4nstteam | TYS | Turun Ylioppilaskyl\u00e4s\u00e4\u00e4ti\u00f6","isPartOf":{"@id":"https:\/\/tys.fi\/#website"},"primaryImageOfPage":{"@id":"https:\/\/tys.fi\/sv\/etsimme-kesatyontekijoita-asiakaspalvelutiimiimme#primaryimage"},"image":{"@id":"https:\/\/tys.fi\/sv\/etsimme-kesatyontekijoita-asiakaspalvelutiimiimme#primaryimage"},"thumbnailUrl":"https:\/\/tys.fi\/wp-content\/uploads\/2019\/04\/Tys-vihrea.jpg","datePublished":"2022-04-07T08:50:36+00:00","dateModified":"2022-04-07T08:54:04+00:00","breadcrumb":{"@id":"https:\/\/tys.fi\/sv\/etsimme-kesatyontekijoita-asiakaspalvelutiimiimme#breadcrumb"},"inLanguage":"sv-SE","potentialAction":[{"@type":"ReadAction","target":["https:\/\/tys.fi\/sv\/etsimme-kesatyontekijoita-asiakaspalvelutiimiimme"]}]},{"@type":"ImageObject","inLanguage":"sv-SE","@id":"https:\/\/tys.fi\/sv\/etsimme-kesatyontekijoita-asiakaspalvelutiimiimme#primaryimage","url":"https:\/\/tys.fi\/wp-content\/uploads\/2019\/04\/Tys-vihrea.jpg","contentUrl":"https:\/\/tys.fi\/wp-content\/uploads\/2019\/04\/Tys-vihrea.jpg","width":1200,"height":799},{"@type":"BreadcrumbList","@id":"https:\/\/tys.fi\/sv\/etsimme-kesatyontekijoita-asiakaspalvelutiimiimme#breadcrumb","itemListElement":[{"@type":"ListItem","position":1,"name":"Home","item":"https:\/\/tys.fi\/sv"},{"@type":"ListItem","position":2,"name":"Vi s\u00f6ker sommarjobbare till v\u00e5rt kundtj\u00e4nstteam"}]},{"@type":"WebSite","@id":"https:\/\/tys.fi\/#website","url":"https:\/\/tys.fi\/","name":"Turun Ylioppilaskyl\u00e4s\u00e4\u00e4ti\u00f6","description":"Vuokra-asunnot Turku","publisher":{"@id":"https:\/\/tys.fi\/#organization"},"potentialAction":[{"@type":"SearchAction","target":{"@type":"EntryPoint","urlTemplate":"https:\/\/tys.fi\/?s={search_term_string}"},"query-input":{"@type":"PropertyValueSpecification","valueRequired":true,"valueName":"search_term_string"}}],"inLanguage":"sv-SE"},{"@type":"Organization","@id":"https:\/\/tys.fi\/#organization","name":"TYS","url":"https:\/\/tys.fi\/","logo":{"@type":"ImageObject","inLanguage":"sv-SE","@id":"https:\/\/tys.fi\/#\/schema\/logo\/image\/","url":"https:\/\/tys.fi\/wp-content\/uploads\/2019\/03\/TYS-Logo_Green_500px.png","contentUrl":"https:\/\/tys.fi\/wp-content\/uploads\/2019\/03\/TYS-Logo_Green_500px.png","width":500,"height":232,"caption":"TYS"},"image":{"@id":"https:\/\/tys.fi\/#\/schema\/logo\/image\/"},"sameAs":["https:\/\/www.facebook.com\/tysturku\/","https:\/\/x.com\/tysturku","https:\/\/www.instagram.com\/tysturku\/","https:\/\/www.linkedin.com\/company\/tysturku\/","https:\/\/www.youtube.com\/channel\/UCjKOs8BOiY0SORCB0WWixlw?view_as=subscriber","https:\/\/fi.wikipedia.org\/wiki\/Turun_ylioppilaskyl\u00e4s\u00e4\u00e4ti\u00f6"]},{"@type":"Person","@id":"https:\/\/tys.fi\/#\/schema\/person\/c1f87ee6d97815ab24d89b5ad67f8718","name":"Marja Aapalahti","url":"https:\/\/tys.fi\/sv\/author\/marja"}]}},"_links":{"self":[{"href":"https:\/\/tys.fi\/sv\/wp-json\/wp\/v2\/posts\/22728","targetHints":{"allow":["GET"]}}],"collection":[{"href":"https:\/\/tys.fi\/sv\/wp-json\/wp\/v2\/posts"}],"about":[{"href":"https:\/\/tys.fi\/sv\/wp-json\/wp\/v2\/types\/post"}],"author":[{"embeddable":true,"href":"https:\/\/tys.fi\/sv\/wp-json\/wp\/v2\/users\/2"}],"replies":[{"embeddable":true,"href":"https:\/\/tys.fi\/sv\/wp-json\/wp\/v2\/comments?post=22728"}],"version-history":[{"count":2,"href":"https:\/\/tys.fi\/sv\/wp-json\/wp\/v2\/posts\/22728\/revisions"}],"predecessor-version":[{"id":22731,"href":"https:\/\/tys.fi\/sv\/wp-json\/wp\/v2\/posts\/22728\/revisions\/22731"}],"wp:featuredmedia":[{"embeddable":true,"href":"https:\/\/tys.fi\/sv\/wp-json\/wp\/v2\/media\/13411"}],"wp:attachment":[{"href":"https:\/\/tys.fi\/sv\/wp-json\/wp\/v2\/media?parent=22728"}],"wp:term":[{"taxonomy":"category","embeddable":true,"href":"https:\/\/tys.fi\/sv\/wp-json\/wp\/v2\/categories?post=22728"},{"taxonomy":"post_tag","embeddable":true,"href":"https:\/\/tys.fi\/sv\/wp-json\/wp\/v2\/tags?post=22728"}],"curies":[{"name":"wp","href":"https:\/\/api.w.org\/{rel}","templated":true}]}}