{"id":20999,"date":"2021-05-06T16:57:15","date_gmt":"2021-05-06T13:57:15","guid":{"rendered":"https:\/\/tys.fi\/?p=20999"},"modified":"2021-05-06T16:57:15","modified_gmt":"2021-05-06T13:57:15","slug":"studentbystiftelsen-i-abo-har-publicerat-sin-forsta-hallbarhetsrapport","status":"publish","type":"post","link":"https:\/\/tys.fi\/sv\/studentbystiftelsen-i-abo-har-publicerat-sin-forsta-hallbarhetsrapport","title":{"rendered":"Studentbystiftelsen i \u00c5bo har publicerat sin f\u00f6rsta h\u00e5llbarhetsrapport"},"content":{"rendered":"<p>Studentbystiftelsen i \u00c5bo (TYS) har i samband med \u00e5rsrapporteringen publicerat sin f\u00f6rsta h\u00e5llbarhetsrapport. I rapporten behandlas det g\u00e5ngna verksamhets\u00e5ret 2020 f\u00f6r TYS och av stiftelsen definierade h\u00e5llbarhetsteman och h\u00e5llbarhetsm\u00e5l fr\u00e5n och med nu.<\/p>\n<p>Stiftelsens verkst\u00e4llande direkt\u00f6r <strong>Risto Siilos<\/strong> konstaterar att det g\u00e5ngna \u00e5ret f\u00f6rl\u00f6pte v\u00e4l trots de utmaningar som coronapandemin f\u00f6rde med sig. \u201dTrots pandemin l\u00e5g stiftelsens verksamhets- och ekonomiska resultat mycket n\u00e4ra det som prognosticerats. Utnyttjandegraden f\u00f6r bost\u00e4derna sj\u00f6nk en aning men h\u00f6ll sig \u00e4nd\u00e5 stabil. Under \u00e5ret b\u00f6rjade vi ocks\u00e5 bygga det nya bostadsobjektet Tyyssija\u201d, s\u00e4ger Siilos sammanfattande.<\/p>\n<p><strong>H\u00e5llbarhetsrapportering syftar till att genomskinligt och \u00f6ppet ber\u00e4tta om stiftelsens verksamhet och m\u00e5l<br \/>\n<\/strong><\/p>\n<p>Stiftelsen l\u00e4t under 2020 utf\u00f6ra en h\u00e5llbarhetskartering f\u00f6r att identifiera verkningarna av TYS verksamhet p\u00e5 samh\u00e4lle och interessentgrupper och kartl\u00e4gga nul\u00e4get i fr\u00e5ga om h\u00e5llbarhet. P\u00e5 basis av h\u00e5llbarhetskarteringen och med beaktande av verksamhetsmilj\u00f6ns s\u00e4rdrag har fyra v\u00e4sentliga h\u00e5llbarhetsteman f\u00f6r verksamheten identifierats: genomskinlig och l\u00f6nsam verksamhet, en arbetsgemenskap som m\u00e5r bra, n\u00f6jda kunder och ett h\u00e5llbart boende.<\/p>\n<p>Dessa h\u00e5llbarhetsteman t\u00e4cker aspekterna ekonomiskt ansvar och god f\u00f6rvaltning, socialt ansvar och ansvar f\u00f6r milj\u00f6n. F\u00f6r varje h\u00e5llbarhetstema har m\u00e4tare och m\u00e5l definierats. Hur dessa uppfylls ska \u00e5rligen rapporteras. H\u00e5llbarhetsrapporteringen syftar till att genomskinligt och \u00f6ppet ber\u00e4tta om stiftelsens verksamhet och m\u00e5l.<\/p>\n<p>\u201dDet \u00e4r viktigt att alla identifierade h\u00e5llbarhetsteman och aspekter har h\u00e4rletts ur TYS existerande verksamhet och att de ing\u00e5r i stiftelsens strategi eller i andra styrande principer eller rutiner. I TYS f\u00f6rsta h\u00e5llbarhetsrapport handlar det om att synligg\u00f6ra de tillv\u00e4gag\u00e5ngss\u00e4tt som redan till\u00e4mpas\u201d, s\u00e4ger Siilos.<\/p>\n<p><strong>M\u00e5let minskad energif\u00f6rbrukning f\u00f6r boendet<\/strong><\/p>\n<p>Den strategiska m\u00e4taren f\u00f6r ett h\u00e5llbart boende \u00e4r boendets kolavtryck, baserat p\u00e5 energif\u00f6rbrukning och utsl\u00e4ppskompenserad avfallshantering i stiftelsens fastigheter.\u00a0 Avsikten \u00e4r att under 2021 kalkylera kolavtrycket, justera och precisera kolneutralitetsm\u00e5let samt utarbeta v\u00e4gkartan f\u00f6r hur kolneutralitet ska uppn\u00e5s.<\/p>\n<p>Boendet st\u00e5r f\u00f6r st\u00f6rsta delen av privathush\u00e5llens kolavtryck. Stiftelsens m\u00e5l \u00e4r bland annat att \u00e5r f\u00f6r \u00e5r \u00f6ka andelen f\u00f6rnybar energi i bostadsobjektens totalf\u00f6rbrukning och att ge hyresg\u00e4sterna m\u00f6jlighet att p\u00e5verka kolavtrycket av sitt boende. Kolneutralitet 2029 finns inskrivet som m\u00e5l i stiftelsens strategi och h\u00e5llbarhetsprogrammet st\u00f6der detta m\u00e5l.<\/p>\n<p>\u201dAndelen f\u00f6rnybar energi i den el och v\u00e4rme som stiftelsen k\u00f6per \u00e4r redan 80 procent. Vi har ocks\u00e5 egen produktion av f\u00f6rnybar energi i form av solpaneler p\u00e5 Aitiopaikka och avsikten \u00e4r att ut\u00f6ka antalet solpaneler. Innevarande \u00e5r kommer till exempel solpaneler att installeras p\u00e5 Tyyssijas tak\u201d, s\u00e4ger Siilos.<\/p>\n<p>\u00d6vriga teman och m\u00e5l i TYS h\u00e5llbarhetsrapport kan studeras i stiftelsens \u00e5rs- och h\u00e5llbarhetsrapport f\u00f6r 2020: och p\u00e5 stiftelsens webbsajt p\u00e5 adressen <a href=\"https:\/\/tys.fi\/sv\/hallbarhet\">www.tys.fi\/vastuullisuus<\/a><\/p>\n<p>I forts\u00e4ttningen utarbetar TYS varje \u00e5r en \u00e5rs- och h\u00e5llbarhetsrapport. H\u00e5llbarhetsrapporten f\u00f6r 2021 \u00e4r redan under arbete.<\/p>\n","protected":false},"excerpt":{"rendered":"<p>Studentbystiftelsen i \u00c5bo (TYS) har i samband med \u00e5rsrapporteringen publicerat sin f\u00f6rsta h\u00e5llbarhetsrapport. I rapporten&#8230;<\/p>\n","protected":false},"author":2,"featured_media":20793,"comment_status":"closed","ping_status":"closed","sticky":false,"template":"","format":"standard","meta":{"footnotes":""},"categories":[9,38],"tags":[],"class_list":{"0":"post-20999","1":"post","2":"type-post","3":"status-publish","4":"format-standard","5":"has-post-thumbnail","7":"category-blogg-sv","8":"category-nyheter-sv"},"yoast_head":"<!-- This site is optimized with the Yoast SEO plugin v27.5 - https:\/\/yoast.com\/product\/yoast-seo-wordpress\/ -->\n<title>Studentbystiftelsen i \u00c5bo har publicerat sin f\u00f6rsta h\u00e5llbarhetsrapport | TYS | Turun Ylioppilaskyl\u00e4s\u00e4\u00e4ti\u00f6<\/title>\n<meta name=\"robots\" content=\"index, follow, max-snippet:-1, max-image-preview:large, max-video-preview:-1\" \/>\n<link rel=\"canonical\" href=\"https:\/\/tys.fi\/sv\/studentbystiftelsen-i-abo-har-publicerat-sin-forsta-hallbarhetsrapport\" \/>\n<meta property=\"og:locale\" content=\"sv_SE\" \/>\n<meta property=\"og:type\" content=\"article\" \/>\n<meta property=\"og:title\" content=\"Studentbystiftelsen i \u00c5bo har publicerat sin f\u00f6rsta h\u00e5llbarhetsrapport | TYS | Turun Ylioppilaskyl\u00e4s\u00e4\u00e4ti\u00f6\" \/>\n<meta property=\"og:description\" content=\"Studentbystiftelsen i \u00c5bo (TYS) har i samband med \u00e5rsrapporteringen publicerat sin f\u00f6rsta h\u00e5llbarhetsrapport. I rapporten...\" \/>\n<meta property=\"og:url\" content=\"https:\/\/tys.fi\/sv\/studentbystiftelsen-i-abo-har-publicerat-sin-forsta-hallbarhetsrapport\" \/>\n<meta property=\"og:site_name\" content=\"Turun Ylioppilaskyl&auml;s&auml;&auml;ti&ouml;\" \/>\n<meta property=\"article:publisher\" content=\"https:\/\/www.facebook.com\/tysturku\/\" \/>\n<meta property=\"article:published_time\" content=\"2021-05-06T13:57:15+00:00\" \/>\n<meta property=\"og:image\" content=\"https:\/\/tys.fi\/wp-content\/uploads\/2021\/04\/aitiopaikka-001-print-scaled.jpg\" \/>\n\t<meta property=\"og:image:width\" content=\"2560\" \/>\n\t<meta property=\"og:image:height\" content=\"1706\" \/>\n\t<meta property=\"og:image:type\" content=\"image\/jpeg\" \/>\n<meta name=\"author\" content=\"Marja Aapalahti\" \/>\n<meta name=\"twitter:card\" content=\"summary_large_image\" \/>\n<meta name=\"twitter:creator\" content=\"@tysturku\" \/>\n<meta name=\"twitter:site\" content=\"@tysturku\" \/>\n<meta name=\"twitter:label1\" content=\"Skriven av\" \/>\n\t<meta name=\"twitter:data1\" content=\"Marja Aapalahti\" \/>\n\t<meta name=\"twitter:label2\" content=\"Ber\u00e4knad l\u00e4stid\" \/>\n\t<meta name=\"twitter:data2\" content=\"2 minuter\" \/>\n<script type=\"application\/ld+json\" class=\"yoast-schema-graph\">{\"@context\":\"https:\\\/\\\/schema.org\",\"@graph\":[{\"@type\":\"Article\",\"@id\":\"https:\\\/\\\/tys.fi\\\/sv\\\/studentbystiftelsen-i-abo-har-publicerat-sin-forsta-hallbarhetsrapport#article\",\"isPartOf\":{\"@id\":\"https:\\\/\\\/tys.fi\\\/sv\\\/studentbystiftelsen-i-abo-har-publicerat-sin-forsta-hallbarhetsrapport\"},\"author\":{\"name\":\"Marja Aapalahti\",\"@id\":\"https:\\\/\\\/tys.fi\\\/#\\\/schema\\\/person\\\/c1f87ee6d97815ab24d89b5ad67f8718\"},\"headline\":\"Studentbystiftelsen i \u00c5bo har publicerat sin f\u00f6rsta h\u00e5llbarhetsrapport\",\"datePublished\":\"2021-05-06T13:57:15+00:00\",\"mainEntityOfPage\":{\"@id\":\"https:\\\/\\\/tys.fi\\\/sv\\\/studentbystiftelsen-i-abo-har-publicerat-sin-forsta-hallbarhetsrapport\"},\"wordCount\":544,\"publisher\":{\"@id\":\"https:\\\/\\\/tys.fi\\\/#organization\"},\"image\":{\"@id\":\"https:\\\/\\\/tys.fi\\\/sv\\\/studentbystiftelsen-i-abo-har-publicerat-sin-forsta-hallbarhetsrapport#primaryimage\"},\"thumbnailUrl\":\"https:\\\/\\\/tys.fi\\\/wp-content\\\/uploads\\\/2021\\\/04\\\/aitiopaikka-001-print-scaled.jpg\",\"articleSection\":[\"Blogg\",\"Nyheter\"],\"inLanguage\":\"sv-SE\"},{\"@type\":\"WebPage\",\"@id\":\"https:\\\/\\\/tys.fi\\\/sv\\\/studentbystiftelsen-i-abo-har-publicerat-sin-forsta-hallbarhetsrapport\",\"url\":\"https:\\\/\\\/tys.fi\\\/sv\\\/studentbystiftelsen-i-abo-har-publicerat-sin-forsta-hallbarhetsrapport\",\"name\":\"Studentbystiftelsen i \u00c5bo har publicerat sin f\u00f6rsta h\u00e5llbarhetsrapport | TYS | Turun Ylioppilaskyl\u00e4s\u00e4\u00e4ti\u00f6\",\"isPartOf\":{\"@id\":\"https:\\\/\\\/tys.fi\\\/#website\"},\"primaryImageOfPage\":{\"@id\":\"https:\\\/\\\/tys.fi\\\/sv\\\/studentbystiftelsen-i-abo-har-publicerat-sin-forsta-hallbarhetsrapport#primaryimage\"},\"image\":{\"@id\":\"https:\\\/\\\/tys.fi\\\/sv\\\/studentbystiftelsen-i-abo-har-publicerat-sin-forsta-hallbarhetsrapport#primaryimage\"},\"thumbnailUrl\":\"https:\\\/\\\/tys.fi\\\/wp-content\\\/uploads\\\/2021\\\/04\\\/aitiopaikka-001-print-scaled.jpg\",\"datePublished\":\"2021-05-06T13:57:15+00:00\",\"breadcrumb\":{\"@id\":\"https:\\\/\\\/tys.fi\\\/sv\\\/studentbystiftelsen-i-abo-har-publicerat-sin-forsta-hallbarhetsrapport#breadcrumb\"},\"inLanguage\":\"sv-SE\",\"potentialAction\":[{\"@type\":\"ReadAction\",\"target\":[\"https:\\\/\\\/tys.fi\\\/sv\\\/studentbystiftelsen-i-abo-har-publicerat-sin-forsta-hallbarhetsrapport\"]}]},{\"@type\":\"ImageObject\",\"inLanguage\":\"sv-SE\",\"@id\":\"https:\\\/\\\/tys.fi\\\/sv\\\/studentbystiftelsen-i-abo-har-publicerat-sin-forsta-hallbarhetsrapport#primaryimage\",\"url\":\"https:\\\/\\\/tys.fi\\\/wp-content\\\/uploads\\\/2021\\\/04\\\/aitiopaikka-001-print-scaled.jpg\",\"contentUrl\":\"https:\\\/\\\/tys.fi\\\/wp-content\\\/uploads\\\/2021\\\/04\\\/aitiopaikka-001-print-scaled.jpg\",\"width\":2560,\"height\":1706},{\"@type\":\"BreadcrumbList\",\"@id\":\"https:\\\/\\\/tys.fi\\\/sv\\\/studentbystiftelsen-i-abo-har-publicerat-sin-forsta-hallbarhetsrapport#breadcrumb\",\"itemListElement\":[{\"@type\":\"ListItem\",\"position\":1,\"name\":\"Home\",\"item\":\"https:\\\/\\\/tys.fi\\\/sv\"},{\"@type\":\"ListItem\",\"position\":2,\"name\":\"Studentbystiftelsen i \u00c5bo har publicerat sin f\u00f6rsta h\u00e5llbarhetsrapport\"}]},{\"@type\":\"WebSite\",\"@id\":\"https:\\\/\\\/tys.fi\\\/#website\",\"url\":\"https:\\\/\\\/tys.fi\\\/\",\"name\":\"Turun Ylioppilaskyl\u00e4s\u00e4\u00e4ti\u00f6\",\"description\":\"Vuokra-asunnot Turku\",\"publisher\":{\"@id\":\"https:\\\/\\\/tys.fi\\\/#organization\"},\"potentialAction\":[{\"@type\":\"SearchAction\",\"target\":{\"@type\":\"EntryPoint\",\"urlTemplate\":\"https:\\\/\\\/tys.fi\\\/?s={search_term_string}\"},\"query-input\":{\"@type\":\"PropertyValueSpecification\",\"valueRequired\":true,\"valueName\":\"search_term_string\"}}],\"inLanguage\":\"sv-SE\"},{\"@type\":\"Organization\",\"@id\":\"https:\\\/\\\/tys.fi\\\/#organization\",\"name\":\"TYS\",\"url\":\"https:\\\/\\\/tys.fi\\\/\",\"logo\":{\"@type\":\"ImageObject\",\"inLanguage\":\"sv-SE\",\"@id\":\"https:\\\/\\\/tys.fi\\\/#\\\/schema\\\/logo\\\/image\\\/\",\"url\":\"https:\\\/\\\/tys.fi\\\/wp-content\\\/uploads\\\/2019\\\/03\\\/TYS-Logo_Green_500px.png\",\"contentUrl\":\"https:\\\/\\\/tys.fi\\\/wp-content\\\/uploads\\\/2019\\\/03\\\/TYS-Logo_Green_500px.png\",\"width\":500,\"height\":232,\"caption\":\"TYS\"},\"image\":{\"@id\":\"https:\\\/\\\/tys.fi\\\/#\\\/schema\\\/logo\\\/image\\\/\"},\"sameAs\":[\"https:\\\/\\\/www.facebook.com\\\/tysturku\\\/\",\"https:\\\/\\\/x.com\\\/tysturku\",\"https:\\\/\\\/www.instagram.com\\\/tysturku\\\/\",\"https:\\\/\\\/www.linkedin.com\\\/company\\\/tysturku\\\/\",\"https:\\\/\\\/www.youtube.com\\\/channel\\\/UCjKOs8BOiY0SORCB0WWixlw?view_as=subscriber\",\"https:\\\/\\\/fi.wikipedia.org\\\/wiki\\\/Turun_ylioppilaskyl\u00e4s\u00e4\u00e4ti\u00f6\"]},{\"@type\":\"Person\",\"@id\":\"https:\\\/\\\/tys.fi\\\/#\\\/schema\\\/person\\\/c1f87ee6d97815ab24d89b5ad67f8718\",\"name\":\"Marja Aapalahti\",\"url\":\"https:\\\/\\\/tys.fi\\\/sv\\\/author\\\/marja\"}]}<\/script>\n<!-- \/ Yoast SEO plugin. -->","yoast_head_json":{"title":"Studentbystiftelsen i \u00c5bo har publicerat sin f\u00f6rsta h\u00e5llbarhetsrapport | TYS | Turun Ylioppilaskyl\u00e4s\u00e4\u00e4ti\u00f6","robots":{"index":"index","follow":"follow","max-snippet":"max-snippet:-1","max-image-preview":"max-image-preview:large","max-video-preview":"max-video-preview:-1"},"canonical":"https:\/\/tys.fi\/sv\/studentbystiftelsen-i-abo-har-publicerat-sin-forsta-hallbarhetsrapport","og_locale":"sv_SE","og_type":"article","og_title":"Studentbystiftelsen i \u00c5bo har publicerat sin f\u00f6rsta h\u00e5llbarhetsrapport | TYS | Turun Ylioppilaskyl\u00e4s\u00e4\u00e4ti\u00f6","og_description":"Studentbystiftelsen i \u00c5bo (TYS) har i samband med \u00e5rsrapporteringen publicerat sin f\u00f6rsta h\u00e5llbarhetsrapport. I rapporten...","og_url":"https:\/\/tys.fi\/sv\/studentbystiftelsen-i-abo-har-publicerat-sin-forsta-hallbarhetsrapport","og_site_name":"Turun Ylioppilaskyl&auml;s&auml;&auml;ti&ouml;","article_publisher":"https:\/\/www.facebook.com\/tysturku\/","article_published_time":"2021-05-06T13:57:15+00:00","og_image":[{"width":2560,"height":1706,"url":"https:\/\/tys.fi\/wp-content\/uploads\/2021\/04\/aitiopaikka-001-print-scaled.jpg","type":"image\/jpeg"}],"author":"Marja Aapalahti","twitter_card":"summary_large_image","twitter_creator":"@tysturku","twitter_site":"@tysturku","twitter_misc":{"Skriven av":"Marja Aapalahti","Ber\u00e4knad l\u00e4stid":"2 minuter"},"schema":{"@context":"https:\/\/schema.org","@graph":[{"@type":"Article","@id":"https:\/\/tys.fi\/sv\/studentbystiftelsen-i-abo-har-publicerat-sin-forsta-hallbarhetsrapport#article","isPartOf":{"@id":"https:\/\/tys.fi\/sv\/studentbystiftelsen-i-abo-har-publicerat-sin-forsta-hallbarhetsrapport"},"author":{"name":"Marja Aapalahti","@id":"https:\/\/tys.fi\/#\/schema\/person\/c1f87ee6d97815ab24d89b5ad67f8718"},"headline":"Studentbystiftelsen i \u00c5bo har publicerat sin f\u00f6rsta h\u00e5llbarhetsrapport","datePublished":"2021-05-06T13:57:15+00:00","mainEntityOfPage":{"@id":"https:\/\/tys.fi\/sv\/studentbystiftelsen-i-abo-har-publicerat-sin-forsta-hallbarhetsrapport"},"wordCount":544,"publisher":{"@id":"https:\/\/tys.fi\/#organization"},"image":{"@id":"https:\/\/tys.fi\/sv\/studentbystiftelsen-i-abo-har-publicerat-sin-forsta-hallbarhetsrapport#primaryimage"},"thumbnailUrl":"https:\/\/tys.fi\/wp-content\/uploads\/2021\/04\/aitiopaikka-001-print-scaled.jpg","articleSection":["Blogg","Nyheter"],"inLanguage":"sv-SE"},{"@type":"WebPage","@id":"https:\/\/tys.fi\/sv\/studentbystiftelsen-i-abo-har-publicerat-sin-forsta-hallbarhetsrapport","url":"https:\/\/tys.fi\/sv\/studentbystiftelsen-i-abo-har-publicerat-sin-forsta-hallbarhetsrapport","name":"Studentbystiftelsen i \u00c5bo har publicerat sin f\u00f6rsta h\u00e5llbarhetsrapport | TYS | Turun Ylioppilaskyl\u00e4s\u00e4\u00e4ti\u00f6","isPartOf":{"@id":"https:\/\/tys.fi\/#website"},"primaryImageOfPage":{"@id":"https:\/\/tys.fi\/sv\/studentbystiftelsen-i-abo-har-publicerat-sin-forsta-hallbarhetsrapport#primaryimage"},"image":{"@id":"https:\/\/tys.fi\/sv\/studentbystiftelsen-i-abo-har-publicerat-sin-forsta-hallbarhetsrapport#primaryimage"},"thumbnailUrl":"https:\/\/tys.fi\/wp-content\/uploads\/2021\/04\/aitiopaikka-001-print-scaled.jpg","datePublished":"2021-05-06T13:57:15+00:00","breadcrumb":{"@id":"https:\/\/tys.fi\/sv\/studentbystiftelsen-i-abo-har-publicerat-sin-forsta-hallbarhetsrapport#breadcrumb"},"inLanguage":"sv-SE","potentialAction":[{"@type":"ReadAction","target":["https:\/\/tys.fi\/sv\/studentbystiftelsen-i-abo-har-publicerat-sin-forsta-hallbarhetsrapport"]}]},{"@type":"ImageObject","inLanguage":"sv-SE","@id":"https:\/\/tys.fi\/sv\/studentbystiftelsen-i-abo-har-publicerat-sin-forsta-hallbarhetsrapport#primaryimage","url":"https:\/\/tys.fi\/wp-content\/uploads\/2021\/04\/aitiopaikka-001-print-scaled.jpg","contentUrl":"https:\/\/tys.fi\/wp-content\/uploads\/2021\/04\/aitiopaikka-001-print-scaled.jpg","width":2560,"height":1706},{"@type":"BreadcrumbList","@id":"https:\/\/tys.fi\/sv\/studentbystiftelsen-i-abo-har-publicerat-sin-forsta-hallbarhetsrapport#breadcrumb","itemListElement":[{"@type":"ListItem","position":1,"name":"Home","item":"https:\/\/tys.fi\/sv"},{"@type":"ListItem","position":2,"name":"Studentbystiftelsen i \u00c5bo har publicerat sin f\u00f6rsta h\u00e5llbarhetsrapport"}]},{"@type":"WebSite","@id":"https:\/\/tys.fi\/#website","url":"https:\/\/tys.fi\/","name":"Turun Ylioppilaskyl\u00e4s\u00e4\u00e4ti\u00f6","description":"Vuokra-asunnot Turku","publisher":{"@id":"https:\/\/tys.fi\/#organization"},"potentialAction":[{"@type":"SearchAction","target":{"@type":"EntryPoint","urlTemplate":"https:\/\/tys.fi\/?s={search_term_string}"},"query-input":{"@type":"PropertyValueSpecification","valueRequired":true,"valueName":"search_term_string"}}],"inLanguage":"sv-SE"},{"@type":"Organization","@id":"https:\/\/tys.fi\/#organization","name":"TYS","url":"https:\/\/tys.fi\/","logo":{"@type":"ImageObject","inLanguage":"sv-SE","@id":"https:\/\/tys.fi\/#\/schema\/logo\/image\/","url":"https:\/\/tys.fi\/wp-content\/uploads\/2019\/03\/TYS-Logo_Green_500px.png","contentUrl":"https:\/\/tys.fi\/wp-content\/uploads\/2019\/03\/TYS-Logo_Green_500px.png","width":500,"height":232,"caption":"TYS"},"image":{"@id":"https:\/\/tys.fi\/#\/schema\/logo\/image\/"},"sameAs":["https:\/\/www.facebook.com\/tysturku\/","https:\/\/x.com\/tysturku","https:\/\/www.instagram.com\/tysturku\/","https:\/\/www.linkedin.com\/company\/tysturku\/","https:\/\/www.youtube.com\/channel\/UCjKOs8BOiY0SORCB0WWixlw?view_as=subscriber","https:\/\/fi.wikipedia.org\/wiki\/Turun_ylioppilaskyl\u00e4s\u00e4\u00e4ti\u00f6"]},{"@type":"Person","@id":"https:\/\/tys.fi\/#\/schema\/person\/c1f87ee6d97815ab24d89b5ad67f8718","name":"Marja Aapalahti","url":"https:\/\/tys.fi\/sv\/author\/marja"}]}},"_links":{"self":[{"href":"https:\/\/tys.fi\/sv\/wp-json\/wp\/v2\/posts\/20999","targetHints":{"allow":["GET"]}}],"collection":[{"href":"https:\/\/tys.fi\/sv\/wp-json\/wp\/v2\/posts"}],"about":[{"href":"https:\/\/tys.fi\/sv\/wp-json\/wp\/v2\/types\/post"}],"author":[{"embeddable":true,"href":"https:\/\/tys.fi\/sv\/wp-json\/wp\/v2\/users\/2"}],"replies":[{"embeddable":true,"href":"https:\/\/tys.fi\/sv\/wp-json\/wp\/v2\/comments?post=20999"}],"version-history":[{"count":1,"href":"https:\/\/tys.fi\/sv\/wp-json\/wp\/v2\/posts\/20999\/revisions"}],"predecessor-version":[{"id":21000,"href":"https:\/\/tys.fi\/sv\/wp-json\/wp\/v2\/posts\/20999\/revisions\/21000"}],"wp:featuredmedia":[{"embeddable":true,"href":"https:\/\/tys.fi\/sv\/wp-json\/wp\/v2\/media\/20793"}],"wp:attachment":[{"href":"https:\/\/tys.fi\/sv\/wp-json\/wp\/v2\/media?parent=20999"}],"wp:term":[{"taxonomy":"category","embeddable":true,"href":"https:\/\/tys.fi\/sv\/wp-json\/wp\/v2\/categories?post=20999"},{"taxonomy":"post_tag","embeddable":true,"href":"https:\/\/tys.fi\/sv\/wp-json\/wp\/v2\/tags?post=20999"}],"curies":[{"name":"wp","href":"https:\/\/api.w.org\/{rel}","templated":true}]}}