{"id":20967,"date":"2021-05-04T17:05:08","date_gmt":"2021-05-04T14:05:08","guid":{"rendered":"https:\/\/tys.fi\/valkommen-pa-tys-talko-for-att-laga-balkonger-och-gardar-i-skick"},"modified":"2021-05-04T17:06:32","modified_gmt":"2021-05-04T14:06:32","slug":"talko-for-att-laga-balkonger-och-gardar-i-skick","status":"publish","type":"post","link":"https:\/\/tys.fi\/sv\/talko-for-att-laga-balkonger-och-gardar-i-skick","title":{"rendered":"V\u00e4lkommen p\u00e5 TYS-talko f\u00f6r att laga balkonger och g\u00e5rdar i skick!"},"content":{"rendered":"<div id=\"attachment_20963\" style=\"width: 235px\" class=\"wp-caption alignleft\"><img loading=\"lazy\" decoding=\"async\" aria-describedby=\"caption-attachment-20963\" class=\"size-medium wp-image-20963\" src=\"https:\/\/tys.fi\/wp-content\/uploads\/2021\/05\/ranskalainen-parveke-225x300.jpg\" alt=\"\" width=\"225\" height=\"300\" srcset=\"https:\/\/tys.fi\/wp-content\/uploads\/2021\/05\/ranskalainen-parveke-225x300.jpg 225w, https:\/\/tys.fi\/wp-content\/uploads\/2021\/05\/ranskalainen-parveke-768x1024.jpg 768w, https:\/\/tys.fi\/wp-content\/uploads\/2021\/05\/ranskalainen-parveke-1152x1536.jpg 1152w, https:\/\/tys.fi\/wp-content\/uploads\/2021\/05\/ranskalainen-parveke-1536x2048.jpg 1536w, https:\/\/tys.fi\/wp-content\/uploads\/2021\/05\/ranskalainen-parveke-scaled.jpg 1920w\" sizes=\"auto, (max-width: 225px) 100vw, 225px\" \/><p id=\"caption-attachment-20963\" class=\"wp-caption-text\">Processed with VSCO with c8 preset<\/p><\/div>\n<p>\u00c4r du gardenistan i ditt eget liv, med h\u00e4nder som spritter av iver att komma i g\u00e5ng med att odla? Eller vill du kanske bara fr\u00e4scha upp din g\u00e5rd eller balkong en aning? Nu \u00e4r r\u00e4tt tid att efter vintern g\u00f6ra en riktig sommaroas av en eventuell egen g\u00e5rdspl\u00e4tt eller balkong!<\/p>\n<p>I synnerhet under v\u00e5r och sommar \u00e4r det sk\u00f6nt att sitta ute p\u00e5 g\u00e5rden eller balkongen och att odla till exempel sallad till det egna k\u00f6ket. S\u00e4rskilt sk\u00f6nt \u00e4r det att sitta p\u00e5 en prydlig g\u00e5rd eller balkong och TYS inbjuder alla sina hyresg\u00e4ster till talko f\u00f6r att laga balkonger och g\u00e5rdar i skick.<\/p>\n<p>Efter vinterdvalan rustar du upp din g\u00e5rd eller balkong genom att till att b\u00f6rja med r\u00f6ja undan d\u00f6da v\u00e4xtdelar och ogr\u00e4s. Du beh\u00f6ver bara st\u00e4da lite f\u00f6r att \u00e5stadkomma en synlig<\/p>\n<p>f\u00f6rb\u00e4ttring p\u00e5 din egna g\u00e5rd, balkong eller franska balkong! Alla som anm\u00e4ler sig som talkodeltagare f\u00e5r dessutom en kruka; den kan du plantera till exempel sommarblommor i f\u00f6r att f\u00f6rsk\u00f6na g\u00e5rden eller balkongen. Om du ocks\u00e5 visar upp resultatet f\u00f6r oss kan du vinna ett presentkort v\u00e4rt 99 euro hos Viherlassila!<\/p>\n<p><strong>Vem kan delta?<\/strong><\/p>\n<p>Alla som bor i TYS l\u00e4genheter kan delta. Obs! En deltagare\/bostad!<\/p>\n<p><strong>S\u00e5 h\u00e4r deltar du<\/strong><\/p>\n<p>Delta i talkot genom att senast 10.5.2021 anm\u00e4la dig p\u00e5 adressen: <a href=\"https:\/\/docs.google.com\/forms\/d\/e\/1FAIpQLSckrYTQdNjI6lkJoDxZ_AUcFFyTvdB9IFePA3-cEKC0D8KyOg\/viewform?usp=sf_link\">https:\/\/docs.google.com\/forms\/d\/e\/1FAIpQLSckrYTQdNjI6lkJoDxZ_AUcFFyTvdB9IFePA3-cEKC0D8KyOg\/viewform?usp=sf_link<\/a> . Alla som har anm\u00e4lt sig f\u00e5r en kruka som kan f\u00f6rsk\u00f6na g\u00e5rden eller balkongen! Anvisningar f\u00f6r avh\u00e4mtning av kruka fr\u00e5n TYS bostadsbyr\u00e5n och f\u00f6r leverans av eventuellt tr\u00e4dg\u00e5rdsavfall skickas per mejl till dem som har anm\u00e4lt sig.<\/p>\n<p>Du t\u00e4vlar om titeln som stiligaste slutresultat och ett presentkort v\u00e4rt 99 euron hos Viherlassila genom att till adressen <a href=\"mailto:office@tys.fi\">office@tys.fi<\/a> skicka bilder av din g\u00e5rd eller balkong <strong>f\u00f6re uppfr\u00e4schning och slutresultat. <\/strong>V\u00e5ra f\u00f6ljare p\u00e5 Instagram f\u00e5r r\u00f6sta fram den g\u00e5rd eller balkong som har genomg\u00e5tt den stiligaste omvandlingen. Sista datum f\u00f6r att skicka in bilder till omr\u00f6stningen p\u00e5 Instagram \u00e4r 30.5.2021. P\u00e5 Instagram kan man r\u00f6sta om det stiligaste slutresultatet 31.5\u20133.6.2021 och vinnaren av Viherlassilas presentkort publiceras 4.6.2021.<\/p>\n","protected":false},"excerpt":{"rendered":"<p>\u00c4r du gardenistan i ditt eget liv, med h\u00e4nder som spritter av iver att komma&#8230;<\/p>\n","protected":false},"author":2,"featured_media":20963,"comment_status":"closed","ping_status":"open","sticky":false,"template":"","format":"standard","meta":{"footnotes":""},"categories":[38],"tags":[],"class_list":{"0":"post-20967","1":"post","2":"type-post","3":"status-publish","4":"format-standard","5":"has-post-thumbnail","7":"category-nyheter-sv"},"yoast_head":"<!-- This site is optimized with the Yoast SEO plugin v27.5 - https:\/\/yoast.com\/product\/yoast-seo-wordpress\/ -->\n<title>V\u00e4lkommen p\u00e5 TYS-talko f\u00f6r att laga balkonger och g\u00e5rdar i skick! | TYS | Turun Ylioppilaskyl\u00e4s\u00e4\u00e4ti\u00f6<\/title>\n<meta name=\"robots\" content=\"index, follow, max-snippet:-1, max-image-preview:large, max-video-preview:-1\" \/>\n<link rel=\"canonical\" href=\"https:\/\/tys.fi\/sv\/talko-for-att-laga-balkonger-och-gardar-i-skick\" \/>\n<meta property=\"og:locale\" content=\"sv_SE\" \/>\n<meta property=\"og:type\" content=\"article\" \/>\n<meta property=\"og:title\" content=\"V\u00e4lkommen p\u00e5 TYS-talko f\u00f6r att laga balkonger och g\u00e5rdar i skick! | TYS | Turun Ylioppilaskyl\u00e4s\u00e4\u00e4ti\u00f6\" \/>\n<meta property=\"og:description\" content=\"\u00c4r du gardenistan i ditt eget liv, med h\u00e4nder som spritter av iver att komma...\" \/>\n<meta property=\"og:url\" content=\"https:\/\/tys.fi\/sv\/talko-for-att-laga-balkonger-och-gardar-i-skick\" \/>\n<meta property=\"og:site_name\" content=\"Turun Ylioppilaskyl&auml;s&auml;&auml;ti&ouml;\" \/>\n<meta property=\"article:publisher\" content=\"https:\/\/www.facebook.com\/tysturku\/\" \/>\n<meta property=\"article:published_time\" content=\"2021-05-04T14:05:08+00:00\" \/>\n<meta property=\"article:modified_time\" content=\"2021-05-04T14:06:32+00:00\" \/>\n<meta property=\"og:image\" content=\"https:\/\/tys.fi\/wp-content\/uploads\/2021\/05\/ranskalainen-parveke-scaled.jpg\" \/>\n\t<meta property=\"og:image:width\" content=\"1920\" \/>\n\t<meta property=\"og:image:height\" content=\"2560\" \/>\n\t<meta property=\"og:image:type\" content=\"image\/jpeg\" \/>\n<meta name=\"author\" content=\"Marja Aapalahti\" \/>\n<meta name=\"twitter:card\" content=\"summary_large_image\" \/>\n<meta name=\"twitter:creator\" content=\"@tysturku\" \/>\n<meta name=\"twitter:site\" content=\"@tysturku\" \/>\n<meta name=\"twitter:label1\" content=\"Skriven av\" \/>\n\t<meta name=\"twitter:data1\" content=\"Marja Aapalahti\" \/>\n\t<meta name=\"twitter:label2\" content=\"Ber\u00e4knad l\u00e4stid\" \/>\n\t<meta name=\"twitter:data2\" content=\"2 minuter\" \/>\n<script type=\"application\/ld+json\" class=\"yoast-schema-graph\">{\"@context\":\"https:\\\/\\\/schema.org\",\"@graph\":[{\"@type\":\"Article\",\"@id\":\"https:\\\/\\\/tys.fi\\\/sv\\\/talko-for-att-laga-balkonger-och-gardar-i-skick#article\",\"isPartOf\":{\"@id\":\"https:\\\/\\\/tys.fi\\\/sv\\\/talko-for-att-laga-balkonger-och-gardar-i-skick\"},\"author\":{\"name\":\"Marja Aapalahti\",\"@id\":\"https:\\\/\\\/tys.fi\\\/#\\\/schema\\\/person\\\/c1f87ee6d97815ab24d89b5ad67f8718\"},\"headline\":\"V\u00e4lkommen p\u00e5 TYS-talko f\u00f6r att laga balkonger och g\u00e5rdar i skick!\",\"datePublished\":\"2021-05-04T14:05:08+00:00\",\"dateModified\":\"2021-05-04T14:06:32+00:00\",\"mainEntityOfPage\":{\"@id\":\"https:\\\/\\\/tys.fi\\\/sv\\\/talko-for-att-laga-balkonger-och-gardar-i-skick\"},\"wordCount\":441,\"publisher\":{\"@id\":\"https:\\\/\\\/tys.fi\\\/#organization\"},\"image\":{\"@id\":\"https:\\\/\\\/tys.fi\\\/sv\\\/talko-for-att-laga-balkonger-och-gardar-i-skick#primaryimage\"},\"thumbnailUrl\":\"https:\\\/\\\/tys.fi\\\/wp-content\\\/uploads\\\/2021\\\/05\\\/ranskalainen-parveke-scaled.jpg\",\"articleSection\":[\"Nyheter\"],\"inLanguage\":\"sv-SE\"},{\"@type\":\"WebPage\",\"@id\":\"https:\\\/\\\/tys.fi\\\/sv\\\/talko-for-att-laga-balkonger-och-gardar-i-skick\",\"url\":\"https:\\\/\\\/tys.fi\\\/sv\\\/talko-for-att-laga-balkonger-och-gardar-i-skick\",\"name\":\"V\u00e4lkommen p\u00e5 TYS-talko f\u00f6r att laga balkonger och g\u00e5rdar i skick! | TYS | Turun Ylioppilaskyl\u00e4s\u00e4\u00e4ti\u00f6\",\"isPartOf\":{\"@id\":\"https:\\\/\\\/tys.fi\\\/#website\"},\"primaryImageOfPage\":{\"@id\":\"https:\\\/\\\/tys.fi\\\/sv\\\/talko-for-att-laga-balkonger-och-gardar-i-skick#primaryimage\"},\"image\":{\"@id\":\"https:\\\/\\\/tys.fi\\\/sv\\\/talko-for-att-laga-balkonger-och-gardar-i-skick#primaryimage\"},\"thumbnailUrl\":\"https:\\\/\\\/tys.fi\\\/wp-content\\\/uploads\\\/2021\\\/05\\\/ranskalainen-parveke-scaled.jpg\",\"datePublished\":\"2021-05-04T14:05:08+00:00\",\"dateModified\":\"2021-05-04T14:06:32+00:00\",\"breadcrumb\":{\"@id\":\"https:\\\/\\\/tys.fi\\\/sv\\\/talko-for-att-laga-balkonger-och-gardar-i-skick#breadcrumb\"},\"inLanguage\":\"sv-SE\",\"potentialAction\":[{\"@type\":\"ReadAction\",\"target\":[\"https:\\\/\\\/tys.fi\\\/sv\\\/talko-for-att-laga-balkonger-och-gardar-i-skick\"]}]},{\"@type\":\"ImageObject\",\"inLanguage\":\"sv-SE\",\"@id\":\"https:\\\/\\\/tys.fi\\\/sv\\\/talko-for-att-laga-balkonger-och-gardar-i-skick#primaryimage\",\"url\":\"https:\\\/\\\/tys.fi\\\/wp-content\\\/uploads\\\/2021\\\/05\\\/ranskalainen-parveke-scaled.jpg\",\"contentUrl\":\"https:\\\/\\\/tys.fi\\\/wp-content\\\/uploads\\\/2021\\\/05\\\/ranskalainen-parveke-scaled.jpg\",\"width\":1920,\"height\":2560,\"caption\":\"Processed with VSCO with c8 preset\"},{\"@type\":\"BreadcrumbList\",\"@id\":\"https:\\\/\\\/tys.fi\\\/sv\\\/talko-for-att-laga-balkonger-och-gardar-i-skick#breadcrumb\",\"itemListElement\":[{\"@type\":\"ListItem\",\"position\":1,\"name\":\"Home\",\"item\":\"https:\\\/\\\/tys.fi\\\/sv\"},{\"@type\":\"ListItem\",\"position\":2,\"name\":\"V\u00e4lkommen p\u00e5 TYS-talko f\u00f6r att laga balkonger och g\u00e5rdar i skick!\"}]},{\"@type\":\"WebSite\",\"@id\":\"https:\\\/\\\/tys.fi\\\/#website\",\"url\":\"https:\\\/\\\/tys.fi\\\/\",\"name\":\"Turun Ylioppilaskyl\u00e4s\u00e4\u00e4ti\u00f6\",\"description\":\"Vuokra-asunnot Turku\",\"publisher\":{\"@id\":\"https:\\\/\\\/tys.fi\\\/#organization\"},\"potentialAction\":[{\"@type\":\"SearchAction\",\"target\":{\"@type\":\"EntryPoint\",\"urlTemplate\":\"https:\\\/\\\/tys.fi\\\/?s={search_term_string}\"},\"query-input\":{\"@type\":\"PropertyValueSpecification\",\"valueRequired\":true,\"valueName\":\"search_term_string\"}}],\"inLanguage\":\"sv-SE\"},{\"@type\":\"Organization\",\"@id\":\"https:\\\/\\\/tys.fi\\\/#organization\",\"name\":\"TYS\",\"url\":\"https:\\\/\\\/tys.fi\\\/\",\"logo\":{\"@type\":\"ImageObject\",\"inLanguage\":\"sv-SE\",\"@id\":\"https:\\\/\\\/tys.fi\\\/#\\\/schema\\\/logo\\\/image\\\/\",\"url\":\"https:\\\/\\\/tys.fi\\\/wp-content\\\/uploads\\\/2019\\\/03\\\/TYS-Logo_Green_500px.png\",\"contentUrl\":\"https:\\\/\\\/tys.fi\\\/wp-content\\\/uploads\\\/2019\\\/03\\\/TYS-Logo_Green_500px.png\",\"width\":500,\"height\":232,\"caption\":\"TYS\"},\"image\":{\"@id\":\"https:\\\/\\\/tys.fi\\\/#\\\/schema\\\/logo\\\/image\\\/\"},\"sameAs\":[\"https:\\\/\\\/www.facebook.com\\\/tysturku\\\/\",\"https:\\\/\\\/x.com\\\/tysturku\",\"https:\\\/\\\/www.instagram.com\\\/tysturku\\\/\",\"https:\\\/\\\/www.linkedin.com\\\/company\\\/tysturku\\\/\",\"https:\\\/\\\/www.youtube.com\\\/channel\\\/UCjKOs8BOiY0SORCB0WWixlw?view_as=subscriber\",\"https:\\\/\\\/fi.wikipedia.org\\\/wiki\\\/Turun_ylioppilaskyl\u00e4s\u00e4\u00e4ti\u00f6\"]},{\"@type\":\"Person\",\"@id\":\"https:\\\/\\\/tys.fi\\\/#\\\/schema\\\/person\\\/c1f87ee6d97815ab24d89b5ad67f8718\",\"name\":\"Marja Aapalahti\",\"url\":\"https:\\\/\\\/tys.fi\\\/sv\\\/author\\\/marja\"}]}<\/script>\n<!-- \/ Yoast SEO plugin. -->","yoast_head_json":{"title":"V\u00e4lkommen p\u00e5 TYS-talko f\u00f6r att laga balkonger och g\u00e5rdar i skick! | TYS | Turun Ylioppilaskyl\u00e4s\u00e4\u00e4ti\u00f6","robots":{"index":"index","follow":"follow","max-snippet":"max-snippet:-1","max-image-preview":"max-image-preview:large","max-video-preview":"max-video-preview:-1"},"canonical":"https:\/\/tys.fi\/sv\/talko-for-att-laga-balkonger-och-gardar-i-skick","og_locale":"sv_SE","og_type":"article","og_title":"V\u00e4lkommen p\u00e5 TYS-talko f\u00f6r att laga balkonger och g\u00e5rdar i skick! | TYS | Turun Ylioppilaskyl\u00e4s\u00e4\u00e4ti\u00f6","og_description":"\u00c4r du gardenistan i ditt eget liv, med h\u00e4nder som spritter av iver att komma...","og_url":"https:\/\/tys.fi\/sv\/talko-for-att-laga-balkonger-och-gardar-i-skick","og_site_name":"Turun Ylioppilaskyl&auml;s&auml;&auml;ti&ouml;","article_publisher":"https:\/\/www.facebook.com\/tysturku\/","article_published_time":"2021-05-04T14:05:08+00:00","article_modified_time":"2021-05-04T14:06:32+00:00","og_image":[{"width":1920,"height":2560,"url":"https:\/\/tys.fi\/wp-content\/uploads\/2021\/05\/ranskalainen-parveke-scaled.jpg","type":"image\/jpeg"}],"author":"Marja Aapalahti","twitter_card":"summary_large_image","twitter_creator":"@tysturku","twitter_site":"@tysturku","twitter_misc":{"Skriven av":"Marja Aapalahti","Ber\u00e4knad l\u00e4stid":"2 minuter"},"schema":{"@context":"https:\/\/schema.org","@graph":[{"@type":"Article","@id":"https:\/\/tys.fi\/sv\/talko-for-att-laga-balkonger-och-gardar-i-skick#article","isPartOf":{"@id":"https:\/\/tys.fi\/sv\/talko-for-att-laga-balkonger-och-gardar-i-skick"},"author":{"name":"Marja Aapalahti","@id":"https:\/\/tys.fi\/#\/schema\/person\/c1f87ee6d97815ab24d89b5ad67f8718"},"headline":"V\u00e4lkommen p\u00e5 TYS-talko f\u00f6r att laga balkonger och g\u00e5rdar i skick!","datePublished":"2021-05-04T14:05:08+00:00","dateModified":"2021-05-04T14:06:32+00:00","mainEntityOfPage":{"@id":"https:\/\/tys.fi\/sv\/talko-for-att-laga-balkonger-och-gardar-i-skick"},"wordCount":441,"publisher":{"@id":"https:\/\/tys.fi\/#organization"},"image":{"@id":"https:\/\/tys.fi\/sv\/talko-for-att-laga-balkonger-och-gardar-i-skick#primaryimage"},"thumbnailUrl":"https:\/\/tys.fi\/wp-content\/uploads\/2021\/05\/ranskalainen-parveke-scaled.jpg","articleSection":["Nyheter"],"inLanguage":"sv-SE"},{"@type":"WebPage","@id":"https:\/\/tys.fi\/sv\/talko-for-att-laga-balkonger-och-gardar-i-skick","url":"https:\/\/tys.fi\/sv\/talko-for-att-laga-balkonger-och-gardar-i-skick","name":"V\u00e4lkommen p\u00e5 TYS-talko f\u00f6r att laga balkonger och g\u00e5rdar i skick! | TYS | Turun Ylioppilaskyl\u00e4s\u00e4\u00e4ti\u00f6","isPartOf":{"@id":"https:\/\/tys.fi\/#website"},"primaryImageOfPage":{"@id":"https:\/\/tys.fi\/sv\/talko-for-att-laga-balkonger-och-gardar-i-skick#primaryimage"},"image":{"@id":"https:\/\/tys.fi\/sv\/talko-for-att-laga-balkonger-och-gardar-i-skick#primaryimage"},"thumbnailUrl":"https:\/\/tys.fi\/wp-content\/uploads\/2021\/05\/ranskalainen-parveke-scaled.jpg","datePublished":"2021-05-04T14:05:08+00:00","dateModified":"2021-05-04T14:06:32+00:00","breadcrumb":{"@id":"https:\/\/tys.fi\/sv\/talko-for-att-laga-balkonger-och-gardar-i-skick#breadcrumb"},"inLanguage":"sv-SE","potentialAction":[{"@type":"ReadAction","target":["https:\/\/tys.fi\/sv\/talko-for-att-laga-balkonger-och-gardar-i-skick"]}]},{"@type":"ImageObject","inLanguage":"sv-SE","@id":"https:\/\/tys.fi\/sv\/talko-for-att-laga-balkonger-och-gardar-i-skick#primaryimage","url":"https:\/\/tys.fi\/wp-content\/uploads\/2021\/05\/ranskalainen-parveke-scaled.jpg","contentUrl":"https:\/\/tys.fi\/wp-content\/uploads\/2021\/05\/ranskalainen-parveke-scaled.jpg","width":1920,"height":2560,"caption":"Processed with VSCO with c8 preset"},{"@type":"BreadcrumbList","@id":"https:\/\/tys.fi\/sv\/talko-for-att-laga-balkonger-och-gardar-i-skick#breadcrumb","itemListElement":[{"@type":"ListItem","position":1,"name":"Home","item":"https:\/\/tys.fi\/sv"},{"@type":"ListItem","position":2,"name":"V\u00e4lkommen p\u00e5 TYS-talko f\u00f6r att laga balkonger och g\u00e5rdar i skick!"}]},{"@type":"WebSite","@id":"https:\/\/tys.fi\/#website","url":"https:\/\/tys.fi\/","name":"Turun Ylioppilaskyl\u00e4s\u00e4\u00e4ti\u00f6","description":"Vuokra-asunnot Turku","publisher":{"@id":"https:\/\/tys.fi\/#organization"},"potentialAction":[{"@type":"SearchAction","target":{"@type":"EntryPoint","urlTemplate":"https:\/\/tys.fi\/?s={search_term_string}"},"query-input":{"@type":"PropertyValueSpecification","valueRequired":true,"valueName":"search_term_string"}}],"inLanguage":"sv-SE"},{"@type":"Organization","@id":"https:\/\/tys.fi\/#organization","name":"TYS","url":"https:\/\/tys.fi\/","logo":{"@type":"ImageObject","inLanguage":"sv-SE","@id":"https:\/\/tys.fi\/#\/schema\/logo\/image\/","url":"https:\/\/tys.fi\/wp-content\/uploads\/2019\/03\/TYS-Logo_Green_500px.png","contentUrl":"https:\/\/tys.fi\/wp-content\/uploads\/2019\/03\/TYS-Logo_Green_500px.png","width":500,"height":232,"caption":"TYS"},"image":{"@id":"https:\/\/tys.fi\/#\/schema\/logo\/image\/"},"sameAs":["https:\/\/www.facebook.com\/tysturku\/","https:\/\/x.com\/tysturku","https:\/\/www.instagram.com\/tysturku\/","https:\/\/www.linkedin.com\/company\/tysturku\/","https:\/\/www.youtube.com\/channel\/UCjKOs8BOiY0SORCB0WWixlw?view_as=subscriber","https:\/\/fi.wikipedia.org\/wiki\/Turun_ylioppilaskyl\u00e4s\u00e4\u00e4ti\u00f6"]},{"@type":"Person","@id":"https:\/\/tys.fi\/#\/schema\/person\/c1f87ee6d97815ab24d89b5ad67f8718","name":"Marja Aapalahti","url":"https:\/\/tys.fi\/sv\/author\/marja"}]}},"_links":{"self":[{"href":"https:\/\/tys.fi\/sv\/wp-json\/wp\/v2\/posts\/20967","targetHints":{"allow":["GET"]}}],"collection":[{"href":"https:\/\/tys.fi\/sv\/wp-json\/wp\/v2\/posts"}],"about":[{"href":"https:\/\/tys.fi\/sv\/wp-json\/wp\/v2\/types\/post"}],"author":[{"embeddable":true,"href":"https:\/\/tys.fi\/sv\/wp-json\/wp\/v2\/users\/2"}],"replies":[{"embeddable":true,"href":"https:\/\/tys.fi\/sv\/wp-json\/wp\/v2\/comments?post=20967"}],"version-history":[{"count":2,"href":"https:\/\/tys.fi\/sv\/wp-json\/wp\/v2\/posts\/20967\/revisions"}],"predecessor-version":[{"id":20969,"href":"https:\/\/tys.fi\/sv\/wp-json\/wp\/v2\/posts\/20967\/revisions\/20969"}],"wp:featuredmedia":[{"embeddable":true,"href":"https:\/\/tys.fi\/sv\/wp-json\/wp\/v2\/media\/20963"}],"wp:attachment":[{"href":"https:\/\/tys.fi\/sv\/wp-json\/wp\/v2\/media?parent=20967"}],"wp:term":[{"taxonomy":"category","embeddable":true,"href":"https:\/\/tys.fi\/sv\/wp-json\/wp\/v2\/categories?post=20967"},{"taxonomy":"post_tag","embeddable":true,"href":"https:\/\/tys.fi\/sv\/wp-json\/wp\/v2\/tags?post=20967"}],"curies":[{"name":"wp","href":"https:\/\/api.w.org\/{rel}","templated":true}]}}