{"id":20180,"date":"2021-01-12T13:31:16","date_gmt":"2021-01-12T11:31:16","guid":{"rendered":"https:\/\/tys.fi\/yo-kylan-asukas-tule-mentoriksi-response-hankkeeseen"},"modified":"2021-02-04T13:31:36","modified_gmt":"2021-02-04T11:31:36","slug":"yo-kylan-asukas-tule-mentoriksi-response-hankkeeseen","status":"publish","type":"post","link":"https:\/\/tys.fi\/sv\/yo-kylan-asukas-tule-mentoriksi-response-hankkeeseen","title":{"rendered":"Du som bor i Studentbyn: Ans\u00f6k om att bli mentor f\u00f6r projekt RESPONSE!"},"content":{"rendered":"<p><strong>\u00c4r du intresserad av milj\u00f6-, klimat- eller energifr\u00e5gor? Eller kanske milj\u00f6kommunikation, f\u00f6respr\u00e5kande arbete eller evenemangsplanering? Vill du delta i ett internationellt projekt och bidra till skapandet av en energipositiv stadsdel tillsammans med andra likasinnade Studentby-inv\u00e5nare?<\/strong><\/p>\n<p>Projekt RESPONSE, som nyligen lanserades i \u00c5bo, letar efter tio mentorer fr\u00e5n bland inv\u00e5narna i Studentbyomr\u00e5det (Aitiopaikka, Ikituuri, Nummenranta, Studentbyn v\u00e4st eller Studentbyn \u00f6st). Mentorerna ska \u00f6ka kunskapen om milj\u00f6- och energifr\u00e5gor i Studentbyn och inspirera andra inv\u00e5nare att engagera sig. Mentorerna kan till exempel:<\/p>\n<ul>\n<li>planera och skapa nya milj\u00f6aktiviteter till Studentbyn<\/li>\n<li>planera och organisera sm\u00e5 milj\u00f6evenemang i Studentbyn<\/li>\n<li>kartl\u00e4gga inv\u00e5narnas \u00e5sikter, t.ex. genom att samla korta videor om hur milj\u00f6- och energifr\u00e5gor finns i inv\u00e5narnas dagliga liv samt f\u00f6lja diskussionen i sociala medier om dessa \u00e4mnen<\/li>\n<li>ta fram inv\u00e5narperspektivet i projektet vid behov<\/li>\n<li>delta i mentorn\u00e4tverksaktiviteterna, t.ex. m\u00e5natliga m\u00f6ten<\/li>\n<\/ul>\n<p>Att vara en mentor ber\u00e4knas ta ungef\u00e4r tio timmar per m\u00e5nad, men v\u00e5ren 2021 n\u00e4r mentorerna inf\u00f6rs till sin roll och mentorskapet inleds b\u00f6r n\u00e5gra extra timmar reserveras. Rollerna och arbetsbelastningen f\u00f6r enskilda mentorer kan justeras efter preferenser. Mentorerna kommer att inf\u00f6ras i sin roll och tanken \u00e4r att mentorerna ska st\u00f6dja varandra. S\u00e5 ingen f\u00f6rv\u00e4ntas arbeta ensam!<\/p>\n<p>Det finns ingen ekonomisk ers\u00e4ttning f\u00f6r mentorskap, men mentorerna f\u00e5r v\u00e4rdefull erfarenhet av t.ex. kommunikation, f\u00f6respr\u00e5kande och organisering av evenemang i ett internationellt projekt och en chans att bygga v\u00e4rdefulla kontakter f\u00f6r arbetslivet. Alla mentorer f\u00e5r ett intyg f\u00f6r sitt deltagande. Beroende p\u00e5 t.ex. om mentorns roll och studieomr\u00e5de kan m\u00f6jligheter till studiepo\u00e4ng, avhandling eller praktik utforskas. Vi hoppas p\u00e5 ett \u00e5tagande p\u00e5 minst ett \u00e5r f\u00f6r mentorskapet. \u00c5bo yrkesh\u00f6gskolan svarar f\u00f6r mentorskap och andra samarbetet med hyresg\u00e4sterna kring projektet.<\/p>\n<p><strong>Blev du intresserad? <\/strong><\/p>\n<p>Ans\u00f6k om att bli mentor genom att skicka ett kort (max A4) motivationsbrev och ber\u00e4tta f\u00f6r oss:<\/p>\n<ul>\n<li>varf\u00f6r du vill bli mentor<\/li>\n<li>varf\u00f6r skulle du vara en bra mentor<\/li>\n<li>var i Studentbyn bor du (Aitiopaikka, Ikituuri, Nummenranta, Studentbyn v\u00e4st eller Studentbyn \u00f6st)<\/li>\n<li>ditt studieomr\u00e5de<\/li>\n<li>hur l\u00e4nge du kan engagera dig f\u00f6r mentorskap<\/li>\n<\/ul>\n<p>Skicka ditt motivationbrev via e-post senast <strong>14.2.2020<\/strong> till <a href=\"mailto:ritva.salminiitty@turkuamk.fi\">ritva.salminiitty@turkuamk.fi<\/a>. Om du har ytterligare fr\u00e5gor om mentorskap kan du skicka dem till samma e-postadress.<\/p>\n<p><em>RESPONSE \u2013 Integrated Solutions for Positive Energy and Resilient Cities \u00e4r ett fem\u00e5rigt internationellt Horizon 2020 -projekt. Under projektet kommer olika l\u00f6sningar att implementeras i Studentbyn f\u00f6r att skapa en energipositiv stadsdel.<\/em> <em>De organisationer som \u00e4r med i projektet inkluderar t.ex. \u00c5bo stad, TYS, \u00c5bo Energi, \u00c5bo yrkeh\u00f6gskola, \u00c5bo universitet, Turku City Data, VTT och Meteorologiska institutet. <\/em><em>L\u00e4s mer om projektet: <\/em><a href=\"https:\/\/h2020response.eu\/\"><em>https:\/\/h2020response.eu\/<\/em><\/a><em> &amp; <a href=\"https:\/\/tys.fi\/sv\/response\">https:\/\/tys.fi\/response<\/a><\/em><\/p>\n<p><em><a href=\"https:\/\/tys.fi\/sv\/response\"><img loading=\"lazy\" decoding=\"async\" class=\"alignleft wp-image-20409\" src=\"https:\/\/tys.fi\/wp-content\/uploads\/2021\/01\/logo-white-bg-1-300x241.jpg\" alt=\"\" width=\"200\" height=\"161\" srcset=\"https:\/\/tys.fi\/wp-content\/uploads\/2021\/01\/logo-white-bg-1-300x241.jpg 300w, https:\/\/tys.fi\/wp-content\/uploads\/2021\/01\/logo-white-bg-1.jpg 600w\" sizes=\"auto, (max-width: 200px) 100vw, 200px\" \/><\/a><\/em><\/p>\n<p><img loading=\"lazy\" decoding=\"async\" class=\"alignleft wp-image-20089\" src=\"https:\/\/tys.fi\/wp-content\/uploads\/2020\/12\/EU-Emblem-300x200.jpg\" alt=\"\" width=\"200\" height=\"133\" srcset=\"https:\/\/tys.fi\/wp-content\/uploads\/2020\/12\/EU-Emblem-300x200.jpg 300w, https:\/\/tys.fi\/wp-content\/uploads\/2020\/12\/EU-Emblem-1024x683.jpg 1024w, https:\/\/tys.fi\/wp-content\/uploads\/2020\/12\/EU-Emblem-768x512.jpg 768w, https:\/\/tys.fi\/wp-content\/uploads\/2020\/12\/EU-Emblem-1536x1024.jpg 1536w, https:\/\/tys.fi\/wp-content\/uploads\/2020\/12\/EU-Emblem-2048x1366.jpg 2048w, https:\/\/tys.fi\/wp-content\/uploads\/2020\/12\/EU-Emblem-900x600.jpg 900w, https:\/\/tys.fi\/wp-content\/uploads\/2020\/12\/EU-Emblem-600x403.jpg 600w\" sizes=\"auto, (max-width: 200px) 100vw, 200px\" \/><\/p>\n<p><img loading=\"lazy\" decoding=\"async\" class=\"wp-image-20175 alignnone\" src=\"https:\/\/tys.fi\/wp-content\/uploads\/2021\/01\/TURKU_AMK_RGB-300x118.jpg\" alt=\"\" width=\"200\" height=\"79\" srcset=\"https:\/\/tys.fi\/wp-content\/uploads\/2021\/01\/TURKU_AMK_RGB-300x118.jpg 300w, https:\/\/tys.fi\/wp-content\/uploads\/2021\/01\/TURKU_AMK_RGB-1024x404.jpg 1024w, https:\/\/tys.fi\/wp-content\/uploads\/2021\/01\/TURKU_AMK_RGB-768x303.jpg 768w, https:\/\/tys.fi\/wp-content\/uploads\/2021\/01\/TURKU_AMK_RGB.jpg 1388w\" sizes=\"auto, (max-width: 200px) 100vw, 200px\" \/><\/p>\n<p>&nbsp;<\/p>\n<p>Detta projekt har f\u00e5tt finansiering fr\u00e5n Europeiska unionens forsknings- och innovationsprogram Horizon 2020 enligt bidragsavtal nr 957751. Dokumentet representerar endast f\u00f6rfattarens syn och \u00e4r hans \/ hennes ensamma ansvar: det kan inte anses \u00e5terspegla Europeiska kommissionens \u00e5sikter och \/ eller Innovation and Networks Executive Agency (INEA). Europeiska kommissionen och byr\u00e5n tar inte ansvar f\u00f6r anv\u00e4ndningen av informationen som den inneh\u00e5ller.<\/p>\n","protected":false},"excerpt":{"rendered":"<p>\u00c4r du intresserad av milj\u00f6-, klimat- eller energifr\u00e5gor? Eller kanske milj\u00f6kommunikation, f\u00f6respr\u00e5kande arbete eller evenemangsplanering?&#8230;<\/p>\n","protected":false},"author":2,"featured_media":20170,"comment_status":"closed","ping_status":"closed","sticky":false,"template":"","format":"standard","meta":{"footnotes":""},"categories":[38],"tags":[],"class_list":{"0":"post-20180","1":"post","2":"type-post","3":"status-publish","4":"format-standard","5":"has-post-thumbnail","7":"category-nyheter-sv"},"yoast_head":"<!-- This site is optimized with the Yoast SEO plugin v27.5 - https:\/\/yoast.com\/product\/yoast-seo-wordpress\/ -->\n<title>Du som bor i Studentbyn: Ans\u00f6k om att bli mentor f\u00f6r projekt RESPONSE! | TYS | Turun Ylioppilaskyl\u00e4s\u00e4\u00e4ti\u00f6<\/title>\n<meta name=\"robots\" content=\"index, follow, max-snippet:-1, max-image-preview:large, max-video-preview:-1\" \/>\n<link rel=\"canonical\" href=\"https:\/\/tys.fi\/sv\/yo-kylan-asukas-tule-mentoriksi-response-hankkeeseen\" \/>\n<meta property=\"og:locale\" content=\"sv_SE\" \/>\n<meta property=\"og:type\" content=\"article\" \/>\n<meta property=\"og:title\" content=\"Du som bor i Studentbyn: Ans\u00f6k om att bli mentor f\u00f6r projekt RESPONSE! | TYS | Turun Ylioppilaskyl\u00e4s\u00e4\u00e4ti\u00f6\" \/>\n<meta property=\"og:description\" content=\"\u00c4r du intresserad av milj\u00f6-, klimat- eller energifr\u00e5gor? Eller kanske milj\u00f6kommunikation, f\u00f6respr\u00e5kande arbete eller evenemangsplanering?...\" \/>\n<meta property=\"og:url\" content=\"https:\/\/tys.fi\/sv\/yo-kylan-asukas-tule-mentoriksi-response-hankkeeseen\" \/>\n<meta property=\"og:site_name\" content=\"Turun Ylioppilaskyl&auml;s&auml;&auml;ti&ouml;\" \/>\n<meta property=\"article:publisher\" content=\"https:\/\/www.facebook.com\/tysturku\/\" \/>\n<meta property=\"article:published_time\" content=\"2021-01-12T11:31:16+00:00\" \/>\n<meta property=\"article:modified_time\" content=\"2021-02-04T11:31:36+00:00\" \/>\n<meta property=\"og:image\" content=\"https:\/\/tys.fi\/wp-content\/uploads\/2021\/01\/priscilla-du-preez-nF8xhLMmg0c-unsplash-scaled.jpg\" \/>\n\t<meta property=\"og:image:width\" content=\"2560\" \/>\n\t<meta property=\"og:image:height\" content=\"1707\" \/>\n\t<meta property=\"og:image:type\" content=\"image\/jpeg\" \/>\n<meta name=\"author\" content=\"Marja Aapalahti\" \/>\n<meta name=\"twitter:card\" content=\"summary_large_image\" \/>\n<meta name=\"twitter:creator\" content=\"@tysturku\" \/>\n<meta name=\"twitter:site\" content=\"@tysturku\" \/>\n<meta name=\"twitter:label1\" content=\"Skriven av\" \/>\n\t<meta name=\"twitter:data1\" content=\"Marja Aapalahti\" \/>\n\t<meta name=\"twitter:label2\" content=\"Ber\u00e4knad l\u00e4stid\" \/>\n\t<meta name=\"twitter:data2\" content=\"3 minuter\" \/>\n<script type=\"application\/ld+json\" class=\"yoast-schema-graph\">{\"@context\":\"https:\\\/\\\/schema.org\",\"@graph\":[{\"@type\":\"Article\",\"@id\":\"https:\\\/\\\/tys.fi\\\/sv\\\/yo-kylan-asukas-tule-mentoriksi-response-hankkeeseen#article\",\"isPartOf\":{\"@id\":\"https:\\\/\\\/tys.fi\\\/sv\\\/yo-kylan-asukas-tule-mentoriksi-response-hankkeeseen\"},\"author\":{\"name\":\"Marja Aapalahti\",\"@id\":\"https:\\\/\\\/tys.fi\\\/#\\\/schema\\\/person\\\/c1f87ee6d97815ab24d89b5ad67f8718\"},\"headline\":\"Du som bor i Studentbyn: Ans\u00f6k om att bli mentor f\u00f6r projekt RESPONSE!\",\"datePublished\":\"2021-01-12T11:31:16+00:00\",\"dateModified\":\"2021-02-04T11:31:36+00:00\",\"mainEntityOfPage\":{\"@id\":\"https:\\\/\\\/tys.fi\\\/sv\\\/yo-kylan-asukas-tule-mentoriksi-response-hankkeeseen\"},\"wordCount\":574,\"publisher\":{\"@id\":\"https:\\\/\\\/tys.fi\\\/#organization\"},\"image\":{\"@id\":\"https:\\\/\\\/tys.fi\\\/sv\\\/yo-kylan-asukas-tule-mentoriksi-response-hankkeeseen#primaryimage\"},\"thumbnailUrl\":\"https:\\\/\\\/tys.fi\\\/wp-content\\\/uploads\\\/2021\\\/01\\\/priscilla-du-preez-nF8xhLMmg0c-unsplash-scaled.jpg\",\"articleSection\":[\"Nyheter\"],\"inLanguage\":\"sv-SE\"},{\"@type\":\"WebPage\",\"@id\":\"https:\\\/\\\/tys.fi\\\/sv\\\/yo-kylan-asukas-tule-mentoriksi-response-hankkeeseen\",\"url\":\"https:\\\/\\\/tys.fi\\\/sv\\\/yo-kylan-asukas-tule-mentoriksi-response-hankkeeseen\",\"name\":\"Du som bor i Studentbyn: Ans\u00f6k om att bli mentor f\u00f6r projekt RESPONSE! | TYS | Turun Ylioppilaskyl\u00e4s\u00e4\u00e4ti\u00f6\",\"isPartOf\":{\"@id\":\"https:\\\/\\\/tys.fi\\\/#website\"},\"primaryImageOfPage\":{\"@id\":\"https:\\\/\\\/tys.fi\\\/sv\\\/yo-kylan-asukas-tule-mentoriksi-response-hankkeeseen#primaryimage\"},\"image\":{\"@id\":\"https:\\\/\\\/tys.fi\\\/sv\\\/yo-kylan-asukas-tule-mentoriksi-response-hankkeeseen#primaryimage\"},\"thumbnailUrl\":\"https:\\\/\\\/tys.fi\\\/wp-content\\\/uploads\\\/2021\\\/01\\\/priscilla-du-preez-nF8xhLMmg0c-unsplash-scaled.jpg\",\"datePublished\":\"2021-01-12T11:31:16+00:00\",\"dateModified\":\"2021-02-04T11:31:36+00:00\",\"breadcrumb\":{\"@id\":\"https:\\\/\\\/tys.fi\\\/sv\\\/yo-kylan-asukas-tule-mentoriksi-response-hankkeeseen#breadcrumb\"},\"inLanguage\":\"sv-SE\",\"potentialAction\":[{\"@type\":\"ReadAction\",\"target\":[\"https:\\\/\\\/tys.fi\\\/sv\\\/yo-kylan-asukas-tule-mentoriksi-response-hankkeeseen\"]}]},{\"@type\":\"ImageObject\",\"inLanguage\":\"sv-SE\",\"@id\":\"https:\\\/\\\/tys.fi\\\/sv\\\/yo-kylan-asukas-tule-mentoriksi-response-hankkeeseen#primaryimage\",\"url\":\"https:\\\/\\\/tys.fi\\\/wp-content\\\/uploads\\\/2021\\\/01\\\/priscilla-du-preez-nF8xhLMmg0c-unsplash-scaled.jpg\",\"contentUrl\":\"https:\\\/\\\/tys.fi\\\/wp-content\\\/uploads\\\/2021\\\/01\\\/priscilla-du-preez-nF8xhLMmg0c-unsplash-scaled.jpg\",\"width\":2560,\"height\":1707},{\"@type\":\"BreadcrumbList\",\"@id\":\"https:\\\/\\\/tys.fi\\\/sv\\\/yo-kylan-asukas-tule-mentoriksi-response-hankkeeseen#breadcrumb\",\"itemListElement\":[{\"@type\":\"ListItem\",\"position\":1,\"name\":\"Home\",\"item\":\"https:\\\/\\\/tys.fi\\\/sv\"},{\"@type\":\"ListItem\",\"position\":2,\"name\":\"Du som bor i Studentbyn: Ans\u00f6k om att bli mentor f\u00f6r projekt RESPONSE!\"}]},{\"@type\":\"WebSite\",\"@id\":\"https:\\\/\\\/tys.fi\\\/#website\",\"url\":\"https:\\\/\\\/tys.fi\\\/\",\"name\":\"Turun Ylioppilaskyl\u00e4s\u00e4\u00e4ti\u00f6\",\"description\":\"Vuokra-asunnot Turku\",\"publisher\":{\"@id\":\"https:\\\/\\\/tys.fi\\\/#organization\"},\"potentialAction\":[{\"@type\":\"SearchAction\",\"target\":{\"@type\":\"EntryPoint\",\"urlTemplate\":\"https:\\\/\\\/tys.fi\\\/?s={search_term_string}\"},\"query-input\":{\"@type\":\"PropertyValueSpecification\",\"valueRequired\":true,\"valueName\":\"search_term_string\"}}],\"inLanguage\":\"sv-SE\"},{\"@type\":\"Organization\",\"@id\":\"https:\\\/\\\/tys.fi\\\/#organization\",\"name\":\"TYS\",\"url\":\"https:\\\/\\\/tys.fi\\\/\",\"logo\":{\"@type\":\"ImageObject\",\"inLanguage\":\"sv-SE\",\"@id\":\"https:\\\/\\\/tys.fi\\\/#\\\/schema\\\/logo\\\/image\\\/\",\"url\":\"https:\\\/\\\/tys.fi\\\/wp-content\\\/uploads\\\/2019\\\/03\\\/TYS-Logo_Green_500px.png\",\"contentUrl\":\"https:\\\/\\\/tys.fi\\\/wp-content\\\/uploads\\\/2019\\\/03\\\/TYS-Logo_Green_500px.png\",\"width\":500,\"height\":232,\"caption\":\"TYS\"},\"image\":{\"@id\":\"https:\\\/\\\/tys.fi\\\/#\\\/schema\\\/logo\\\/image\\\/\"},\"sameAs\":[\"https:\\\/\\\/www.facebook.com\\\/tysturku\\\/\",\"https:\\\/\\\/x.com\\\/tysturku\",\"https:\\\/\\\/www.instagram.com\\\/tysturku\\\/\",\"https:\\\/\\\/www.linkedin.com\\\/company\\\/tysturku\\\/\",\"https:\\\/\\\/www.youtube.com\\\/channel\\\/UCjKOs8BOiY0SORCB0WWixlw?view_as=subscriber\",\"https:\\\/\\\/fi.wikipedia.org\\\/wiki\\\/Turun_ylioppilaskyl\u00e4s\u00e4\u00e4ti\u00f6\"]},{\"@type\":\"Person\",\"@id\":\"https:\\\/\\\/tys.fi\\\/#\\\/schema\\\/person\\\/c1f87ee6d97815ab24d89b5ad67f8718\",\"name\":\"Marja Aapalahti\",\"url\":\"https:\\\/\\\/tys.fi\\\/sv\\\/author\\\/marja\"}]}<\/script>\n<!-- \/ Yoast SEO plugin. -->","yoast_head_json":{"title":"Du som bor i Studentbyn: Ans\u00f6k om att bli mentor f\u00f6r projekt RESPONSE! | TYS | Turun Ylioppilaskyl\u00e4s\u00e4\u00e4ti\u00f6","robots":{"index":"index","follow":"follow","max-snippet":"max-snippet:-1","max-image-preview":"max-image-preview:large","max-video-preview":"max-video-preview:-1"},"canonical":"https:\/\/tys.fi\/sv\/yo-kylan-asukas-tule-mentoriksi-response-hankkeeseen","og_locale":"sv_SE","og_type":"article","og_title":"Du som bor i Studentbyn: Ans\u00f6k om att bli mentor f\u00f6r projekt RESPONSE! | TYS | Turun Ylioppilaskyl\u00e4s\u00e4\u00e4ti\u00f6","og_description":"\u00c4r du intresserad av milj\u00f6-, klimat- eller energifr\u00e5gor? Eller kanske milj\u00f6kommunikation, f\u00f6respr\u00e5kande arbete eller evenemangsplanering?...","og_url":"https:\/\/tys.fi\/sv\/yo-kylan-asukas-tule-mentoriksi-response-hankkeeseen","og_site_name":"Turun Ylioppilaskyl&auml;s&auml;&auml;ti&ouml;","article_publisher":"https:\/\/www.facebook.com\/tysturku\/","article_published_time":"2021-01-12T11:31:16+00:00","article_modified_time":"2021-02-04T11:31:36+00:00","og_image":[{"width":2560,"height":1707,"url":"https:\/\/tys.fi\/wp-content\/uploads\/2021\/01\/priscilla-du-preez-nF8xhLMmg0c-unsplash-scaled.jpg","type":"image\/jpeg"}],"author":"Marja Aapalahti","twitter_card":"summary_large_image","twitter_creator":"@tysturku","twitter_site":"@tysturku","twitter_misc":{"Skriven av":"Marja Aapalahti","Ber\u00e4knad l\u00e4stid":"3 minuter"},"schema":{"@context":"https:\/\/schema.org","@graph":[{"@type":"Article","@id":"https:\/\/tys.fi\/sv\/yo-kylan-asukas-tule-mentoriksi-response-hankkeeseen#article","isPartOf":{"@id":"https:\/\/tys.fi\/sv\/yo-kylan-asukas-tule-mentoriksi-response-hankkeeseen"},"author":{"name":"Marja Aapalahti","@id":"https:\/\/tys.fi\/#\/schema\/person\/c1f87ee6d97815ab24d89b5ad67f8718"},"headline":"Du som bor i Studentbyn: Ans\u00f6k om att bli mentor f\u00f6r projekt RESPONSE!","datePublished":"2021-01-12T11:31:16+00:00","dateModified":"2021-02-04T11:31:36+00:00","mainEntityOfPage":{"@id":"https:\/\/tys.fi\/sv\/yo-kylan-asukas-tule-mentoriksi-response-hankkeeseen"},"wordCount":574,"publisher":{"@id":"https:\/\/tys.fi\/#organization"},"image":{"@id":"https:\/\/tys.fi\/sv\/yo-kylan-asukas-tule-mentoriksi-response-hankkeeseen#primaryimage"},"thumbnailUrl":"https:\/\/tys.fi\/wp-content\/uploads\/2021\/01\/priscilla-du-preez-nF8xhLMmg0c-unsplash-scaled.jpg","articleSection":["Nyheter"],"inLanguage":"sv-SE"},{"@type":"WebPage","@id":"https:\/\/tys.fi\/sv\/yo-kylan-asukas-tule-mentoriksi-response-hankkeeseen","url":"https:\/\/tys.fi\/sv\/yo-kylan-asukas-tule-mentoriksi-response-hankkeeseen","name":"Du som bor i Studentbyn: Ans\u00f6k om att bli mentor f\u00f6r projekt RESPONSE! | TYS | Turun Ylioppilaskyl\u00e4s\u00e4\u00e4ti\u00f6","isPartOf":{"@id":"https:\/\/tys.fi\/#website"},"primaryImageOfPage":{"@id":"https:\/\/tys.fi\/sv\/yo-kylan-asukas-tule-mentoriksi-response-hankkeeseen#primaryimage"},"image":{"@id":"https:\/\/tys.fi\/sv\/yo-kylan-asukas-tule-mentoriksi-response-hankkeeseen#primaryimage"},"thumbnailUrl":"https:\/\/tys.fi\/wp-content\/uploads\/2021\/01\/priscilla-du-preez-nF8xhLMmg0c-unsplash-scaled.jpg","datePublished":"2021-01-12T11:31:16+00:00","dateModified":"2021-02-04T11:31:36+00:00","breadcrumb":{"@id":"https:\/\/tys.fi\/sv\/yo-kylan-asukas-tule-mentoriksi-response-hankkeeseen#breadcrumb"},"inLanguage":"sv-SE","potentialAction":[{"@type":"ReadAction","target":["https:\/\/tys.fi\/sv\/yo-kylan-asukas-tule-mentoriksi-response-hankkeeseen"]}]},{"@type":"ImageObject","inLanguage":"sv-SE","@id":"https:\/\/tys.fi\/sv\/yo-kylan-asukas-tule-mentoriksi-response-hankkeeseen#primaryimage","url":"https:\/\/tys.fi\/wp-content\/uploads\/2021\/01\/priscilla-du-preez-nF8xhLMmg0c-unsplash-scaled.jpg","contentUrl":"https:\/\/tys.fi\/wp-content\/uploads\/2021\/01\/priscilla-du-preez-nF8xhLMmg0c-unsplash-scaled.jpg","width":2560,"height":1707},{"@type":"BreadcrumbList","@id":"https:\/\/tys.fi\/sv\/yo-kylan-asukas-tule-mentoriksi-response-hankkeeseen#breadcrumb","itemListElement":[{"@type":"ListItem","position":1,"name":"Home","item":"https:\/\/tys.fi\/sv"},{"@type":"ListItem","position":2,"name":"Du som bor i Studentbyn: Ans\u00f6k om att bli mentor f\u00f6r projekt RESPONSE!"}]},{"@type":"WebSite","@id":"https:\/\/tys.fi\/#website","url":"https:\/\/tys.fi\/","name":"Turun Ylioppilaskyl\u00e4s\u00e4\u00e4ti\u00f6","description":"Vuokra-asunnot Turku","publisher":{"@id":"https:\/\/tys.fi\/#organization"},"potentialAction":[{"@type":"SearchAction","target":{"@type":"EntryPoint","urlTemplate":"https:\/\/tys.fi\/?s={search_term_string}"},"query-input":{"@type":"PropertyValueSpecification","valueRequired":true,"valueName":"search_term_string"}}],"inLanguage":"sv-SE"},{"@type":"Organization","@id":"https:\/\/tys.fi\/#organization","name":"TYS","url":"https:\/\/tys.fi\/","logo":{"@type":"ImageObject","inLanguage":"sv-SE","@id":"https:\/\/tys.fi\/#\/schema\/logo\/image\/","url":"https:\/\/tys.fi\/wp-content\/uploads\/2019\/03\/TYS-Logo_Green_500px.png","contentUrl":"https:\/\/tys.fi\/wp-content\/uploads\/2019\/03\/TYS-Logo_Green_500px.png","width":500,"height":232,"caption":"TYS"},"image":{"@id":"https:\/\/tys.fi\/#\/schema\/logo\/image\/"},"sameAs":["https:\/\/www.facebook.com\/tysturku\/","https:\/\/x.com\/tysturku","https:\/\/www.instagram.com\/tysturku\/","https:\/\/www.linkedin.com\/company\/tysturku\/","https:\/\/www.youtube.com\/channel\/UCjKOs8BOiY0SORCB0WWixlw?view_as=subscriber","https:\/\/fi.wikipedia.org\/wiki\/Turun_ylioppilaskyl\u00e4s\u00e4\u00e4ti\u00f6"]},{"@type":"Person","@id":"https:\/\/tys.fi\/#\/schema\/person\/c1f87ee6d97815ab24d89b5ad67f8718","name":"Marja Aapalahti","url":"https:\/\/tys.fi\/sv\/author\/marja"}]}},"_links":{"self":[{"href":"https:\/\/tys.fi\/sv\/wp-json\/wp\/v2\/posts\/20180","targetHints":{"allow":["GET"]}}],"collection":[{"href":"https:\/\/tys.fi\/sv\/wp-json\/wp\/v2\/posts"}],"about":[{"href":"https:\/\/tys.fi\/sv\/wp-json\/wp\/v2\/types\/post"}],"author":[{"embeddable":true,"href":"https:\/\/tys.fi\/sv\/wp-json\/wp\/v2\/users\/2"}],"replies":[{"embeddable":true,"href":"https:\/\/tys.fi\/sv\/wp-json\/wp\/v2\/comments?post=20180"}],"version-history":[{"count":5,"href":"https:\/\/tys.fi\/sv\/wp-json\/wp\/v2\/posts\/20180\/revisions"}],"predecessor-version":[{"id":20415,"href":"https:\/\/tys.fi\/sv\/wp-json\/wp\/v2\/posts\/20180\/revisions\/20415"}],"wp:featuredmedia":[{"embeddable":true,"href":"https:\/\/tys.fi\/sv\/wp-json\/wp\/v2\/media\/20170"}],"wp:attachment":[{"href":"https:\/\/tys.fi\/sv\/wp-json\/wp\/v2\/media?parent=20180"}],"wp:term":[{"taxonomy":"category","embeddable":true,"href":"https:\/\/tys.fi\/sv\/wp-json\/wp\/v2\/categories?post=20180"},{"taxonomy":"post_tag","embeddable":true,"href":"https:\/\/tys.fi\/sv\/wp-json\/wp\/v2\/tags?post=20180"}],"curies":[{"name":"wp","href":"https:\/\/api.w.org\/{rel}","templated":true}]}}