{"id":20153,"date":"2021-01-08T14:44:07","date_gmt":"2021-01-08T12:44:07","guid":{"rendered":"https:\/\/tys.fi\/tys-laajentaa-asiakaskokemusprojektia-asumisen-aikaisen-tyytyvaisyyden-mittaamiseen"},"modified":"2021-01-08T15:00:33","modified_gmt":"2021-01-08T13:00:33","slug":"tys-laajentaa-asiakaskokemusprojektia-asumisen-aikaisen-tyytyvaisyyden-mittaamiseen","status":"publish","type":"post","link":"https:\/\/tys.fi\/sv\/tys-laajentaa-asiakaskokemusprojektia-asumisen-aikaisen-tyytyvaisyyden-mittaamiseen","title":{"rendered":"TYS expanderar kundn\u00f6jdhetprojektet till att m\u00e4ta kundernas tillfredsst\u00e4llelse under boendet"},"content":{"rendered":"<p>Studentbystiftelsen\u00a0i \u00c5bo p\u00e5b\u00f6rjade \u00e5r 2020 ett omfattande utvecklingsprojekt i syfte att f\u00f6rb\u00e4ttra\u00a0kundtillfredst\u00e4llelsen. Vi har g\u00e5tt \u00f6ver till kontinuerligt m\u00e4tande, vilket m\u00f6jligg\u00f6r uppf\u00f6ljande av respons i realtid\u00a0samt snabbare reagerande p\u00e5 m\u00f6jliga problemsituationer. M\u00e4tningen har p\u00e5b\u00f6rjats ren med enk\u00e4ter g\u00e4llande servicen av l\u00e4genheterna, inflyttning och utflyttning.<\/p>\n<p>Nu expanderar m\u00e4tningen till att m\u00e4ta kundernas tillfredsst\u00e4llelse under boendet. I forts\u00e4ttningen kommer hyresg\u00e4ster att f\u00e5 en enk\u00e4t en g\u00e5ng per \u00e5r per email, d\u00e4r vi ber dem bed\u00f6ma olika delomr\u00e5den ang\u00e5ende ditt boende till exempel kundbetj\u00e4ningen och skicket av din l\u00e4genhet. Enk\u00e4ten skickas m\u00e5nadsvis till slumpm\u00e4ssigt valda hyresg\u00e4ster s\u00e5 att alla TYS hyresg\u00e4ster f\u00e5r besvara enk\u00e4ten en g\u00e5ng under \u00e5ret.<\/p>\n<p>Hyresg\u00e4stens respons \u00e4r viktig f\u00f6r utvecklandet av v\u00e5r verksamhet. Vi hoppas att s\u00e5 m\u00e5nga som m\u00f6jligt skulle delta i besvarandet av enk\u00e4ten samt ge respons om v\u00e5r verksamhet. Vi lottar ut biobiljetts paket best\u00e5ende av tv\u00e5 biljetter bland dem som besvarat enk\u00e4ten.<\/p>\n<p>&nbsp;<\/p>\n","protected":false},"excerpt":{"rendered":"<p>Studentbystiftelsen\u00a0i \u00c5bo p\u00e5b\u00f6rjade \u00e5r 2020 ett omfattande utvecklingsprojekt i syfte att f\u00f6rb\u00e4ttra\u00a0kundtillfredst\u00e4llelsen. Vi har g\u00e5tt&#8230;<\/p>\n","protected":false},"author":2,"featured_media":20150,"comment_status":"closed","ping_status":"open","sticky":false,"template":"","format":"standard","meta":{"footnotes":""},"categories":[38],"tags":[],"class_list":{"0":"post-20153","1":"post","2":"type-post","3":"status-publish","4":"format-standard","5":"has-post-thumbnail","7":"category-nyheter-sv"},"yoast_head":"<!-- This site is optimized with the Yoast SEO plugin v27.5 - https:\/\/yoast.com\/product\/yoast-seo-wordpress\/ -->\n<title>TYS expanderar kundn\u00f6jdhetprojektet till att m\u00e4ta kundernas tillfredsst\u00e4llelse under boendet | TYS | Turun Ylioppilaskyl\u00e4s\u00e4\u00e4ti\u00f6<\/title>\n<meta name=\"robots\" content=\"index, follow, max-snippet:-1, max-image-preview:large, max-video-preview:-1\" \/>\n<link rel=\"canonical\" href=\"https:\/\/tys.fi\/sv\/tys-laajentaa-asiakaskokemusprojektia-asumisen-aikaisen-tyytyvaisyyden-mittaamiseen\" \/>\n<meta property=\"og:locale\" content=\"sv_SE\" \/>\n<meta property=\"og:type\" content=\"article\" \/>\n<meta property=\"og:title\" content=\"TYS expanderar kundn\u00f6jdhetprojektet till att m\u00e4ta kundernas tillfredsst\u00e4llelse under boendet | TYS | Turun Ylioppilaskyl\u00e4s\u00e4\u00e4ti\u00f6\" \/>\n<meta property=\"og:description\" content=\"Studentbystiftelsen\u00a0i \u00c5bo p\u00e5b\u00f6rjade \u00e5r 2020 ett omfattande utvecklingsprojekt i syfte att f\u00f6rb\u00e4ttra\u00a0kundtillfredst\u00e4llelsen. Vi har g\u00e5tt...\" \/>\n<meta property=\"og:url\" content=\"https:\/\/tys.fi\/sv\/tys-laajentaa-asiakaskokemusprojektia-asumisen-aikaisen-tyytyvaisyyden-mittaamiseen\" \/>\n<meta property=\"og:site_name\" content=\"Turun Ylioppilaskyl&auml;s&auml;&auml;ti&ouml;\" \/>\n<meta property=\"article:publisher\" content=\"https:\/\/www.facebook.com\/tysturku\/\" \/>\n<meta property=\"article:published_time\" content=\"2021-01-08T12:44:07+00:00\" \/>\n<meta property=\"article:modified_time\" content=\"2021-01-08T13:00:33+00:00\" \/>\n<meta property=\"og:image\" content=\"https:\/\/tys.fi\/wp-content\/uploads\/2021\/01\/taustanelio-2.jpg\" \/>\n\t<meta property=\"og:image:width\" content=\"1005\" \/>\n\t<meta property=\"og:image:height\" content=\"1080\" \/>\n\t<meta property=\"og:image:type\" content=\"image\/jpeg\" \/>\n<meta name=\"author\" content=\"Marja Aapalahti\" \/>\n<meta name=\"twitter:card\" content=\"summary_large_image\" \/>\n<meta name=\"twitter:creator\" content=\"@tysturku\" \/>\n<meta name=\"twitter:site\" content=\"@tysturku\" \/>\n<meta name=\"twitter:label1\" content=\"Skriven av\" \/>\n\t<meta name=\"twitter:data1\" content=\"Marja Aapalahti\" \/>\n\t<meta name=\"twitter:label2\" content=\"Ber\u00e4knad l\u00e4stid\" \/>\n\t<meta name=\"twitter:data2\" content=\"1 minut\" \/>\n<script type=\"application\/ld+json\" class=\"yoast-schema-graph\">{\"@context\":\"https:\\\/\\\/schema.org\",\"@graph\":[{\"@type\":\"Article\",\"@id\":\"https:\\\/\\\/tys.fi\\\/sv\\\/tys-laajentaa-asiakaskokemusprojektia-asumisen-aikaisen-tyytyvaisyyden-mittaamiseen#article\",\"isPartOf\":{\"@id\":\"https:\\\/\\\/tys.fi\\\/sv\\\/tys-laajentaa-asiakaskokemusprojektia-asumisen-aikaisen-tyytyvaisyyden-mittaamiseen\"},\"author\":{\"name\":\"Marja Aapalahti\",\"@id\":\"https:\\\/\\\/tys.fi\\\/#\\\/schema\\\/person\\\/c1f87ee6d97815ab24d89b5ad67f8718\"},\"headline\":\"TYS expanderar kundn\u00f6jdhetprojektet till att m\u00e4ta kundernas tillfredsst\u00e4llelse under boendet\",\"datePublished\":\"2021-01-08T12:44:07+00:00\",\"dateModified\":\"2021-01-08T13:00:33+00:00\",\"mainEntityOfPage\":{\"@id\":\"https:\\\/\\\/tys.fi\\\/sv\\\/tys-laajentaa-asiakaskokemusprojektia-asumisen-aikaisen-tyytyvaisyyden-mittaamiseen\"},\"wordCount\":210,\"publisher\":{\"@id\":\"https:\\\/\\\/tys.fi\\\/#organization\"},\"image\":{\"@id\":\"https:\\\/\\\/tys.fi\\\/sv\\\/tys-laajentaa-asiakaskokemusprojektia-asumisen-aikaisen-tyytyvaisyyden-mittaamiseen#primaryimage\"},\"thumbnailUrl\":\"https:\\\/\\\/tys.fi\\\/wp-content\\\/uploads\\\/2021\\\/01\\\/taustanelio-2.jpg\",\"articleSection\":[\"Nyheter\"],\"inLanguage\":\"sv-SE\"},{\"@type\":\"WebPage\",\"@id\":\"https:\\\/\\\/tys.fi\\\/sv\\\/tys-laajentaa-asiakaskokemusprojektia-asumisen-aikaisen-tyytyvaisyyden-mittaamiseen\",\"url\":\"https:\\\/\\\/tys.fi\\\/sv\\\/tys-laajentaa-asiakaskokemusprojektia-asumisen-aikaisen-tyytyvaisyyden-mittaamiseen\",\"name\":\"TYS expanderar kundn\u00f6jdhetprojektet till att m\u00e4ta kundernas tillfredsst\u00e4llelse under boendet | TYS | Turun Ylioppilaskyl\u00e4s\u00e4\u00e4ti\u00f6\",\"isPartOf\":{\"@id\":\"https:\\\/\\\/tys.fi\\\/#website\"},\"primaryImageOfPage\":{\"@id\":\"https:\\\/\\\/tys.fi\\\/sv\\\/tys-laajentaa-asiakaskokemusprojektia-asumisen-aikaisen-tyytyvaisyyden-mittaamiseen#primaryimage\"},\"image\":{\"@id\":\"https:\\\/\\\/tys.fi\\\/sv\\\/tys-laajentaa-asiakaskokemusprojektia-asumisen-aikaisen-tyytyvaisyyden-mittaamiseen#primaryimage\"},\"thumbnailUrl\":\"https:\\\/\\\/tys.fi\\\/wp-content\\\/uploads\\\/2021\\\/01\\\/taustanelio-2.jpg\",\"datePublished\":\"2021-01-08T12:44:07+00:00\",\"dateModified\":\"2021-01-08T13:00:33+00:00\",\"breadcrumb\":{\"@id\":\"https:\\\/\\\/tys.fi\\\/sv\\\/tys-laajentaa-asiakaskokemusprojektia-asumisen-aikaisen-tyytyvaisyyden-mittaamiseen#breadcrumb\"},\"inLanguage\":\"sv-SE\",\"potentialAction\":[{\"@type\":\"ReadAction\",\"target\":[\"https:\\\/\\\/tys.fi\\\/sv\\\/tys-laajentaa-asiakaskokemusprojektia-asumisen-aikaisen-tyytyvaisyyden-mittaamiseen\"]}]},{\"@type\":\"ImageObject\",\"inLanguage\":\"sv-SE\",\"@id\":\"https:\\\/\\\/tys.fi\\\/sv\\\/tys-laajentaa-asiakaskokemusprojektia-asumisen-aikaisen-tyytyvaisyyden-mittaamiseen#primaryimage\",\"url\":\"https:\\\/\\\/tys.fi\\\/wp-content\\\/uploads\\\/2021\\\/01\\\/taustanelio-2.jpg\",\"contentUrl\":\"https:\\\/\\\/tys.fi\\\/wp-content\\\/uploads\\\/2021\\\/01\\\/taustanelio-2.jpg\",\"width\":1005,\"height\":1080},{\"@type\":\"BreadcrumbList\",\"@id\":\"https:\\\/\\\/tys.fi\\\/sv\\\/tys-laajentaa-asiakaskokemusprojektia-asumisen-aikaisen-tyytyvaisyyden-mittaamiseen#breadcrumb\",\"itemListElement\":[{\"@type\":\"ListItem\",\"position\":1,\"name\":\"Home\",\"item\":\"https:\\\/\\\/tys.fi\\\/sv\"},{\"@type\":\"ListItem\",\"position\":2,\"name\":\"TYS expanderar kundn\u00f6jdhetprojektet till att m\u00e4ta kundernas tillfredsst\u00e4llelse under boendet\"}]},{\"@type\":\"WebSite\",\"@id\":\"https:\\\/\\\/tys.fi\\\/#website\",\"url\":\"https:\\\/\\\/tys.fi\\\/\",\"name\":\"Turun Ylioppilaskyl\u00e4s\u00e4\u00e4ti\u00f6\",\"description\":\"Vuokra-asunnot Turku\",\"publisher\":{\"@id\":\"https:\\\/\\\/tys.fi\\\/#organization\"},\"potentialAction\":[{\"@type\":\"SearchAction\",\"target\":{\"@type\":\"EntryPoint\",\"urlTemplate\":\"https:\\\/\\\/tys.fi\\\/?s={search_term_string}\"},\"query-input\":{\"@type\":\"PropertyValueSpecification\",\"valueRequired\":true,\"valueName\":\"search_term_string\"}}],\"inLanguage\":\"sv-SE\"},{\"@type\":\"Organization\",\"@id\":\"https:\\\/\\\/tys.fi\\\/#organization\",\"name\":\"TYS\",\"url\":\"https:\\\/\\\/tys.fi\\\/\",\"logo\":{\"@type\":\"ImageObject\",\"inLanguage\":\"sv-SE\",\"@id\":\"https:\\\/\\\/tys.fi\\\/#\\\/schema\\\/logo\\\/image\\\/\",\"url\":\"https:\\\/\\\/tys.fi\\\/wp-content\\\/uploads\\\/2019\\\/03\\\/TYS-Logo_Green_500px.png\",\"contentUrl\":\"https:\\\/\\\/tys.fi\\\/wp-content\\\/uploads\\\/2019\\\/03\\\/TYS-Logo_Green_500px.png\",\"width\":500,\"height\":232,\"caption\":\"TYS\"},\"image\":{\"@id\":\"https:\\\/\\\/tys.fi\\\/#\\\/schema\\\/logo\\\/image\\\/\"},\"sameAs\":[\"https:\\\/\\\/www.facebook.com\\\/tysturku\\\/\",\"https:\\\/\\\/x.com\\\/tysturku\",\"https:\\\/\\\/www.instagram.com\\\/tysturku\\\/\",\"https:\\\/\\\/www.linkedin.com\\\/company\\\/tysturku\\\/\",\"https:\\\/\\\/www.youtube.com\\\/channel\\\/UCjKOs8BOiY0SORCB0WWixlw?view_as=subscriber\",\"https:\\\/\\\/fi.wikipedia.org\\\/wiki\\\/Turun_ylioppilaskyl\u00e4s\u00e4\u00e4ti\u00f6\"]},{\"@type\":\"Person\",\"@id\":\"https:\\\/\\\/tys.fi\\\/#\\\/schema\\\/person\\\/c1f87ee6d97815ab24d89b5ad67f8718\",\"name\":\"Marja Aapalahti\",\"url\":\"https:\\\/\\\/tys.fi\\\/sv\\\/author\\\/marja\"}]}<\/script>\n<!-- \/ Yoast SEO plugin. -->","yoast_head_json":{"title":"TYS expanderar kundn\u00f6jdhetprojektet till att m\u00e4ta kundernas tillfredsst\u00e4llelse under boendet | TYS | Turun Ylioppilaskyl\u00e4s\u00e4\u00e4ti\u00f6","robots":{"index":"index","follow":"follow","max-snippet":"max-snippet:-1","max-image-preview":"max-image-preview:large","max-video-preview":"max-video-preview:-1"},"canonical":"https:\/\/tys.fi\/sv\/tys-laajentaa-asiakaskokemusprojektia-asumisen-aikaisen-tyytyvaisyyden-mittaamiseen","og_locale":"sv_SE","og_type":"article","og_title":"TYS expanderar kundn\u00f6jdhetprojektet till att m\u00e4ta kundernas tillfredsst\u00e4llelse under boendet | TYS | Turun Ylioppilaskyl\u00e4s\u00e4\u00e4ti\u00f6","og_description":"Studentbystiftelsen\u00a0i \u00c5bo p\u00e5b\u00f6rjade \u00e5r 2020 ett omfattande utvecklingsprojekt i syfte att f\u00f6rb\u00e4ttra\u00a0kundtillfredst\u00e4llelsen. Vi har g\u00e5tt...","og_url":"https:\/\/tys.fi\/sv\/tys-laajentaa-asiakaskokemusprojektia-asumisen-aikaisen-tyytyvaisyyden-mittaamiseen","og_site_name":"Turun Ylioppilaskyl&auml;s&auml;&auml;ti&ouml;","article_publisher":"https:\/\/www.facebook.com\/tysturku\/","article_published_time":"2021-01-08T12:44:07+00:00","article_modified_time":"2021-01-08T13:00:33+00:00","og_image":[{"width":1005,"height":1080,"url":"https:\/\/tys.fi\/wp-content\/uploads\/2021\/01\/taustanelio-2.jpg","type":"image\/jpeg"}],"author":"Marja Aapalahti","twitter_card":"summary_large_image","twitter_creator":"@tysturku","twitter_site":"@tysturku","twitter_misc":{"Skriven av":"Marja Aapalahti","Ber\u00e4knad l\u00e4stid":"1 minut"},"schema":{"@context":"https:\/\/schema.org","@graph":[{"@type":"Article","@id":"https:\/\/tys.fi\/sv\/tys-laajentaa-asiakaskokemusprojektia-asumisen-aikaisen-tyytyvaisyyden-mittaamiseen#article","isPartOf":{"@id":"https:\/\/tys.fi\/sv\/tys-laajentaa-asiakaskokemusprojektia-asumisen-aikaisen-tyytyvaisyyden-mittaamiseen"},"author":{"name":"Marja Aapalahti","@id":"https:\/\/tys.fi\/#\/schema\/person\/c1f87ee6d97815ab24d89b5ad67f8718"},"headline":"TYS expanderar kundn\u00f6jdhetprojektet till att m\u00e4ta kundernas tillfredsst\u00e4llelse under boendet","datePublished":"2021-01-08T12:44:07+00:00","dateModified":"2021-01-08T13:00:33+00:00","mainEntityOfPage":{"@id":"https:\/\/tys.fi\/sv\/tys-laajentaa-asiakaskokemusprojektia-asumisen-aikaisen-tyytyvaisyyden-mittaamiseen"},"wordCount":210,"publisher":{"@id":"https:\/\/tys.fi\/#organization"},"image":{"@id":"https:\/\/tys.fi\/sv\/tys-laajentaa-asiakaskokemusprojektia-asumisen-aikaisen-tyytyvaisyyden-mittaamiseen#primaryimage"},"thumbnailUrl":"https:\/\/tys.fi\/wp-content\/uploads\/2021\/01\/taustanelio-2.jpg","articleSection":["Nyheter"],"inLanguage":"sv-SE"},{"@type":"WebPage","@id":"https:\/\/tys.fi\/sv\/tys-laajentaa-asiakaskokemusprojektia-asumisen-aikaisen-tyytyvaisyyden-mittaamiseen","url":"https:\/\/tys.fi\/sv\/tys-laajentaa-asiakaskokemusprojektia-asumisen-aikaisen-tyytyvaisyyden-mittaamiseen","name":"TYS expanderar kundn\u00f6jdhetprojektet till att m\u00e4ta kundernas tillfredsst\u00e4llelse under boendet | TYS | Turun Ylioppilaskyl\u00e4s\u00e4\u00e4ti\u00f6","isPartOf":{"@id":"https:\/\/tys.fi\/#website"},"primaryImageOfPage":{"@id":"https:\/\/tys.fi\/sv\/tys-laajentaa-asiakaskokemusprojektia-asumisen-aikaisen-tyytyvaisyyden-mittaamiseen#primaryimage"},"image":{"@id":"https:\/\/tys.fi\/sv\/tys-laajentaa-asiakaskokemusprojektia-asumisen-aikaisen-tyytyvaisyyden-mittaamiseen#primaryimage"},"thumbnailUrl":"https:\/\/tys.fi\/wp-content\/uploads\/2021\/01\/taustanelio-2.jpg","datePublished":"2021-01-08T12:44:07+00:00","dateModified":"2021-01-08T13:00:33+00:00","breadcrumb":{"@id":"https:\/\/tys.fi\/sv\/tys-laajentaa-asiakaskokemusprojektia-asumisen-aikaisen-tyytyvaisyyden-mittaamiseen#breadcrumb"},"inLanguage":"sv-SE","potentialAction":[{"@type":"ReadAction","target":["https:\/\/tys.fi\/sv\/tys-laajentaa-asiakaskokemusprojektia-asumisen-aikaisen-tyytyvaisyyden-mittaamiseen"]}]},{"@type":"ImageObject","inLanguage":"sv-SE","@id":"https:\/\/tys.fi\/sv\/tys-laajentaa-asiakaskokemusprojektia-asumisen-aikaisen-tyytyvaisyyden-mittaamiseen#primaryimage","url":"https:\/\/tys.fi\/wp-content\/uploads\/2021\/01\/taustanelio-2.jpg","contentUrl":"https:\/\/tys.fi\/wp-content\/uploads\/2021\/01\/taustanelio-2.jpg","width":1005,"height":1080},{"@type":"BreadcrumbList","@id":"https:\/\/tys.fi\/sv\/tys-laajentaa-asiakaskokemusprojektia-asumisen-aikaisen-tyytyvaisyyden-mittaamiseen#breadcrumb","itemListElement":[{"@type":"ListItem","position":1,"name":"Home","item":"https:\/\/tys.fi\/sv"},{"@type":"ListItem","position":2,"name":"TYS expanderar kundn\u00f6jdhetprojektet till att m\u00e4ta kundernas tillfredsst\u00e4llelse under boendet"}]},{"@type":"WebSite","@id":"https:\/\/tys.fi\/#website","url":"https:\/\/tys.fi\/","name":"Turun Ylioppilaskyl\u00e4s\u00e4\u00e4ti\u00f6","description":"Vuokra-asunnot Turku","publisher":{"@id":"https:\/\/tys.fi\/#organization"},"potentialAction":[{"@type":"SearchAction","target":{"@type":"EntryPoint","urlTemplate":"https:\/\/tys.fi\/?s={search_term_string}"},"query-input":{"@type":"PropertyValueSpecification","valueRequired":true,"valueName":"search_term_string"}}],"inLanguage":"sv-SE"},{"@type":"Organization","@id":"https:\/\/tys.fi\/#organization","name":"TYS","url":"https:\/\/tys.fi\/","logo":{"@type":"ImageObject","inLanguage":"sv-SE","@id":"https:\/\/tys.fi\/#\/schema\/logo\/image\/","url":"https:\/\/tys.fi\/wp-content\/uploads\/2019\/03\/TYS-Logo_Green_500px.png","contentUrl":"https:\/\/tys.fi\/wp-content\/uploads\/2019\/03\/TYS-Logo_Green_500px.png","width":500,"height":232,"caption":"TYS"},"image":{"@id":"https:\/\/tys.fi\/#\/schema\/logo\/image\/"},"sameAs":["https:\/\/www.facebook.com\/tysturku\/","https:\/\/x.com\/tysturku","https:\/\/www.instagram.com\/tysturku\/","https:\/\/www.linkedin.com\/company\/tysturku\/","https:\/\/www.youtube.com\/channel\/UCjKOs8BOiY0SORCB0WWixlw?view_as=subscriber","https:\/\/fi.wikipedia.org\/wiki\/Turun_ylioppilaskyl\u00e4s\u00e4\u00e4ti\u00f6"]},{"@type":"Person","@id":"https:\/\/tys.fi\/#\/schema\/person\/c1f87ee6d97815ab24d89b5ad67f8718","name":"Marja Aapalahti","url":"https:\/\/tys.fi\/sv\/author\/marja"}]}},"_links":{"self":[{"href":"https:\/\/tys.fi\/sv\/wp-json\/wp\/v2\/posts\/20153","targetHints":{"allow":["GET"]}}],"collection":[{"href":"https:\/\/tys.fi\/sv\/wp-json\/wp\/v2\/posts"}],"about":[{"href":"https:\/\/tys.fi\/sv\/wp-json\/wp\/v2\/types\/post"}],"author":[{"embeddable":true,"href":"https:\/\/tys.fi\/sv\/wp-json\/wp\/v2\/users\/2"}],"replies":[{"embeddable":true,"href":"https:\/\/tys.fi\/sv\/wp-json\/wp\/v2\/comments?post=20153"}],"version-history":[{"count":2,"href":"https:\/\/tys.fi\/sv\/wp-json\/wp\/v2\/posts\/20153\/revisions"}],"predecessor-version":[{"id":20157,"href":"https:\/\/tys.fi\/sv\/wp-json\/wp\/v2\/posts\/20153\/revisions\/20157"}],"wp:featuredmedia":[{"embeddable":true,"href":"https:\/\/tys.fi\/sv\/wp-json\/wp\/v2\/media\/20150"}],"wp:attachment":[{"href":"https:\/\/tys.fi\/sv\/wp-json\/wp\/v2\/media?parent=20153"}],"wp:term":[{"taxonomy":"category","embeddable":true,"href":"https:\/\/tys.fi\/sv\/wp-json\/wp\/v2\/categories?post=20153"},{"taxonomy":"post_tag","embeddable":true,"href":"https:\/\/tys.fi\/sv\/wp-json\/wp\/v2\/tags?post=20153"}],"curies":[{"name":"wp","href":"https:\/\/api.w.org\/{rel}","templated":true}]}}