{"id":18314,"date":"2020-04-07T09:52:31","date_gmt":"2020-04-07T06:52:31","guid":{"rendered":"https:\/\/tys.fi\/opiskelijan-toimeentulo-koronaviruksen-aiheuttaman-poikkeustilanteen-aikana"},"modified":"2020-04-07T12:38:52","modified_gmt":"2020-04-07T09:38:52","slug":"opiskelijan-toimeentulo-koronaviruksen-aiheuttaman-poikkeustilanteen-aikana","status":"publish","type":"post","link":"https:\/\/tys.fi\/sv\/opiskelijan-toimeentulo-koronaviruksen-aiheuttaman-poikkeustilanteen-aikana","title":{"rendered":"Studentens utkomst under det undantagstillst\u00e5nd som orsakats av coronaviruset"},"content":{"rendered":"<p>P\u00e5 grund av coronaviruset har m\u00e5nga studenters utkomst f\u00f6rsvagats, bland annat som en f\u00f6ljd av permitteringar. H\u00e4r nedan hittar du information om socialskydd, FPA:s policy samt exceptionell lagstiftning och praxis som r\u00f6r utkomsten f\u00f6r studerande under den tid de av coronaviruset orsakade undantagsf\u00f6rh\u00e5llandena varar.<\/p>\n<p><strong>Studiest\u00f6d och studiel\u00e5n<\/strong><\/p>\n<p>Studiest\u00f6det och studiel\u00e5net \u00e4r prim\u00e4ra st\u00f6d f\u00f6r den studerande. FPA:s policy \u00e4r att du inte beh\u00f6ver s\u00e4ga upp eller betala tillbaka ditt studiest\u00f6d ocks\u00e5 om dina studieprestationer, p\u00e5 grund av coronavirusl\u00e4get, inte r\u00e4cker till. Om det inte har varit m\u00f6jligt att studera kan studiest\u00f6det forts\u00e4ttningsvis betalas ut trots att studieprestationerna inte har varit tillr\u00e4ckliga. Maximitiden f\u00f6r studiest\u00f6d kan ocks\u00e5 f\u00f6rl\u00e4ngas.<\/p>\n<p>Inom ramen f\u00f6r g\u00e4llande lagstiftning kan f\u00f6rl\u00e4ngning av tidsfristen f\u00f6r att f\u00e5 studiel\u00e5nsavdrag emellertid inte beviljas p\u00e5 basis av coronavirusl\u00e4get. Undervisnings- och kulturministeriet \u00a0<a href=\"https:\/\/minedu.fi\/artikkeli\/-\/asset_publisher\/ministeri-hanna-kosonen-opintotuki-joustaa-poikkeusolosuhteissa\">bereder<\/a> en \u00e4ndring av studiest\u00f6dslagen f\u00f6r att undantagsf\u00f6rh\u00e5llanden ska kunna beaktas i villkoren f\u00f6r studiel\u00e5nsavdrag.<\/p>\n<p>FPA:s information om det av coronaviruset orsakade undantagstillst\u00e5ndet och studiest\u00f6det finns <a href=\"https:\/\/www.kela.fi\/web\/sv\/aktuellt-privatpersoner\/-\/asset_publisher\/M6wYRe4QRiL1\/content\/hur-den-undantagssituation-som-coronaviruset-medfor-inverkar-pa-studiestodet\">h\u00e4r<\/a>.<br \/>\n<strong><br \/>\nR\u00e4tten till andra FPA-bidrag<\/strong><\/p>\n<p>Om din utkomst har f\u00f6rsvagats, och du inte l\u00e4ngre kan finansiera dina studier med studiest\u00f6d eller andra till\u00e4ggsinkomster, kan det vara m\u00f6dan v\u00e4rt f\u00f6r dig att utreda m\u00f6jligheterna att f\u00e5 f\u00f6ljande FPA-bidrag:<\/p>\n<p><strong>Allm\u00e4nt bostadsbidrag \u2013<\/strong> De flesta studerande f\u00e5r allm\u00e4nt bostadsbidrag ut\u00f6ver studiest\u00f6det. Det allm\u00e4nna bostadsbidragets niv\u00e5 \u00e4r beroende av hush\u00e5llets inkomster (bl.a. din partners inkomster r\u00e4knas med n\u00e4r bidragsniv\u00e5n best\u00e4ms). Om du redan f\u00e5r bostadsbidrag men din inkomstniv\u00e5 efter det senaste bidragsbeslutet har sjunkit kan du anm\u00e4la om saken till FPA f\u00f6r justering av bostadsbidragets niv\u00e5. Med hj\u00e4lp av <a href=\"https:\/\/asiointi.kela.fi\/aylaskenta_app\/AYLaskentaApplication?&amp;lang=fi\">FPA:s<\/a> r\u00e4knare kan du sj\u00e4lv g\u00f6ra en uppskattning av hur mycket du skulle kunna f\u00e5 i bostadsbidrag.<\/p>\n<p><strong>Utkomstst\u00f6d \u2013<\/strong> P\u00e5 grund av coronavirusl\u00e4get har social- och h\u00e4lsov\u00e5rdsministeriet instruerat FPA och kommunerna att n\u00e5gon utredning om studieframg\u00e5ngen eller om sommarjobbsans\u00f6kningar inte beh\u00f6ver kr\u00e4vas in. Ministeriet har ocks\u00e5 instruerat FPA och kommunerna att uttag av studiel\u00e5n inte denna sommar beh\u00f6ver vara en f\u00f6ruts\u00e4ttning f\u00f6r att f\u00e5 utkomstst\u00f6d. Om du redan har lyft studiel\u00e5n f\u00f6r sommaren kommer det i alla fall att beaktas som inkomst. Dessa \u00e4ndringar inneb\u00e4r att det under undantagstillst\u00e5ndet som orsakats av coronaviruset \u00e4r l\u00e4ttare \u00e4n vanligt f\u00f6r studerande att f\u00e5 utkomstst\u00f6d.<\/p>\n<p>Enligt ministeriets instruktioner ska realisering av egendom inte f\u00f6ruts\u00e4ttas vid undantagstillst\u00e5nd. Ett villkor f\u00f6r utkomstst\u00f6d \u00e4r vanligtvis att den s\u00f6kande inte f\u00e5r ha till exempel fast egendom eller placeringar. Om behovet av utkomstst\u00f6d f\u00f6rl\u00e4ngs \u00f6ver tre m\u00e5nader kan realisering \u00e4nd\u00e5 f\u00f6ruts\u00e4ttas, enligt normal till\u00e4mpningspraxis. Policyn syftar till att hj\u00e4lpa upp situationen f\u00f6r klienter och familjer som p\u00e5 grund av undantagsf\u00f6rh\u00e5llandena tillf\u00e4lligt m\u00e5ste f\u00f6rlita sig p\u00e5 utkomstst\u00f6d. Hela Social-och h\u00e4lsov\u00e5rdsministeriets informationsbrev kan du l\u00e4sa <a href=\"https:\/\/stm.fi\/documents\/1271139\/21203212\/Kuntainfo+toimeentulotuki+ja+korona+FI\/7bbf13eb-14f7-2c5d-694c-04a3fa64ae46?fbclid=IwAR0_EHMcWdN8fpEaPBN0sazgX79g76OhP44VgytKyGkJdzITAls4RrvhX_k\">h\u00e4r.<\/a><\/p>\n<p>Utkomstst\u00f6det beaktar alla dina inkomster och tillgodohavandena p\u00e5 dina bankkonton. Utkomstst\u00f6d beviljas f\u00f6r ett hush\u00e5ll, det vill s\u00e4ga ocks\u00e5 din partners inkomster beaktas i pr\u00f6vningen. Med hj\u00e4lp av FPA:s r\u00e4knare kan du g\u00f6ra en uppskattning av om du skulle ha r\u00e4tt till <a href=\"https:\/\/asiointi.kela.fi\/Toimeentulotuen_internetlaskenta\/alku.faces\">utkomstst\u00f6d<\/a><\/p>\n<p><strong>Om du blir permitterad eller uppsagd<\/strong><\/p>\n<p>Normalt inneb\u00e4r heltidsstudier ett hinder f\u00f6r arbetsl\u00f6shetsf\u00f6rm\u00e5ner. En lag\u00e4ndring som gjorts p\u00e5 grund av coronavirusl\u00e4get ger en permitterad person arbetsl\u00f6shetsf\u00f6rm\u00e5ner oberoende av studier. \u00c4ndringen ber\u00f6r personer som har permitterats tidigast 16.3.2020. Undantagsvis kan ocks\u00e5 en f\u00f6retagare f\u00e5 arbetsl\u00f6shetsf\u00f6rm\u00e5ner. L\u00e4s mer i <a href=\"http:\/\/www.te-tjanster.fi\/te\/sv\/skot_arenden_medoss\/tetjanster\/aktuellt\/2020-04-01-01\/index.html\">TE-tj\u00e4nsternas<\/a> informationsbrev.<\/p>\n<p>En uppsagd studerande har inte r\u00e4tt till arbetsl\u00f6shetsf\u00f6rm\u00e5ner eftersom \u00e4ndringen g\u00e4ller endast permitteringar. Om du s\u00e4gs upp fr\u00e5n ditt arbete och din utkomst inte r\u00e4cker till f\u00f6r att t\u00e4cka dina levnadskostnader kan du ans\u00f6ka om utkomstst\u00f6d enligt ovanst\u00e5ende anvisningar.<\/p>\n","protected":false},"excerpt":{"rendered":"<p>P\u00e5 grund av coronaviruset har m\u00e5nga studenters utkomst f\u00f6rsvagats, bland annat som en f\u00f6ljd av&#8230;<\/p>\n","protected":false},"author":2,"featured_media":18310,"comment_status":"closed","ping_status":"open","sticky":false,"template":"","format":"standard","meta":{"footnotes":""},"categories":[38],"tags":[],"class_list":{"0":"post-18314","1":"post","2":"type-post","3":"status-publish","4":"format-standard","5":"has-post-thumbnail","7":"category-nyheter-sv"},"yoast_head":"<!-- This site is optimized with the Yoast SEO plugin v27.5 - https:\/\/yoast.com\/product\/yoast-seo-wordpress\/ -->\n<title>Studentens utkomst under det undantagstillst\u00e5nd som orsakats av coronaviruset | TYS | Turun Ylioppilaskyl\u00e4s\u00e4\u00e4ti\u00f6<\/title>\n<meta name=\"robots\" content=\"index, follow, max-snippet:-1, max-image-preview:large, max-video-preview:-1\" \/>\n<link rel=\"canonical\" href=\"https:\/\/tys.fi\/sv\/opiskelijan-toimeentulo-koronaviruksen-aiheuttaman-poikkeustilanteen-aikana\" \/>\n<meta property=\"og:locale\" content=\"sv_SE\" \/>\n<meta property=\"og:type\" content=\"article\" \/>\n<meta property=\"og:title\" content=\"Studentens utkomst under det undantagstillst\u00e5nd som orsakats av coronaviruset | TYS | Turun Ylioppilaskyl\u00e4s\u00e4\u00e4ti\u00f6\" \/>\n<meta property=\"og:description\" content=\"P\u00e5 grund av coronaviruset har m\u00e5nga studenters utkomst f\u00f6rsvagats, bland annat som en f\u00f6ljd av...\" \/>\n<meta property=\"og:url\" content=\"https:\/\/tys.fi\/sv\/opiskelijan-toimeentulo-koronaviruksen-aiheuttaman-poikkeustilanteen-aikana\" \/>\n<meta property=\"og:site_name\" content=\"Turun Ylioppilaskyl&auml;s&auml;&auml;ti&ouml;\" \/>\n<meta property=\"article:publisher\" content=\"https:\/\/www.facebook.com\/tysturku\/\" \/>\n<meta property=\"article:published_time\" content=\"2020-04-07T06:52:31+00:00\" \/>\n<meta property=\"article:modified_time\" content=\"2020-04-07T09:38:52+00:00\" \/>\n<meta property=\"og:image\" content=\"https:\/\/tys.fi\/wp-content\/uploads\/2020\/04\/bannerikuva-vuosikirja-2.jpg\" \/>\n\t<meta property=\"og:image:width\" content=\"2048\" \/>\n\t<meta property=\"og:image:height\" content=\"1152\" \/>\n\t<meta property=\"og:image:type\" content=\"image\/jpeg\" \/>\n<meta name=\"author\" content=\"Marja Aapalahti\" \/>\n<meta name=\"twitter:card\" content=\"summary_large_image\" \/>\n<meta name=\"twitter:creator\" content=\"@tysturku\" \/>\n<meta name=\"twitter:site\" content=\"@tysturku\" \/>\n<meta name=\"twitter:label1\" content=\"Skriven av\" \/>\n\t<meta name=\"twitter:data1\" content=\"Marja Aapalahti\" \/>\n\t<meta name=\"twitter:label2\" content=\"Ber\u00e4knad l\u00e4stid\" \/>\n\t<meta name=\"twitter:data2\" content=\"4 minuter\" \/>\n<script type=\"application\/ld+json\" class=\"yoast-schema-graph\">{\"@context\":\"https:\\\/\\\/schema.org\",\"@graph\":[{\"@type\":\"Article\",\"@id\":\"https:\\\/\\\/tys.fi\\\/sv\\\/opiskelijan-toimeentulo-koronaviruksen-aiheuttaman-poikkeustilanteen-aikana#article\",\"isPartOf\":{\"@id\":\"https:\\\/\\\/tys.fi\\\/sv\\\/opiskelijan-toimeentulo-koronaviruksen-aiheuttaman-poikkeustilanteen-aikana\"},\"author\":{\"name\":\"Marja Aapalahti\",\"@id\":\"https:\\\/\\\/tys.fi\\\/#\\\/schema\\\/person\\\/c1f87ee6d97815ab24d89b5ad67f8718\"},\"headline\":\"Studentens utkomst under det undantagstillst\u00e5nd som orsakats av coronaviruset\",\"datePublished\":\"2020-04-07T06:52:31+00:00\",\"dateModified\":\"2020-04-07T09:38:52+00:00\",\"mainEntityOfPage\":{\"@id\":\"https:\\\/\\\/tys.fi\\\/sv\\\/opiskelijan-toimeentulo-koronaviruksen-aiheuttaman-poikkeustilanteen-aikana\"},\"wordCount\":732,\"publisher\":{\"@id\":\"https:\\\/\\\/tys.fi\\\/#organization\"},\"image\":{\"@id\":\"https:\\\/\\\/tys.fi\\\/sv\\\/opiskelijan-toimeentulo-koronaviruksen-aiheuttaman-poikkeustilanteen-aikana#primaryimage\"},\"thumbnailUrl\":\"https:\\\/\\\/tys.fi\\\/wp-content\\\/uploads\\\/2020\\\/04\\\/bannerikuva-vuosikirja-2.jpg\",\"articleSection\":[\"Nyheter\"],\"inLanguage\":\"sv-SE\"},{\"@type\":\"WebPage\",\"@id\":\"https:\\\/\\\/tys.fi\\\/sv\\\/opiskelijan-toimeentulo-koronaviruksen-aiheuttaman-poikkeustilanteen-aikana\",\"url\":\"https:\\\/\\\/tys.fi\\\/sv\\\/opiskelijan-toimeentulo-koronaviruksen-aiheuttaman-poikkeustilanteen-aikana\",\"name\":\"Studentens utkomst under det undantagstillst\u00e5nd som orsakats av coronaviruset | TYS | Turun Ylioppilaskyl\u00e4s\u00e4\u00e4ti\u00f6\",\"isPartOf\":{\"@id\":\"https:\\\/\\\/tys.fi\\\/#website\"},\"primaryImageOfPage\":{\"@id\":\"https:\\\/\\\/tys.fi\\\/sv\\\/opiskelijan-toimeentulo-koronaviruksen-aiheuttaman-poikkeustilanteen-aikana#primaryimage\"},\"image\":{\"@id\":\"https:\\\/\\\/tys.fi\\\/sv\\\/opiskelijan-toimeentulo-koronaviruksen-aiheuttaman-poikkeustilanteen-aikana#primaryimage\"},\"thumbnailUrl\":\"https:\\\/\\\/tys.fi\\\/wp-content\\\/uploads\\\/2020\\\/04\\\/bannerikuva-vuosikirja-2.jpg\",\"datePublished\":\"2020-04-07T06:52:31+00:00\",\"dateModified\":\"2020-04-07T09:38:52+00:00\",\"breadcrumb\":{\"@id\":\"https:\\\/\\\/tys.fi\\\/sv\\\/opiskelijan-toimeentulo-koronaviruksen-aiheuttaman-poikkeustilanteen-aikana#breadcrumb\"},\"inLanguage\":\"sv-SE\",\"potentialAction\":[{\"@type\":\"ReadAction\",\"target\":[\"https:\\\/\\\/tys.fi\\\/sv\\\/opiskelijan-toimeentulo-koronaviruksen-aiheuttaman-poikkeustilanteen-aikana\"]}]},{\"@type\":\"ImageObject\",\"inLanguage\":\"sv-SE\",\"@id\":\"https:\\\/\\\/tys.fi\\\/sv\\\/opiskelijan-toimeentulo-koronaviruksen-aiheuttaman-poikkeustilanteen-aikana#primaryimage\",\"url\":\"https:\\\/\\\/tys.fi\\\/wp-content\\\/uploads\\\/2020\\\/04\\\/bannerikuva-vuosikirja-2.jpg\",\"contentUrl\":\"https:\\\/\\\/tys.fi\\\/wp-content\\\/uploads\\\/2020\\\/04\\\/bannerikuva-vuosikirja-2.jpg\",\"width\":2048,\"height\":1152},{\"@type\":\"BreadcrumbList\",\"@id\":\"https:\\\/\\\/tys.fi\\\/sv\\\/opiskelijan-toimeentulo-koronaviruksen-aiheuttaman-poikkeustilanteen-aikana#breadcrumb\",\"itemListElement\":[{\"@type\":\"ListItem\",\"position\":1,\"name\":\"Home\",\"item\":\"https:\\\/\\\/tys.fi\\\/sv\"},{\"@type\":\"ListItem\",\"position\":2,\"name\":\"Studentens utkomst under det undantagstillst\u00e5nd som orsakats av coronaviruset\"}]},{\"@type\":\"WebSite\",\"@id\":\"https:\\\/\\\/tys.fi\\\/#website\",\"url\":\"https:\\\/\\\/tys.fi\\\/\",\"name\":\"Turun Ylioppilaskyl\u00e4s\u00e4\u00e4ti\u00f6\",\"description\":\"Vuokra-asunnot Turku\",\"publisher\":{\"@id\":\"https:\\\/\\\/tys.fi\\\/#organization\"},\"potentialAction\":[{\"@type\":\"SearchAction\",\"target\":{\"@type\":\"EntryPoint\",\"urlTemplate\":\"https:\\\/\\\/tys.fi\\\/?s={search_term_string}\"},\"query-input\":{\"@type\":\"PropertyValueSpecification\",\"valueRequired\":true,\"valueName\":\"search_term_string\"}}],\"inLanguage\":\"sv-SE\"},{\"@type\":\"Organization\",\"@id\":\"https:\\\/\\\/tys.fi\\\/#organization\",\"name\":\"TYS\",\"url\":\"https:\\\/\\\/tys.fi\\\/\",\"logo\":{\"@type\":\"ImageObject\",\"inLanguage\":\"sv-SE\",\"@id\":\"https:\\\/\\\/tys.fi\\\/#\\\/schema\\\/logo\\\/image\\\/\",\"url\":\"https:\\\/\\\/tys.fi\\\/wp-content\\\/uploads\\\/2019\\\/03\\\/TYS-Logo_Green_500px.png\",\"contentUrl\":\"https:\\\/\\\/tys.fi\\\/wp-content\\\/uploads\\\/2019\\\/03\\\/TYS-Logo_Green_500px.png\",\"width\":500,\"height\":232,\"caption\":\"TYS\"},\"image\":{\"@id\":\"https:\\\/\\\/tys.fi\\\/#\\\/schema\\\/logo\\\/image\\\/\"},\"sameAs\":[\"https:\\\/\\\/www.facebook.com\\\/tysturku\\\/\",\"https:\\\/\\\/x.com\\\/tysturku\",\"https:\\\/\\\/www.instagram.com\\\/tysturku\\\/\",\"https:\\\/\\\/www.linkedin.com\\\/company\\\/tysturku\\\/\",\"https:\\\/\\\/www.youtube.com\\\/channel\\\/UCjKOs8BOiY0SORCB0WWixlw?view_as=subscriber\",\"https:\\\/\\\/fi.wikipedia.org\\\/wiki\\\/Turun_ylioppilaskyl\u00e4s\u00e4\u00e4ti\u00f6\"]},{\"@type\":\"Person\",\"@id\":\"https:\\\/\\\/tys.fi\\\/#\\\/schema\\\/person\\\/c1f87ee6d97815ab24d89b5ad67f8718\",\"name\":\"Marja Aapalahti\",\"url\":\"https:\\\/\\\/tys.fi\\\/sv\\\/author\\\/marja\"}]}<\/script>\n<!-- \/ Yoast SEO plugin. -->","yoast_head_json":{"title":"Studentens utkomst under det undantagstillst\u00e5nd som orsakats av coronaviruset | TYS | Turun Ylioppilaskyl\u00e4s\u00e4\u00e4ti\u00f6","robots":{"index":"index","follow":"follow","max-snippet":"max-snippet:-1","max-image-preview":"max-image-preview:large","max-video-preview":"max-video-preview:-1"},"canonical":"https:\/\/tys.fi\/sv\/opiskelijan-toimeentulo-koronaviruksen-aiheuttaman-poikkeustilanteen-aikana","og_locale":"sv_SE","og_type":"article","og_title":"Studentens utkomst under det undantagstillst\u00e5nd som orsakats av coronaviruset | TYS | Turun Ylioppilaskyl\u00e4s\u00e4\u00e4ti\u00f6","og_description":"P\u00e5 grund av coronaviruset har m\u00e5nga studenters utkomst f\u00f6rsvagats, bland annat som en f\u00f6ljd av...","og_url":"https:\/\/tys.fi\/sv\/opiskelijan-toimeentulo-koronaviruksen-aiheuttaman-poikkeustilanteen-aikana","og_site_name":"Turun Ylioppilaskyl&auml;s&auml;&auml;ti&ouml;","article_publisher":"https:\/\/www.facebook.com\/tysturku\/","article_published_time":"2020-04-07T06:52:31+00:00","article_modified_time":"2020-04-07T09:38:52+00:00","og_image":[{"width":2048,"height":1152,"url":"https:\/\/tys.fi\/wp-content\/uploads\/2020\/04\/bannerikuva-vuosikirja-2.jpg","type":"image\/jpeg"}],"author":"Marja Aapalahti","twitter_card":"summary_large_image","twitter_creator":"@tysturku","twitter_site":"@tysturku","twitter_misc":{"Skriven av":"Marja Aapalahti","Ber\u00e4knad l\u00e4stid":"4 minuter"},"schema":{"@context":"https:\/\/schema.org","@graph":[{"@type":"Article","@id":"https:\/\/tys.fi\/sv\/opiskelijan-toimeentulo-koronaviruksen-aiheuttaman-poikkeustilanteen-aikana#article","isPartOf":{"@id":"https:\/\/tys.fi\/sv\/opiskelijan-toimeentulo-koronaviruksen-aiheuttaman-poikkeustilanteen-aikana"},"author":{"name":"Marja Aapalahti","@id":"https:\/\/tys.fi\/#\/schema\/person\/c1f87ee6d97815ab24d89b5ad67f8718"},"headline":"Studentens utkomst under det undantagstillst\u00e5nd som orsakats av coronaviruset","datePublished":"2020-04-07T06:52:31+00:00","dateModified":"2020-04-07T09:38:52+00:00","mainEntityOfPage":{"@id":"https:\/\/tys.fi\/sv\/opiskelijan-toimeentulo-koronaviruksen-aiheuttaman-poikkeustilanteen-aikana"},"wordCount":732,"publisher":{"@id":"https:\/\/tys.fi\/#organization"},"image":{"@id":"https:\/\/tys.fi\/sv\/opiskelijan-toimeentulo-koronaviruksen-aiheuttaman-poikkeustilanteen-aikana#primaryimage"},"thumbnailUrl":"https:\/\/tys.fi\/wp-content\/uploads\/2020\/04\/bannerikuva-vuosikirja-2.jpg","articleSection":["Nyheter"],"inLanguage":"sv-SE"},{"@type":"WebPage","@id":"https:\/\/tys.fi\/sv\/opiskelijan-toimeentulo-koronaviruksen-aiheuttaman-poikkeustilanteen-aikana","url":"https:\/\/tys.fi\/sv\/opiskelijan-toimeentulo-koronaviruksen-aiheuttaman-poikkeustilanteen-aikana","name":"Studentens utkomst under det undantagstillst\u00e5nd som orsakats av coronaviruset | TYS | Turun Ylioppilaskyl\u00e4s\u00e4\u00e4ti\u00f6","isPartOf":{"@id":"https:\/\/tys.fi\/#website"},"primaryImageOfPage":{"@id":"https:\/\/tys.fi\/sv\/opiskelijan-toimeentulo-koronaviruksen-aiheuttaman-poikkeustilanteen-aikana#primaryimage"},"image":{"@id":"https:\/\/tys.fi\/sv\/opiskelijan-toimeentulo-koronaviruksen-aiheuttaman-poikkeustilanteen-aikana#primaryimage"},"thumbnailUrl":"https:\/\/tys.fi\/wp-content\/uploads\/2020\/04\/bannerikuva-vuosikirja-2.jpg","datePublished":"2020-04-07T06:52:31+00:00","dateModified":"2020-04-07T09:38:52+00:00","breadcrumb":{"@id":"https:\/\/tys.fi\/sv\/opiskelijan-toimeentulo-koronaviruksen-aiheuttaman-poikkeustilanteen-aikana#breadcrumb"},"inLanguage":"sv-SE","potentialAction":[{"@type":"ReadAction","target":["https:\/\/tys.fi\/sv\/opiskelijan-toimeentulo-koronaviruksen-aiheuttaman-poikkeustilanteen-aikana"]}]},{"@type":"ImageObject","inLanguage":"sv-SE","@id":"https:\/\/tys.fi\/sv\/opiskelijan-toimeentulo-koronaviruksen-aiheuttaman-poikkeustilanteen-aikana#primaryimage","url":"https:\/\/tys.fi\/wp-content\/uploads\/2020\/04\/bannerikuva-vuosikirja-2.jpg","contentUrl":"https:\/\/tys.fi\/wp-content\/uploads\/2020\/04\/bannerikuva-vuosikirja-2.jpg","width":2048,"height":1152},{"@type":"BreadcrumbList","@id":"https:\/\/tys.fi\/sv\/opiskelijan-toimeentulo-koronaviruksen-aiheuttaman-poikkeustilanteen-aikana#breadcrumb","itemListElement":[{"@type":"ListItem","position":1,"name":"Home","item":"https:\/\/tys.fi\/sv"},{"@type":"ListItem","position":2,"name":"Studentens utkomst under det undantagstillst\u00e5nd som orsakats av coronaviruset"}]},{"@type":"WebSite","@id":"https:\/\/tys.fi\/#website","url":"https:\/\/tys.fi\/","name":"Turun Ylioppilaskyl\u00e4s\u00e4\u00e4ti\u00f6","description":"Vuokra-asunnot Turku","publisher":{"@id":"https:\/\/tys.fi\/#organization"},"potentialAction":[{"@type":"SearchAction","target":{"@type":"EntryPoint","urlTemplate":"https:\/\/tys.fi\/?s={search_term_string}"},"query-input":{"@type":"PropertyValueSpecification","valueRequired":true,"valueName":"search_term_string"}}],"inLanguage":"sv-SE"},{"@type":"Organization","@id":"https:\/\/tys.fi\/#organization","name":"TYS","url":"https:\/\/tys.fi\/","logo":{"@type":"ImageObject","inLanguage":"sv-SE","@id":"https:\/\/tys.fi\/#\/schema\/logo\/image\/","url":"https:\/\/tys.fi\/wp-content\/uploads\/2019\/03\/TYS-Logo_Green_500px.png","contentUrl":"https:\/\/tys.fi\/wp-content\/uploads\/2019\/03\/TYS-Logo_Green_500px.png","width":500,"height":232,"caption":"TYS"},"image":{"@id":"https:\/\/tys.fi\/#\/schema\/logo\/image\/"},"sameAs":["https:\/\/www.facebook.com\/tysturku\/","https:\/\/x.com\/tysturku","https:\/\/www.instagram.com\/tysturku\/","https:\/\/www.linkedin.com\/company\/tysturku\/","https:\/\/www.youtube.com\/channel\/UCjKOs8BOiY0SORCB0WWixlw?view_as=subscriber","https:\/\/fi.wikipedia.org\/wiki\/Turun_ylioppilaskyl\u00e4s\u00e4\u00e4ti\u00f6"]},{"@type":"Person","@id":"https:\/\/tys.fi\/#\/schema\/person\/c1f87ee6d97815ab24d89b5ad67f8718","name":"Marja Aapalahti","url":"https:\/\/tys.fi\/sv\/author\/marja"}]}},"_links":{"self":[{"href":"https:\/\/tys.fi\/sv\/wp-json\/wp\/v2\/posts\/18314","targetHints":{"allow":["GET"]}}],"collection":[{"href":"https:\/\/tys.fi\/sv\/wp-json\/wp\/v2\/posts"}],"about":[{"href":"https:\/\/tys.fi\/sv\/wp-json\/wp\/v2\/types\/post"}],"author":[{"embeddable":true,"href":"https:\/\/tys.fi\/sv\/wp-json\/wp\/v2\/users\/2"}],"replies":[{"embeddable":true,"href":"https:\/\/tys.fi\/sv\/wp-json\/wp\/v2\/comments?post=18314"}],"version-history":[{"count":2,"href":"https:\/\/tys.fi\/sv\/wp-json\/wp\/v2\/posts\/18314\/revisions"}],"predecessor-version":[{"id":18318,"href":"https:\/\/tys.fi\/sv\/wp-json\/wp\/v2\/posts\/18314\/revisions\/18318"}],"wp:featuredmedia":[{"embeddable":true,"href":"https:\/\/tys.fi\/sv\/wp-json\/wp\/v2\/media\/18310"}],"wp:attachment":[{"href":"https:\/\/tys.fi\/sv\/wp-json\/wp\/v2\/media?parent=18314"}],"wp:term":[{"taxonomy":"category","embeddable":true,"href":"https:\/\/tys.fi\/sv\/wp-json\/wp\/v2\/categories?post=18314"},{"taxonomy":"post_tag","embeddable":true,"href":"https:\/\/tys.fi\/sv\/wp-json\/wp\/v2\/tags?post=18314"}],"curies":[{"name":"wp","href":"https:\/\/api.w.org\/{rel}","templated":true}]}}