{"id":18195,"date":"2020-03-31T15:26:49","date_gmt":"2020-03-31T12:26:49","guid":{"rendered":"https:\/\/tys.fi\/tysn-asukastoimiston-poikkeusaukioloaikoja-jatketaan-ja-palveluiden-toimintaan-tehdyt-muutokset-pysyvat-voimassa-30-4-saakka"},"modified":"2020-04-03T15:15:54","modified_gmt":"2020-04-03T12:15:54","slug":"tysn-asukastoimiston-poikkeusaukioloaikoja-jatketaan-ja-palveluiden-toimintaan-tehdyt-muutokset-pysyvat-voimassa-30-4-saakka","status":"publish","type":"post","link":"https:\/\/tys.fi\/sv\/tysn-asukastoimiston-poikkeusaukioloaikoja-jatketaan-ja-palveluiden-toimintaan-tehdyt-muutokset-pysyvat-voimassa-30-4-saakka","title":{"rendered":"TYS bostadsbyr\u00e5s exceptionella \u00f6ppettider forts\u00e4tter och de f\u00f6r\u00e4ndringar som \u00e4r gjorda p\u00e5 grund av coronavirusepidemin i v\u00e5ra tj\u00e4nster h\u00e5lls i kraft till den 30.4."},"content":{"rendered":"<p>TYS har beslutat att f\u00f6rl\u00e4nga bostadsbyr\u00e5ns begr\u00e4nsade \u00f6ppettider och att uppr\u00e4tth\u00e5lla f\u00f6r\u00e4ndringarna i tj\u00e4nster p\u00e5 grund av den exceptionella situationen orsakad av coronavirus till 30 april 2020.<\/p>\n<p>TYS tar coronaviruset och dess spridning p\u00e5 allvar och vi vill fortfarande skydda v\u00e5ra kunder, v\u00e5ra anst\u00e4llda och v\u00e5ra partners. Med alla vidtagna \u00e5tg\u00e4rder p\u00e5 plats kan vi minimera spridningen av viruset och ta v\u00e5rt sociala ansvar f\u00f6r att f\u00f6rhindra det. Vi \u00f6vervakar kontinuerligt situationen och f\u00f6ljer den finska regeringen och Instituten f\u00f6r h\u00e4lsan och v\u00e4lf\u00e4rds anvisningar. Nedan hittar du mer information och procedurer f\u00f6r anv\u00e4ndning av tj\u00e4nster.<\/p>\n<p><strong>Kundservice<\/strong><\/p>\n<p>Bostadsbyr\u00e5n betj\u00e4nar vardagar mellan kl. 11 och 15 endast f\u00f6r kunder som h\u00e4mtar sina nycklar.<br \/>\n\u00d6vriga \u00e4renden hanteras via v\u00e5ra elektroniska tj\u00e4nster p\u00e5 hyresg\u00e4stsidorna, via e-post till office@tys.fi, eller telefon under byr\u00e5ns \u00f6ppettider (m\u00e5n\u2012ons kl. 10.00\u201216.00, torsdagar kl. 09.00\u201217.00 och fredagar kl. 10.00\u201215.00).<\/p>\n<p>Du m\u00e5ste dock informera\u00a0<a href=\"mailto:office@tys.fi\">office@tys.fi<\/a>\u00a0att du ska h\u00e4mta nyckeln. Ber\u00e4tta i ditt meddelande dagen och klockslaget n\u00e4r du h\u00e4mtar nyckeln. V\u00e4nta p\u00e5 att du f\u00e5r ett bekr\u00e4ftelsemeddelande. V\u00e5r personal anv\u00e4nder eng\u00e5ngshandskar vid hantering av nycklar.<\/p>\n<p>OBS! Bostadsbyr\u00e5n \u00e4r exceptionellt \u00f6ppet i flyttningsdagen den 1 april, n\u00e4r byr\u00e5n kommer att vara \u00f6ppet kl. 12-16 f\u00f6r nya hyresg\u00e4ster som h\u00e4mtar sina nycklar. I detta fall beh\u00f6ver man inte informera att du ska h\u00e4mta nycklar.<\/p>\n<p>OBS! Exceptionella \u00f6ppettider kring p\u00e5skhelgen. Bostadsbyr\u00e5n \u00e4r \u00f6ppet i sk\u00e4rtorsdagen 9 april kl. 11-13 endast f\u00f6r kunder som h\u00e4mtar nycklar till sin bostad. L\u00e5ngfredagen \u200b\u200b10 april och den andra p\u00e5skdagen 13 april bostadsbyr\u00e5n \u00e4r st\u00e4ngt.<\/p>\n<p>OBS! Exceptionella \u00f6ppettider kring F\u00f6rsta maj. P\u00e5 Valborgsm\u00e4ssoaftonen 30 april bostadsbyr\u00e5n \u00e4r exceptionellt \u00f6ppet kl. 11-13 endast f\u00f6r kunder som h\u00e4mtar nycklar till sin bostad. F\u00f6rsta maj \u00e4r bostadsbyr\u00e5n st\u00e4ngt.<\/p>\n<p><strong>Utomhusidrottsl\u00e4ggningar<\/strong><\/p>\n<p>Utomhusidrottsl\u00e4ggningarna i n\u00e4rheten av TYS bostadobjektet kommer att f\u00f6rbli \u00f6ppna i enlighet med \u00c5bo stads riktlinjer. Motionsbanorna och tr\u00e4ningsutrustningen, som utomhusgym, som finns i anslutning till TYS bostadsobjektet \u00e4r fortfarande \u00f6ppna f\u00f6r alla, s\u00e5 l\u00e4nge man kommer ih\u00e5g att h\u00e5lla sig till s\u00e4kerhetsavst\u00e5nden och statsr\u00e5dets riktlinjer g\u00e4llande m\u00e4nniskors sammankomster. Det l\u00f6nar sig att reng\u00f6ra apparaterna\u00a0innan anv\u00e4ndning och\u00a0f\u00f6r s\u00e4kerhets skull kan det vara bra att tr\u00e4na t.ex. med l\u00e4mpliga handskar. F\u00f6r att minimera smittorisken \u00e4r det ocks\u00e5 viktigt att inte alltf\u00f6r m\u00e5nga personer tr\u00e4nar p\u00e5 samtidigt p\u00e5 ett och samma st\u00e4lle.<\/p>\n<p><strong>Bastu, klubbrum och tv\u00e4ttstugor<\/strong><\/p>\n<p>Bastu och klubbrum kommer att vara fortfarande st\u00e4ngda f\u00f6r tillf\u00e4llet. Tv\u00e4ttstugor \u00e4r i bruk, men h\u00e4nderna b\u00f6r tv\u00e4ttas f\u00f6re och efter anv\u00e4ndning av tv\u00e4ttstugan.<\/p>\n<p><strong>Underh\u00e5llsarbete<\/strong><\/p>\n<p>F\u00f6r tillf\u00e4llet utf\u00f6rs endast det mest br\u00e5dskande underh\u00e5llsarbetet i bost\u00e4derna.<\/p>\n<p>Om det finns behov av reparationer i din bostad och d\u00e4r finns sjuka, utsatta eller karant\u00e4n personen i bostaden, var v\u00e4nlig medveten om detta n\u00e4r du rapporterar ett fel.<\/p>\n<p>Om felet som beh\u00f6ver repareras inte \u00e4r br\u00e5dskande, kan du \u00f6verv\u00e4ga att skicka in en felanm\u00e4lan senare. Om du redan har l\u00e4mnat in en felanm\u00e4lan och det finns sjuka, utsatta eller karant\u00e4n personen i bostaden avbrytfelanm\u00e4lan och g\u00f6r en ny n\u00e4r det inte finns sjuka, utsatta eller karant\u00e4n personen i bostaden<\/p>\n<p><strong>Granskning vid utflyttning<\/strong><\/p>\n<p>V\u00e4nligen kontakta\u00a0<a href=\"mailto:office@tys.fi\">office@tys.fi<\/a>\u00a0om du har sagt upp ditt hyreskontrakt, din bostad \u00e4nnu inte har inspekterats och d\u00e4r finns sjuka, utsatta eller karant\u00e4n personen i bostaden.<\/p>\n<p><strong>Iaktta myndigheternas anvisningar f\u00f6r coronaviruset\u00a0<\/strong><\/p>\n<p>Var v\u00e4nlig och iaktta myndigheternas anvisningar och best\u00e4mmelser ang\u00e5ende f\u00f6rhindrande av smittandet av coronaviruset, ifall du misst\u00e4nker att du har f\u00e5tt coronavirus, eller andra problem relaterade till coronavirus.<\/p>\n<p>Mer information:<\/p>\n<p>Instituten f\u00f6r h\u00e4lsan och v\u00e4lf\u00e4rds<a href=\"https:\/\/thl.fi\/sv\/web\/thlfi-sv\"> webbsidor<\/a><br \/>\n\u00c5bo Univesitetens centralsjukhus\u00a0<a href=\"http:\/\/www.vsshp.fi\/sv\/Sidor\/default.aspx\">\u00c5UC\u00b4s webbsidor<\/a><br \/>\nEn national telefonr\u00e5dgivning om coronaviruset tfn. 0295 535\u00a0535<br \/>\n\u00c5ucs Akutens telefonr\u00e5dgivning tfn. 02 313 8800 (\u00f6ppet 24h)<\/p>\n<p>Den finska regeringen har angett att alla offentliga sammankomster \u00e4r begr\u00e4nsade till tio personer och allm\u00e4nheten rekommenderas undvika att i on\u00f6dan vistas p\u00e5 allm\u00e4nna platser. Dessutom m\u00e5ste finl\u00e4ndare och de i Finland permanent bosatta personer som \u00e5terv\u00e4nder fr\u00e5n utlandet genomg\u00e5 en tv\u00e5 veckors karant\u00e4n n\u00e4r de \u00e5terv\u00e4nder till Finland. Mer information om regeringens riktlinjer finns p\u00e5 regeringens <a href=\"https:\/\/valtioneuvosto.fi\/sv\/information-om-coronaviruset\">webbsidor<\/a><\/p>\n","protected":false},"excerpt":{"rendered":"<p>TYS har beslutat att f\u00f6rl\u00e4nga bostadsbyr\u00e5ns begr\u00e4nsade \u00f6ppettider och att uppr\u00e4tth\u00e5lla f\u00f6r\u00e4ndringarna i tj\u00e4nster p\u00e5&#8230;<\/p>\n","protected":false},"author":2,"featured_media":13411,"comment_status":"closed","ping_status":"open","sticky":false,"template":"","format":"standard","meta":{"footnotes":""},"categories":[38],"tags":[],"class_list":{"0":"post-18195","1":"post","2":"type-post","3":"status-publish","4":"format-standard","5":"has-post-thumbnail","7":"category-nyheter-sv"},"yoast_head":"<!-- This site is optimized with the Yoast SEO plugin v27.5 - https:\/\/yoast.com\/product\/yoast-seo-wordpress\/ -->\n<title>TYS bostadsbyr\u00e5s exceptionella \u00f6ppettider forts\u00e4tter och de f\u00f6r\u00e4ndringar som \u00e4r gjorda p\u00e5 grund av coronavirusepidemin i v\u00e5ra tj\u00e4nster h\u00e5lls i kraft till den 30.4. | TYS | Turun Ylioppilaskyl\u00e4s\u00e4\u00e4ti\u00f6<\/title>\n<meta name=\"robots\" content=\"index, follow, max-snippet:-1, max-image-preview:large, max-video-preview:-1\" \/>\n<link rel=\"canonical\" href=\"https:\/\/tys.fi\/sv\/tysn-asukastoimiston-poikkeusaukioloaikoja-jatketaan-ja-palveluiden-toimintaan-tehdyt-muutokset-pysyvat-voimassa-30-4-saakka\" \/>\n<meta property=\"og:locale\" content=\"sv_SE\" \/>\n<meta property=\"og:type\" content=\"article\" \/>\n<meta property=\"og:title\" content=\"TYS bostadsbyr\u00e5s exceptionella \u00f6ppettider forts\u00e4tter och de f\u00f6r\u00e4ndringar som \u00e4r gjorda p\u00e5 grund av coronavirusepidemin i v\u00e5ra tj\u00e4nster h\u00e5lls i kraft till den 30.4. | TYS | Turun Ylioppilaskyl\u00e4s\u00e4\u00e4ti\u00f6\" \/>\n<meta property=\"og:description\" content=\"TYS har beslutat att f\u00f6rl\u00e4nga bostadsbyr\u00e5ns begr\u00e4nsade \u00f6ppettider och att uppr\u00e4tth\u00e5lla f\u00f6r\u00e4ndringarna i tj\u00e4nster p\u00e5...\" \/>\n<meta property=\"og:url\" content=\"https:\/\/tys.fi\/sv\/tysn-asukastoimiston-poikkeusaukioloaikoja-jatketaan-ja-palveluiden-toimintaan-tehdyt-muutokset-pysyvat-voimassa-30-4-saakka\" \/>\n<meta property=\"og:site_name\" content=\"Turun Ylioppilaskyl&auml;s&auml;&auml;ti&ouml;\" \/>\n<meta property=\"article:publisher\" content=\"https:\/\/www.facebook.com\/tysturku\/\" \/>\n<meta property=\"article:published_time\" content=\"2020-03-31T12:26:49+00:00\" \/>\n<meta property=\"article:modified_time\" content=\"2020-04-03T12:15:54+00:00\" \/>\n<meta property=\"og:image\" content=\"https:\/\/tys.fi\/wp-content\/uploads\/2019\/04\/Tys-vihrea.jpg\" \/>\n\t<meta property=\"og:image:width\" content=\"1200\" \/>\n\t<meta property=\"og:image:height\" content=\"799\" \/>\n\t<meta property=\"og:image:type\" content=\"image\/jpeg\" \/>\n<meta name=\"author\" content=\"Marja Aapalahti\" \/>\n<meta name=\"twitter:card\" content=\"summary_large_image\" \/>\n<meta name=\"twitter:creator\" content=\"@tysturku\" \/>\n<meta name=\"twitter:site\" content=\"@tysturku\" \/>\n<meta name=\"twitter:label1\" content=\"Skriven av\" \/>\n\t<meta name=\"twitter:data1\" content=\"Marja Aapalahti\" \/>\n\t<meta name=\"twitter:label2\" content=\"Ber\u00e4knad l\u00e4stid\" \/>\n\t<meta name=\"twitter:data2\" content=\"4 minuter\" \/>\n<script type=\"application\/ld+json\" class=\"yoast-schema-graph\">{\"@context\":\"https:\\\/\\\/schema.org\",\"@graph\":[{\"@type\":\"Article\",\"@id\":\"https:\\\/\\\/tys.fi\\\/sv\\\/tysn-asukastoimiston-poikkeusaukioloaikoja-jatketaan-ja-palveluiden-toimintaan-tehdyt-muutokset-pysyvat-voimassa-30-4-saakka#article\",\"isPartOf\":{\"@id\":\"https:\\\/\\\/tys.fi\\\/sv\\\/tysn-asukastoimiston-poikkeusaukioloaikoja-jatketaan-ja-palveluiden-toimintaan-tehdyt-muutokset-pysyvat-voimassa-30-4-saakka\"},\"author\":{\"name\":\"Marja Aapalahti\",\"@id\":\"https:\\\/\\\/tys.fi\\\/#\\\/schema\\\/person\\\/c1f87ee6d97815ab24d89b5ad67f8718\"},\"headline\":\"TYS bostadsbyr\u00e5s exceptionella \u00f6ppettider forts\u00e4tter och de f\u00f6r\u00e4ndringar som \u00e4r gjorda p\u00e5 grund av coronavirusepidemin i v\u00e5ra tj\u00e4nster h\u00e5lls i kraft till den 30.4.\",\"datePublished\":\"2020-03-31T12:26:49+00:00\",\"dateModified\":\"2020-04-03T12:15:54+00:00\",\"mainEntityOfPage\":{\"@id\":\"https:\\\/\\\/tys.fi\\\/sv\\\/tysn-asukastoimiston-poikkeusaukioloaikoja-jatketaan-ja-palveluiden-toimintaan-tehdyt-muutokset-pysyvat-voimassa-30-4-saakka\"},\"wordCount\":817,\"publisher\":{\"@id\":\"https:\\\/\\\/tys.fi\\\/#organization\"},\"image\":{\"@id\":\"https:\\\/\\\/tys.fi\\\/sv\\\/tysn-asukastoimiston-poikkeusaukioloaikoja-jatketaan-ja-palveluiden-toimintaan-tehdyt-muutokset-pysyvat-voimassa-30-4-saakka#primaryimage\"},\"thumbnailUrl\":\"https:\\\/\\\/tys.fi\\\/wp-content\\\/uploads\\\/2019\\\/04\\\/Tys-vihrea.jpg\",\"articleSection\":[\"Nyheter\"],\"inLanguage\":\"sv-SE\"},{\"@type\":\"WebPage\",\"@id\":\"https:\\\/\\\/tys.fi\\\/sv\\\/tysn-asukastoimiston-poikkeusaukioloaikoja-jatketaan-ja-palveluiden-toimintaan-tehdyt-muutokset-pysyvat-voimassa-30-4-saakka\",\"url\":\"https:\\\/\\\/tys.fi\\\/sv\\\/tysn-asukastoimiston-poikkeusaukioloaikoja-jatketaan-ja-palveluiden-toimintaan-tehdyt-muutokset-pysyvat-voimassa-30-4-saakka\",\"name\":\"TYS bostadsbyr\u00e5s exceptionella \u00f6ppettider forts\u00e4tter och de f\u00f6r\u00e4ndringar som \u00e4r gjorda p\u00e5 grund av coronavirusepidemin i v\u00e5ra tj\u00e4nster h\u00e5lls i kraft till den 30.4. | TYS | Turun Ylioppilaskyl\u00e4s\u00e4\u00e4ti\u00f6\",\"isPartOf\":{\"@id\":\"https:\\\/\\\/tys.fi\\\/#website\"},\"primaryImageOfPage\":{\"@id\":\"https:\\\/\\\/tys.fi\\\/sv\\\/tysn-asukastoimiston-poikkeusaukioloaikoja-jatketaan-ja-palveluiden-toimintaan-tehdyt-muutokset-pysyvat-voimassa-30-4-saakka#primaryimage\"},\"image\":{\"@id\":\"https:\\\/\\\/tys.fi\\\/sv\\\/tysn-asukastoimiston-poikkeusaukioloaikoja-jatketaan-ja-palveluiden-toimintaan-tehdyt-muutokset-pysyvat-voimassa-30-4-saakka#primaryimage\"},\"thumbnailUrl\":\"https:\\\/\\\/tys.fi\\\/wp-content\\\/uploads\\\/2019\\\/04\\\/Tys-vihrea.jpg\",\"datePublished\":\"2020-03-31T12:26:49+00:00\",\"dateModified\":\"2020-04-03T12:15:54+00:00\",\"breadcrumb\":{\"@id\":\"https:\\\/\\\/tys.fi\\\/sv\\\/tysn-asukastoimiston-poikkeusaukioloaikoja-jatketaan-ja-palveluiden-toimintaan-tehdyt-muutokset-pysyvat-voimassa-30-4-saakka#breadcrumb\"},\"inLanguage\":\"sv-SE\",\"potentialAction\":[{\"@type\":\"ReadAction\",\"target\":[\"https:\\\/\\\/tys.fi\\\/sv\\\/tysn-asukastoimiston-poikkeusaukioloaikoja-jatketaan-ja-palveluiden-toimintaan-tehdyt-muutokset-pysyvat-voimassa-30-4-saakka\"]}]},{\"@type\":\"ImageObject\",\"inLanguage\":\"sv-SE\",\"@id\":\"https:\\\/\\\/tys.fi\\\/sv\\\/tysn-asukastoimiston-poikkeusaukioloaikoja-jatketaan-ja-palveluiden-toimintaan-tehdyt-muutokset-pysyvat-voimassa-30-4-saakka#primaryimage\",\"url\":\"https:\\\/\\\/tys.fi\\\/wp-content\\\/uploads\\\/2019\\\/04\\\/Tys-vihrea.jpg\",\"contentUrl\":\"https:\\\/\\\/tys.fi\\\/wp-content\\\/uploads\\\/2019\\\/04\\\/Tys-vihrea.jpg\",\"width\":1200,\"height\":799},{\"@type\":\"BreadcrumbList\",\"@id\":\"https:\\\/\\\/tys.fi\\\/sv\\\/tysn-asukastoimiston-poikkeusaukioloaikoja-jatketaan-ja-palveluiden-toimintaan-tehdyt-muutokset-pysyvat-voimassa-30-4-saakka#breadcrumb\",\"itemListElement\":[{\"@type\":\"ListItem\",\"position\":1,\"name\":\"Home\",\"item\":\"https:\\\/\\\/tys.fi\\\/sv\"},{\"@type\":\"ListItem\",\"position\":2,\"name\":\"TYS bostadsbyr\u00e5s exceptionella \u00f6ppettider forts\u00e4tter och de f\u00f6r\u00e4ndringar som \u00e4r gjorda p\u00e5 grund av coronavirusepidemin i v\u00e5ra tj\u00e4nster h\u00e5lls i kraft till den 30.4.\"}]},{\"@type\":\"WebSite\",\"@id\":\"https:\\\/\\\/tys.fi\\\/#website\",\"url\":\"https:\\\/\\\/tys.fi\\\/\",\"name\":\"Turun Ylioppilaskyl\u00e4s\u00e4\u00e4ti\u00f6\",\"description\":\"Vuokra-asunnot Turku\",\"publisher\":{\"@id\":\"https:\\\/\\\/tys.fi\\\/#organization\"},\"potentialAction\":[{\"@type\":\"SearchAction\",\"target\":{\"@type\":\"EntryPoint\",\"urlTemplate\":\"https:\\\/\\\/tys.fi\\\/?s={search_term_string}\"},\"query-input\":{\"@type\":\"PropertyValueSpecification\",\"valueRequired\":true,\"valueName\":\"search_term_string\"}}],\"inLanguage\":\"sv-SE\"},{\"@type\":\"Organization\",\"@id\":\"https:\\\/\\\/tys.fi\\\/#organization\",\"name\":\"TYS\",\"url\":\"https:\\\/\\\/tys.fi\\\/\",\"logo\":{\"@type\":\"ImageObject\",\"inLanguage\":\"sv-SE\",\"@id\":\"https:\\\/\\\/tys.fi\\\/#\\\/schema\\\/logo\\\/image\\\/\",\"url\":\"https:\\\/\\\/tys.fi\\\/wp-content\\\/uploads\\\/2019\\\/03\\\/TYS-Logo_Green_500px.png\",\"contentUrl\":\"https:\\\/\\\/tys.fi\\\/wp-content\\\/uploads\\\/2019\\\/03\\\/TYS-Logo_Green_500px.png\",\"width\":500,\"height\":232,\"caption\":\"TYS\"},\"image\":{\"@id\":\"https:\\\/\\\/tys.fi\\\/#\\\/schema\\\/logo\\\/image\\\/\"},\"sameAs\":[\"https:\\\/\\\/www.facebook.com\\\/tysturku\\\/\",\"https:\\\/\\\/x.com\\\/tysturku\",\"https:\\\/\\\/www.instagram.com\\\/tysturku\\\/\",\"https:\\\/\\\/www.linkedin.com\\\/company\\\/tysturku\\\/\",\"https:\\\/\\\/www.youtube.com\\\/channel\\\/UCjKOs8BOiY0SORCB0WWixlw?view_as=subscriber\",\"https:\\\/\\\/fi.wikipedia.org\\\/wiki\\\/Turun_ylioppilaskyl\u00e4s\u00e4\u00e4ti\u00f6\"]},{\"@type\":\"Person\",\"@id\":\"https:\\\/\\\/tys.fi\\\/#\\\/schema\\\/person\\\/c1f87ee6d97815ab24d89b5ad67f8718\",\"name\":\"Marja Aapalahti\",\"url\":\"https:\\\/\\\/tys.fi\\\/sv\\\/author\\\/marja\"}]}<\/script>\n<!-- \/ Yoast SEO plugin. -->","yoast_head_json":{"title":"TYS bostadsbyr\u00e5s exceptionella \u00f6ppettider forts\u00e4tter och de f\u00f6r\u00e4ndringar som \u00e4r gjorda p\u00e5 grund av coronavirusepidemin i v\u00e5ra tj\u00e4nster h\u00e5lls i kraft till den 30.4. | TYS | Turun Ylioppilaskyl\u00e4s\u00e4\u00e4ti\u00f6","robots":{"index":"index","follow":"follow","max-snippet":"max-snippet:-1","max-image-preview":"max-image-preview:large","max-video-preview":"max-video-preview:-1"},"canonical":"https:\/\/tys.fi\/sv\/tysn-asukastoimiston-poikkeusaukioloaikoja-jatketaan-ja-palveluiden-toimintaan-tehdyt-muutokset-pysyvat-voimassa-30-4-saakka","og_locale":"sv_SE","og_type":"article","og_title":"TYS bostadsbyr\u00e5s exceptionella \u00f6ppettider forts\u00e4tter och de f\u00f6r\u00e4ndringar som \u00e4r gjorda p\u00e5 grund av coronavirusepidemin i v\u00e5ra tj\u00e4nster h\u00e5lls i kraft till den 30.4. | TYS | Turun Ylioppilaskyl\u00e4s\u00e4\u00e4ti\u00f6","og_description":"TYS har beslutat att f\u00f6rl\u00e4nga bostadsbyr\u00e5ns begr\u00e4nsade \u00f6ppettider och att uppr\u00e4tth\u00e5lla f\u00f6r\u00e4ndringarna i tj\u00e4nster p\u00e5...","og_url":"https:\/\/tys.fi\/sv\/tysn-asukastoimiston-poikkeusaukioloaikoja-jatketaan-ja-palveluiden-toimintaan-tehdyt-muutokset-pysyvat-voimassa-30-4-saakka","og_site_name":"Turun Ylioppilaskyl&auml;s&auml;&auml;ti&ouml;","article_publisher":"https:\/\/www.facebook.com\/tysturku\/","article_published_time":"2020-03-31T12:26:49+00:00","article_modified_time":"2020-04-03T12:15:54+00:00","og_image":[{"width":1200,"height":799,"url":"https:\/\/tys.fi\/wp-content\/uploads\/2019\/04\/Tys-vihrea.jpg","type":"image\/jpeg"}],"author":"Marja Aapalahti","twitter_card":"summary_large_image","twitter_creator":"@tysturku","twitter_site":"@tysturku","twitter_misc":{"Skriven av":"Marja Aapalahti","Ber\u00e4knad l\u00e4stid":"4 minuter"},"schema":{"@context":"https:\/\/schema.org","@graph":[{"@type":"Article","@id":"https:\/\/tys.fi\/sv\/tysn-asukastoimiston-poikkeusaukioloaikoja-jatketaan-ja-palveluiden-toimintaan-tehdyt-muutokset-pysyvat-voimassa-30-4-saakka#article","isPartOf":{"@id":"https:\/\/tys.fi\/sv\/tysn-asukastoimiston-poikkeusaukioloaikoja-jatketaan-ja-palveluiden-toimintaan-tehdyt-muutokset-pysyvat-voimassa-30-4-saakka"},"author":{"name":"Marja Aapalahti","@id":"https:\/\/tys.fi\/#\/schema\/person\/c1f87ee6d97815ab24d89b5ad67f8718"},"headline":"TYS bostadsbyr\u00e5s exceptionella \u00f6ppettider forts\u00e4tter och de f\u00f6r\u00e4ndringar som \u00e4r gjorda p\u00e5 grund av coronavirusepidemin i v\u00e5ra tj\u00e4nster h\u00e5lls i kraft till den 30.4.","datePublished":"2020-03-31T12:26:49+00:00","dateModified":"2020-04-03T12:15:54+00:00","mainEntityOfPage":{"@id":"https:\/\/tys.fi\/sv\/tysn-asukastoimiston-poikkeusaukioloaikoja-jatketaan-ja-palveluiden-toimintaan-tehdyt-muutokset-pysyvat-voimassa-30-4-saakka"},"wordCount":817,"publisher":{"@id":"https:\/\/tys.fi\/#organization"},"image":{"@id":"https:\/\/tys.fi\/sv\/tysn-asukastoimiston-poikkeusaukioloaikoja-jatketaan-ja-palveluiden-toimintaan-tehdyt-muutokset-pysyvat-voimassa-30-4-saakka#primaryimage"},"thumbnailUrl":"https:\/\/tys.fi\/wp-content\/uploads\/2019\/04\/Tys-vihrea.jpg","articleSection":["Nyheter"],"inLanguage":"sv-SE"},{"@type":"WebPage","@id":"https:\/\/tys.fi\/sv\/tysn-asukastoimiston-poikkeusaukioloaikoja-jatketaan-ja-palveluiden-toimintaan-tehdyt-muutokset-pysyvat-voimassa-30-4-saakka","url":"https:\/\/tys.fi\/sv\/tysn-asukastoimiston-poikkeusaukioloaikoja-jatketaan-ja-palveluiden-toimintaan-tehdyt-muutokset-pysyvat-voimassa-30-4-saakka","name":"TYS bostadsbyr\u00e5s exceptionella \u00f6ppettider forts\u00e4tter och de f\u00f6r\u00e4ndringar som \u00e4r gjorda p\u00e5 grund av coronavirusepidemin i v\u00e5ra tj\u00e4nster h\u00e5lls i kraft till den 30.4. | TYS | Turun Ylioppilaskyl\u00e4s\u00e4\u00e4ti\u00f6","isPartOf":{"@id":"https:\/\/tys.fi\/#website"},"primaryImageOfPage":{"@id":"https:\/\/tys.fi\/sv\/tysn-asukastoimiston-poikkeusaukioloaikoja-jatketaan-ja-palveluiden-toimintaan-tehdyt-muutokset-pysyvat-voimassa-30-4-saakka#primaryimage"},"image":{"@id":"https:\/\/tys.fi\/sv\/tysn-asukastoimiston-poikkeusaukioloaikoja-jatketaan-ja-palveluiden-toimintaan-tehdyt-muutokset-pysyvat-voimassa-30-4-saakka#primaryimage"},"thumbnailUrl":"https:\/\/tys.fi\/wp-content\/uploads\/2019\/04\/Tys-vihrea.jpg","datePublished":"2020-03-31T12:26:49+00:00","dateModified":"2020-04-03T12:15:54+00:00","breadcrumb":{"@id":"https:\/\/tys.fi\/sv\/tysn-asukastoimiston-poikkeusaukioloaikoja-jatketaan-ja-palveluiden-toimintaan-tehdyt-muutokset-pysyvat-voimassa-30-4-saakka#breadcrumb"},"inLanguage":"sv-SE","potentialAction":[{"@type":"ReadAction","target":["https:\/\/tys.fi\/sv\/tysn-asukastoimiston-poikkeusaukioloaikoja-jatketaan-ja-palveluiden-toimintaan-tehdyt-muutokset-pysyvat-voimassa-30-4-saakka"]}]},{"@type":"ImageObject","inLanguage":"sv-SE","@id":"https:\/\/tys.fi\/sv\/tysn-asukastoimiston-poikkeusaukioloaikoja-jatketaan-ja-palveluiden-toimintaan-tehdyt-muutokset-pysyvat-voimassa-30-4-saakka#primaryimage","url":"https:\/\/tys.fi\/wp-content\/uploads\/2019\/04\/Tys-vihrea.jpg","contentUrl":"https:\/\/tys.fi\/wp-content\/uploads\/2019\/04\/Tys-vihrea.jpg","width":1200,"height":799},{"@type":"BreadcrumbList","@id":"https:\/\/tys.fi\/sv\/tysn-asukastoimiston-poikkeusaukioloaikoja-jatketaan-ja-palveluiden-toimintaan-tehdyt-muutokset-pysyvat-voimassa-30-4-saakka#breadcrumb","itemListElement":[{"@type":"ListItem","position":1,"name":"Home","item":"https:\/\/tys.fi\/sv"},{"@type":"ListItem","position":2,"name":"TYS bostadsbyr\u00e5s exceptionella \u00f6ppettider forts\u00e4tter och de f\u00f6r\u00e4ndringar som \u00e4r gjorda p\u00e5 grund av coronavirusepidemin i v\u00e5ra tj\u00e4nster h\u00e5lls i kraft till den 30.4."}]},{"@type":"WebSite","@id":"https:\/\/tys.fi\/#website","url":"https:\/\/tys.fi\/","name":"Turun Ylioppilaskyl\u00e4s\u00e4\u00e4ti\u00f6","description":"Vuokra-asunnot Turku","publisher":{"@id":"https:\/\/tys.fi\/#organization"},"potentialAction":[{"@type":"SearchAction","target":{"@type":"EntryPoint","urlTemplate":"https:\/\/tys.fi\/?s={search_term_string}"},"query-input":{"@type":"PropertyValueSpecification","valueRequired":true,"valueName":"search_term_string"}}],"inLanguage":"sv-SE"},{"@type":"Organization","@id":"https:\/\/tys.fi\/#organization","name":"TYS","url":"https:\/\/tys.fi\/","logo":{"@type":"ImageObject","inLanguage":"sv-SE","@id":"https:\/\/tys.fi\/#\/schema\/logo\/image\/","url":"https:\/\/tys.fi\/wp-content\/uploads\/2019\/03\/TYS-Logo_Green_500px.png","contentUrl":"https:\/\/tys.fi\/wp-content\/uploads\/2019\/03\/TYS-Logo_Green_500px.png","width":500,"height":232,"caption":"TYS"},"image":{"@id":"https:\/\/tys.fi\/#\/schema\/logo\/image\/"},"sameAs":["https:\/\/www.facebook.com\/tysturku\/","https:\/\/x.com\/tysturku","https:\/\/www.instagram.com\/tysturku\/","https:\/\/www.linkedin.com\/company\/tysturku\/","https:\/\/www.youtube.com\/channel\/UCjKOs8BOiY0SORCB0WWixlw?view_as=subscriber","https:\/\/fi.wikipedia.org\/wiki\/Turun_ylioppilaskyl\u00e4s\u00e4\u00e4ti\u00f6"]},{"@type":"Person","@id":"https:\/\/tys.fi\/#\/schema\/person\/c1f87ee6d97815ab24d89b5ad67f8718","name":"Marja Aapalahti","url":"https:\/\/tys.fi\/sv\/author\/marja"}]}},"_links":{"self":[{"href":"https:\/\/tys.fi\/sv\/wp-json\/wp\/v2\/posts\/18195","targetHints":{"allow":["GET"]}}],"collection":[{"href":"https:\/\/tys.fi\/sv\/wp-json\/wp\/v2\/posts"}],"about":[{"href":"https:\/\/tys.fi\/sv\/wp-json\/wp\/v2\/types\/post"}],"author":[{"embeddable":true,"href":"https:\/\/tys.fi\/sv\/wp-json\/wp\/v2\/users\/2"}],"replies":[{"embeddable":true,"href":"https:\/\/tys.fi\/sv\/wp-json\/wp\/v2\/comments?post=18195"}],"version-history":[{"count":5,"href":"https:\/\/tys.fi\/sv\/wp-json\/wp\/v2\/posts\/18195\/revisions"}],"predecessor-version":[{"id":18295,"href":"https:\/\/tys.fi\/sv\/wp-json\/wp\/v2\/posts\/18195\/revisions\/18295"}],"wp:featuredmedia":[{"embeddable":true,"href":"https:\/\/tys.fi\/sv\/wp-json\/wp\/v2\/media\/13411"}],"wp:attachment":[{"href":"https:\/\/tys.fi\/sv\/wp-json\/wp\/v2\/media?parent=18195"}],"wp:term":[{"taxonomy":"category","embeddable":true,"href":"https:\/\/tys.fi\/sv\/wp-json\/wp\/v2\/categories?post=18195"},{"taxonomy":"post_tag","embeddable":true,"href":"https:\/\/tys.fi\/sv\/wp-json\/wp\/v2\/tags?post=18195"}],"curies":[{"name":"wp","href":"https:\/\/api.w.org\/{rel}","templated":true}]}}