{"id":18101,"date":"2020-03-26T18:34:46","date_gmt":"2020-03-26T16:34:46","guid":{"rendered":"https:\/\/tys.fi\/toimintaohjeita-huhtikuun-alun-muuttajille"},"modified":"2020-03-26T18:39:11","modified_gmt":"2020-03-26T16:39:11","slug":"toimintaohjeita-huhtikuun-alun-muuttajille","status":"publish","type":"post","link":"https:\/\/tys.fi\/sv\/toimintaohjeita-huhtikuun-alun-muuttajille","title":{"rendered":"Instruktioner f\u00f6r hyresg\u00e4ster som flyttar in i b\u00f6rjan av april"},"content":{"rendered":"<p>TYS\u00a0bostadsbyr\u00e5\u00a0h\u00e5ller\u00a0den 1.4.2020\u00a0exceptionellt endast \u00f6ppet\u00a0kl.\u00a012\u201316\u00a0och byr\u00e5n betj\u00e4nar\u00a0p\u00e5 grund av det av coronavirusepidemin f\u00f6rorsakade undantagstillst\u00e5ndet endast kunder som h\u00e4mtar sina nycklar.\u00a0Vi betj\u00e4nar normalt per telefon och i v\u00e5ra digitala kanaler mellan kl. 9\u201317.<\/p>\n<p>N\u00e4r du h\u00e4mtar din nyckel ska du inv\u00e4nta din tur utanf\u00f6r kontoret och f\u00f6rs\u00e4kra dig om att respektera s\u00e4kerhetsavst\u00e5ndet i k\u00f6n (1,5\u20132meter). Kom ih\u00e5g att ta med dig ett foto-ID och var beredd att uppvisa det genom d\u00f6rrglaset. \u00c4rendet sk\u00f6ts p\u00e5 ett s\u00e5dant s\u00e4tt att kunderna inte g\u00e5r in p\u00e5 kontoret, utan en TYS-anst\u00e4lld ger dig nyckeln i ett kuvert via \u201dd\u00f6rrspringan\u201d. F\u00f6rutom nyckeln till din l\u00e4genhet, finns i kuvertet en checklista f\u00f6r inflyttande hyresg\u00e4ster och ett klisterm\u00e4rke med ditt namn f\u00f6r d\u00f6rren\/postl\u00e5dan.<\/p>\n<p>Caribias\u00a0R-kiosk\u00a0(Kongressgr\u00e4nden 1, 20540 \u00c5bo)\u00a0betj\u00e4nar\u00a0ocks\u00e5\u00a0inflyttande hyresg\u00e4ster\u00a0med h\u00e4mtning av nycklar.\u00a0Nycklarna kan h\u00e4mtas fr\u00e5n R-kiosken onsdag 1.4.2020 fr\u00e5n kl. 12. Till\u00e4ggsservicen erbjuds mot kostnad (5 \u20ac\/g\u00e5ng), betalningen erl\u00e4ggs vid h\u00e4mtningen av nycklarna.\u00a0Nyckeln \u00f6verl\u00e5tes endast till hyresg\u00e4sten mot uppvisande av identitetshandlingar. H\u00e4mtningen av nycklar fr\u00e5n R-kiosken f\u00f6ruts\u00e4tter f\u00f6rhandsanm\u00e4lan till TYS, i enlighet med f\u00f6ljande instruktioner:<\/p>\n<p>Meddela <a href=\"mailto:office@tys.fi\"><u>office@tys.fi <\/u><\/a>\u00a0senast kl. 12.00 under f\u00f6reg\u00e5ende vardag, tisdag den 31.3., att du vill h\u00e4mta nyckeln fr\u00e5n R-kiosken. Skicka meddelandet med rubriken R-kiosk + ditt namn och ange vilken dag och vid vilket klockslag du vill h\u00e4mta nyckeln. V\u00e4nta p\u00e5 att du f\u00e5r ett bekr\u00e4ftelsemeddelande.<\/p>\n<p>Om det finns brister i l\u00e4genhetens reng\u00f6ringsniv\u00e5, ber vi dig v\u00e4nligen omedelbart ringa v\u00e5r kundtj\u00e4nst p\u00e5 02 275 0200. Om din l\u00e4genhet ska st\u00e4das, b\u00f6r du se till att d\u00f6rren \u00f6ppnas f\u00f6r st\u00e4dningen.<\/p>\n<p>Se vid flytt till att respektera s\u00e4kerhetsavst\u00e5ndet och handhygienen, och undvik att vidr\u00f6ra andra \u00e4n dina egna \u00e4godelar. Det \u00e4r m\u00f6jligt att n\u00e5gon flyttar ut ur l\u00e4genheten samtidigt som du flyttar in.<\/p>\n<p>Vi \u00f6nskar dig en smidig inflyttning och t\u00e5lamod under dessa exceptionella omst\u00e4ndigheter!<\/p>\n","protected":false},"excerpt":{"rendered":"<p>TYS\u00a0bostadsbyr\u00e5\u00a0h\u00e5ller\u00a0den 1.4.2020\u00a0exceptionellt endast \u00f6ppet\u00a0kl.\u00a012\u201316\u00a0och byr\u00e5n betj\u00e4nar\u00a0p\u00e5 grund av det av coronavirusepidemin f\u00f6rorsakade undantagstillst\u00e5ndet endast kunder&#8230;<\/p>\n","protected":false},"author":2,"featured_media":18098,"comment_status":"closed","ping_status":"open","sticky":false,"template":"","format":"standard","meta":{"footnotes":""},"categories":[38],"tags":[],"class_list":{"0":"post-18101","1":"post","2":"type-post","3":"status-publish","4":"format-standard","5":"has-post-thumbnail","7":"category-nyheter-sv"},"yoast_head":"<!-- This site is optimized with the Yoast SEO plugin v27.5 - https:\/\/yoast.com\/product\/yoast-seo-wordpress\/ -->\n<title>Instruktioner f\u00f6r hyresg\u00e4ster som flyttar in i b\u00f6rjan av april | TYS | Turun Ylioppilaskyl\u00e4s\u00e4\u00e4ti\u00f6<\/title>\n<meta name=\"robots\" content=\"index, follow, max-snippet:-1, max-image-preview:large, max-video-preview:-1\" \/>\n<link rel=\"canonical\" href=\"https:\/\/tys.fi\/sv\/toimintaohjeita-huhtikuun-alun-muuttajille\" \/>\n<meta property=\"og:locale\" content=\"sv_SE\" \/>\n<meta property=\"og:type\" content=\"article\" \/>\n<meta property=\"og:title\" content=\"Instruktioner f\u00f6r hyresg\u00e4ster som flyttar in i b\u00f6rjan av april | TYS | Turun Ylioppilaskyl\u00e4s\u00e4\u00e4ti\u00f6\" \/>\n<meta property=\"og:description\" content=\"TYS\u00a0bostadsbyr\u00e5\u00a0h\u00e5ller\u00a0den 1.4.2020\u00a0exceptionellt endast \u00f6ppet\u00a0kl.\u00a012\u201316\u00a0och byr\u00e5n betj\u00e4nar\u00a0p\u00e5 grund av det av coronavirusepidemin f\u00f6rorsakade undantagstillst\u00e5ndet endast kunder...\" \/>\n<meta property=\"og:url\" content=\"https:\/\/tys.fi\/sv\/toimintaohjeita-huhtikuun-alun-muuttajille\" \/>\n<meta property=\"og:site_name\" content=\"Turun Ylioppilaskyl&auml;s&auml;&auml;ti&ouml;\" \/>\n<meta property=\"article:publisher\" content=\"https:\/\/www.facebook.com\/tysturku\/\" \/>\n<meta property=\"article:published_time\" content=\"2020-03-26T16:34:46+00:00\" \/>\n<meta property=\"article:modified_time\" content=\"2020-03-26T16:39:11+00:00\" \/>\n<meta property=\"og:image\" content=\"https:\/\/tys.fi\/wp-content\/uploads\/2020\/03\/muuttokoira.jpg\" \/>\n\t<meta property=\"og:image:width\" content=\"2048\" \/>\n\t<meta property=\"og:image:height\" content=\"1360\" \/>\n\t<meta property=\"og:image:type\" content=\"image\/jpeg\" \/>\n<meta name=\"author\" content=\"Marja Aapalahti\" \/>\n<meta name=\"twitter:card\" content=\"summary_large_image\" \/>\n<meta name=\"twitter:creator\" content=\"@tysturku\" \/>\n<meta name=\"twitter:site\" content=\"@tysturku\" \/>\n<meta name=\"twitter:label1\" content=\"Skriven av\" \/>\n\t<meta name=\"twitter:data1\" content=\"Marja Aapalahti\" \/>\n\t<meta name=\"twitter:label2\" content=\"Ber\u00e4knad l\u00e4stid\" \/>\n\t<meta name=\"twitter:data2\" content=\"2 minuter\" \/>\n<script type=\"application\/ld+json\" class=\"yoast-schema-graph\">{\"@context\":\"https:\\\/\\\/schema.org\",\"@graph\":[{\"@type\":\"Article\",\"@id\":\"https:\\\/\\\/tys.fi\\\/sv\\\/toimintaohjeita-huhtikuun-alun-muuttajille#article\",\"isPartOf\":{\"@id\":\"https:\\\/\\\/tys.fi\\\/sv\\\/toimintaohjeita-huhtikuun-alun-muuttajille\"},\"author\":{\"name\":\"Marja Aapalahti\",\"@id\":\"https:\\\/\\\/tys.fi\\\/#\\\/schema\\\/person\\\/c1f87ee6d97815ab24d89b5ad67f8718\"},\"headline\":\"Instruktioner f\u00f6r hyresg\u00e4ster som flyttar in i b\u00f6rjan av april\",\"datePublished\":\"2020-03-26T16:34:46+00:00\",\"dateModified\":\"2020-03-26T16:39:11+00:00\",\"mainEntityOfPage\":{\"@id\":\"https:\\\/\\\/tys.fi\\\/sv\\\/toimintaohjeita-huhtikuun-alun-muuttajille\"},\"wordCount\":386,\"publisher\":{\"@id\":\"https:\\\/\\\/tys.fi\\\/#organization\"},\"image\":{\"@id\":\"https:\\\/\\\/tys.fi\\\/sv\\\/toimintaohjeita-huhtikuun-alun-muuttajille#primaryimage\"},\"thumbnailUrl\":\"https:\\\/\\\/tys.fi\\\/wp-content\\\/uploads\\\/2020\\\/03\\\/muuttokoira.jpg\",\"articleSection\":[\"Nyheter\"],\"inLanguage\":\"sv-SE\"},{\"@type\":\"WebPage\",\"@id\":\"https:\\\/\\\/tys.fi\\\/sv\\\/toimintaohjeita-huhtikuun-alun-muuttajille\",\"url\":\"https:\\\/\\\/tys.fi\\\/sv\\\/toimintaohjeita-huhtikuun-alun-muuttajille\",\"name\":\"Instruktioner f\u00f6r hyresg\u00e4ster som flyttar in i b\u00f6rjan av april | TYS | Turun Ylioppilaskyl\u00e4s\u00e4\u00e4ti\u00f6\",\"isPartOf\":{\"@id\":\"https:\\\/\\\/tys.fi\\\/#website\"},\"primaryImageOfPage\":{\"@id\":\"https:\\\/\\\/tys.fi\\\/sv\\\/toimintaohjeita-huhtikuun-alun-muuttajille#primaryimage\"},\"image\":{\"@id\":\"https:\\\/\\\/tys.fi\\\/sv\\\/toimintaohjeita-huhtikuun-alun-muuttajille#primaryimage\"},\"thumbnailUrl\":\"https:\\\/\\\/tys.fi\\\/wp-content\\\/uploads\\\/2020\\\/03\\\/muuttokoira.jpg\",\"datePublished\":\"2020-03-26T16:34:46+00:00\",\"dateModified\":\"2020-03-26T16:39:11+00:00\",\"breadcrumb\":{\"@id\":\"https:\\\/\\\/tys.fi\\\/sv\\\/toimintaohjeita-huhtikuun-alun-muuttajille#breadcrumb\"},\"inLanguage\":\"sv-SE\",\"potentialAction\":[{\"@type\":\"ReadAction\",\"target\":[\"https:\\\/\\\/tys.fi\\\/sv\\\/toimintaohjeita-huhtikuun-alun-muuttajille\"]}]},{\"@type\":\"ImageObject\",\"inLanguage\":\"sv-SE\",\"@id\":\"https:\\\/\\\/tys.fi\\\/sv\\\/toimintaohjeita-huhtikuun-alun-muuttajille#primaryimage\",\"url\":\"https:\\\/\\\/tys.fi\\\/wp-content\\\/uploads\\\/2020\\\/03\\\/muuttokoira.jpg\",\"contentUrl\":\"https:\\\/\\\/tys.fi\\\/wp-content\\\/uploads\\\/2020\\\/03\\\/muuttokoira.jpg\",\"width\":2048,\"height\":1360},{\"@type\":\"BreadcrumbList\",\"@id\":\"https:\\\/\\\/tys.fi\\\/sv\\\/toimintaohjeita-huhtikuun-alun-muuttajille#breadcrumb\",\"itemListElement\":[{\"@type\":\"ListItem\",\"position\":1,\"name\":\"Home\",\"item\":\"https:\\\/\\\/tys.fi\\\/sv\"},{\"@type\":\"ListItem\",\"position\":2,\"name\":\"Instruktioner f\u00f6r hyresg\u00e4ster som flyttar in i b\u00f6rjan av april\"}]},{\"@type\":\"WebSite\",\"@id\":\"https:\\\/\\\/tys.fi\\\/#website\",\"url\":\"https:\\\/\\\/tys.fi\\\/\",\"name\":\"Turun Ylioppilaskyl\u00e4s\u00e4\u00e4ti\u00f6\",\"description\":\"Vuokra-asunnot Turku\",\"publisher\":{\"@id\":\"https:\\\/\\\/tys.fi\\\/#organization\"},\"potentialAction\":[{\"@type\":\"SearchAction\",\"target\":{\"@type\":\"EntryPoint\",\"urlTemplate\":\"https:\\\/\\\/tys.fi\\\/?s={search_term_string}\"},\"query-input\":{\"@type\":\"PropertyValueSpecification\",\"valueRequired\":true,\"valueName\":\"search_term_string\"}}],\"inLanguage\":\"sv-SE\"},{\"@type\":\"Organization\",\"@id\":\"https:\\\/\\\/tys.fi\\\/#organization\",\"name\":\"TYS\",\"url\":\"https:\\\/\\\/tys.fi\\\/\",\"logo\":{\"@type\":\"ImageObject\",\"inLanguage\":\"sv-SE\",\"@id\":\"https:\\\/\\\/tys.fi\\\/#\\\/schema\\\/logo\\\/image\\\/\",\"url\":\"https:\\\/\\\/tys.fi\\\/wp-content\\\/uploads\\\/2019\\\/03\\\/TYS-Logo_Green_500px.png\",\"contentUrl\":\"https:\\\/\\\/tys.fi\\\/wp-content\\\/uploads\\\/2019\\\/03\\\/TYS-Logo_Green_500px.png\",\"width\":500,\"height\":232,\"caption\":\"TYS\"},\"image\":{\"@id\":\"https:\\\/\\\/tys.fi\\\/#\\\/schema\\\/logo\\\/image\\\/\"},\"sameAs\":[\"https:\\\/\\\/www.facebook.com\\\/tysturku\\\/\",\"https:\\\/\\\/x.com\\\/tysturku\",\"https:\\\/\\\/www.instagram.com\\\/tysturku\\\/\",\"https:\\\/\\\/www.linkedin.com\\\/company\\\/tysturku\\\/\",\"https:\\\/\\\/www.youtube.com\\\/channel\\\/UCjKOs8BOiY0SORCB0WWixlw?view_as=subscriber\",\"https:\\\/\\\/fi.wikipedia.org\\\/wiki\\\/Turun_ylioppilaskyl\u00e4s\u00e4\u00e4ti\u00f6\"]},{\"@type\":\"Person\",\"@id\":\"https:\\\/\\\/tys.fi\\\/#\\\/schema\\\/person\\\/c1f87ee6d97815ab24d89b5ad67f8718\",\"name\":\"Marja Aapalahti\",\"url\":\"https:\\\/\\\/tys.fi\\\/sv\\\/author\\\/marja\"}]}<\/script>\n<!-- \/ Yoast SEO plugin. -->","yoast_head_json":{"title":"Instruktioner f\u00f6r hyresg\u00e4ster som flyttar in i b\u00f6rjan av april | TYS | Turun Ylioppilaskyl\u00e4s\u00e4\u00e4ti\u00f6","robots":{"index":"index","follow":"follow","max-snippet":"max-snippet:-1","max-image-preview":"max-image-preview:large","max-video-preview":"max-video-preview:-1"},"canonical":"https:\/\/tys.fi\/sv\/toimintaohjeita-huhtikuun-alun-muuttajille","og_locale":"sv_SE","og_type":"article","og_title":"Instruktioner f\u00f6r hyresg\u00e4ster som flyttar in i b\u00f6rjan av april | TYS | Turun Ylioppilaskyl\u00e4s\u00e4\u00e4ti\u00f6","og_description":"TYS\u00a0bostadsbyr\u00e5\u00a0h\u00e5ller\u00a0den 1.4.2020\u00a0exceptionellt endast \u00f6ppet\u00a0kl.\u00a012\u201316\u00a0och byr\u00e5n betj\u00e4nar\u00a0p\u00e5 grund av det av coronavirusepidemin f\u00f6rorsakade undantagstillst\u00e5ndet endast kunder...","og_url":"https:\/\/tys.fi\/sv\/toimintaohjeita-huhtikuun-alun-muuttajille","og_site_name":"Turun Ylioppilaskyl&auml;s&auml;&auml;ti&ouml;","article_publisher":"https:\/\/www.facebook.com\/tysturku\/","article_published_time":"2020-03-26T16:34:46+00:00","article_modified_time":"2020-03-26T16:39:11+00:00","og_image":[{"width":2048,"height":1360,"url":"https:\/\/tys.fi\/wp-content\/uploads\/2020\/03\/muuttokoira.jpg","type":"image\/jpeg"}],"author":"Marja Aapalahti","twitter_card":"summary_large_image","twitter_creator":"@tysturku","twitter_site":"@tysturku","twitter_misc":{"Skriven av":"Marja Aapalahti","Ber\u00e4knad l\u00e4stid":"2 minuter"},"schema":{"@context":"https:\/\/schema.org","@graph":[{"@type":"Article","@id":"https:\/\/tys.fi\/sv\/toimintaohjeita-huhtikuun-alun-muuttajille#article","isPartOf":{"@id":"https:\/\/tys.fi\/sv\/toimintaohjeita-huhtikuun-alun-muuttajille"},"author":{"name":"Marja Aapalahti","@id":"https:\/\/tys.fi\/#\/schema\/person\/c1f87ee6d97815ab24d89b5ad67f8718"},"headline":"Instruktioner f\u00f6r hyresg\u00e4ster som flyttar in i b\u00f6rjan av april","datePublished":"2020-03-26T16:34:46+00:00","dateModified":"2020-03-26T16:39:11+00:00","mainEntityOfPage":{"@id":"https:\/\/tys.fi\/sv\/toimintaohjeita-huhtikuun-alun-muuttajille"},"wordCount":386,"publisher":{"@id":"https:\/\/tys.fi\/#organization"},"image":{"@id":"https:\/\/tys.fi\/sv\/toimintaohjeita-huhtikuun-alun-muuttajille#primaryimage"},"thumbnailUrl":"https:\/\/tys.fi\/wp-content\/uploads\/2020\/03\/muuttokoira.jpg","articleSection":["Nyheter"],"inLanguage":"sv-SE"},{"@type":"WebPage","@id":"https:\/\/tys.fi\/sv\/toimintaohjeita-huhtikuun-alun-muuttajille","url":"https:\/\/tys.fi\/sv\/toimintaohjeita-huhtikuun-alun-muuttajille","name":"Instruktioner f\u00f6r hyresg\u00e4ster som flyttar in i b\u00f6rjan av april | TYS | Turun Ylioppilaskyl\u00e4s\u00e4\u00e4ti\u00f6","isPartOf":{"@id":"https:\/\/tys.fi\/#website"},"primaryImageOfPage":{"@id":"https:\/\/tys.fi\/sv\/toimintaohjeita-huhtikuun-alun-muuttajille#primaryimage"},"image":{"@id":"https:\/\/tys.fi\/sv\/toimintaohjeita-huhtikuun-alun-muuttajille#primaryimage"},"thumbnailUrl":"https:\/\/tys.fi\/wp-content\/uploads\/2020\/03\/muuttokoira.jpg","datePublished":"2020-03-26T16:34:46+00:00","dateModified":"2020-03-26T16:39:11+00:00","breadcrumb":{"@id":"https:\/\/tys.fi\/sv\/toimintaohjeita-huhtikuun-alun-muuttajille#breadcrumb"},"inLanguage":"sv-SE","potentialAction":[{"@type":"ReadAction","target":["https:\/\/tys.fi\/sv\/toimintaohjeita-huhtikuun-alun-muuttajille"]}]},{"@type":"ImageObject","inLanguage":"sv-SE","@id":"https:\/\/tys.fi\/sv\/toimintaohjeita-huhtikuun-alun-muuttajille#primaryimage","url":"https:\/\/tys.fi\/wp-content\/uploads\/2020\/03\/muuttokoira.jpg","contentUrl":"https:\/\/tys.fi\/wp-content\/uploads\/2020\/03\/muuttokoira.jpg","width":2048,"height":1360},{"@type":"BreadcrumbList","@id":"https:\/\/tys.fi\/sv\/toimintaohjeita-huhtikuun-alun-muuttajille#breadcrumb","itemListElement":[{"@type":"ListItem","position":1,"name":"Home","item":"https:\/\/tys.fi\/sv"},{"@type":"ListItem","position":2,"name":"Instruktioner f\u00f6r hyresg\u00e4ster som flyttar in i b\u00f6rjan av april"}]},{"@type":"WebSite","@id":"https:\/\/tys.fi\/#website","url":"https:\/\/tys.fi\/","name":"Turun Ylioppilaskyl\u00e4s\u00e4\u00e4ti\u00f6","description":"Vuokra-asunnot Turku","publisher":{"@id":"https:\/\/tys.fi\/#organization"},"potentialAction":[{"@type":"SearchAction","target":{"@type":"EntryPoint","urlTemplate":"https:\/\/tys.fi\/?s={search_term_string}"},"query-input":{"@type":"PropertyValueSpecification","valueRequired":true,"valueName":"search_term_string"}}],"inLanguage":"sv-SE"},{"@type":"Organization","@id":"https:\/\/tys.fi\/#organization","name":"TYS","url":"https:\/\/tys.fi\/","logo":{"@type":"ImageObject","inLanguage":"sv-SE","@id":"https:\/\/tys.fi\/#\/schema\/logo\/image\/","url":"https:\/\/tys.fi\/wp-content\/uploads\/2019\/03\/TYS-Logo_Green_500px.png","contentUrl":"https:\/\/tys.fi\/wp-content\/uploads\/2019\/03\/TYS-Logo_Green_500px.png","width":500,"height":232,"caption":"TYS"},"image":{"@id":"https:\/\/tys.fi\/#\/schema\/logo\/image\/"},"sameAs":["https:\/\/www.facebook.com\/tysturku\/","https:\/\/x.com\/tysturku","https:\/\/www.instagram.com\/tysturku\/","https:\/\/www.linkedin.com\/company\/tysturku\/","https:\/\/www.youtube.com\/channel\/UCjKOs8BOiY0SORCB0WWixlw?view_as=subscriber","https:\/\/fi.wikipedia.org\/wiki\/Turun_ylioppilaskyl\u00e4s\u00e4\u00e4ti\u00f6"]},{"@type":"Person","@id":"https:\/\/tys.fi\/#\/schema\/person\/c1f87ee6d97815ab24d89b5ad67f8718","name":"Marja Aapalahti","url":"https:\/\/tys.fi\/sv\/author\/marja"}]}},"_links":{"self":[{"href":"https:\/\/tys.fi\/sv\/wp-json\/wp\/v2\/posts\/18101","targetHints":{"allow":["GET"]}}],"collection":[{"href":"https:\/\/tys.fi\/sv\/wp-json\/wp\/v2\/posts"}],"about":[{"href":"https:\/\/tys.fi\/sv\/wp-json\/wp\/v2\/types\/post"}],"author":[{"embeddable":true,"href":"https:\/\/tys.fi\/sv\/wp-json\/wp\/v2\/users\/2"}],"replies":[{"embeddable":true,"href":"https:\/\/tys.fi\/sv\/wp-json\/wp\/v2\/comments?post=18101"}],"version-history":[{"count":2,"href":"https:\/\/tys.fi\/sv\/wp-json\/wp\/v2\/posts\/18101\/revisions"}],"predecessor-version":[{"id":18106,"href":"https:\/\/tys.fi\/sv\/wp-json\/wp\/v2\/posts\/18101\/revisions\/18106"}],"wp:featuredmedia":[{"embeddable":true,"href":"https:\/\/tys.fi\/sv\/wp-json\/wp\/v2\/media\/18098"}],"wp:attachment":[{"href":"https:\/\/tys.fi\/sv\/wp-json\/wp\/v2\/media?parent=18101"}],"wp:term":[{"taxonomy":"category","embeddable":true,"href":"https:\/\/tys.fi\/sv\/wp-json\/wp\/v2\/categories?post=18101"},{"taxonomy":"post_tag","embeddable":true,"href":"https:\/\/tys.fi\/sv\/wp-json\/wp\/v2\/tags?post=18101"}],"curies":[{"name":"wp","href":"https:\/\/api.w.org\/{rel}","templated":true}]}}