{"id":17341,"date":"2019-12-17T13:39:06","date_gmt":"2019-12-17T11:39:06","guid":{"rendered":"https:\/\/tys.fi\/?p=17341"},"modified":"2019-12-17T13:39:06","modified_gmt":"2019-12-17T11:39:06","slug":"trender-i-abo-och-pa-annat-hall","status":"publish","type":"post","link":"https:\/\/tys.fi\/sv\/trender-i-abo-och-pa-annat-hall","title":{"rendered":"Trender i \u00c5bo och p\u00e5 annat h\u00e5ll"},"content":{"rendered":"<p>\u00c5bo \u00e4r en stad med drygt 190 000 inv\u00e5nare, sex universitet och 40 000 studerande. N\u00e4r du g\u00e5r p\u00e5 gatan kan du r\u00e4kna med att var femte som kommer emot \u00e4r studerande, varav var femte bor i en av Studentbystiftelsen i \u00c5bos bost\u00e4der \u2013 s\u00e5 d\u00e4r grovt r\u00e4knat och beroende p\u00e5 var i \u00c5bo du r\u00f6r dig.<\/p>\n<p>Inv\u00e5narantalet i \u00c5bo har \u00f6kat ganska stadigt om man ser p\u00e5 tillv\u00e4xtkurvan som b\u00f6rjade \u00e5r 1885, men det har ocks\u00e5 varit n\u00e5gra j\u00e4mna perioder. Den industriella tillv\u00e4xten och efterfr\u00e5gan p\u00e5 arbetskraft, som har kallats en positiv strukturomvandling i Egentliga Finland, v\u00e4ntas \u00f6ka \u00e5tminstone fram till mitten av 2020-talet. \u00c5bo f\u00f6rv\u00e4ntas vara ett tillv\u00e4xtcentrum vid sidan av Helsingfors och Tammerfors \u00e4ven i framtiden, i scenarier som str\u00e4cker sig fram till \u00e5r 2040. Om tillv\u00e4xten forts\u00e4tter n\u00e5gorlunda stadigt, med cirka 2 000 fler inv\u00e5nare per \u00e5r, finns det 210 000 \u00c5bobor \u00e5r 2029 n\u00e4r \u00c5bo fyller 800 \u00e5r.<\/p>\n<p>H\u00f6gskolorna i \u00c5bo fr\u00e4mjar innovationer och \u00f6kar utbildningsutbudet, och ett f\u00e4rskt exempel p\u00e5 det senare \u00e4r utvidgningen av diplomingenj\u00f6rsutbildningen inom maskinteknik och materialteknik vid Turun yliopisto samt den nya utbildningen i kinesiska. Det \u00e4r sv\u00e5rt att f\u00f6rest\u00e4lla sig \u00c5bo, den positiva strukturomvandlingen och tillv\u00e4xttrenden utan h\u00f6gskolornas viktiga insats.<\/p>\n<p>Andelen personer som bor p\u00e5 hyra har \u00f6kat i alla st\u00f6rre stadsregioner. \u00c5bo ligger i topp n\u00e4r det g\u00e4ller det procentuella antalet personer som bor p\u00e5 hyra av alla hush\u00e5ll, den procentuella andelen ensamboende och den senaste tidens hyres\u00f6kningar i fritt finansierade bost\u00e4der.<\/p>\n<p>Enligt \u00c5bo stads bostads- och markpolitik som \u00e4r under utarbetande b\u00f6r totalvolymen i bostadsproduktionen vara cirka 2 100 bost\u00e4der per \u00e5r f\u00f6r att de m\u00e5l som st\u00e4llts upp f\u00f6r stadens befolknings\u00f6kning ska kunna n\u00e5s. I dokumentutkastet str\u00e4var man bl.a. till att s\u00e4tta upp m\u00e5l f\u00f6r att trygga produktionen av sk\u00e4ligt prissatta bost\u00e4der, och f\u00f6r TYS har man satt ett produktionsm\u00e5l p\u00e5 140 bost\u00e4der per \u00e5r, vilket \u00e4r mycket m\u00f6jligt under stiftelsens strategiska period 2018\u20132022.<\/p>\n<p>Studentbystiftelsen i \u00c5bo str\u00e4var till att vara studentens b\u00e4sta partner n\u00e4r det g\u00e4ller boende, att erbjuda studerande f\u00f6rm\u00e5nliga och bra hyresbost\u00e4der samt fr\u00e4mja l\u00e4roanstalternas framg\u00e5ng och \u00c5bos popularitet som studentstad. TYS m\u00e5ste ocks\u00e5 vara ekonomiskt stabilt f\u00f6r att m\u00f6jligg\u00f6ra ett tryggt, individuellt och l\u00e4tt studentboende. H\u00e4r har stiftelsen \u00e4nnu mycket att g\u00f6ra, och bra har vi klarat oss hittills. Tack till stiftelsens fantastiska personal, hyresg\u00e4ster, alla som jobbar inom stiftelsens administration och alla samarbetspartner.<\/p>\n<p>Det mest aktuella i \u00c5bo och p\u00e5 andra h\u00e5ll \u00e4r trots allt julen som nu st\u00e5r f\u00f6r d\u00f6rren. \u00c5bo \u00e4r Finlands julstad som utlyser julfreden. S\u00e5 har man gjort kanske enda sedan 1200-talet. N\u00e4r man idag utlyser julfreden uppmanas alla att denna h\u00f6gtid med tillb\u00f6rlig andakt fira, och i \u00f6vrigt iakttaga ett stilla och fridsamt uppf\u00f6rande och slutligen till\u00f6nskas stadens samtliga inv\u00e5nare en fr\u00f6jdefull julhelg. Andakt, stillhet, frid, fr\u00f6jd \u2013 d\u00e4r har vi den finl\u00e4ndska julens viktigaste ingredienser. Ha en fr\u00f6jdefull julhelg!<\/p>\n<p><img loading=\"lazy\" decoding=\"async\" class=\"wp-image-17299 size-thumbnail alignleft\" src=\"https:\/\/tys.fi\/wp-content\/uploads\/2019\/12\/risto_py\u00f6re\u00e4-150x150.jpg\" alt=\"\" width=\"150\" height=\"150\" srcset=\"https:\/\/tys.fi\/wp-content\/uploads\/2019\/12\/risto_py\u00f6re\u00e4-150x150.jpg 150w, https:\/\/tys.fi\/wp-content\/uploads\/2019\/12\/risto_py\u00f6re\u00e4-1015x1024.jpg 1015w, https:\/\/tys.fi\/wp-content\/uploads\/2019\/12\/risto_py\u00f6re\u00e4-768x775.jpg 768w, https:\/\/tys.fi\/wp-content\/uploads\/2019\/12\/risto_py\u00f6re\u00e4-1522x1536.jpg 1522w, https:\/\/tys.fi\/wp-content\/uploads\/2019\/12\/risto_py\u00f6re\u00e4-scaled.jpg 2030w, https:\/\/tys.fi\/wp-content\/uploads\/2019\/12\/risto_py\u00f6re\u00e4-100x100.jpg 100w, https:\/\/tys.fi\/wp-content\/uploads\/2019\/12\/risto_py\u00f6re\u00e4-140x140.jpg 140w, https:\/\/tys.fi\/wp-content\/uploads\/2019\/12\/risto_py\u00f6re\u00e4-500x500.jpg 500w, https:\/\/tys.fi\/wp-content\/uploads\/2019\/12\/risto_py\u00f6re\u00e4-350x350.jpg 350w, https:\/\/tys.fi\/wp-content\/uploads\/2019\/12\/risto_py\u00f6re\u00e4-1000x1000.jpg 1000w, https:\/\/tys.fi\/wp-content\/uploads\/2019\/12\/risto_py\u00f6re\u00e4-800x800.jpg 800w\" sizes=\"auto, (max-width: 150px) 100vw, 150px\" \/>Risto Siilos<br \/>\nVD, TYS<\/p>\n","protected":false},"excerpt":{"rendered":"<p>\u00c5bo \u00e4r en stad med drygt 190 000 inv\u00e5nare, sex universitet och 40 000 studerande&#8230;.<\/p>\n","protected":false},"author":2,"featured_media":13411,"comment_status":"closed","ping_status":"closed","sticky":false,"template":"","format":"standard","meta":{"footnotes":""},"categories":[],"tags":[],"class_list":["post-17341","post","type-post","status-publish","format-standard","has-post-thumbnail"],"yoast_head":"<!-- This site is optimized with the Yoast SEO plugin v27.5 - https:\/\/yoast.com\/product\/yoast-seo-wordpress\/ -->\n<title>Trender i \u00c5bo och p\u00e5 annat h\u00e5ll | TYS | Turun Ylioppilaskyl\u00e4s\u00e4\u00e4ti\u00f6<\/title>\n<meta name=\"robots\" content=\"index, follow, max-snippet:-1, max-image-preview:large, max-video-preview:-1\" \/>\n<link rel=\"canonical\" href=\"https:\/\/tys.fi\/sv\/trender-i-abo-och-pa-annat-hall\" \/>\n<meta property=\"og:locale\" content=\"sv_SE\" \/>\n<meta property=\"og:type\" content=\"article\" \/>\n<meta property=\"og:title\" content=\"Trender i \u00c5bo och p\u00e5 annat h\u00e5ll | TYS | Turun Ylioppilaskyl\u00e4s\u00e4\u00e4ti\u00f6\" \/>\n<meta property=\"og:description\" content=\"\u00c5bo \u00e4r en stad med drygt 190 000 inv\u00e5nare, sex universitet och 40 000 studerande....\" \/>\n<meta property=\"og:url\" content=\"https:\/\/tys.fi\/sv\/trender-i-abo-och-pa-annat-hall\" \/>\n<meta property=\"og:site_name\" content=\"Turun Ylioppilaskyl&auml;s&auml;&auml;ti&ouml;\" \/>\n<meta property=\"article:publisher\" content=\"https:\/\/www.facebook.com\/tysturku\/\" \/>\n<meta property=\"article:published_time\" content=\"2019-12-17T11:39:06+00:00\" \/>\n<meta property=\"og:image\" content=\"https:\/\/tys.fi\/wp-content\/uploads\/2019\/04\/Tys-vihrea.jpg\" \/>\n\t<meta property=\"og:image:width\" content=\"1200\" \/>\n\t<meta property=\"og:image:height\" content=\"799\" \/>\n\t<meta property=\"og:image:type\" content=\"image\/jpeg\" \/>\n<meta name=\"author\" content=\"Marja Aapalahti\" \/>\n<meta name=\"twitter:card\" content=\"summary_large_image\" \/>\n<meta name=\"twitter:creator\" content=\"@tysturku\" \/>\n<meta name=\"twitter:site\" content=\"@tysturku\" \/>\n<meta name=\"twitter:label1\" content=\"Skriven av\" \/>\n\t<meta name=\"twitter:data1\" content=\"Marja Aapalahti\" \/>\n\t<meta name=\"twitter:label2\" content=\"Ber\u00e4knad l\u00e4stid\" \/>\n\t<meta name=\"twitter:data2\" content=\"3 minuter\" \/>\n<script type=\"application\/ld+json\" class=\"yoast-schema-graph\">{\"@context\":\"https:\\\/\\\/schema.org\",\"@graph\":[{\"@type\":\"Article\",\"@id\":\"https:\\\/\\\/tys.fi\\\/sv\\\/trender-i-abo-och-pa-annat-hall#article\",\"isPartOf\":{\"@id\":\"https:\\\/\\\/tys.fi\\\/sv\\\/trender-i-abo-och-pa-annat-hall\"},\"author\":{\"name\":\"Marja Aapalahti\",\"@id\":\"https:\\\/\\\/tys.fi\\\/#\\\/schema\\\/person\\\/c1f87ee6d97815ab24d89b5ad67f8718\"},\"headline\":\"Trender i \u00c5bo och p\u00e5 annat h\u00e5ll\",\"datePublished\":\"2019-12-17T11:39:06+00:00\",\"mainEntityOfPage\":{\"@id\":\"https:\\\/\\\/tys.fi\\\/sv\\\/trender-i-abo-och-pa-annat-hall\"},\"wordCount\":560,\"publisher\":{\"@id\":\"https:\\\/\\\/tys.fi\\\/#organization\"},\"image\":{\"@id\":\"https:\\\/\\\/tys.fi\\\/sv\\\/trender-i-abo-och-pa-annat-hall#primaryimage\"},\"thumbnailUrl\":\"https:\\\/\\\/tys.fi\\\/wp-content\\\/uploads\\\/2019\\\/04\\\/Tys-vihrea.jpg\",\"inLanguage\":\"sv-SE\"},{\"@type\":\"WebPage\",\"@id\":\"https:\\\/\\\/tys.fi\\\/sv\\\/trender-i-abo-och-pa-annat-hall\",\"url\":\"https:\\\/\\\/tys.fi\\\/sv\\\/trender-i-abo-och-pa-annat-hall\",\"name\":\"Trender i \u00c5bo och p\u00e5 annat h\u00e5ll | TYS | Turun Ylioppilaskyl\u00e4s\u00e4\u00e4ti\u00f6\",\"isPartOf\":{\"@id\":\"https:\\\/\\\/tys.fi\\\/#website\"},\"primaryImageOfPage\":{\"@id\":\"https:\\\/\\\/tys.fi\\\/sv\\\/trender-i-abo-och-pa-annat-hall#primaryimage\"},\"image\":{\"@id\":\"https:\\\/\\\/tys.fi\\\/sv\\\/trender-i-abo-och-pa-annat-hall#primaryimage\"},\"thumbnailUrl\":\"https:\\\/\\\/tys.fi\\\/wp-content\\\/uploads\\\/2019\\\/04\\\/Tys-vihrea.jpg\",\"datePublished\":\"2019-12-17T11:39:06+00:00\",\"breadcrumb\":{\"@id\":\"https:\\\/\\\/tys.fi\\\/sv\\\/trender-i-abo-och-pa-annat-hall#breadcrumb\"},\"inLanguage\":\"sv-SE\",\"potentialAction\":[{\"@type\":\"ReadAction\",\"target\":[\"https:\\\/\\\/tys.fi\\\/sv\\\/trender-i-abo-och-pa-annat-hall\"]}]},{\"@type\":\"ImageObject\",\"inLanguage\":\"sv-SE\",\"@id\":\"https:\\\/\\\/tys.fi\\\/sv\\\/trender-i-abo-och-pa-annat-hall#primaryimage\",\"url\":\"https:\\\/\\\/tys.fi\\\/wp-content\\\/uploads\\\/2019\\\/04\\\/Tys-vihrea.jpg\",\"contentUrl\":\"https:\\\/\\\/tys.fi\\\/wp-content\\\/uploads\\\/2019\\\/04\\\/Tys-vihrea.jpg\",\"width\":1200,\"height\":799},{\"@type\":\"BreadcrumbList\",\"@id\":\"https:\\\/\\\/tys.fi\\\/sv\\\/trender-i-abo-och-pa-annat-hall#breadcrumb\",\"itemListElement\":[{\"@type\":\"ListItem\",\"position\":1,\"name\":\"Home\",\"item\":\"https:\\\/\\\/tys.fi\\\/sv\"},{\"@type\":\"ListItem\",\"position\":2,\"name\":\"Trender i \u00c5bo och p\u00e5 annat h\u00e5ll\"}]},{\"@type\":\"WebSite\",\"@id\":\"https:\\\/\\\/tys.fi\\\/#website\",\"url\":\"https:\\\/\\\/tys.fi\\\/\",\"name\":\"Turun Ylioppilaskyl\u00e4s\u00e4\u00e4ti\u00f6\",\"description\":\"Vuokra-asunnot Turku\",\"publisher\":{\"@id\":\"https:\\\/\\\/tys.fi\\\/#organization\"},\"potentialAction\":[{\"@type\":\"SearchAction\",\"target\":{\"@type\":\"EntryPoint\",\"urlTemplate\":\"https:\\\/\\\/tys.fi\\\/?s={search_term_string}\"},\"query-input\":{\"@type\":\"PropertyValueSpecification\",\"valueRequired\":true,\"valueName\":\"search_term_string\"}}],\"inLanguage\":\"sv-SE\"},{\"@type\":\"Organization\",\"@id\":\"https:\\\/\\\/tys.fi\\\/#organization\",\"name\":\"TYS\",\"url\":\"https:\\\/\\\/tys.fi\\\/\",\"logo\":{\"@type\":\"ImageObject\",\"inLanguage\":\"sv-SE\",\"@id\":\"https:\\\/\\\/tys.fi\\\/#\\\/schema\\\/logo\\\/image\\\/\",\"url\":\"https:\\\/\\\/tys.fi\\\/wp-content\\\/uploads\\\/2019\\\/03\\\/TYS-Logo_Green_500px.png\",\"contentUrl\":\"https:\\\/\\\/tys.fi\\\/wp-content\\\/uploads\\\/2019\\\/03\\\/TYS-Logo_Green_500px.png\",\"width\":500,\"height\":232,\"caption\":\"TYS\"},\"image\":{\"@id\":\"https:\\\/\\\/tys.fi\\\/#\\\/schema\\\/logo\\\/image\\\/\"},\"sameAs\":[\"https:\\\/\\\/www.facebook.com\\\/tysturku\\\/\",\"https:\\\/\\\/x.com\\\/tysturku\",\"https:\\\/\\\/www.instagram.com\\\/tysturku\\\/\",\"https:\\\/\\\/www.linkedin.com\\\/company\\\/tysturku\\\/\",\"https:\\\/\\\/www.youtube.com\\\/channel\\\/UCjKOs8BOiY0SORCB0WWixlw?view_as=subscriber\",\"https:\\\/\\\/fi.wikipedia.org\\\/wiki\\\/Turun_ylioppilaskyl\u00e4s\u00e4\u00e4ti\u00f6\"]},{\"@type\":\"Person\",\"@id\":\"https:\\\/\\\/tys.fi\\\/#\\\/schema\\\/person\\\/c1f87ee6d97815ab24d89b5ad67f8718\",\"name\":\"Marja Aapalahti\",\"url\":\"https:\\\/\\\/tys.fi\\\/sv\\\/author\\\/marja\"}]}<\/script>\n<!-- \/ Yoast SEO plugin. -->","yoast_head_json":{"title":"Trender i \u00c5bo och p\u00e5 annat h\u00e5ll | TYS | Turun Ylioppilaskyl\u00e4s\u00e4\u00e4ti\u00f6","robots":{"index":"index","follow":"follow","max-snippet":"max-snippet:-1","max-image-preview":"max-image-preview:large","max-video-preview":"max-video-preview:-1"},"canonical":"https:\/\/tys.fi\/sv\/trender-i-abo-och-pa-annat-hall","og_locale":"sv_SE","og_type":"article","og_title":"Trender i \u00c5bo och p\u00e5 annat h\u00e5ll | TYS | Turun Ylioppilaskyl\u00e4s\u00e4\u00e4ti\u00f6","og_description":"\u00c5bo \u00e4r en stad med drygt 190 000 inv\u00e5nare, sex universitet och 40 000 studerande....","og_url":"https:\/\/tys.fi\/sv\/trender-i-abo-och-pa-annat-hall","og_site_name":"Turun Ylioppilaskyl&auml;s&auml;&auml;ti&ouml;","article_publisher":"https:\/\/www.facebook.com\/tysturku\/","article_published_time":"2019-12-17T11:39:06+00:00","og_image":[{"width":1200,"height":799,"url":"https:\/\/tys.fi\/wp-content\/uploads\/2019\/04\/Tys-vihrea.jpg","type":"image\/jpeg"}],"author":"Marja Aapalahti","twitter_card":"summary_large_image","twitter_creator":"@tysturku","twitter_site":"@tysturku","twitter_misc":{"Skriven av":"Marja Aapalahti","Ber\u00e4knad l\u00e4stid":"3 minuter"},"schema":{"@context":"https:\/\/schema.org","@graph":[{"@type":"Article","@id":"https:\/\/tys.fi\/sv\/trender-i-abo-och-pa-annat-hall#article","isPartOf":{"@id":"https:\/\/tys.fi\/sv\/trender-i-abo-och-pa-annat-hall"},"author":{"name":"Marja Aapalahti","@id":"https:\/\/tys.fi\/#\/schema\/person\/c1f87ee6d97815ab24d89b5ad67f8718"},"headline":"Trender i \u00c5bo och p\u00e5 annat h\u00e5ll","datePublished":"2019-12-17T11:39:06+00:00","mainEntityOfPage":{"@id":"https:\/\/tys.fi\/sv\/trender-i-abo-och-pa-annat-hall"},"wordCount":560,"publisher":{"@id":"https:\/\/tys.fi\/#organization"},"image":{"@id":"https:\/\/tys.fi\/sv\/trender-i-abo-och-pa-annat-hall#primaryimage"},"thumbnailUrl":"https:\/\/tys.fi\/wp-content\/uploads\/2019\/04\/Tys-vihrea.jpg","inLanguage":"sv-SE"},{"@type":"WebPage","@id":"https:\/\/tys.fi\/sv\/trender-i-abo-och-pa-annat-hall","url":"https:\/\/tys.fi\/sv\/trender-i-abo-och-pa-annat-hall","name":"Trender i \u00c5bo och p\u00e5 annat h\u00e5ll | TYS | Turun Ylioppilaskyl\u00e4s\u00e4\u00e4ti\u00f6","isPartOf":{"@id":"https:\/\/tys.fi\/#website"},"primaryImageOfPage":{"@id":"https:\/\/tys.fi\/sv\/trender-i-abo-och-pa-annat-hall#primaryimage"},"image":{"@id":"https:\/\/tys.fi\/sv\/trender-i-abo-och-pa-annat-hall#primaryimage"},"thumbnailUrl":"https:\/\/tys.fi\/wp-content\/uploads\/2019\/04\/Tys-vihrea.jpg","datePublished":"2019-12-17T11:39:06+00:00","breadcrumb":{"@id":"https:\/\/tys.fi\/sv\/trender-i-abo-och-pa-annat-hall#breadcrumb"},"inLanguage":"sv-SE","potentialAction":[{"@type":"ReadAction","target":["https:\/\/tys.fi\/sv\/trender-i-abo-och-pa-annat-hall"]}]},{"@type":"ImageObject","inLanguage":"sv-SE","@id":"https:\/\/tys.fi\/sv\/trender-i-abo-och-pa-annat-hall#primaryimage","url":"https:\/\/tys.fi\/wp-content\/uploads\/2019\/04\/Tys-vihrea.jpg","contentUrl":"https:\/\/tys.fi\/wp-content\/uploads\/2019\/04\/Tys-vihrea.jpg","width":1200,"height":799},{"@type":"BreadcrumbList","@id":"https:\/\/tys.fi\/sv\/trender-i-abo-och-pa-annat-hall#breadcrumb","itemListElement":[{"@type":"ListItem","position":1,"name":"Home","item":"https:\/\/tys.fi\/sv"},{"@type":"ListItem","position":2,"name":"Trender i \u00c5bo och p\u00e5 annat h\u00e5ll"}]},{"@type":"WebSite","@id":"https:\/\/tys.fi\/#website","url":"https:\/\/tys.fi\/","name":"Turun Ylioppilaskyl\u00e4s\u00e4\u00e4ti\u00f6","description":"Vuokra-asunnot Turku","publisher":{"@id":"https:\/\/tys.fi\/#organization"},"potentialAction":[{"@type":"SearchAction","target":{"@type":"EntryPoint","urlTemplate":"https:\/\/tys.fi\/?s={search_term_string}"},"query-input":{"@type":"PropertyValueSpecification","valueRequired":true,"valueName":"search_term_string"}}],"inLanguage":"sv-SE"},{"@type":"Organization","@id":"https:\/\/tys.fi\/#organization","name":"TYS","url":"https:\/\/tys.fi\/","logo":{"@type":"ImageObject","inLanguage":"sv-SE","@id":"https:\/\/tys.fi\/#\/schema\/logo\/image\/","url":"https:\/\/tys.fi\/wp-content\/uploads\/2019\/03\/TYS-Logo_Green_500px.png","contentUrl":"https:\/\/tys.fi\/wp-content\/uploads\/2019\/03\/TYS-Logo_Green_500px.png","width":500,"height":232,"caption":"TYS"},"image":{"@id":"https:\/\/tys.fi\/#\/schema\/logo\/image\/"},"sameAs":["https:\/\/www.facebook.com\/tysturku\/","https:\/\/x.com\/tysturku","https:\/\/www.instagram.com\/tysturku\/","https:\/\/www.linkedin.com\/company\/tysturku\/","https:\/\/www.youtube.com\/channel\/UCjKOs8BOiY0SORCB0WWixlw?view_as=subscriber","https:\/\/fi.wikipedia.org\/wiki\/Turun_ylioppilaskyl\u00e4s\u00e4\u00e4ti\u00f6"]},{"@type":"Person","@id":"https:\/\/tys.fi\/#\/schema\/person\/c1f87ee6d97815ab24d89b5ad67f8718","name":"Marja Aapalahti","url":"https:\/\/tys.fi\/sv\/author\/marja"}]}},"_links":{"self":[{"href":"https:\/\/tys.fi\/sv\/wp-json\/wp\/v2\/posts\/17341","targetHints":{"allow":["GET"]}}],"collection":[{"href":"https:\/\/tys.fi\/sv\/wp-json\/wp\/v2\/posts"}],"about":[{"href":"https:\/\/tys.fi\/sv\/wp-json\/wp\/v2\/types\/post"}],"author":[{"embeddable":true,"href":"https:\/\/tys.fi\/sv\/wp-json\/wp\/v2\/users\/2"}],"replies":[{"embeddable":true,"href":"https:\/\/tys.fi\/sv\/wp-json\/wp\/v2\/comments?post=17341"}],"version-history":[{"count":1,"href":"https:\/\/tys.fi\/sv\/wp-json\/wp\/v2\/posts\/17341\/revisions"}],"predecessor-version":[{"id":17342,"href":"https:\/\/tys.fi\/sv\/wp-json\/wp\/v2\/posts\/17341\/revisions\/17342"}],"wp:featuredmedia":[{"embeddable":true,"href":"https:\/\/tys.fi\/sv\/wp-json\/wp\/v2\/media\/13411"}],"wp:attachment":[{"href":"https:\/\/tys.fi\/sv\/wp-json\/wp\/v2\/media?parent=17341"}],"wp:term":[{"taxonomy":"category","embeddable":true,"href":"https:\/\/tys.fi\/sv\/wp-json\/wp\/v2\/categories?post=17341"},{"taxonomy":"post_tag","embeddable":true,"href":"https:\/\/tys.fi\/sv\/wp-json\/wp\/v2\/tags?post=17341"}],"curies":[{"name":"wp","href":"https:\/\/api.w.org\/{rel}","templated":true}]}}