{"id":17323,"date":"2019-12-17T13:07:20","date_gmt":"2019-12-17T11:07:20","guid":{"rendered":"https:\/\/tys.fi\/ylioppilaskylan-joulu"},"modified":"2019-12-19T15:12:12","modified_gmt":"2019-12-19T13:12:12","slug":"ylioppilaskylan-joulu","status":"publish","type":"post","link":"https:\/\/tys.fi\/sv\/ylioppilaskylan-joulu","title":{"rendered":"Jul i Studentbyn"},"content":{"rendered":"<p>Tipp, tapp, tipp, tapp!\u201d sjungs det glatt p\u00e5 Inspektorsgatan i hj\u00e4rtat av Studentbyn. En grupp muntra studenter \u00e4r p\u00e5 v\u00e4g mot kampusomr\u00e5det och till centrum kanske f\u00f6r att fira lillajul. Den st\u00f6rsta koncentrationen av studenter i Finlands officiella julstad f\u00f6rbereder sig inf\u00f6r julen med m\u00e5nga slags traditioner och fester.<\/p>\n<p><img loading=\"lazy\" decoding=\"async\" class=\"size-medium wp-image-17312 alignleft\" src=\"https:\/\/tys.fi\/wp-content\/uploads\/2019\/12\/KYL\u00c4_JOULUKUU-300x225.jpg\" alt=\"\" width=\"300\" height=\"225\" srcset=\"https:\/\/tys.fi\/wp-content\/uploads\/2019\/12\/KYL\u00c4_JOULUKUU-300x225.jpg 300w, https:\/\/tys.fi\/wp-content\/uploads\/2019\/12\/KYL\u00c4_JOULUKUU-1024x768.jpg 1024w, https:\/\/tys.fi\/wp-content\/uploads\/2019\/12\/KYL\u00c4_JOULUKUU-768x576.jpg 768w, https:\/\/tys.fi\/wp-content\/uploads\/2019\/12\/KYL\u00c4_JOULUKUU-1536x1152.jpg 1536w, https:\/\/tys.fi\/wp-content\/uploads\/2019\/12\/KYL\u00c4_JOULUKUU-scaled.jpg 2048w\" sizes=\"auto, (max-width: 300px) 100vw, 300px\" \/><\/p>\n<p>Reea Viitasalo som bor i Nummenranta ber\u00e4ttar om h\u00f6stens sista ess\u00e4er som ska l\u00e4mnas in och de sista tenterna som ska skrivas f\u00f6re jul innan det v\u00e4lf\u00f6rtj\u00e4nta lovet. Men mellan tenterna och ess\u00e4erna finns ocks\u00e5 tid att njuta av julst\u00e4mningen.<\/p>\n<p>\u201dV\u00e4ntan p\u00e5 julen handlar om att stanna upp mitt i vardagen, att komma bort fr\u00e5n vardagen och g\u00f6ra sm\u00e5 roliga saker som att g\u00e5 p\u00e5 julmarknad eller p\u00e5 lillajulsfest. I december byts havregrynsgr\u00f6ten ut mot risgrynsgr\u00f6t och l\u00f6sgodiset mot julkalenderchoklad. V\u00e4ntan p\u00e5 julen syns ocks\u00e5 i mitt hem. Jag \u00e4r en storkonsument av julbelysning och stearinljus, vilket m\u00e4rks s\u00e4rskilt f\u00f6re jul. Jag b\u00f6rjar ocks\u00e5 lyssna p\u00e5 juls\u00e5nger redan i november och tittar p\u00e5 julavsnitten av Glee, s\u00e4ger Reea om sina julf\u00f6rberedelser.<\/p>\n<p>Ocks\u00e5 Tomi Peltonen, som bor i Studentbyn \u00f6st med sina barn, 4 och 8 \u00e5r gamla, s\u00e4ger att han f\u00f6rs\u00f6ker g\u00e5 p\u00e5 julmarknad med hela familjen. Dessutom g\u00f6rs sm\u00e5 julf\u00f6rberedelser hemma.<\/p>\n<p>\u201dVi s\u00e4tter upp julbelysning i tr\u00e4det ute p\u00e5 g\u00e5rden och det \u00e4r en favoritsyssla f\u00f6r barnen. Vi f\u00f6rs\u00f6ker g\u00e5 p\u00e5 julmarknad med barnen och ocks\u00e5 p\u00e5 andra evenemang utan att planera desto mera\u201d, s\u00e4ger Tomi.<\/p>\n<p><img loading=\"lazy\" decoding=\"async\" class=\"size-medium wp-image-17377 alignright\" src=\"https:\/\/tys.fi\/wp-content\/uploads\/2019\/12\/joulu12-300x195.jpg\" alt=\"\" width=\"300\" height=\"195\" srcset=\"https:\/\/tys.fi\/wp-content\/uploads\/2019\/12\/joulu12-300x195.jpg 300w, https:\/\/tys.fi\/wp-content\/uploads\/2019\/12\/joulu12-1024x664.jpg 1024w, https:\/\/tys.fi\/wp-content\/uploads\/2019\/12\/joulu12-768x498.jpg 768w, https:\/\/tys.fi\/wp-content\/uploads\/2019\/12\/joulu12-1536x996.jpg 1536w, https:\/\/tys.fi\/wp-content\/uploads\/2019\/12\/joulu12-scaled.jpg 2048w\" sizes=\"auto, (max-width: 300px) 100vw, 300px\" \/>N\u00e4r julen n\u00e4rmar sig t\u00f6ms Studentbyn p\u00e5 folk n\u00e4r m\u00e5nga studenter \u00e5ker till sina hemkommuner. Reea s\u00e4ger att hon \u00e5ker med sin partner, sin hund och sina katter till Nystad till jul d\u00e4r hennes familj bor. Julen firas p\u00e5 traditionellt s\u00e4tt.<\/p>\n<p>\u201dDet \u00e4r kul att tr\u00e4ffa familjen och vara tillsammans under julen. P\u00e5 julafton \u00e4ter vi julgr\u00f6t p\u00e5 morgonen, tittar p\u00e5 Sn\u00f6gubben, tar en promenad och g\u00e5r i julkyrkan. P\u00e5 kv\u00e4llen \u00e4r det julbastu, julmat och julklappsutdelning. P\u00e5 juldagen g\u00e5r vi ofta till mommos p\u00e5 julmiddag och tr\u00e4ffar ocks\u00e5 sl\u00e4ktingarna\u201d, s\u00e4ger Reea om sitt julfirande.<\/p>\n<p>Byn tystnar dock inte helt, f\u00f6r det firas \u00e4ven jul i m\u00e5nga studenthem. Julbasturna v\u00e4rms upp f\u00f6r hyresg\u00e4sterna traditionsenligt p\u00e5 julafton precis som tidigare \u00e5r, och i m\u00e5nga f\u00f6nster tindrar julbelysningen. Tomi och hans familj firar jul i Studentbyn. Julklapparna \u00f6ppnas med barnen p\u00e5 juldagen.<\/p>\n<p>\u201dBarnen g\u00e5r ofta till farf\u00f6r\u00e4ldrarna p\u00e5 julafton och p\u00e5 juldagen \u00e4r vi hemma. Det kan v\u00e4l r\u00e4knas som en tradition hos oss att julklappsutdelningen \u00e4r p\u00e5 juldagen och inte aftonen, men barnen f\u00e5r nog julklappar ocks\u00e5 p\u00e5 julafton hos farf\u00f6r\u00e4ldrarna. P\u00e5 julafton h\u00e4lsar vi p\u00e5 sl\u00e4ktingarna, d\u00e5 har vi inget \u201deget\u201d program med familjen, s\u00e4ger Tomi.<\/p>\n<p><img loading=\"lazy\" decoding=\"async\" class=\"size-medium wp-image-17318 alignleft\" src=\"https:\/\/tys.fi\/wp-content\/uploads\/2019\/12\/AITIOPAIKKA_JOULUKUU-300x225.jpg\" alt=\"\" width=\"300\" height=\"225\" srcset=\"https:\/\/tys.fi\/wp-content\/uploads\/2019\/12\/AITIOPAIKKA_JOULUKUU-300x225.jpg 300w, https:\/\/tys.fi\/wp-content\/uploads\/2019\/12\/AITIOPAIKKA_JOULUKUU-1024x769.jpg 1024w, https:\/\/tys.fi\/wp-content\/uploads\/2019\/12\/AITIOPAIKKA_JOULUKUU-768x577.jpg 768w, https:\/\/tys.fi\/wp-content\/uploads\/2019\/12\/AITIOPAIKKA_JOULUKUU-1536x1153.jpg 1536w, https:\/\/tys.fi\/wp-content\/uploads\/2019\/12\/AITIOPAIKKA_JOULUKUU-scaled.jpg 2048w\" sizes=\"auto, (max-width: 300px) 100vw, 300px\" \/><\/p>\n<p>M\u00e5nga \u00e5terv\u00e4nder till byn f\u00f6r att fira ny\u00e5r och i klubblokalerna sk\u00e5las det s\u00e4kert \u00e4ven i \u00e5r f\u00f6r ett nytt och \u00e4nnu b\u00e4ttre \u00e5r.<\/p>\n<p>\u201dJag \u00e5ker ofta tillbaka till \u00c5bo runt annandag jul. Det nya \u00e5ret tas emot med bubbel i glasen. Vi firar ny\u00e5r hemma i \u00c5bo med v\u00e4nnerna. Vi har maskerad med film- och serietema hemma och firar det g\u00e5ngna \u00e5ret och inv\u00e4ntar det kommande \u00e5ret\u201d, s\u00e4ger Reea.<\/p>\n<p>Ocks\u00e5 Tomis familj tillbringar ny\u00e5r i Studentbyn. I fjol deltog familjen i ny\u00e5rsfesten som hyresg\u00e4stkommitt\u00e9n ordnat.<\/p>\n<p>\u201dBarnen bryr sig inte om sm\u00e4llande fyrverkerier, s\u00e5 vi g\u00e5r in n\u00e4r det v\u00e4rsta dundret b\u00f6rjar och tittar p\u00e5 fyrverkerivideor som de gillar att titta p\u00e5 i bakgrunden&#8221;, s\u00e4ger Tomi.<\/p>\n<p><img loading=\"lazy\" decoding=\"async\" class=\"alignleft wp-image-17309 size-thumbnail\" src=\"https:\/\/tys.fi\/wp-content\/uploads\/2019\/12\/marja_py\u00f6re\u00e4-150x150.jpg\" alt=\"\" width=\"150\" height=\"150\" srcset=\"https:\/\/tys.fi\/wp-content\/uploads\/2019\/12\/marja_py\u00f6re\u00e4-150x150.jpg 150w, https:\/\/tys.fi\/wp-content\/uploads\/2019\/12\/marja_py\u00f6re\u00e4-100x100.jpg 100w, https:\/\/tys.fi\/wp-content\/uploads\/2019\/12\/marja_py\u00f6re\u00e4-140x140.jpg 140w, https:\/\/tys.fi\/wp-content\/uploads\/2019\/12\/marja_py\u00f6re\u00e4-500x500.jpg 500w, https:\/\/tys.fi\/wp-content\/uploads\/2019\/12\/marja_py\u00f6re\u00e4-350x350.jpg 350w\" sizes=\"auto, (max-width: 150px) 100vw, 150px\" \/>Marja Aapalahti<br \/>\nkommunikationskoordinator, TYS<\/p>\n","protected":false},"excerpt":{"rendered":"<p>Tipp, tapp, tipp, tapp!\u201d sjungs det glatt p\u00e5 Inspektorsgatan i hj\u00e4rtat av Studentbyn. En grupp&#8230;<\/p>\n","protected":false},"author":2,"featured_media":17377,"comment_status":"closed","ping_status":"closed","sticky":false,"template":"","format":"standard","meta":{"footnotes":""},"categories":[9,38],"tags":[],"class_list":{"0":"post-17323","1":"post","2":"type-post","3":"status-publish","4":"format-standard","5":"has-post-thumbnail","7":"category-blogg-sv","8":"category-nyheter-sv"},"yoast_head":"<!-- This site is optimized with the Yoast SEO plugin v27.5 - https:\/\/yoast.com\/product\/yoast-seo-wordpress\/ -->\n<title>Jul i Studentbyn | TYS | Turun Ylioppilaskyl\u00e4s\u00e4\u00e4ti\u00f6<\/title>\n<meta name=\"robots\" content=\"index, follow, max-snippet:-1, max-image-preview:large, max-video-preview:-1\" \/>\n<link rel=\"canonical\" href=\"https:\/\/tys.fi\/sv\/ylioppilaskylan-joulu\" \/>\n<meta property=\"og:locale\" content=\"sv_SE\" \/>\n<meta property=\"og:type\" content=\"article\" \/>\n<meta property=\"og:title\" content=\"Jul i Studentbyn | TYS | Turun Ylioppilaskyl\u00e4s\u00e4\u00e4ti\u00f6\" \/>\n<meta property=\"og:description\" content=\"Tipp, tapp, tipp, tapp!\u201d sjungs det glatt p\u00e5 Inspektorsgatan i hj\u00e4rtat av Studentbyn. En grupp...\" \/>\n<meta property=\"og:url\" content=\"https:\/\/tys.fi\/sv\/ylioppilaskylan-joulu\" \/>\n<meta property=\"og:site_name\" content=\"Turun Ylioppilaskyl&auml;s&auml;&auml;ti&ouml;\" \/>\n<meta property=\"article:publisher\" content=\"https:\/\/www.facebook.com\/tysturku\/\" \/>\n<meta property=\"article:published_time\" content=\"2019-12-17T11:07:20+00:00\" \/>\n<meta property=\"article:modified_time\" content=\"2019-12-19T13:12:12+00:00\" \/>\n<meta property=\"og:image\" content=\"https:\/\/tys.fi\/wp-content\/uploads\/2019\/12\/joulu12.jpg\" \/>\n\t<meta property=\"og:image:width\" content=\"2048\" \/>\n\t<meta property=\"og:image:height\" content=\"1328\" \/>\n\t<meta property=\"og:image:type\" content=\"image\/jpeg\" \/>\n<meta name=\"author\" content=\"Marja Aapalahti\" \/>\n<meta name=\"twitter:card\" content=\"summary_large_image\" \/>\n<meta name=\"twitter:creator\" content=\"@tysturku\" \/>\n<meta name=\"twitter:site\" content=\"@tysturku\" \/>\n<meta name=\"twitter:label1\" content=\"Skriven av\" \/>\n\t<meta name=\"twitter:data1\" content=\"Marja Aapalahti\" \/>\n\t<meta name=\"twitter:label2\" content=\"Ber\u00e4knad l\u00e4stid\" \/>\n\t<meta name=\"twitter:data2\" content=\"3 minuter\" \/>\n<script type=\"application\/ld+json\" class=\"yoast-schema-graph\">{\"@context\":\"https:\\\/\\\/schema.org\",\"@graph\":[{\"@type\":\"Article\",\"@id\":\"https:\\\/\\\/tys.fi\\\/sv\\\/ylioppilaskylan-joulu#article\",\"isPartOf\":{\"@id\":\"https:\\\/\\\/tys.fi\\\/sv\\\/ylioppilaskylan-joulu\"},\"author\":{\"name\":\"Marja Aapalahti\",\"@id\":\"https:\\\/\\\/tys.fi\\\/#\\\/schema\\\/person\\\/c1f87ee6d97815ab24d89b5ad67f8718\"},\"headline\":\"Jul i Studentbyn\",\"datePublished\":\"2019-12-17T11:07:20+00:00\",\"dateModified\":\"2019-12-19T13:12:12+00:00\",\"mainEntityOfPage\":{\"@id\":\"https:\\\/\\\/tys.fi\\\/sv\\\/ylioppilaskylan-joulu\"},\"wordCount\":655,\"publisher\":{\"@id\":\"https:\\\/\\\/tys.fi\\\/#organization\"},\"image\":{\"@id\":\"https:\\\/\\\/tys.fi\\\/sv\\\/ylioppilaskylan-joulu#primaryimage\"},\"thumbnailUrl\":\"https:\\\/\\\/tys.fi\\\/wp-content\\\/uploads\\\/2019\\\/12\\\/joulu12.jpg\",\"articleSection\":[\"Blogg\",\"Nyheter\"],\"inLanguage\":\"sv-SE\"},{\"@type\":\"WebPage\",\"@id\":\"https:\\\/\\\/tys.fi\\\/sv\\\/ylioppilaskylan-joulu\",\"url\":\"https:\\\/\\\/tys.fi\\\/sv\\\/ylioppilaskylan-joulu\",\"name\":\"Jul i Studentbyn | TYS | Turun Ylioppilaskyl\u00e4s\u00e4\u00e4ti\u00f6\",\"isPartOf\":{\"@id\":\"https:\\\/\\\/tys.fi\\\/#website\"},\"primaryImageOfPage\":{\"@id\":\"https:\\\/\\\/tys.fi\\\/sv\\\/ylioppilaskylan-joulu#primaryimage\"},\"image\":{\"@id\":\"https:\\\/\\\/tys.fi\\\/sv\\\/ylioppilaskylan-joulu#primaryimage\"},\"thumbnailUrl\":\"https:\\\/\\\/tys.fi\\\/wp-content\\\/uploads\\\/2019\\\/12\\\/joulu12.jpg\",\"datePublished\":\"2019-12-17T11:07:20+00:00\",\"dateModified\":\"2019-12-19T13:12:12+00:00\",\"breadcrumb\":{\"@id\":\"https:\\\/\\\/tys.fi\\\/sv\\\/ylioppilaskylan-joulu#breadcrumb\"},\"inLanguage\":\"sv-SE\",\"potentialAction\":[{\"@type\":\"ReadAction\",\"target\":[\"https:\\\/\\\/tys.fi\\\/sv\\\/ylioppilaskylan-joulu\"]}]},{\"@type\":\"ImageObject\",\"inLanguage\":\"sv-SE\",\"@id\":\"https:\\\/\\\/tys.fi\\\/sv\\\/ylioppilaskylan-joulu#primaryimage\",\"url\":\"https:\\\/\\\/tys.fi\\\/wp-content\\\/uploads\\\/2019\\\/12\\\/joulu12.jpg\",\"contentUrl\":\"https:\\\/\\\/tys.fi\\\/wp-content\\\/uploads\\\/2019\\\/12\\\/joulu12.jpg\",\"width\":2048,\"height\":1328},{\"@type\":\"BreadcrumbList\",\"@id\":\"https:\\\/\\\/tys.fi\\\/sv\\\/ylioppilaskylan-joulu#breadcrumb\",\"itemListElement\":[{\"@type\":\"ListItem\",\"position\":1,\"name\":\"Home\",\"item\":\"https:\\\/\\\/tys.fi\\\/sv\"},{\"@type\":\"ListItem\",\"position\":2,\"name\":\"Jul i Studentbyn\"}]},{\"@type\":\"WebSite\",\"@id\":\"https:\\\/\\\/tys.fi\\\/#website\",\"url\":\"https:\\\/\\\/tys.fi\\\/\",\"name\":\"Turun Ylioppilaskyl\u00e4s\u00e4\u00e4ti\u00f6\",\"description\":\"Vuokra-asunnot Turku\",\"publisher\":{\"@id\":\"https:\\\/\\\/tys.fi\\\/#organization\"},\"potentialAction\":[{\"@type\":\"SearchAction\",\"target\":{\"@type\":\"EntryPoint\",\"urlTemplate\":\"https:\\\/\\\/tys.fi\\\/?s={search_term_string}\"},\"query-input\":{\"@type\":\"PropertyValueSpecification\",\"valueRequired\":true,\"valueName\":\"search_term_string\"}}],\"inLanguage\":\"sv-SE\"},{\"@type\":\"Organization\",\"@id\":\"https:\\\/\\\/tys.fi\\\/#organization\",\"name\":\"TYS\",\"url\":\"https:\\\/\\\/tys.fi\\\/\",\"logo\":{\"@type\":\"ImageObject\",\"inLanguage\":\"sv-SE\",\"@id\":\"https:\\\/\\\/tys.fi\\\/#\\\/schema\\\/logo\\\/image\\\/\",\"url\":\"https:\\\/\\\/tys.fi\\\/wp-content\\\/uploads\\\/2019\\\/03\\\/TYS-Logo_Green_500px.png\",\"contentUrl\":\"https:\\\/\\\/tys.fi\\\/wp-content\\\/uploads\\\/2019\\\/03\\\/TYS-Logo_Green_500px.png\",\"width\":500,\"height\":232,\"caption\":\"TYS\"},\"image\":{\"@id\":\"https:\\\/\\\/tys.fi\\\/#\\\/schema\\\/logo\\\/image\\\/\"},\"sameAs\":[\"https:\\\/\\\/www.facebook.com\\\/tysturku\\\/\",\"https:\\\/\\\/x.com\\\/tysturku\",\"https:\\\/\\\/www.instagram.com\\\/tysturku\\\/\",\"https:\\\/\\\/www.linkedin.com\\\/company\\\/tysturku\\\/\",\"https:\\\/\\\/www.youtube.com\\\/channel\\\/UCjKOs8BOiY0SORCB0WWixlw?view_as=subscriber\",\"https:\\\/\\\/fi.wikipedia.org\\\/wiki\\\/Turun_ylioppilaskyl\u00e4s\u00e4\u00e4ti\u00f6\"]},{\"@type\":\"Person\",\"@id\":\"https:\\\/\\\/tys.fi\\\/#\\\/schema\\\/person\\\/c1f87ee6d97815ab24d89b5ad67f8718\",\"name\":\"Marja Aapalahti\",\"url\":\"https:\\\/\\\/tys.fi\\\/sv\\\/author\\\/marja\"}]}<\/script>\n<!-- \/ Yoast SEO plugin. -->","yoast_head_json":{"title":"Jul i Studentbyn | TYS | Turun Ylioppilaskyl\u00e4s\u00e4\u00e4ti\u00f6","robots":{"index":"index","follow":"follow","max-snippet":"max-snippet:-1","max-image-preview":"max-image-preview:large","max-video-preview":"max-video-preview:-1"},"canonical":"https:\/\/tys.fi\/sv\/ylioppilaskylan-joulu","og_locale":"sv_SE","og_type":"article","og_title":"Jul i Studentbyn | TYS | Turun Ylioppilaskyl\u00e4s\u00e4\u00e4ti\u00f6","og_description":"Tipp, tapp, tipp, tapp!\u201d sjungs det glatt p\u00e5 Inspektorsgatan i hj\u00e4rtat av Studentbyn. En grupp...","og_url":"https:\/\/tys.fi\/sv\/ylioppilaskylan-joulu","og_site_name":"Turun Ylioppilaskyl&auml;s&auml;&auml;ti&ouml;","article_publisher":"https:\/\/www.facebook.com\/tysturku\/","article_published_time":"2019-12-17T11:07:20+00:00","article_modified_time":"2019-12-19T13:12:12+00:00","og_image":[{"width":2048,"height":1328,"url":"https:\/\/tys.fi\/wp-content\/uploads\/2019\/12\/joulu12.jpg","type":"image\/jpeg"}],"author":"Marja Aapalahti","twitter_card":"summary_large_image","twitter_creator":"@tysturku","twitter_site":"@tysturku","twitter_misc":{"Skriven av":"Marja Aapalahti","Ber\u00e4knad l\u00e4stid":"3 minuter"},"schema":{"@context":"https:\/\/schema.org","@graph":[{"@type":"Article","@id":"https:\/\/tys.fi\/sv\/ylioppilaskylan-joulu#article","isPartOf":{"@id":"https:\/\/tys.fi\/sv\/ylioppilaskylan-joulu"},"author":{"name":"Marja Aapalahti","@id":"https:\/\/tys.fi\/#\/schema\/person\/c1f87ee6d97815ab24d89b5ad67f8718"},"headline":"Jul i Studentbyn","datePublished":"2019-12-17T11:07:20+00:00","dateModified":"2019-12-19T13:12:12+00:00","mainEntityOfPage":{"@id":"https:\/\/tys.fi\/sv\/ylioppilaskylan-joulu"},"wordCount":655,"publisher":{"@id":"https:\/\/tys.fi\/#organization"},"image":{"@id":"https:\/\/tys.fi\/sv\/ylioppilaskylan-joulu#primaryimage"},"thumbnailUrl":"https:\/\/tys.fi\/wp-content\/uploads\/2019\/12\/joulu12.jpg","articleSection":["Blogg","Nyheter"],"inLanguage":"sv-SE"},{"@type":"WebPage","@id":"https:\/\/tys.fi\/sv\/ylioppilaskylan-joulu","url":"https:\/\/tys.fi\/sv\/ylioppilaskylan-joulu","name":"Jul i Studentbyn | TYS | Turun Ylioppilaskyl\u00e4s\u00e4\u00e4ti\u00f6","isPartOf":{"@id":"https:\/\/tys.fi\/#website"},"primaryImageOfPage":{"@id":"https:\/\/tys.fi\/sv\/ylioppilaskylan-joulu#primaryimage"},"image":{"@id":"https:\/\/tys.fi\/sv\/ylioppilaskylan-joulu#primaryimage"},"thumbnailUrl":"https:\/\/tys.fi\/wp-content\/uploads\/2019\/12\/joulu12.jpg","datePublished":"2019-12-17T11:07:20+00:00","dateModified":"2019-12-19T13:12:12+00:00","breadcrumb":{"@id":"https:\/\/tys.fi\/sv\/ylioppilaskylan-joulu#breadcrumb"},"inLanguage":"sv-SE","potentialAction":[{"@type":"ReadAction","target":["https:\/\/tys.fi\/sv\/ylioppilaskylan-joulu"]}]},{"@type":"ImageObject","inLanguage":"sv-SE","@id":"https:\/\/tys.fi\/sv\/ylioppilaskylan-joulu#primaryimage","url":"https:\/\/tys.fi\/wp-content\/uploads\/2019\/12\/joulu12.jpg","contentUrl":"https:\/\/tys.fi\/wp-content\/uploads\/2019\/12\/joulu12.jpg","width":2048,"height":1328},{"@type":"BreadcrumbList","@id":"https:\/\/tys.fi\/sv\/ylioppilaskylan-joulu#breadcrumb","itemListElement":[{"@type":"ListItem","position":1,"name":"Home","item":"https:\/\/tys.fi\/sv"},{"@type":"ListItem","position":2,"name":"Jul i Studentbyn"}]},{"@type":"WebSite","@id":"https:\/\/tys.fi\/#website","url":"https:\/\/tys.fi\/","name":"Turun Ylioppilaskyl\u00e4s\u00e4\u00e4ti\u00f6","description":"Vuokra-asunnot Turku","publisher":{"@id":"https:\/\/tys.fi\/#organization"},"potentialAction":[{"@type":"SearchAction","target":{"@type":"EntryPoint","urlTemplate":"https:\/\/tys.fi\/?s={search_term_string}"},"query-input":{"@type":"PropertyValueSpecification","valueRequired":true,"valueName":"search_term_string"}}],"inLanguage":"sv-SE"},{"@type":"Organization","@id":"https:\/\/tys.fi\/#organization","name":"TYS","url":"https:\/\/tys.fi\/","logo":{"@type":"ImageObject","inLanguage":"sv-SE","@id":"https:\/\/tys.fi\/#\/schema\/logo\/image\/","url":"https:\/\/tys.fi\/wp-content\/uploads\/2019\/03\/TYS-Logo_Green_500px.png","contentUrl":"https:\/\/tys.fi\/wp-content\/uploads\/2019\/03\/TYS-Logo_Green_500px.png","width":500,"height":232,"caption":"TYS"},"image":{"@id":"https:\/\/tys.fi\/#\/schema\/logo\/image\/"},"sameAs":["https:\/\/www.facebook.com\/tysturku\/","https:\/\/x.com\/tysturku","https:\/\/www.instagram.com\/tysturku\/","https:\/\/www.linkedin.com\/company\/tysturku\/","https:\/\/www.youtube.com\/channel\/UCjKOs8BOiY0SORCB0WWixlw?view_as=subscriber","https:\/\/fi.wikipedia.org\/wiki\/Turun_ylioppilaskyl\u00e4s\u00e4\u00e4ti\u00f6"]},{"@type":"Person","@id":"https:\/\/tys.fi\/#\/schema\/person\/c1f87ee6d97815ab24d89b5ad67f8718","name":"Marja Aapalahti","url":"https:\/\/tys.fi\/sv\/author\/marja"}]}},"_links":{"self":[{"href":"https:\/\/tys.fi\/sv\/wp-json\/wp\/v2\/posts\/17323","targetHints":{"allow":["GET"]}}],"collection":[{"href":"https:\/\/tys.fi\/sv\/wp-json\/wp\/v2\/posts"}],"about":[{"href":"https:\/\/tys.fi\/sv\/wp-json\/wp\/v2\/types\/post"}],"author":[{"embeddable":true,"href":"https:\/\/tys.fi\/sv\/wp-json\/wp\/v2\/users\/2"}],"replies":[{"embeddable":true,"href":"https:\/\/tys.fi\/sv\/wp-json\/wp\/v2\/comments?post=17323"}],"version-history":[{"count":3,"href":"https:\/\/tys.fi\/sv\/wp-json\/wp\/v2\/posts\/17323\/revisions"}],"predecessor-version":[{"id":17381,"href":"https:\/\/tys.fi\/sv\/wp-json\/wp\/v2\/posts\/17323\/revisions\/17381"}],"wp:featuredmedia":[{"embeddable":true,"href":"https:\/\/tys.fi\/sv\/wp-json\/wp\/v2\/media\/17377"}],"wp:attachment":[{"href":"https:\/\/tys.fi\/sv\/wp-json\/wp\/v2\/media?parent=17323"}],"wp:term":[{"taxonomy":"category","embeddable":true,"href":"https:\/\/tys.fi\/sv\/wp-json\/wp\/v2\/categories?post=17323"},{"taxonomy":"post_tag","embeddable":true,"href":"https:\/\/tys.fi\/sv\/wp-json\/wp\/v2\/tags?post=17323"}],"curies":[{"name":"wp","href":"https:\/\/api.w.org\/{rel}","templated":true}]}}