{"id":17193,"date":"2019-11-29T09:22:17","date_gmt":"2019-11-29T07:22:17","guid":{"rendered":"https:\/\/tys.fi\/tysn-henkilokunnan-tyky-paivassa-tutustuttiin-turun-linnaan-ja-kehityttiin-yhdessa"},"modified":"2019-11-29T09:25:29","modified_gmt":"2019-11-29T07:25:29","slug":"tysn-henkilokunnan-tyky-paivassa-tutustuttiin-turun-linnaan-ja-kehityttiin-yhdessa","status":"publish","type":"post","link":"https:\/\/tys.fi\/sv\/tysn-henkilokunnan-tyky-paivassa-tutustuttiin-turun-linnaan-ja-kehityttiin-yhdessa","title":{"rendered":"Studentbystiftelsens personal bes\u00f6kte \u00c5bo slott och utvecklade sig i h\u00e4lsofr\u00e4mjande gemenskap"},"content":{"rendered":"<p><img loading=\"lazy\" decoding=\"async\" class=\"size-medium wp-image-17185 alignleft\" src=\"https:\/\/tys.fi\/wp-content\/uploads\/2019\/11\/tyky1-300x225.jpg\" alt=\"\" width=\"300\" height=\"225\" srcset=\"https:\/\/tys.fi\/wp-content\/uploads\/2019\/11\/tyky1-300x225.jpg 300w, https:\/\/tys.fi\/wp-content\/uploads\/2019\/11\/tyky1-1024x767.jpg 1024w, https:\/\/tys.fi\/wp-content\/uploads\/2019\/11\/tyky1-768x575.jpg 768w, https:\/\/tys.fi\/wp-content\/uploads\/2019\/11\/tyky1-1536x1150.jpg 1536w, https:\/\/tys.fi\/wp-content\/uploads\/2019\/11\/tyky1-scaled.jpg 2048w\" sizes=\"auto, (max-width: 300px) 100vw, 300px\" \/><\/p>\n<p>Personalen vid Studentbystiftelsen i \u00c5bo samlades i mitten av november till en f\u00f6r hela stiftelsen gemensam dag f\u00f6r att fr\u00e4mja arbetsh\u00e4lsan, en s\u00e5 kallad tyky-dag p\u00e5 \u00c5bo slott. Morgonen b\u00f6rjade med gemensam frukost i Herrek\u00e4llaren, varefter en slottsvandring vidtog med brott, straff och f\u00e4ngelser som tema. Under rundvandringen fick vi h\u00f6ra bland annat hur Jaakko Ilkka under Klubbekriget flydde fr\u00e5n slottet, varf\u00f6r man i slottets festsal alltid satt med ryggen mot v\u00e4ggen och hur bestraffningsformerna med \u00e5ren \u00e4ndrades.<\/p>\n<p><img loading=\"lazy\" decoding=\"async\" class=\"size-medium wp-image-17188 alignright\" src=\"https:\/\/tys.fi\/wp-content\/uploads\/2019\/11\/tyky2-300x225.jpg\" alt=\"\" width=\"300\" height=\"225\" srcset=\"https:\/\/tys.fi\/wp-content\/uploads\/2019\/11\/tyky2-300x225.jpg 300w, https:\/\/tys.fi\/wp-content\/uploads\/2019\/11\/tyky2-1024x768.jpg 1024w, https:\/\/tys.fi\/wp-content\/uploads\/2019\/11\/tyky2-768x576.jpg 768w, https:\/\/tys.fi\/wp-content\/uploads\/2019\/11\/tyky2-1536x1152.jpg 1536w, https:\/\/tys.fi\/wp-content\/uploads\/2019\/11\/tyky2-scaled.jpg 2048w\" sizes=\"auto, (max-width: 300px) 100vw, 300px\" \/><\/p>\n<p>Efter rundvandringen genomf\u00f6rde arbetspsykologen Sari Rothberg fr\u00e5n Terveystalo en f\u00f6r hela personalen gemensam arbetsgemenskapsutbildning. Den gav var och en tillf\u00e4lle att fundera p\u00e5 olika personlighetstyper, sin egen och andras. Inom ramen f\u00f6r utbildningen funderade vi ocks\u00e5 p\u00e5 olika konkreta s\u00e4tt att kommunicera i en heterogen arbetsgemenskap.<\/p>\n","protected":false},"excerpt":{"rendered":"<p>Personalen vid Studentbystiftelsen i \u00c5bo samlades i mitten av november till en f\u00f6r hela stiftelsen&#8230;<\/p>\n","protected":false},"author":2,"featured_media":17187,"comment_status":"closed","ping_status":"closed","sticky":false,"template":"","format":"standard","meta":{"footnotes":""},"categories":[38],"tags":[],"class_list":{"0":"post-17193","1":"post","2":"type-post","3":"status-publish","4":"format-standard","5":"has-post-thumbnail","7":"category-nyheter-sv"},"yoast_head":"<!-- This site is optimized with the Yoast SEO plugin v27.5 - https:\/\/yoast.com\/product\/yoast-seo-wordpress\/ -->\n<title>Studentbystiftelsens personal bes\u00f6kte \u00c5bo slott och utvecklade sig i h\u00e4lsofr\u00e4mjande gemenskap | TYS | Turun Ylioppilaskyl\u00e4s\u00e4\u00e4ti\u00f6<\/title>\n<meta name=\"robots\" content=\"index, follow, max-snippet:-1, max-image-preview:large, max-video-preview:-1\" \/>\n<link rel=\"canonical\" href=\"https:\/\/tys.fi\/sv\/tysn-henkilokunnan-tyky-paivassa-tutustuttiin-turun-linnaan-ja-kehityttiin-yhdessa\" \/>\n<meta property=\"og:locale\" content=\"sv_SE\" \/>\n<meta property=\"og:type\" content=\"article\" \/>\n<meta property=\"og:title\" content=\"Studentbystiftelsens personal bes\u00f6kte \u00c5bo slott och utvecklade sig i h\u00e4lsofr\u00e4mjande gemenskap | TYS | Turun Ylioppilaskyl\u00e4s\u00e4\u00e4ti\u00f6\" \/>\n<meta property=\"og:description\" content=\"Personalen vid Studentbystiftelsen i \u00c5bo samlades i mitten av november till en f\u00f6r hela stiftelsen...\" \/>\n<meta property=\"og:url\" content=\"https:\/\/tys.fi\/sv\/tysn-henkilokunnan-tyky-paivassa-tutustuttiin-turun-linnaan-ja-kehityttiin-yhdessa\" \/>\n<meta property=\"og:site_name\" content=\"Turun Ylioppilaskyl&auml;s&auml;&auml;ti&ouml;\" \/>\n<meta property=\"article:publisher\" content=\"https:\/\/www.facebook.com\/tysturku\/\" \/>\n<meta property=\"article:published_time\" content=\"2019-11-29T07:22:17+00:00\" \/>\n<meta property=\"article:modified_time\" content=\"2019-11-29T07:25:29+00:00\" \/>\n<meta property=\"og:image\" content=\"https:\/\/tys.fi\/wp-content\/uploads\/2019\/11\/tyky1.jpg\" \/>\n\t<meta property=\"og:image:width\" content=\"2560\" \/>\n\t<meta property=\"og:image:height\" content=\"1917\" \/>\n\t<meta property=\"og:image:type\" content=\"image\/jpeg\" \/>\n<meta name=\"author\" content=\"Marja Aapalahti\" \/>\n<meta name=\"twitter:card\" content=\"summary_large_image\" \/>\n<meta name=\"twitter:creator\" content=\"@tysturku\" \/>\n<meta name=\"twitter:site\" content=\"@tysturku\" \/>\n<meta name=\"twitter:label1\" content=\"Skriven av\" \/>\n\t<meta name=\"twitter:data1\" content=\"Marja Aapalahti\" \/>\n\t<meta name=\"twitter:label2\" content=\"Ber\u00e4knad l\u00e4stid\" \/>\n\t<meta name=\"twitter:data2\" content=\"1 minut\" \/>\n<script type=\"application\/ld+json\" class=\"yoast-schema-graph\">{\"@context\":\"https:\\\/\\\/schema.org\",\"@graph\":[{\"@type\":\"Article\",\"@id\":\"https:\\\/\\\/tys.fi\\\/sv\\\/tysn-henkilokunnan-tyky-paivassa-tutustuttiin-turun-linnaan-ja-kehityttiin-yhdessa#article\",\"isPartOf\":{\"@id\":\"https:\\\/\\\/tys.fi\\\/sv\\\/tysn-henkilokunnan-tyky-paivassa-tutustuttiin-turun-linnaan-ja-kehityttiin-yhdessa\"},\"author\":{\"name\":\"Marja Aapalahti\",\"@id\":\"https:\\\/\\\/tys.fi\\\/#\\\/schema\\\/person\\\/c1f87ee6d97815ab24d89b5ad67f8718\"},\"headline\":\"Studentbystiftelsens personal bes\u00f6kte \u00c5bo slott och utvecklade sig i h\u00e4lsofr\u00e4mjande gemenskap\",\"datePublished\":\"2019-11-29T07:22:17+00:00\",\"dateModified\":\"2019-11-29T07:25:29+00:00\",\"mainEntityOfPage\":{\"@id\":\"https:\\\/\\\/tys.fi\\\/sv\\\/tysn-henkilokunnan-tyky-paivassa-tutustuttiin-turun-linnaan-ja-kehityttiin-yhdessa\"},\"wordCount\":155,\"publisher\":{\"@id\":\"https:\\\/\\\/tys.fi\\\/#organization\"},\"image\":{\"@id\":\"https:\\\/\\\/tys.fi\\\/sv\\\/tysn-henkilokunnan-tyky-paivassa-tutustuttiin-turun-linnaan-ja-kehityttiin-yhdessa#primaryimage\"},\"thumbnailUrl\":\"https:\\\/\\\/tys.fi\\\/wp-content\\\/uploads\\\/2019\\\/11\\\/tyky1.jpg\",\"articleSection\":[\"Nyheter\"],\"inLanguage\":\"sv-SE\"},{\"@type\":\"WebPage\",\"@id\":\"https:\\\/\\\/tys.fi\\\/sv\\\/tysn-henkilokunnan-tyky-paivassa-tutustuttiin-turun-linnaan-ja-kehityttiin-yhdessa\",\"url\":\"https:\\\/\\\/tys.fi\\\/sv\\\/tysn-henkilokunnan-tyky-paivassa-tutustuttiin-turun-linnaan-ja-kehityttiin-yhdessa\",\"name\":\"Studentbystiftelsens personal bes\u00f6kte \u00c5bo slott och utvecklade sig i h\u00e4lsofr\u00e4mjande gemenskap | TYS | Turun Ylioppilaskyl\u00e4s\u00e4\u00e4ti\u00f6\",\"isPartOf\":{\"@id\":\"https:\\\/\\\/tys.fi\\\/#website\"},\"primaryImageOfPage\":{\"@id\":\"https:\\\/\\\/tys.fi\\\/sv\\\/tysn-henkilokunnan-tyky-paivassa-tutustuttiin-turun-linnaan-ja-kehityttiin-yhdessa#primaryimage\"},\"image\":{\"@id\":\"https:\\\/\\\/tys.fi\\\/sv\\\/tysn-henkilokunnan-tyky-paivassa-tutustuttiin-turun-linnaan-ja-kehityttiin-yhdessa#primaryimage\"},\"thumbnailUrl\":\"https:\\\/\\\/tys.fi\\\/wp-content\\\/uploads\\\/2019\\\/11\\\/tyky1.jpg\",\"datePublished\":\"2019-11-29T07:22:17+00:00\",\"dateModified\":\"2019-11-29T07:25:29+00:00\",\"breadcrumb\":{\"@id\":\"https:\\\/\\\/tys.fi\\\/sv\\\/tysn-henkilokunnan-tyky-paivassa-tutustuttiin-turun-linnaan-ja-kehityttiin-yhdessa#breadcrumb\"},\"inLanguage\":\"sv-SE\",\"potentialAction\":[{\"@type\":\"ReadAction\",\"target\":[\"https:\\\/\\\/tys.fi\\\/sv\\\/tysn-henkilokunnan-tyky-paivassa-tutustuttiin-turun-linnaan-ja-kehityttiin-yhdessa\"]}]},{\"@type\":\"ImageObject\",\"inLanguage\":\"sv-SE\",\"@id\":\"https:\\\/\\\/tys.fi\\\/sv\\\/tysn-henkilokunnan-tyky-paivassa-tutustuttiin-turun-linnaan-ja-kehityttiin-yhdessa#primaryimage\",\"url\":\"https:\\\/\\\/tys.fi\\\/wp-content\\\/uploads\\\/2019\\\/11\\\/tyky1.jpg\",\"contentUrl\":\"https:\\\/\\\/tys.fi\\\/wp-content\\\/uploads\\\/2019\\\/11\\\/tyky1.jpg\",\"width\":2560,\"height\":1917},{\"@type\":\"BreadcrumbList\",\"@id\":\"https:\\\/\\\/tys.fi\\\/sv\\\/tysn-henkilokunnan-tyky-paivassa-tutustuttiin-turun-linnaan-ja-kehityttiin-yhdessa#breadcrumb\",\"itemListElement\":[{\"@type\":\"ListItem\",\"position\":1,\"name\":\"Home\",\"item\":\"https:\\\/\\\/tys.fi\\\/sv\"},{\"@type\":\"ListItem\",\"position\":2,\"name\":\"Studentbystiftelsens personal bes\u00f6kte \u00c5bo slott och utvecklade sig i h\u00e4lsofr\u00e4mjande gemenskap\"}]},{\"@type\":\"WebSite\",\"@id\":\"https:\\\/\\\/tys.fi\\\/#website\",\"url\":\"https:\\\/\\\/tys.fi\\\/\",\"name\":\"Turun Ylioppilaskyl\u00e4s\u00e4\u00e4ti\u00f6\",\"description\":\"Vuokra-asunnot Turku\",\"publisher\":{\"@id\":\"https:\\\/\\\/tys.fi\\\/#organization\"},\"potentialAction\":[{\"@type\":\"SearchAction\",\"target\":{\"@type\":\"EntryPoint\",\"urlTemplate\":\"https:\\\/\\\/tys.fi\\\/?s={search_term_string}\"},\"query-input\":{\"@type\":\"PropertyValueSpecification\",\"valueRequired\":true,\"valueName\":\"search_term_string\"}}],\"inLanguage\":\"sv-SE\"},{\"@type\":\"Organization\",\"@id\":\"https:\\\/\\\/tys.fi\\\/#organization\",\"name\":\"TYS\",\"url\":\"https:\\\/\\\/tys.fi\\\/\",\"logo\":{\"@type\":\"ImageObject\",\"inLanguage\":\"sv-SE\",\"@id\":\"https:\\\/\\\/tys.fi\\\/#\\\/schema\\\/logo\\\/image\\\/\",\"url\":\"https:\\\/\\\/tys.fi\\\/wp-content\\\/uploads\\\/2019\\\/03\\\/TYS-Logo_Green_500px.png\",\"contentUrl\":\"https:\\\/\\\/tys.fi\\\/wp-content\\\/uploads\\\/2019\\\/03\\\/TYS-Logo_Green_500px.png\",\"width\":500,\"height\":232,\"caption\":\"TYS\"},\"image\":{\"@id\":\"https:\\\/\\\/tys.fi\\\/#\\\/schema\\\/logo\\\/image\\\/\"},\"sameAs\":[\"https:\\\/\\\/www.facebook.com\\\/tysturku\\\/\",\"https:\\\/\\\/x.com\\\/tysturku\",\"https:\\\/\\\/www.instagram.com\\\/tysturku\\\/\",\"https:\\\/\\\/www.linkedin.com\\\/company\\\/tysturku\\\/\",\"https:\\\/\\\/www.youtube.com\\\/channel\\\/UCjKOs8BOiY0SORCB0WWixlw?view_as=subscriber\",\"https:\\\/\\\/fi.wikipedia.org\\\/wiki\\\/Turun_ylioppilaskyl\u00e4s\u00e4\u00e4ti\u00f6\"]},{\"@type\":\"Person\",\"@id\":\"https:\\\/\\\/tys.fi\\\/#\\\/schema\\\/person\\\/c1f87ee6d97815ab24d89b5ad67f8718\",\"name\":\"Marja Aapalahti\",\"url\":\"https:\\\/\\\/tys.fi\\\/sv\\\/author\\\/marja\"}]}<\/script>\n<!-- \/ Yoast SEO plugin. -->","yoast_head_json":{"title":"Studentbystiftelsens personal bes\u00f6kte \u00c5bo slott och utvecklade sig i h\u00e4lsofr\u00e4mjande gemenskap | TYS | Turun Ylioppilaskyl\u00e4s\u00e4\u00e4ti\u00f6","robots":{"index":"index","follow":"follow","max-snippet":"max-snippet:-1","max-image-preview":"max-image-preview:large","max-video-preview":"max-video-preview:-1"},"canonical":"https:\/\/tys.fi\/sv\/tysn-henkilokunnan-tyky-paivassa-tutustuttiin-turun-linnaan-ja-kehityttiin-yhdessa","og_locale":"sv_SE","og_type":"article","og_title":"Studentbystiftelsens personal bes\u00f6kte \u00c5bo slott och utvecklade sig i h\u00e4lsofr\u00e4mjande gemenskap | TYS | Turun Ylioppilaskyl\u00e4s\u00e4\u00e4ti\u00f6","og_description":"Personalen vid Studentbystiftelsen i \u00c5bo samlades i mitten av november till en f\u00f6r hela stiftelsen...","og_url":"https:\/\/tys.fi\/sv\/tysn-henkilokunnan-tyky-paivassa-tutustuttiin-turun-linnaan-ja-kehityttiin-yhdessa","og_site_name":"Turun Ylioppilaskyl&auml;s&auml;&auml;ti&ouml;","article_publisher":"https:\/\/www.facebook.com\/tysturku\/","article_published_time":"2019-11-29T07:22:17+00:00","article_modified_time":"2019-11-29T07:25:29+00:00","og_image":[{"width":2560,"height":1917,"url":"https:\/\/tys.fi\/wp-content\/uploads\/2019\/11\/tyky1.jpg","type":"image\/jpeg"}],"author":"Marja Aapalahti","twitter_card":"summary_large_image","twitter_creator":"@tysturku","twitter_site":"@tysturku","twitter_misc":{"Skriven av":"Marja Aapalahti","Ber\u00e4knad l\u00e4stid":"1 minut"},"schema":{"@context":"https:\/\/schema.org","@graph":[{"@type":"Article","@id":"https:\/\/tys.fi\/sv\/tysn-henkilokunnan-tyky-paivassa-tutustuttiin-turun-linnaan-ja-kehityttiin-yhdessa#article","isPartOf":{"@id":"https:\/\/tys.fi\/sv\/tysn-henkilokunnan-tyky-paivassa-tutustuttiin-turun-linnaan-ja-kehityttiin-yhdessa"},"author":{"name":"Marja Aapalahti","@id":"https:\/\/tys.fi\/#\/schema\/person\/c1f87ee6d97815ab24d89b5ad67f8718"},"headline":"Studentbystiftelsens personal bes\u00f6kte \u00c5bo slott och utvecklade sig i h\u00e4lsofr\u00e4mjande gemenskap","datePublished":"2019-11-29T07:22:17+00:00","dateModified":"2019-11-29T07:25:29+00:00","mainEntityOfPage":{"@id":"https:\/\/tys.fi\/sv\/tysn-henkilokunnan-tyky-paivassa-tutustuttiin-turun-linnaan-ja-kehityttiin-yhdessa"},"wordCount":155,"publisher":{"@id":"https:\/\/tys.fi\/#organization"},"image":{"@id":"https:\/\/tys.fi\/sv\/tysn-henkilokunnan-tyky-paivassa-tutustuttiin-turun-linnaan-ja-kehityttiin-yhdessa#primaryimage"},"thumbnailUrl":"https:\/\/tys.fi\/wp-content\/uploads\/2019\/11\/tyky1.jpg","articleSection":["Nyheter"],"inLanguage":"sv-SE"},{"@type":"WebPage","@id":"https:\/\/tys.fi\/sv\/tysn-henkilokunnan-tyky-paivassa-tutustuttiin-turun-linnaan-ja-kehityttiin-yhdessa","url":"https:\/\/tys.fi\/sv\/tysn-henkilokunnan-tyky-paivassa-tutustuttiin-turun-linnaan-ja-kehityttiin-yhdessa","name":"Studentbystiftelsens personal bes\u00f6kte \u00c5bo slott och utvecklade sig i h\u00e4lsofr\u00e4mjande gemenskap | TYS | Turun Ylioppilaskyl\u00e4s\u00e4\u00e4ti\u00f6","isPartOf":{"@id":"https:\/\/tys.fi\/#website"},"primaryImageOfPage":{"@id":"https:\/\/tys.fi\/sv\/tysn-henkilokunnan-tyky-paivassa-tutustuttiin-turun-linnaan-ja-kehityttiin-yhdessa#primaryimage"},"image":{"@id":"https:\/\/tys.fi\/sv\/tysn-henkilokunnan-tyky-paivassa-tutustuttiin-turun-linnaan-ja-kehityttiin-yhdessa#primaryimage"},"thumbnailUrl":"https:\/\/tys.fi\/wp-content\/uploads\/2019\/11\/tyky1.jpg","datePublished":"2019-11-29T07:22:17+00:00","dateModified":"2019-11-29T07:25:29+00:00","breadcrumb":{"@id":"https:\/\/tys.fi\/sv\/tysn-henkilokunnan-tyky-paivassa-tutustuttiin-turun-linnaan-ja-kehityttiin-yhdessa#breadcrumb"},"inLanguage":"sv-SE","potentialAction":[{"@type":"ReadAction","target":["https:\/\/tys.fi\/sv\/tysn-henkilokunnan-tyky-paivassa-tutustuttiin-turun-linnaan-ja-kehityttiin-yhdessa"]}]},{"@type":"ImageObject","inLanguage":"sv-SE","@id":"https:\/\/tys.fi\/sv\/tysn-henkilokunnan-tyky-paivassa-tutustuttiin-turun-linnaan-ja-kehityttiin-yhdessa#primaryimage","url":"https:\/\/tys.fi\/wp-content\/uploads\/2019\/11\/tyky1.jpg","contentUrl":"https:\/\/tys.fi\/wp-content\/uploads\/2019\/11\/tyky1.jpg","width":2560,"height":1917},{"@type":"BreadcrumbList","@id":"https:\/\/tys.fi\/sv\/tysn-henkilokunnan-tyky-paivassa-tutustuttiin-turun-linnaan-ja-kehityttiin-yhdessa#breadcrumb","itemListElement":[{"@type":"ListItem","position":1,"name":"Home","item":"https:\/\/tys.fi\/sv"},{"@type":"ListItem","position":2,"name":"Studentbystiftelsens personal bes\u00f6kte \u00c5bo slott och utvecklade sig i h\u00e4lsofr\u00e4mjande gemenskap"}]},{"@type":"WebSite","@id":"https:\/\/tys.fi\/#website","url":"https:\/\/tys.fi\/","name":"Turun Ylioppilaskyl\u00e4s\u00e4\u00e4ti\u00f6","description":"Vuokra-asunnot Turku","publisher":{"@id":"https:\/\/tys.fi\/#organization"},"potentialAction":[{"@type":"SearchAction","target":{"@type":"EntryPoint","urlTemplate":"https:\/\/tys.fi\/?s={search_term_string}"},"query-input":{"@type":"PropertyValueSpecification","valueRequired":true,"valueName":"search_term_string"}}],"inLanguage":"sv-SE"},{"@type":"Organization","@id":"https:\/\/tys.fi\/#organization","name":"TYS","url":"https:\/\/tys.fi\/","logo":{"@type":"ImageObject","inLanguage":"sv-SE","@id":"https:\/\/tys.fi\/#\/schema\/logo\/image\/","url":"https:\/\/tys.fi\/wp-content\/uploads\/2019\/03\/TYS-Logo_Green_500px.png","contentUrl":"https:\/\/tys.fi\/wp-content\/uploads\/2019\/03\/TYS-Logo_Green_500px.png","width":500,"height":232,"caption":"TYS"},"image":{"@id":"https:\/\/tys.fi\/#\/schema\/logo\/image\/"},"sameAs":["https:\/\/www.facebook.com\/tysturku\/","https:\/\/x.com\/tysturku","https:\/\/www.instagram.com\/tysturku\/","https:\/\/www.linkedin.com\/company\/tysturku\/","https:\/\/www.youtube.com\/channel\/UCjKOs8BOiY0SORCB0WWixlw?view_as=subscriber","https:\/\/fi.wikipedia.org\/wiki\/Turun_ylioppilaskyl\u00e4s\u00e4\u00e4ti\u00f6"]},{"@type":"Person","@id":"https:\/\/tys.fi\/#\/schema\/person\/c1f87ee6d97815ab24d89b5ad67f8718","name":"Marja Aapalahti","url":"https:\/\/tys.fi\/sv\/author\/marja"}]}},"_links":{"self":[{"href":"https:\/\/tys.fi\/sv\/wp-json\/wp\/v2\/posts\/17193","targetHints":{"allow":["GET"]}}],"collection":[{"href":"https:\/\/tys.fi\/sv\/wp-json\/wp\/v2\/posts"}],"about":[{"href":"https:\/\/tys.fi\/sv\/wp-json\/wp\/v2\/types\/post"}],"author":[{"embeddable":true,"href":"https:\/\/tys.fi\/sv\/wp-json\/wp\/v2\/users\/2"}],"replies":[{"embeddable":true,"href":"https:\/\/tys.fi\/sv\/wp-json\/wp\/v2\/comments?post=17193"}],"version-history":[{"count":2,"href":"https:\/\/tys.fi\/sv\/wp-json\/wp\/v2\/posts\/17193\/revisions"}],"predecessor-version":[{"id":17198,"href":"https:\/\/tys.fi\/sv\/wp-json\/wp\/v2\/posts\/17193\/revisions\/17198"}],"wp:featuredmedia":[{"embeddable":true,"href":"https:\/\/tys.fi\/sv\/wp-json\/wp\/v2\/media\/17187"}],"wp:attachment":[{"href":"https:\/\/tys.fi\/sv\/wp-json\/wp\/v2\/media?parent=17193"}],"wp:term":[{"taxonomy":"category","embeddable":true,"href":"https:\/\/tys.fi\/sv\/wp-json\/wp\/v2\/categories?post=17193"},{"taxonomy":"post_tag","embeddable":true,"href":"https:\/\/tys.fi\/sv\/wp-json\/wp\/v2\/tags?post=17193"}],"curies":[{"name":"wp","href":"https:\/\/api.w.org\/{rel}","templated":true}]}}