{"id":17168,"date":"2019-11-28T16:28:42","date_gmt":"2019-11-28T14:28:42","guid":{"rendered":"https:\/\/tys.fi\/?p=17168"},"modified":"2019-11-28T16:30:41","modified_gmt":"2019-11-28T14:30:41","slug":"valtuuskunnan-syyskokouksessa-keskusteltiin-hiilineutraalista-turusta-ja-hyvaksyttiin-tysn-vuoden-2020-toimintasuunnitelma-seka-talousarvio","status":"publish","type":"post","link":"https:\/\/tys.fi\/sv\/valtuuskunnan-syyskokouksessa-keskusteltiin-hiilineutraalista-turusta-ja-hyvaksyttiin-tysn-vuoden-2020-toimintasuunnitelma-seka-talousarvio","title":{"rendered":"Delegationen diskuterade vid h\u00f6stm\u00f6tet ett Kolneutralt \u00c5bo och godk\u00e4nde stiftelsens verksamhetsplan och budget f\u00f6r 2020"},"content":{"rendered":"<p>Delegationen f\u00f6r Studentbystiftelsen i \u00c5bo (TYS) sammantr\u00e4dde den 25 november till h\u00f6stm\u00f6te. I delegationen ing\u00e5r 46 medlemmar, av vilka 25 v\u00e4ljs av \u00c5bo stad. De \u00f6vriga medlemmarna v\u00e4ljs av Egentliga Finlands f\u00f6rbund, \u00c5bo handelskammare, Sparbanksf\u00f6rbundet rf, OP Andelslag, \u00c5bo universitet, underst\u00f6dsf\u00f6reningen Turun Suomalainen Yliopistoseura ry, \u00c5bo Akademi, Stiftelsen f\u00f6r \u00c5bo Akademi, yrkesh\u00f6gskolan Turku AMK, \u00c5bo Akademis Studentk\u00e5r, yrkesh\u00f6gskolans studentk\u00e5r TUO, yrkesinstitutet Turun ammatti-instituutti och Studerandek\u00e5ren Novium, universitets studentk\u00e5r och hyresg\u00e4sterna hos TYS.<\/p>\n<p><img loading=\"lazy\" decoding=\"async\" class=\"size-medium wp-image-17169 alignleft\" src=\"https:\/\/tys.fi\/wp-content\/uploads\/2019\/11\/valtuuskunta1-300x225.jpg\" alt=\"\" width=\"300\" height=\"225\" srcset=\"https:\/\/tys.fi\/wp-content\/uploads\/2019\/11\/valtuuskunta1-300x225.jpg 300w, https:\/\/tys.fi\/wp-content\/uploads\/2019\/11\/valtuuskunta1-1024x768.jpg 1024w, https:\/\/tys.fi\/wp-content\/uploads\/2019\/11\/valtuuskunta1-768x576.jpg 768w, https:\/\/tys.fi\/wp-content\/uploads\/2019\/11\/valtuuskunta1-1536x1152.jpg 1536w, https:\/\/tys.fi\/wp-content\/uploads\/2019\/11\/valtuuskunta1-scaled.jpg 2048w\" sizes=\"auto, (max-width: 300px) 100vw, 300px\" \/><\/p>\n<p>M\u00f6tet inleddes med att \u00c5bo stads utvecklingschef Risto Veivo f\u00f6r delegationen presenterade stadskoncernens klimatpolitiska plan som syftar till att \u00c5bo ska vara kolneutralt senast 2029. F\u00f6rhoppningen \u00e4r att inte bara staden utan ocks\u00e5 \u00c5boregionens inv\u00e5nare, f\u00f6retag och samfund ska arbeta f\u00f6r detta m\u00e5l. Veivo n\u00e4mnde bland annat solpanelerna p\u00e5 TYS-fastigheten som ett exempel p\u00e5 en klimatg\u00e4rning i \u00c5bo. TYS har f\u00f6rbundit sig till stadens klimatpolitiska m\u00e5l.<\/p>\n<p><img loading=\"lazy\" decoding=\"async\" class=\"size-medium wp-image-17172 alignright\" src=\"https:\/\/tys.fi\/wp-content\/uploads\/2019\/11\/valtuuskunta2-300x189.jpg\" alt=\"\" width=\"300\" height=\"189\" srcset=\"https:\/\/tys.fi\/wp-content\/uploads\/2019\/11\/valtuuskunta2-300x189.jpg 300w, https:\/\/tys.fi\/wp-content\/uploads\/2019\/11\/valtuuskunta2-1024x646.jpg 1024w, https:\/\/tys.fi\/wp-content\/uploads\/2019\/11\/valtuuskunta2-768x484.jpg 768w, https:\/\/tys.fi\/wp-content\/uploads\/2019\/11\/valtuuskunta2-1536x968.jpg 1536w, https:\/\/tys.fi\/wp-content\/uploads\/2019\/11\/valtuuskunta2-scaled.jpg 2048w\" sizes=\"auto, (max-width: 300px) 100vw, 300px\" \/><\/p>\n<p>Efter denna inledning presenterade stiftelsens vd Risto Siilos stiftelsens verksamhetsplan och budget f\u00f6r 2020, som godk\u00e4ndes av delegationen. Innan m\u00f6tet avslutades valde delegationen revisionssamfund f\u00f6r 2019 \u00e5rs bokslut.<\/p>\n","protected":false},"excerpt":{"rendered":"<p>Delegationen f\u00f6r Studentbystiftelsen i \u00c5bo (TYS) sammantr\u00e4dde den 25 november till h\u00f6stm\u00f6te. I delegationen ing\u00e5r&#8230;<\/p>\n","protected":false},"author":2,"featured_media":17169,"comment_status":"closed","ping_status":"closed","sticky":false,"template":"","format":"standard","meta":{"footnotes":""},"categories":[38],"tags":[],"class_list":{"0":"post-17168","1":"post","2":"type-post","3":"status-publish","4":"format-standard","5":"has-post-thumbnail","7":"category-nyheter-sv"},"yoast_head":"<!-- This site is optimized with the Yoast SEO plugin v27.5 - https:\/\/yoast.com\/product\/yoast-seo-wordpress\/ -->\n<title>Delegationen diskuterade vid h\u00f6stm\u00f6tet ett Kolneutralt \u00c5bo och godk\u00e4nde stiftelsens verksamhetsplan och budget f\u00f6r 2020 | TYS | Turun Ylioppilaskyl\u00e4s\u00e4\u00e4ti\u00f6<\/title>\n<meta name=\"robots\" content=\"index, follow, max-snippet:-1, max-image-preview:large, max-video-preview:-1\" \/>\n<link rel=\"canonical\" href=\"https:\/\/tys.fi\/sv\/valtuuskunnan-syyskokouksessa-keskusteltiin-hiilineutraalista-turusta-ja-hyvaksyttiin-tysn-vuoden-2020-toimintasuunnitelma-seka-talousarvio\" \/>\n<meta property=\"og:locale\" content=\"sv_SE\" \/>\n<meta property=\"og:type\" content=\"article\" \/>\n<meta property=\"og:title\" content=\"Delegationen diskuterade vid h\u00f6stm\u00f6tet ett Kolneutralt \u00c5bo och godk\u00e4nde stiftelsens verksamhetsplan och budget f\u00f6r 2020 | TYS | Turun Ylioppilaskyl\u00e4s\u00e4\u00e4ti\u00f6\" \/>\n<meta property=\"og:description\" content=\"Delegationen f\u00f6r Studentbystiftelsen i \u00c5bo (TYS) sammantr\u00e4dde den 25 november till h\u00f6stm\u00f6te. I delegationen ing\u00e5r...\" \/>\n<meta property=\"og:url\" content=\"https:\/\/tys.fi\/sv\/valtuuskunnan-syyskokouksessa-keskusteltiin-hiilineutraalista-turusta-ja-hyvaksyttiin-tysn-vuoden-2020-toimintasuunnitelma-seka-talousarvio\" \/>\n<meta property=\"og:site_name\" content=\"Turun Ylioppilaskyl&auml;s&auml;&auml;ti&ouml;\" \/>\n<meta property=\"article:publisher\" content=\"https:\/\/www.facebook.com\/tysturku\/\" \/>\n<meta property=\"article:published_time\" content=\"2019-11-28T14:28:42+00:00\" \/>\n<meta property=\"article:modified_time\" content=\"2019-11-28T14:30:41+00:00\" \/>\n<meta property=\"og:image\" content=\"https:\/\/tys.fi\/wp-content\/uploads\/2019\/11\/valtuuskunta1-scaled.jpg\" \/>\n\t<meta property=\"og:image:width\" content=\"2048\" \/>\n\t<meta property=\"og:image:height\" content=\"1536\" \/>\n\t<meta property=\"og:image:type\" content=\"image\/jpeg\" \/>\n<meta name=\"author\" content=\"Marja Aapalahti\" \/>\n<meta name=\"twitter:card\" content=\"summary_large_image\" \/>\n<meta name=\"twitter:creator\" content=\"@tysturku\" \/>\n<meta name=\"twitter:site\" content=\"@tysturku\" \/>\n<meta name=\"twitter:label1\" content=\"Skriven av\" \/>\n\t<meta name=\"twitter:data1\" content=\"Marja Aapalahti\" \/>\n\t<meta name=\"twitter:label2\" content=\"Ber\u00e4knad l\u00e4stid\" \/>\n\t<meta name=\"twitter:data2\" content=\"1 minut\" \/>\n<script type=\"application\/ld+json\" class=\"yoast-schema-graph\">{\"@context\":\"https:\\\/\\\/schema.org\",\"@graph\":[{\"@type\":\"Article\",\"@id\":\"https:\\\/\\\/tys.fi\\\/sv\\\/valtuuskunnan-syyskokouksessa-keskusteltiin-hiilineutraalista-turusta-ja-hyvaksyttiin-tysn-vuoden-2020-toimintasuunnitelma-seka-talousarvio#article\",\"isPartOf\":{\"@id\":\"https:\\\/\\\/tys.fi\\\/sv\\\/valtuuskunnan-syyskokouksessa-keskusteltiin-hiilineutraalista-turusta-ja-hyvaksyttiin-tysn-vuoden-2020-toimintasuunnitelma-seka-talousarvio\"},\"author\":{\"name\":\"Marja Aapalahti\",\"@id\":\"https:\\\/\\\/tys.fi\\\/#\\\/schema\\\/person\\\/c1f87ee6d97815ab24d89b5ad67f8718\"},\"headline\":\"Delegationen diskuterade vid h\u00f6stm\u00f6tet ett Kolneutralt \u00c5bo och godk\u00e4nde stiftelsens verksamhetsplan och budget f\u00f6r 2020\",\"datePublished\":\"2019-11-28T14:28:42+00:00\",\"dateModified\":\"2019-11-28T14:30:41+00:00\",\"mainEntityOfPage\":{\"@id\":\"https:\\\/\\\/tys.fi\\\/sv\\\/valtuuskunnan-syyskokouksessa-keskusteltiin-hiilineutraalista-turusta-ja-hyvaksyttiin-tysn-vuoden-2020-toimintasuunnitelma-seka-talousarvio\"},\"wordCount\":212,\"publisher\":{\"@id\":\"https:\\\/\\\/tys.fi\\\/#organization\"},\"image\":{\"@id\":\"https:\\\/\\\/tys.fi\\\/sv\\\/valtuuskunnan-syyskokouksessa-keskusteltiin-hiilineutraalista-turusta-ja-hyvaksyttiin-tysn-vuoden-2020-toimintasuunnitelma-seka-talousarvio#primaryimage\"},\"thumbnailUrl\":\"https:\\\/\\\/tys.fi\\\/wp-content\\\/uploads\\\/2019\\\/11\\\/valtuuskunta1-scaled.jpg\",\"articleSection\":[\"Nyheter\"],\"inLanguage\":\"sv-SE\"},{\"@type\":\"WebPage\",\"@id\":\"https:\\\/\\\/tys.fi\\\/sv\\\/valtuuskunnan-syyskokouksessa-keskusteltiin-hiilineutraalista-turusta-ja-hyvaksyttiin-tysn-vuoden-2020-toimintasuunnitelma-seka-talousarvio\",\"url\":\"https:\\\/\\\/tys.fi\\\/sv\\\/valtuuskunnan-syyskokouksessa-keskusteltiin-hiilineutraalista-turusta-ja-hyvaksyttiin-tysn-vuoden-2020-toimintasuunnitelma-seka-talousarvio\",\"name\":\"Delegationen diskuterade vid h\u00f6stm\u00f6tet ett Kolneutralt \u00c5bo och godk\u00e4nde stiftelsens verksamhetsplan och budget f\u00f6r 2020 | TYS | Turun Ylioppilaskyl\u00e4s\u00e4\u00e4ti\u00f6\",\"isPartOf\":{\"@id\":\"https:\\\/\\\/tys.fi\\\/#website\"},\"primaryImageOfPage\":{\"@id\":\"https:\\\/\\\/tys.fi\\\/sv\\\/valtuuskunnan-syyskokouksessa-keskusteltiin-hiilineutraalista-turusta-ja-hyvaksyttiin-tysn-vuoden-2020-toimintasuunnitelma-seka-talousarvio#primaryimage\"},\"image\":{\"@id\":\"https:\\\/\\\/tys.fi\\\/sv\\\/valtuuskunnan-syyskokouksessa-keskusteltiin-hiilineutraalista-turusta-ja-hyvaksyttiin-tysn-vuoden-2020-toimintasuunnitelma-seka-talousarvio#primaryimage\"},\"thumbnailUrl\":\"https:\\\/\\\/tys.fi\\\/wp-content\\\/uploads\\\/2019\\\/11\\\/valtuuskunta1-scaled.jpg\",\"datePublished\":\"2019-11-28T14:28:42+00:00\",\"dateModified\":\"2019-11-28T14:30:41+00:00\",\"breadcrumb\":{\"@id\":\"https:\\\/\\\/tys.fi\\\/sv\\\/valtuuskunnan-syyskokouksessa-keskusteltiin-hiilineutraalista-turusta-ja-hyvaksyttiin-tysn-vuoden-2020-toimintasuunnitelma-seka-talousarvio#breadcrumb\"},\"inLanguage\":\"sv-SE\",\"potentialAction\":[{\"@type\":\"ReadAction\",\"target\":[\"https:\\\/\\\/tys.fi\\\/sv\\\/valtuuskunnan-syyskokouksessa-keskusteltiin-hiilineutraalista-turusta-ja-hyvaksyttiin-tysn-vuoden-2020-toimintasuunnitelma-seka-talousarvio\"]}]},{\"@type\":\"ImageObject\",\"inLanguage\":\"sv-SE\",\"@id\":\"https:\\\/\\\/tys.fi\\\/sv\\\/valtuuskunnan-syyskokouksessa-keskusteltiin-hiilineutraalista-turusta-ja-hyvaksyttiin-tysn-vuoden-2020-toimintasuunnitelma-seka-talousarvio#primaryimage\",\"url\":\"https:\\\/\\\/tys.fi\\\/wp-content\\\/uploads\\\/2019\\\/11\\\/valtuuskunta1-scaled.jpg\",\"contentUrl\":\"https:\\\/\\\/tys.fi\\\/wp-content\\\/uploads\\\/2019\\\/11\\\/valtuuskunta1-scaled.jpg\",\"width\":2048,\"height\":1536},{\"@type\":\"BreadcrumbList\",\"@id\":\"https:\\\/\\\/tys.fi\\\/sv\\\/valtuuskunnan-syyskokouksessa-keskusteltiin-hiilineutraalista-turusta-ja-hyvaksyttiin-tysn-vuoden-2020-toimintasuunnitelma-seka-talousarvio#breadcrumb\",\"itemListElement\":[{\"@type\":\"ListItem\",\"position\":1,\"name\":\"Home\",\"item\":\"https:\\\/\\\/tys.fi\\\/sv\"},{\"@type\":\"ListItem\",\"position\":2,\"name\":\"Delegationen diskuterade vid h\u00f6stm\u00f6tet ett Kolneutralt \u00c5bo och godk\u00e4nde stiftelsens verksamhetsplan och budget f\u00f6r 2020\"}]},{\"@type\":\"WebSite\",\"@id\":\"https:\\\/\\\/tys.fi\\\/#website\",\"url\":\"https:\\\/\\\/tys.fi\\\/\",\"name\":\"Turun Ylioppilaskyl\u00e4s\u00e4\u00e4ti\u00f6\",\"description\":\"Vuokra-asunnot Turku\",\"publisher\":{\"@id\":\"https:\\\/\\\/tys.fi\\\/#organization\"},\"potentialAction\":[{\"@type\":\"SearchAction\",\"target\":{\"@type\":\"EntryPoint\",\"urlTemplate\":\"https:\\\/\\\/tys.fi\\\/?s={search_term_string}\"},\"query-input\":{\"@type\":\"PropertyValueSpecification\",\"valueRequired\":true,\"valueName\":\"search_term_string\"}}],\"inLanguage\":\"sv-SE\"},{\"@type\":\"Organization\",\"@id\":\"https:\\\/\\\/tys.fi\\\/#organization\",\"name\":\"TYS\",\"url\":\"https:\\\/\\\/tys.fi\\\/\",\"logo\":{\"@type\":\"ImageObject\",\"inLanguage\":\"sv-SE\",\"@id\":\"https:\\\/\\\/tys.fi\\\/#\\\/schema\\\/logo\\\/image\\\/\",\"url\":\"https:\\\/\\\/tys.fi\\\/wp-content\\\/uploads\\\/2019\\\/03\\\/TYS-Logo_Green_500px.png\",\"contentUrl\":\"https:\\\/\\\/tys.fi\\\/wp-content\\\/uploads\\\/2019\\\/03\\\/TYS-Logo_Green_500px.png\",\"width\":500,\"height\":232,\"caption\":\"TYS\"},\"image\":{\"@id\":\"https:\\\/\\\/tys.fi\\\/#\\\/schema\\\/logo\\\/image\\\/\"},\"sameAs\":[\"https:\\\/\\\/www.facebook.com\\\/tysturku\\\/\",\"https:\\\/\\\/x.com\\\/tysturku\",\"https:\\\/\\\/www.instagram.com\\\/tysturku\\\/\",\"https:\\\/\\\/www.linkedin.com\\\/company\\\/tysturku\\\/\",\"https:\\\/\\\/www.youtube.com\\\/channel\\\/UCjKOs8BOiY0SORCB0WWixlw?view_as=subscriber\",\"https:\\\/\\\/fi.wikipedia.org\\\/wiki\\\/Turun_ylioppilaskyl\u00e4s\u00e4\u00e4ti\u00f6\"]},{\"@type\":\"Person\",\"@id\":\"https:\\\/\\\/tys.fi\\\/#\\\/schema\\\/person\\\/c1f87ee6d97815ab24d89b5ad67f8718\",\"name\":\"Marja Aapalahti\",\"url\":\"https:\\\/\\\/tys.fi\\\/sv\\\/author\\\/marja\"}]}<\/script>\n<!-- \/ Yoast SEO plugin. -->","yoast_head_json":{"title":"Delegationen diskuterade vid h\u00f6stm\u00f6tet ett Kolneutralt \u00c5bo och godk\u00e4nde stiftelsens verksamhetsplan och budget f\u00f6r 2020 | TYS | Turun Ylioppilaskyl\u00e4s\u00e4\u00e4ti\u00f6","robots":{"index":"index","follow":"follow","max-snippet":"max-snippet:-1","max-image-preview":"max-image-preview:large","max-video-preview":"max-video-preview:-1"},"canonical":"https:\/\/tys.fi\/sv\/valtuuskunnan-syyskokouksessa-keskusteltiin-hiilineutraalista-turusta-ja-hyvaksyttiin-tysn-vuoden-2020-toimintasuunnitelma-seka-talousarvio","og_locale":"sv_SE","og_type":"article","og_title":"Delegationen diskuterade vid h\u00f6stm\u00f6tet ett Kolneutralt \u00c5bo och godk\u00e4nde stiftelsens verksamhetsplan och budget f\u00f6r 2020 | TYS | Turun Ylioppilaskyl\u00e4s\u00e4\u00e4ti\u00f6","og_description":"Delegationen f\u00f6r Studentbystiftelsen i \u00c5bo (TYS) sammantr\u00e4dde den 25 november till h\u00f6stm\u00f6te. I delegationen ing\u00e5r...","og_url":"https:\/\/tys.fi\/sv\/valtuuskunnan-syyskokouksessa-keskusteltiin-hiilineutraalista-turusta-ja-hyvaksyttiin-tysn-vuoden-2020-toimintasuunnitelma-seka-talousarvio","og_site_name":"Turun Ylioppilaskyl&auml;s&auml;&auml;ti&ouml;","article_publisher":"https:\/\/www.facebook.com\/tysturku\/","article_published_time":"2019-11-28T14:28:42+00:00","article_modified_time":"2019-11-28T14:30:41+00:00","og_image":[{"width":2048,"height":1536,"url":"https:\/\/tys.fi\/wp-content\/uploads\/2019\/11\/valtuuskunta1-scaled.jpg","type":"image\/jpeg"}],"author":"Marja Aapalahti","twitter_card":"summary_large_image","twitter_creator":"@tysturku","twitter_site":"@tysturku","twitter_misc":{"Skriven av":"Marja Aapalahti","Ber\u00e4knad l\u00e4stid":"1 minut"},"schema":{"@context":"https:\/\/schema.org","@graph":[{"@type":"Article","@id":"https:\/\/tys.fi\/sv\/valtuuskunnan-syyskokouksessa-keskusteltiin-hiilineutraalista-turusta-ja-hyvaksyttiin-tysn-vuoden-2020-toimintasuunnitelma-seka-talousarvio#article","isPartOf":{"@id":"https:\/\/tys.fi\/sv\/valtuuskunnan-syyskokouksessa-keskusteltiin-hiilineutraalista-turusta-ja-hyvaksyttiin-tysn-vuoden-2020-toimintasuunnitelma-seka-talousarvio"},"author":{"name":"Marja Aapalahti","@id":"https:\/\/tys.fi\/#\/schema\/person\/c1f87ee6d97815ab24d89b5ad67f8718"},"headline":"Delegationen diskuterade vid h\u00f6stm\u00f6tet ett Kolneutralt \u00c5bo och godk\u00e4nde stiftelsens verksamhetsplan och budget f\u00f6r 2020","datePublished":"2019-11-28T14:28:42+00:00","dateModified":"2019-11-28T14:30:41+00:00","mainEntityOfPage":{"@id":"https:\/\/tys.fi\/sv\/valtuuskunnan-syyskokouksessa-keskusteltiin-hiilineutraalista-turusta-ja-hyvaksyttiin-tysn-vuoden-2020-toimintasuunnitelma-seka-talousarvio"},"wordCount":212,"publisher":{"@id":"https:\/\/tys.fi\/#organization"},"image":{"@id":"https:\/\/tys.fi\/sv\/valtuuskunnan-syyskokouksessa-keskusteltiin-hiilineutraalista-turusta-ja-hyvaksyttiin-tysn-vuoden-2020-toimintasuunnitelma-seka-talousarvio#primaryimage"},"thumbnailUrl":"https:\/\/tys.fi\/wp-content\/uploads\/2019\/11\/valtuuskunta1-scaled.jpg","articleSection":["Nyheter"],"inLanguage":"sv-SE"},{"@type":"WebPage","@id":"https:\/\/tys.fi\/sv\/valtuuskunnan-syyskokouksessa-keskusteltiin-hiilineutraalista-turusta-ja-hyvaksyttiin-tysn-vuoden-2020-toimintasuunnitelma-seka-talousarvio","url":"https:\/\/tys.fi\/sv\/valtuuskunnan-syyskokouksessa-keskusteltiin-hiilineutraalista-turusta-ja-hyvaksyttiin-tysn-vuoden-2020-toimintasuunnitelma-seka-talousarvio","name":"Delegationen diskuterade vid h\u00f6stm\u00f6tet ett Kolneutralt \u00c5bo och godk\u00e4nde stiftelsens verksamhetsplan och budget f\u00f6r 2020 | TYS | Turun Ylioppilaskyl\u00e4s\u00e4\u00e4ti\u00f6","isPartOf":{"@id":"https:\/\/tys.fi\/#website"},"primaryImageOfPage":{"@id":"https:\/\/tys.fi\/sv\/valtuuskunnan-syyskokouksessa-keskusteltiin-hiilineutraalista-turusta-ja-hyvaksyttiin-tysn-vuoden-2020-toimintasuunnitelma-seka-talousarvio#primaryimage"},"image":{"@id":"https:\/\/tys.fi\/sv\/valtuuskunnan-syyskokouksessa-keskusteltiin-hiilineutraalista-turusta-ja-hyvaksyttiin-tysn-vuoden-2020-toimintasuunnitelma-seka-talousarvio#primaryimage"},"thumbnailUrl":"https:\/\/tys.fi\/wp-content\/uploads\/2019\/11\/valtuuskunta1-scaled.jpg","datePublished":"2019-11-28T14:28:42+00:00","dateModified":"2019-11-28T14:30:41+00:00","breadcrumb":{"@id":"https:\/\/tys.fi\/sv\/valtuuskunnan-syyskokouksessa-keskusteltiin-hiilineutraalista-turusta-ja-hyvaksyttiin-tysn-vuoden-2020-toimintasuunnitelma-seka-talousarvio#breadcrumb"},"inLanguage":"sv-SE","potentialAction":[{"@type":"ReadAction","target":["https:\/\/tys.fi\/sv\/valtuuskunnan-syyskokouksessa-keskusteltiin-hiilineutraalista-turusta-ja-hyvaksyttiin-tysn-vuoden-2020-toimintasuunnitelma-seka-talousarvio"]}]},{"@type":"ImageObject","inLanguage":"sv-SE","@id":"https:\/\/tys.fi\/sv\/valtuuskunnan-syyskokouksessa-keskusteltiin-hiilineutraalista-turusta-ja-hyvaksyttiin-tysn-vuoden-2020-toimintasuunnitelma-seka-talousarvio#primaryimage","url":"https:\/\/tys.fi\/wp-content\/uploads\/2019\/11\/valtuuskunta1-scaled.jpg","contentUrl":"https:\/\/tys.fi\/wp-content\/uploads\/2019\/11\/valtuuskunta1-scaled.jpg","width":2048,"height":1536},{"@type":"BreadcrumbList","@id":"https:\/\/tys.fi\/sv\/valtuuskunnan-syyskokouksessa-keskusteltiin-hiilineutraalista-turusta-ja-hyvaksyttiin-tysn-vuoden-2020-toimintasuunnitelma-seka-talousarvio#breadcrumb","itemListElement":[{"@type":"ListItem","position":1,"name":"Home","item":"https:\/\/tys.fi\/sv"},{"@type":"ListItem","position":2,"name":"Delegationen diskuterade vid h\u00f6stm\u00f6tet ett Kolneutralt \u00c5bo och godk\u00e4nde stiftelsens verksamhetsplan och budget f\u00f6r 2020"}]},{"@type":"WebSite","@id":"https:\/\/tys.fi\/#website","url":"https:\/\/tys.fi\/","name":"Turun Ylioppilaskyl\u00e4s\u00e4\u00e4ti\u00f6","description":"Vuokra-asunnot Turku","publisher":{"@id":"https:\/\/tys.fi\/#organization"},"potentialAction":[{"@type":"SearchAction","target":{"@type":"EntryPoint","urlTemplate":"https:\/\/tys.fi\/?s={search_term_string}"},"query-input":{"@type":"PropertyValueSpecification","valueRequired":true,"valueName":"search_term_string"}}],"inLanguage":"sv-SE"},{"@type":"Organization","@id":"https:\/\/tys.fi\/#organization","name":"TYS","url":"https:\/\/tys.fi\/","logo":{"@type":"ImageObject","inLanguage":"sv-SE","@id":"https:\/\/tys.fi\/#\/schema\/logo\/image\/","url":"https:\/\/tys.fi\/wp-content\/uploads\/2019\/03\/TYS-Logo_Green_500px.png","contentUrl":"https:\/\/tys.fi\/wp-content\/uploads\/2019\/03\/TYS-Logo_Green_500px.png","width":500,"height":232,"caption":"TYS"},"image":{"@id":"https:\/\/tys.fi\/#\/schema\/logo\/image\/"},"sameAs":["https:\/\/www.facebook.com\/tysturku\/","https:\/\/x.com\/tysturku","https:\/\/www.instagram.com\/tysturku\/","https:\/\/www.linkedin.com\/company\/tysturku\/","https:\/\/www.youtube.com\/channel\/UCjKOs8BOiY0SORCB0WWixlw?view_as=subscriber","https:\/\/fi.wikipedia.org\/wiki\/Turun_ylioppilaskyl\u00e4s\u00e4\u00e4ti\u00f6"]},{"@type":"Person","@id":"https:\/\/tys.fi\/#\/schema\/person\/c1f87ee6d97815ab24d89b5ad67f8718","name":"Marja Aapalahti","url":"https:\/\/tys.fi\/sv\/author\/marja"}]}},"_links":{"self":[{"href":"https:\/\/tys.fi\/sv\/wp-json\/wp\/v2\/posts\/17168","targetHints":{"allow":["GET"]}}],"collection":[{"href":"https:\/\/tys.fi\/sv\/wp-json\/wp\/v2\/posts"}],"about":[{"href":"https:\/\/tys.fi\/sv\/wp-json\/wp\/v2\/types\/post"}],"author":[{"embeddable":true,"href":"https:\/\/tys.fi\/sv\/wp-json\/wp\/v2\/users\/2"}],"replies":[{"embeddable":true,"href":"https:\/\/tys.fi\/sv\/wp-json\/wp\/v2\/comments?post=17168"}],"version-history":[{"count":2,"href":"https:\/\/tys.fi\/sv\/wp-json\/wp\/v2\/posts\/17168\/revisions"}],"predecessor-version":[{"id":17180,"href":"https:\/\/tys.fi\/sv\/wp-json\/wp\/v2\/posts\/17168\/revisions\/17180"}],"wp:featuredmedia":[{"embeddable":true,"href":"https:\/\/tys.fi\/sv\/wp-json\/wp\/v2\/media\/17169"}],"wp:attachment":[{"href":"https:\/\/tys.fi\/sv\/wp-json\/wp\/v2\/media?parent=17168"}],"wp:term":[{"taxonomy":"category","embeddable":true,"href":"https:\/\/tys.fi\/sv\/wp-json\/wp\/v2\/categories?post=17168"},{"taxonomy":"post_tag","embeddable":true,"href":"https:\/\/tys.fi\/sv\/wp-json\/wp\/v2\/tags?post=17168"}],"curies":[{"name":"wp","href":"https:\/\/api.w.org\/{rel}","templated":true}]}}