{"id":17020,"date":"2019-11-01T10:53:44","date_gmt":"2019-11-01T08:53:44","guid":{"rendered":"https:\/\/tys.fi\/kuunsillan-remontoitujen-asuntojen-asuntohaku-on-alkanut-uudet-asukkaat-paasevat-muuttamaan-asuntoihin-1-helmikuuta-2020"},"modified":"2019-11-01T11:10:20","modified_gmt":"2019-11-01T09:10:20","slug":"kuunsillan-remontoitujen-asuntojen-asuntohaku-on-alkanut-uudet-asukkaat-paasevat-muuttamaan-asuntoihin-1-helmikuuta-2020","status":"publish","type":"post","link":"https:\/\/tys.fi\/sv\/kuunsillan-remontoitujen-asuntojen-asuntohaku-on-alkanut-uudet-asukkaat-paasevat-muuttamaan-asuntoihin-1-helmikuuta-2020","title":{"rendered":"Bostadsans\u00f6kan f\u00f6r de renoverade bost\u00e4derna vid Kuunsilta har b\u00f6rjat! De nya hyresg\u00e4sterna kan flytta in i bost\u00e4derna 1 februari 2020"},"content":{"rendered":"<p><img loading=\"lazy\" decoding=\"async\" class=\"alignleft wp-image-17004\" src=\"https:\/\/tys.fi\/wp-content\/uploads\/2019\/11\/B5A.jpg\" alt=\"\" width=\"350\" height=\"495\" srcset=\"https:\/\/tys.fi\/wp-content\/uploads\/2019\/11\/B5A.jpg 1448w, https:\/\/tys.fi\/wp-content\/uploads\/2019\/11\/B5A-212x300.jpg 212w, https:\/\/tys.fi\/wp-content\/uploads\/2019\/11\/B5A-768x1086.jpg 768w, https:\/\/tys.fi\/wp-content\/uploads\/2019\/11\/B5A-724x1024.jpg 724w\" sizes=\"auto, (max-width: 350px) 100vw, 350px\" \/><\/p>\n<p>TYS startade renoveringen av A, B, C, D och E-trapporna vid bostadsobjektet Kuunsilta i b\u00f6rjan av juli. Objektet omfattar efter renoveringen 42 helrenoverade bost\u00e4der, varav sex \u00e4r tv\u00e5or och resten ettor. De nya hyresg\u00e4sterna kan flytta in i bost\u00e4derna 1 februari.<\/p>\n<p>Ans\u00f6kan till bost\u00e4derna har startat och alla bost\u00e4der och planer finns i <a href=\"http:\/\/asuntohaku.tys.fi\/Kohde\/?id=245735\">bostadss\u00f6kningen<\/a> p\u00e5 TYS webbsidan. Man kan ans\u00f6ka om bost\u00e4der via TYS-webbsidan genom att fylla i en bostadsans\u00f6kan och v\u00e4lja \u00f6nskade Kuunsilta bostadstyp f\u00f6r sin ans\u00f6kan.<\/p>\n<p>En fj\u00e4rdedel av bost\u00e4derna har reserverats f\u00f6r hyresg\u00e4ster som redan bor hos TYS. TYS hyresg\u00e4ster kan ans\u00f6ka om bostad genom att fylla i ans\u00f6kan f\u00f6r intern flytt. Hyresg\u00e4ster som redan har en g\u00e4llande ans\u00f6kan i systemet kan l\u00e4gga till \u00f6nskad bostadstyp vid Kuunsilta i sin ans\u00f6kan.<\/p>\n<p>Ingen garanti kr\u00e4vs f\u00f6r nya hyresavtal som g\u00f6rs f\u00f6r bost\u00e4derna, eftersom TYS ska starta ett pilotprojekt f\u00f6r att slopa garantiavgifterna n\u00e4sta \u00e5r. Av personer med betalningsanm\u00e4rkning kr\u00e4vs fortfarande en garantiavgift som motsvarar tre m\u00e5naders hyra.<\/p>\n<p><img loading=\"lazy\" decoding=\"async\" class=\"wp-image-17010 alignleft\" src=\"https:\/\/tys.fi\/wp-content\/uploads\/2019\/11\/D15-724x1024.jpg\" alt=\"\" width=\"350\" height=\"495\" srcset=\"https:\/\/tys.fi\/wp-content\/uploads\/2019\/11\/D15-724x1024.jpg 724w, https:\/\/tys.fi\/wp-content\/uploads\/2019\/11\/D15-212x300.jpg 212w, https:\/\/tys.fi\/wp-content\/uploads\/2019\/11\/D15-768x1086.jpg 768w, https:\/\/tys.fi\/wp-content\/uploads\/2019\/11\/D15.jpg 1448w\" sizes=\"auto, (max-width: 350px) 100vw, 350px\" \/><img loading=\"lazy\" decoding=\"async\" class=\"wp-image-17007 alignright\" src=\"https:\/\/tys.fi\/wp-content\/uploads\/2019\/11\/B5B.jpg\" alt=\"\" width=\"350\" height=\"495\" srcset=\"https:\/\/tys.fi\/wp-content\/uploads\/2019\/11\/B5B.jpg 1448w, https:\/\/tys.fi\/wp-content\/uploads\/2019\/11\/B5B-212x300.jpg 212w, https:\/\/tys.fi\/wp-content\/uploads\/2019\/11\/B5B-768x1086.jpg 768w, https:\/\/tys.fi\/wp-content\/uploads\/2019\/11\/B5B-724x1024.jpg 724w\" sizes=\"auto, (max-width: 350px) 100vw, 350px\" \/><\/p>\n<p><img loading=\"lazy\" decoding=\"async\" class=\"wp-image-17001 aligncenter\" src=\"https:\/\/tys.fi\/wp-content\/uploads\/2019\/11\/A1-724x1024.jpg\" alt=\"\" width=\"400\" height=\"566\" srcset=\"https:\/\/tys.fi\/wp-content\/uploads\/2019\/11\/A1-724x1024.jpg 724w, https:\/\/tys.fi\/wp-content\/uploads\/2019\/11\/A1-212x300.jpg 212w, https:\/\/tys.fi\/wp-content\/uploads\/2019\/11\/A1-768x1086.jpg 768w, https:\/\/tys.fi\/wp-content\/uploads\/2019\/11\/A1.jpg 1448w\" sizes=\"auto, (max-width: 400px) 100vw, 400px\" \/><\/p>\n","protected":false},"excerpt":{"rendered":"<p>TYS startade renoveringen av A, B, C, D och E-trapporna vid bostadsobjektet Kuunsilta i b\u00f6rjan&#8230;<\/p>\n","protected":false},"author":2,"featured_media":17006,"comment_status":"closed","ping_status":"closed","sticky":false,"template":"","format":"standard","meta":{"footnotes":""},"categories":[38],"tags":[],"class_list":{"0":"post-17020","1":"post","2":"type-post","3":"status-publish","4":"format-standard","5":"has-post-thumbnail","7":"category-nyheter-sv"},"yoast_head":"<!-- This site is optimized with the Yoast SEO plugin v27.5 - https:\/\/yoast.com\/product\/yoast-seo-wordpress\/ -->\n<title>Bostadsans\u00f6kan f\u00f6r de renoverade bost\u00e4derna vid Kuunsilta har b\u00f6rjat! De nya hyresg\u00e4sterna kan flytta in i bost\u00e4derna 1 februari 2020 | TYS | Turun Ylioppilaskyl\u00e4s\u00e4\u00e4ti\u00f6<\/title>\n<meta name=\"robots\" content=\"index, follow, max-snippet:-1, max-image-preview:large, max-video-preview:-1\" \/>\n<link rel=\"canonical\" href=\"https:\/\/tys.fi\/sv\/kuunsillan-remontoitujen-asuntojen-asuntohaku-on-alkanut-uudet-asukkaat-paasevat-muuttamaan-asuntoihin-1-helmikuuta-2020\" \/>\n<meta property=\"og:locale\" content=\"sv_SE\" \/>\n<meta property=\"og:type\" content=\"article\" \/>\n<meta property=\"og:title\" content=\"Bostadsans\u00f6kan f\u00f6r de renoverade bost\u00e4derna vid Kuunsilta har b\u00f6rjat! De nya hyresg\u00e4sterna kan flytta in i bost\u00e4derna 1 februari 2020 | TYS | Turun Ylioppilaskyl\u00e4s\u00e4\u00e4ti\u00f6\" \/>\n<meta property=\"og:description\" content=\"TYS startade renoveringen av A, B, C, D och E-trapporna vid bostadsobjektet Kuunsilta i b\u00f6rjan...\" \/>\n<meta property=\"og:url\" content=\"https:\/\/tys.fi\/sv\/kuunsillan-remontoitujen-asuntojen-asuntohaku-on-alkanut-uudet-asukkaat-paasevat-muuttamaan-asuntoihin-1-helmikuuta-2020\" \/>\n<meta property=\"og:site_name\" content=\"Turun Ylioppilaskyl&auml;s&auml;&auml;ti&ouml;\" \/>\n<meta property=\"article:publisher\" content=\"https:\/\/www.facebook.com\/tysturku\/\" \/>\n<meta property=\"article:published_time\" content=\"2019-11-01T08:53:44+00:00\" \/>\n<meta property=\"article:modified_time\" content=\"2019-11-01T09:10:20+00:00\" \/>\n<meta property=\"og:image\" content=\"https:\/\/tys.fi\/wp-content\/uploads\/2019\/11\/B5A.jpg\" \/>\n\t<meta property=\"og:image:width\" content=\"2480\" \/>\n\t<meta property=\"og:image:height\" content=\"3508\" \/>\n\t<meta property=\"og:image:type\" content=\"image\/jpeg\" \/>\n<meta name=\"author\" content=\"Marja Aapalahti\" \/>\n<meta name=\"twitter:card\" content=\"summary_large_image\" \/>\n<meta name=\"twitter:creator\" content=\"@tysturku\" \/>\n<meta name=\"twitter:site\" content=\"@tysturku\" \/>\n<meta name=\"twitter:label1\" content=\"Skriven av\" \/>\n\t<meta name=\"twitter:data1\" content=\"Marja Aapalahti\" \/>\n\t<meta name=\"twitter:label2\" content=\"Ber\u00e4knad l\u00e4stid\" \/>\n\t<meta name=\"twitter:data2\" content=\"1 minut\" \/>\n<script type=\"application\/ld+json\" class=\"yoast-schema-graph\">{\"@context\":\"https:\\\/\\\/schema.org\",\"@graph\":[{\"@type\":\"Article\",\"@id\":\"https:\\\/\\\/tys.fi\\\/sv\\\/kuunsillan-remontoitujen-asuntojen-asuntohaku-on-alkanut-uudet-asukkaat-paasevat-muuttamaan-asuntoihin-1-helmikuuta-2020#article\",\"isPartOf\":{\"@id\":\"https:\\\/\\\/tys.fi\\\/sv\\\/kuunsillan-remontoitujen-asuntojen-asuntohaku-on-alkanut-uudet-asukkaat-paasevat-muuttamaan-asuntoihin-1-helmikuuta-2020\"},\"author\":{\"name\":\"Marja Aapalahti\",\"@id\":\"https:\\\/\\\/tys.fi\\\/#\\\/schema\\\/person\\\/c1f87ee6d97815ab24d89b5ad67f8718\"},\"headline\":\"Bostadsans\u00f6kan f\u00f6r de renoverade bost\u00e4derna vid Kuunsilta har b\u00f6rjat! De nya hyresg\u00e4sterna kan flytta in i bost\u00e4derna 1 februari 2020\",\"datePublished\":\"2019-11-01T08:53:44+00:00\",\"dateModified\":\"2019-11-01T09:10:20+00:00\",\"mainEntityOfPage\":{\"@id\":\"https:\\\/\\\/tys.fi\\\/sv\\\/kuunsillan-remontoitujen-asuntojen-asuntohaku-on-alkanut-uudet-asukkaat-paasevat-muuttamaan-asuntoihin-1-helmikuuta-2020\"},\"wordCount\":219,\"publisher\":{\"@id\":\"https:\\\/\\\/tys.fi\\\/#organization\"},\"image\":{\"@id\":\"https:\\\/\\\/tys.fi\\\/sv\\\/kuunsillan-remontoitujen-asuntojen-asuntohaku-on-alkanut-uudet-asukkaat-paasevat-muuttamaan-asuntoihin-1-helmikuuta-2020#primaryimage\"},\"thumbnailUrl\":\"https:\\\/\\\/tys.fi\\\/wp-content\\\/uploads\\\/2019\\\/11\\\/B5A.jpg\",\"articleSection\":[\"Nyheter\"],\"inLanguage\":\"sv-SE\"},{\"@type\":\"WebPage\",\"@id\":\"https:\\\/\\\/tys.fi\\\/sv\\\/kuunsillan-remontoitujen-asuntojen-asuntohaku-on-alkanut-uudet-asukkaat-paasevat-muuttamaan-asuntoihin-1-helmikuuta-2020\",\"url\":\"https:\\\/\\\/tys.fi\\\/sv\\\/kuunsillan-remontoitujen-asuntojen-asuntohaku-on-alkanut-uudet-asukkaat-paasevat-muuttamaan-asuntoihin-1-helmikuuta-2020\",\"name\":\"Bostadsans\u00f6kan f\u00f6r de renoverade bost\u00e4derna vid Kuunsilta har b\u00f6rjat! De nya hyresg\u00e4sterna kan flytta in i bost\u00e4derna 1 februari 2020 | TYS | Turun Ylioppilaskyl\u00e4s\u00e4\u00e4ti\u00f6\",\"isPartOf\":{\"@id\":\"https:\\\/\\\/tys.fi\\\/#website\"},\"primaryImageOfPage\":{\"@id\":\"https:\\\/\\\/tys.fi\\\/sv\\\/kuunsillan-remontoitujen-asuntojen-asuntohaku-on-alkanut-uudet-asukkaat-paasevat-muuttamaan-asuntoihin-1-helmikuuta-2020#primaryimage\"},\"image\":{\"@id\":\"https:\\\/\\\/tys.fi\\\/sv\\\/kuunsillan-remontoitujen-asuntojen-asuntohaku-on-alkanut-uudet-asukkaat-paasevat-muuttamaan-asuntoihin-1-helmikuuta-2020#primaryimage\"},\"thumbnailUrl\":\"https:\\\/\\\/tys.fi\\\/wp-content\\\/uploads\\\/2019\\\/11\\\/B5A.jpg\",\"datePublished\":\"2019-11-01T08:53:44+00:00\",\"dateModified\":\"2019-11-01T09:10:20+00:00\",\"breadcrumb\":{\"@id\":\"https:\\\/\\\/tys.fi\\\/sv\\\/kuunsillan-remontoitujen-asuntojen-asuntohaku-on-alkanut-uudet-asukkaat-paasevat-muuttamaan-asuntoihin-1-helmikuuta-2020#breadcrumb\"},\"inLanguage\":\"sv-SE\",\"potentialAction\":[{\"@type\":\"ReadAction\",\"target\":[\"https:\\\/\\\/tys.fi\\\/sv\\\/kuunsillan-remontoitujen-asuntojen-asuntohaku-on-alkanut-uudet-asukkaat-paasevat-muuttamaan-asuntoihin-1-helmikuuta-2020\"]}]},{\"@type\":\"ImageObject\",\"inLanguage\":\"sv-SE\",\"@id\":\"https:\\\/\\\/tys.fi\\\/sv\\\/kuunsillan-remontoitujen-asuntojen-asuntohaku-on-alkanut-uudet-asukkaat-paasevat-muuttamaan-asuntoihin-1-helmikuuta-2020#primaryimage\",\"url\":\"https:\\\/\\\/tys.fi\\\/wp-content\\\/uploads\\\/2019\\\/11\\\/B5A.jpg\",\"contentUrl\":\"https:\\\/\\\/tys.fi\\\/wp-content\\\/uploads\\\/2019\\\/11\\\/B5A.jpg\",\"width\":2480,\"height\":3508},{\"@type\":\"BreadcrumbList\",\"@id\":\"https:\\\/\\\/tys.fi\\\/sv\\\/kuunsillan-remontoitujen-asuntojen-asuntohaku-on-alkanut-uudet-asukkaat-paasevat-muuttamaan-asuntoihin-1-helmikuuta-2020#breadcrumb\",\"itemListElement\":[{\"@type\":\"ListItem\",\"position\":1,\"name\":\"Home\",\"item\":\"https:\\\/\\\/tys.fi\\\/sv\"},{\"@type\":\"ListItem\",\"position\":2,\"name\":\"Bostadsans\u00f6kan f\u00f6r de renoverade bost\u00e4derna vid Kuunsilta har b\u00f6rjat! De nya hyresg\u00e4sterna kan flytta in i bost\u00e4derna 1 februari 2020\"}]},{\"@type\":\"WebSite\",\"@id\":\"https:\\\/\\\/tys.fi\\\/#website\",\"url\":\"https:\\\/\\\/tys.fi\\\/\",\"name\":\"Turun Ylioppilaskyl\u00e4s\u00e4\u00e4ti\u00f6\",\"description\":\"Vuokra-asunnot Turku\",\"publisher\":{\"@id\":\"https:\\\/\\\/tys.fi\\\/#organization\"},\"potentialAction\":[{\"@type\":\"SearchAction\",\"target\":{\"@type\":\"EntryPoint\",\"urlTemplate\":\"https:\\\/\\\/tys.fi\\\/?s={search_term_string}\"},\"query-input\":{\"@type\":\"PropertyValueSpecification\",\"valueRequired\":true,\"valueName\":\"search_term_string\"}}],\"inLanguage\":\"sv-SE\"},{\"@type\":\"Organization\",\"@id\":\"https:\\\/\\\/tys.fi\\\/#organization\",\"name\":\"TYS\",\"url\":\"https:\\\/\\\/tys.fi\\\/\",\"logo\":{\"@type\":\"ImageObject\",\"inLanguage\":\"sv-SE\",\"@id\":\"https:\\\/\\\/tys.fi\\\/#\\\/schema\\\/logo\\\/image\\\/\",\"url\":\"https:\\\/\\\/tys.fi\\\/wp-content\\\/uploads\\\/2019\\\/03\\\/TYS-Logo_Green_500px.png\",\"contentUrl\":\"https:\\\/\\\/tys.fi\\\/wp-content\\\/uploads\\\/2019\\\/03\\\/TYS-Logo_Green_500px.png\",\"width\":500,\"height\":232,\"caption\":\"TYS\"},\"image\":{\"@id\":\"https:\\\/\\\/tys.fi\\\/#\\\/schema\\\/logo\\\/image\\\/\"},\"sameAs\":[\"https:\\\/\\\/www.facebook.com\\\/tysturku\\\/\",\"https:\\\/\\\/x.com\\\/tysturku\",\"https:\\\/\\\/www.instagram.com\\\/tysturku\\\/\",\"https:\\\/\\\/www.linkedin.com\\\/company\\\/tysturku\\\/\",\"https:\\\/\\\/www.youtube.com\\\/channel\\\/UCjKOs8BOiY0SORCB0WWixlw?view_as=subscriber\",\"https:\\\/\\\/fi.wikipedia.org\\\/wiki\\\/Turun_ylioppilaskyl\u00e4s\u00e4\u00e4ti\u00f6\"]},{\"@type\":\"Person\",\"@id\":\"https:\\\/\\\/tys.fi\\\/#\\\/schema\\\/person\\\/c1f87ee6d97815ab24d89b5ad67f8718\",\"name\":\"Marja Aapalahti\",\"url\":\"https:\\\/\\\/tys.fi\\\/sv\\\/author\\\/marja\"}]}<\/script>\n<!-- \/ Yoast SEO plugin. -->","yoast_head_json":{"title":"Bostadsans\u00f6kan f\u00f6r de renoverade bost\u00e4derna vid Kuunsilta har b\u00f6rjat! De nya hyresg\u00e4sterna kan flytta in i bost\u00e4derna 1 februari 2020 | TYS | Turun Ylioppilaskyl\u00e4s\u00e4\u00e4ti\u00f6","robots":{"index":"index","follow":"follow","max-snippet":"max-snippet:-1","max-image-preview":"max-image-preview:large","max-video-preview":"max-video-preview:-1"},"canonical":"https:\/\/tys.fi\/sv\/kuunsillan-remontoitujen-asuntojen-asuntohaku-on-alkanut-uudet-asukkaat-paasevat-muuttamaan-asuntoihin-1-helmikuuta-2020","og_locale":"sv_SE","og_type":"article","og_title":"Bostadsans\u00f6kan f\u00f6r de renoverade bost\u00e4derna vid Kuunsilta har b\u00f6rjat! De nya hyresg\u00e4sterna kan flytta in i bost\u00e4derna 1 februari 2020 | TYS | Turun Ylioppilaskyl\u00e4s\u00e4\u00e4ti\u00f6","og_description":"TYS startade renoveringen av A, B, C, D och E-trapporna vid bostadsobjektet Kuunsilta i b\u00f6rjan...","og_url":"https:\/\/tys.fi\/sv\/kuunsillan-remontoitujen-asuntojen-asuntohaku-on-alkanut-uudet-asukkaat-paasevat-muuttamaan-asuntoihin-1-helmikuuta-2020","og_site_name":"Turun Ylioppilaskyl&auml;s&auml;&auml;ti&ouml;","article_publisher":"https:\/\/www.facebook.com\/tysturku\/","article_published_time":"2019-11-01T08:53:44+00:00","article_modified_time":"2019-11-01T09:10:20+00:00","og_image":[{"width":2480,"height":3508,"url":"https:\/\/tys.fi\/wp-content\/uploads\/2019\/11\/B5A.jpg","type":"image\/jpeg"}],"author":"Marja Aapalahti","twitter_card":"summary_large_image","twitter_creator":"@tysturku","twitter_site":"@tysturku","twitter_misc":{"Skriven av":"Marja Aapalahti","Ber\u00e4knad l\u00e4stid":"1 minut"},"schema":{"@context":"https:\/\/schema.org","@graph":[{"@type":"Article","@id":"https:\/\/tys.fi\/sv\/kuunsillan-remontoitujen-asuntojen-asuntohaku-on-alkanut-uudet-asukkaat-paasevat-muuttamaan-asuntoihin-1-helmikuuta-2020#article","isPartOf":{"@id":"https:\/\/tys.fi\/sv\/kuunsillan-remontoitujen-asuntojen-asuntohaku-on-alkanut-uudet-asukkaat-paasevat-muuttamaan-asuntoihin-1-helmikuuta-2020"},"author":{"name":"Marja Aapalahti","@id":"https:\/\/tys.fi\/#\/schema\/person\/c1f87ee6d97815ab24d89b5ad67f8718"},"headline":"Bostadsans\u00f6kan f\u00f6r de renoverade bost\u00e4derna vid Kuunsilta har b\u00f6rjat! De nya hyresg\u00e4sterna kan flytta in i bost\u00e4derna 1 februari 2020","datePublished":"2019-11-01T08:53:44+00:00","dateModified":"2019-11-01T09:10:20+00:00","mainEntityOfPage":{"@id":"https:\/\/tys.fi\/sv\/kuunsillan-remontoitujen-asuntojen-asuntohaku-on-alkanut-uudet-asukkaat-paasevat-muuttamaan-asuntoihin-1-helmikuuta-2020"},"wordCount":219,"publisher":{"@id":"https:\/\/tys.fi\/#organization"},"image":{"@id":"https:\/\/tys.fi\/sv\/kuunsillan-remontoitujen-asuntojen-asuntohaku-on-alkanut-uudet-asukkaat-paasevat-muuttamaan-asuntoihin-1-helmikuuta-2020#primaryimage"},"thumbnailUrl":"https:\/\/tys.fi\/wp-content\/uploads\/2019\/11\/B5A.jpg","articleSection":["Nyheter"],"inLanguage":"sv-SE"},{"@type":"WebPage","@id":"https:\/\/tys.fi\/sv\/kuunsillan-remontoitujen-asuntojen-asuntohaku-on-alkanut-uudet-asukkaat-paasevat-muuttamaan-asuntoihin-1-helmikuuta-2020","url":"https:\/\/tys.fi\/sv\/kuunsillan-remontoitujen-asuntojen-asuntohaku-on-alkanut-uudet-asukkaat-paasevat-muuttamaan-asuntoihin-1-helmikuuta-2020","name":"Bostadsans\u00f6kan f\u00f6r de renoverade bost\u00e4derna vid Kuunsilta har b\u00f6rjat! De nya hyresg\u00e4sterna kan flytta in i bost\u00e4derna 1 februari 2020 | TYS | Turun Ylioppilaskyl\u00e4s\u00e4\u00e4ti\u00f6","isPartOf":{"@id":"https:\/\/tys.fi\/#website"},"primaryImageOfPage":{"@id":"https:\/\/tys.fi\/sv\/kuunsillan-remontoitujen-asuntojen-asuntohaku-on-alkanut-uudet-asukkaat-paasevat-muuttamaan-asuntoihin-1-helmikuuta-2020#primaryimage"},"image":{"@id":"https:\/\/tys.fi\/sv\/kuunsillan-remontoitujen-asuntojen-asuntohaku-on-alkanut-uudet-asukkaat-paasevat-muuttamaan-asuntoihin-1-helmikuuta-2020#primaryimage"},"thumbnailUrl":"https:\/\/tys.fi\/wp-content\/uploads\/2019\/11\/B5A.jpg","datePublished":"2019-11-01T08:53:44+00:00","dateModified":"2019-11-01T09:10:20+00:00","breadcrumb":{"@id":"https:\/\/tys.fi\/sv\/kuunsillan-remontoitujen-asuntojen-asuntohaku-on-alkanut-uudet-asukkaat-paasevat-muuttamaan-asuntoihin-1-helmikuuta-2020#breadcrumb"},"inLanguage":"sv-SE","potentialAction":[{"@type":"ReadAction","target":["https:\/\/tys.fi\/sv\/kuunsillan-remontoitujen-asuntojen-asuntohaku-on-alkanut-uudet-asukkaat-paasevat-muuttamaan-asuntoihin-1-helmikuuta-2020"]}]},{"@type":"ImageObject","inLanguage":"sv-SE","@id":"https:\/\/tys.fi\/sv\/kuunsillan-remontoitujen-asuntojen-asuntohaku-on-alkanut-uudet-asukkaat-paasevat-muuttamaan-asuntoihin-1-helmikuuta-2020#primaryimage","url":"https:\/\/tys.fi\/wp-content\/uploads\/2019\/11\/B5A.jpg","contentUrl":"https:\/\/tys.fi\/wp-content\/uploads\/2019\/11\/B5A.jpg","width":2480,"height":3508},{"@type":"BreadcrumbList","@id":"https:\/\/tys.fi\/sv\/kuunsillan-remontoitujen-asuntojen-asuntohaku-on-alkanut-uudet-asukkaat-paasevat-muuttamaan-asuntoihin-1-helmikuuta-2020#breadcrumb","itemListElement":[{"@type":"ListItem","position":1,"name":"Home","item":"https:\/\/tys.fi\/sv"},{"@type":"ListItem","position":2,"name":"Bostadsans\u00f6kan f\u00f6r de renoverade bost\u00e4derna vid Kuunsilta har b\u00f6rjat! De nya hyresg\u00e4sterna kan flytta in i bost\u00e4derna 1 februari 2020"}]},{"@type":"WebSite","@id":"https:\/\/tys.fi\/#website","url":"https:\/\/tys.fi\/","name":"Turun Ylioppilaskyl\u00e4s\u00e4\u00e4ti\u00f6","description":"Vuokra-asunnot Turku","publisher":{"@id":"https:\/\/tys.fi\/#organization"},"potentialAction":[{"@type":"SearchAction","target":{"@type":"EntryPoint","urlTemplate":"https:\/\/tys.fi\/?s={search_term_string}"},"query-input":{"@type":"PropertyValueSpecification","valueRequired":true,"valueName":"search_term_string"}}],"inLanguage":"sv-SE"},{"@type":"Organization","@id":"https:\/\/tys.fi\/#organization","name":"TYS","url":"https:\/\/tys.fi\/","logo":{"@type":"ImageObject","inLanguage":"sv-SE","@id":"https:\/\/tys.fi\/#\/schema\/logo\/image\/","url":"https:\/\/tys.fi\/wp-content\/uploads\/2019\/03\/TYS-Logo_Green_500px.png","contentUrl":"https:\/\/tys.fi\/wp-content\/uploads\/2019\/03\/TYS-Logo_Green_500px.png","width":500,"height":232,"caption":"TYS"},"image":{"@id":"https:\/\/tys.fi\/#\/schema\/logo\/image\/"},"sameAs":["https:\/\/www.facebook.com\/tysturku\/","https:\/\/x.com\/tysturku","https:\/\/www.instagram.com\/tysturku\/","https:\/\/www.linkedin.com\/company\/tysturku\/","https:\/\/www.youtube.com\/channel\/UCjKOs8BOiY0SORCB0WWixlw?view_as=subscriber","https:\/\/fi.wikipedia.org\/wiki\/Turun_ylioppilaskyl\u00e4s\u00e4\u00e4ti\u00f6"]},{"@type":"Person","@id":"https:\/\/tys.fi\/#\/schema\/person\/c1f87ee6d97815ab24d89b5ad67f8718","name":"Marja Aapalahti","url":"https:\/\/tys.fi\/sv\/author\/marja"}]}},"_links":{"self":[{"href":"https:\/\/tys.fi\/sv\/wp-json\/wp\/v2\/posts\/17020","targetHints":{"allow":["GET"]}}],"collection":[{"href":"https:\/\/tys.fi\/sv\/wp-json\/wp\/v2\/posts"}],"about":[{"href":"https:\/\/tys.fi\/sv\/wp-json\/wp\/v2\/types\/post"}],"author":[{"embeddable":true,"href":"https:\/\/tys.fi\/sv\/wp-json\/wp\/v2\/users\/2"}],"replies":[{"embeddable":true,"href":"https:\/\/tys.fi\/sv\/wp-json\/wp\/v2\/comments?post=17020"}],"version-history":[{"count":1,"href":"https:\/\/tys.fi\/sv\/wp-json\/wp\/v2\/posts\/17020\/revisions"}],"predecessor-version":[{"id":17022,"href":"https:\/\/tys.fi\/sv\/wp-json\/wp\/v2\/posts\/17020\/revisions\/17022"}],"wp:featuredmedia":[{"embeddable":true,"href":"https:\/\/tys.fi\/sv\/wp-json\/wp\/v2\/media\/17006"}],"wp:attachment":[{"href":"https:\/\/tys.fi\/sv\/wp-json\/wp\/v2\/media?parent=17020"}],"wp:term":[{"taxonomy":"category","embeddable":true,"href":"https:\/\/tys.fi\/sv\/wp-json\/wp\/v2\/categories?post=17020"},{"taxonomy":"post_tag","embeddable":true,"href":"https:\/\/tys.fi\/sv\/wp-json\/wp\/v2\/tags?post=17020"}],"curies":[{"name":"wp","href":"https:\/\/api.w.org\/{rel}","templated":true}]}}