{"id":16844,"date":"2019-10-16T12:42:28","date_gmt":"2019-10-16T09:42:28","guid":{"rendered":"https:\/\/tys.fi\/finlands-roda-korset-tranar-i-studentbyn-ost-den-26-10-2019"},"modified":"2019-10-16T12:43:34","modified_gmt":"2019-10-16T09:43:34","slug":"finlands-roda-korset-tranar-i-studentbyn-ost-den-26-10-2019","status":"publish","type":"post","link":"https:\/\/tys.fi\/sv\/finlands-roda-korset-tranar-i-studentbyn-ost-den-26-10-2019","title":{"rendered":"Finlands R\u00f6da Korset tr\u00e4nar i Studentbyn \u00f6st den 26.10.2019"},"content":{"rendered":"<p>R\u00f6da Korsets nationella f\u00f6rberedande tr\u00e4ning Pisara \u00e4ger rum i \u00c5bo l\u00f6rdagen den 26.10.2019 kl 12-14.00 i Studentbyn \u00f6st. Frivilliga som tr\u00e4nar ringer p\u00e5 d\u00f6rrklockan och fr\u00e5gar bosatta n\u00e5gra fr\u00e5gor.<\/p>\n<p>2019 \u00e5rets f\u00f6rberedande tr\u00e4ningens tema \u00e4r brist p\u00e5 rent vatten. I \u00c5bo tr\u00e4nar frivilliga att samla information fr\u00e5n omr\u00e5dets bosatta i en p\u00e5hittat situation, d\u00e4r vatten kan ej anv\u00e4ndas p\u00e5 grund av f\u00f6roreningar. Som hj\u00e4lpmedel att samla information anv\u00e4nder man ett elektriskt system, som \u00e4r utvecklat i \u00c5bo.<\/p>\n<div id=\"attachment_16835\" style=\"width: 410px\" class=\"wp-caption alignright\"><img loading=\"lazy\" decoding=\"async\" aria-describedby=\"caption-attachment-16835\" class=\"wp-image-16835\" src=\"https:\/\/tys.fi\/wp-content\/uploads\/2019\/10\/vedenpuhdistusharjoitus_151-300x200.jpg\" alt=\"\" width=\"400\" height=\"267\" srcset=\"https:\/\/tys.fi\/wp-content\/uploads\/2019\/10\/vedenpuhdistusharjoitus_151-300x200.jpg 300w, https:\/\/tys.fi\/wp-content\/uploads\/2019\/10\/vedenpuhdistusharjoitus_151-768x512.jpg 768w, https:\/\/tys.fi\/wp-content\/uploads\/2019\/10\/vedenpuhdistusharjoitus_151-1024x683.jpg 1024w, https:\/\/tys.fi\/wp-content\/uploads\/2019\/10\/vedenpuhdistusharjoitus_151-900x600.jpg 900w\" sizes=\"auto, (max-width: 400px) 100vw, 400px\" \/><p id=\"caption-attachment-16835\" class=\"wp-caption-text\">bild: Joonas Brandt\/SPR<\/p><\/div>\n<p>Under Pisara-tr\u00e4ningen g\u00e5r R\u00f6da Korsets frivilliga fr\u00e5n d\u00f6rr till d\u00f6rr i Studentbyns \u00f6stra sida och fr\u00e5gar dom bosatta p\u00e5hittade fr\u00e5gor<br \/>\nang\u00e5ende vattenkris. Man samlar inte n\u00e5gon enskilt information om dom bosatta under tr\u00e4ning. Dom frivilliga k\u00e4nner man igen av R\u00f6da Korsets v\u00e4star.<\/p>\n<p>Dom bosatta beh\u00f6ver inte f\u00f6rbereda sig till tr\u00e4ningen p\u00e5 n\u00e5got s\u00e4tt, tr\u00e4ningen p\u00e5verkar inte heller anv\u00e4ndning av vatten.<\/p>\n<p>Man har valt vattenkris som tema, f\u00f6r att rent vatten \u00e4r n\u00f6dv\u00e4ndigt f\u00f6r oss alla. Syftet med tr\u00e4ningen \u00e4r att testa R\u00f6da Korsets avdelningarnas<br \/>\nberedskap att reagera och hj\u00e4lpa till i fall det blir vattenkris.<br \/>\nR\u00f6da korset organiserar den nationella tr\u00e4ningen vart tredje \u00e5r.<\/p>\n<p>Tack f\u00f6r samarbete!<\/p>\n<p>Mera information,<br \/>\nFinlands R\u00f6da Korset \u00c5bo avdelning<br \/>\n<a href=\"mailto:valmius@sprturku.fi\">valmius@sprturku.fi<\/a><br \/>\n+358 400 825 757<\/p>\n","protected":false},"excerpt":{"rendered":"<p>R\u00f6da Korsets nationella f\u00f6rberedande tr\u00e4ning Pisara \u00e4ger rum i \u00c5bo l\u00f6rdagen den 26.10.2019 kl 12-14.00&#8230;<\/p>\n","protected":false},"author":2,"featured_media":16835,"comment_status":"closed","ping_status":"closed","sticky":false,"template":"","format":"standard","meta":{"footnotes":""},"categories":[38],"tags":[],"class_list":{"0":"post-16844","1":"post","2":"type-post","3":"status-publish","4":"format-standard","5":"has-post-thumbnail","7":"category-nyheter-sv"},"yoast_head":"<!-- This site is optimized with the Yoast SEO plugin v27.5 - https:\/\/yoast.com\/product\/yoast-seo-wordpress\/ -->\n<title>Finlands R\u00f6da Korset tr\u00e4nar i Studentbyn \u00f6st den 26.10.2019 | TYS | Turun Ylioppilaskyl\u00e4s\u00e4\u00e4ti\u00f6<\/title>\n<meta name=\"robots\" content=\"index, follow, max-snippet:-1, max-image-preview:large, max-video-preview:-1\" \/>\n<link rel=\"canonical\" href=\"https:\/\/tys.fi\/sv\/finlands-roda-korset-tranar-i-studentbyn-ost-den-26-10-2019\" \/>\n<meta property=\"og:locale\" content=\"sv_SE\" \/>\n<meta property=\"og:type\" content=\"article\" \/>\n<meta property=\"og:title\" content=\"Finlands R\u00f6da Korset tr\u00e4nar i Studentbyn \u00f6st den 26.10.2019 | TYS | Turun Ylioppilaskyl\u00e4s\u00e4\u00e4ti\u00f6\" \/>\n<meta property=\"og:description\" content=\"R\u00f6da Korsets nationella f\u00f6rberedande tr\u00e4ning Pisara \u00e4ger rum i \u00c5bo l\u00f6rdagen den 26.10.2019 kl 12-14.00...\" \/>\n<meta property=\"og:url\" content=\"https:\/\/tys.fi\/sv\/finlands-roda-korset-tranar-i-studentbyn-ost-den-26-10-2019\" \/>\n<meta property=\"og:site_name\" content=\"Turun Ylioppilaskyl&auml;s&auml;&auml;ti&ouml;\" \/>\n<meta property=\"article:publisher\" content=\"https:\/\/www.facebook.com\/tysturku\/\" \/>\n<meta property=\"article:published_time\" content=\"2019-10-16T09:42:28+00:00\" \/>\n<meta property=\"article:modified_time\" content=\"2019-10-16T09:43:34+00:00\" \/>\n<meta property=\"og:image\" content=\"https:\/\/tys.fi\/wp-content\/uploads\/2019\/10\/vedenpuhdistusharjoitus_151.jpg\" \/>\n\t<meta property=\"og:image:width\" content=\"6367\" \/>\n\t<meta property=\"og:image:height\" content=\"4245\" \/>\n\t<meta property=\"og:image:type\" content=\"image\/jpeg\" \/>\n<meta name=\"author\" content=\"Marja Aapalahti\" \/>\n<meta name=\"twitter:card\" content=\"summary_large_image\" \/>\n<meta name=\"twitter:creator\" content=\"@tysturku\" \/>\n<meta name=\"twitter:site\" content=\"@tysturku\" \/>\n<meta name=\"twitter:label1\" content=\"Skriven av\" \/>\n\t<meta name=\"twitter:data1\" content=\"Marja Aapalahti\" \/>\n\t<meta name=\"twitter:label2\" content=\"Ber\u00e4knad l\u00e4stid\" \/>\n\t<meta name=\"twitter:data2\" content=\"1 minut\" \/>\n<script type=\"application\/ld+json\" class=\"yoast-schema-graph\">{\"@context\":\"https:\\\/\\\/schema.org\",\"@graph\":[{\"@type\":\"Article\",\"@id\":\"https:\\\/\\\/tys.fi\\\/sv\\\/finlands-roda-korset-tranar-i-studentbyn-ost-den-26-10-2019#article\",\"isPartOf\":{\"@id\":\"https:\\\/\\\/tys.fi\\\/sv\\\/finlands-roda-korset-tranar-i-studentbyn-ost-den-26-10-2019\"},\"author\":{\"name\":\"Marja Aapalahti\",\"@id\":\"https:\\\/\\\/tys.fi\\\/#\\\/schema\\\/person\\\/c1f87ee6d97815ab24d89b5ad67f8718\"},\"headline\":\"Finlands R\u00f6da Korset tr\u00e4nar i Studentbyn \u00f6st den 26.10.2019\",\"datePublished\":\"2019-10-16T09:42:28+00:00\",\"dateModified\":\"2019-10-16T09:43:34+00:00\",\"mainEntityOfPage\":{\"@id\":\"https:\\\/\\\/tys.fi\\\/sv\\\/finlands-roda-korset-tranar-i-studentbyn-ost-den-26-10-2019\"},\"wordCount\":267,\"publisher\":{\"@id\":\"https:\\\/\\\/tys.fi\\\/#organization\"},\"image\":{\"@id\":\"https:\\\/\\\/tys.fi\\\/sv\\\/finlands-roda-korset-tranar-i-studentbyn-ost-den-26-10-2019#primaryimage\"},\"thumbnailUrl\":\"https:\\\/\\\/tys.fi\\\/wp-content\\\/uploads\\\/2019\\\/10\\\/vedenpuhdistusharjoitus_151.jpg\",\"articleSection\":[\"Nyheter\"],\"inLanguage\":\"sv-SE\"},{\"@type\":\"WebPage\",\"@id\":\"https:\\\/\\\/tys.fi\\\/sv\\\/finlands-roda-korset-tranar-i-studentbyn-ost-den-26-10-2019\",\"url\":\"https:\\\/\\\/tys.fi\\\/sv\\\/finlands-roda-korset-tranar-i-studentbyn-ost-den-26-10-2019\",\"name\":\"Finlands R\u00f6da Korset tr\u00e4nar i Studentbyn \u00f6st den 26.10.2019 | TYS | Turun Ylioppilaskyl\u00e4s\u00e4\u00e4ti\u00f6\",\"isPartOf\":{\"@id\":\"https:\\\/\\\/tys.fi\\\/#website\"},\"primaryImageOfPage\":{\"@id\":\"https:\\\/\\\/tys.fi\\\/sv\\\/finlands-roda-korset-tranar-i-studentbyn-ost-den-26-10-2019#primaryimage\"},\"image\":{\"@id\":\"https:\\\/\\\/tys.fi\\\/sv\\\/finlands-roda-korset-tranar-i-studentbyn-ost-den-26-10-2019#primaryimage\"},\"thumbnailUrl\":\"https:\\\/\\\/tys.fi\\\/wp-content\\\/uploads\\\/2019\\\/10\\\/vedenpuhdistusharjoitus_151.jpg\",\"datePublished\":\"2019-10-16T09:42:28+00:00\",\"dateModified\":\"2019-10-16T09:43:34+00:00\",\"breadcrumb\":{\"@id\":\"https:\\\/\\\/tys.fi\\\/sv\\\/finlands-roda-korset-tranar-i-studentbyn-ost-den-26-10-2019#breadcrumb\"},\"inLanguage\":\"sv-SE\",\"potentialAction\":[{\"@type\":\"ReadAction\",\"target\":[\"https:\\\/\\\/tys.fi\\\/sv\\\/finlands-roda-korset-tranar-i-studentbyn-ost-den-26-10-2019\"]}]},{\"@type\":\"ImageObject\",\"inLanguage\":\"sv-SE\",\"@id\":\"https:\\\/\\\/tys.fi\\\/sv\\\/finlands-roda-korset-tranar-i-studentbyn-ost-den-26-10-2019#primaryimage\",\"url\":\"https:\\\/\\\/tys.fi\\\/wp-content\\\/uploads\\\/2019\\\/10\\\/vedenpuhdistusharjoitus_151.jpg\",\"contentUrl\":\"https:\\\/\\\/tys.fi\\\/wp-content\\\/uploads\\\/2019\\\/10\\\/vedenpuhdistusharjoitus_151.jpg\",\"width\":6367,\"height\":4245,\"caption\":\"Punaisen Ristin vapaaehtoiset harjoittelevat vedenpuhdistusta.\"},{\"@type\":\"BreadcrumbList\",\"@id\":\"https:\\\/\\\/tys.fi\\\/sv\\\/finlands-roda-korset-tranar-i-studentbyn-ost-den-26-10-2019#breadcrumb\",\"itemListElement\":[{\"@type\":\"ListItem\",\"position\":1,\"name\":\"Home\",\"item\":\"https:\\\/\\\/tys.fi\\\/sv\"},{\"@type\":\"ListItem\",\"position\":2,\"name\":\"Finlands R\u00f6da Korset tr\u00e4nar i Studentbyn \u00f6st den 26.10.2019\"}]},{\"@type\":\"WebSite\",\"@id\":\"https:\\\/\\\/tys.fi\\\/#website\",\"url\":\"https:\\\/\\\/tys.fi\\\/\",\"name\":\"Turun Ylioppilaskyl\u00e4s\u00e4\u00e4ti\u00f6\",\"description\":\"Vuokra-asunnot Turku\",\"publisher\":{\"@id\":\"https:\\\/\\\/tys.fi\\\/#organization\"},\"potentialAction\":[{\"@type\":\"SearchAction\",\"target\":{\"@type\":\"EntryPoint\",\"urlTemplate\":\"https:\\\/\\\/tys.fi\\\/?s={search_term_string}\"},\"query-input\":{\"@type\":\"PropertyValueSpecification\",\"valueRequired\":true,\"valueName\":\"search_term_string\"}}],\"inLanguage\":\"sv-SE\"},{\"@type\":\"Organization\",\"@id\":\"https:\\\/\\\/tys.fi\\\/#organization\",\"name\":\"TYS\",\"url\":\"https:\\\/\\\/tys.fi\\\/\",\"logo\":{\"@type\":\"ImageObject\",\"inLanguage\":\"sv-SE\",\"@id\":\"https:\\\/\\\/tys.fi\\\/#\\\/schema\\\/logo\\\/image\\\/\",\"url\":\"https:\\\/\\\/tys.fi\\\/wp-content\\\/uploads\\\/2019\\\/03\\\/TYS-Logo_Green_500px.png\",\"contentUrl\":\"https:\\\/\\\/tys.fi\\\/wp-content\\\/uploads\\\/2019\\\/03\\\/TYS-Logo_Green_500px.png\",\"width\":500,\"height\":232,\"caption\":\"TYS\"},\"image\":{\"@id\":\"https:\\\/\\\/tys.fi\\\/#\\\/schema\\\/logo\\\/image\\\/\"},\"sameAs\":[\"https:\\\/\\\/www.facebook.com\\\/tysturku\\\/\",\"https:\\\/\\\/x.com\\\/tysturku\",\"https:\\\/\\\/www.instagram.com\\\/tysturku\\\/\",\"https:\\\/\\\/www.linkedin.com\\\/company\\\/tysturku\\\/\",\"https:\\\/\\\/www.youtube.com\\\/channel\\\/UCjKOs8BOiY0SORCB0WWixlw?view_as=subscriber\",\"https:\\\/\\\/fi.wikipedia.org\\\/wiki\\\/Turun_ylioppilaskyl\u00e4s\u00e4\u00e4ti\u00f6\"]},{\"@type\":\"Person\",\"@id\":\"https:\\\/\\\/tys.fi\\\/#\\\/schema\\\/person\\\/c1f87ee6d97815ab24d89b5ad67f8718\",\"name\":\"Marja Aapalahti\",\"url\":\"https:\\\/\\\/tys.fi\\\/sv\\\/author\\\/marja\"}]}<\/script>\n<!-- \/ Yoast SEO plugin. -->","yoast_head_json":{"title":"Finlands R\u00f6da Korset tr\u00e4nar i Studentbyn \u00f6st den 26.10.2019 | TYS | Turun Ylioppilaskyl\u00e4s\u00e4\u00e4ti\u00f6","robots":{"index":"index","follow":"follow","max-snippet":"max-snippet:-1","max-image-preview":"max-image-preview:large","max-video-preview":"max-video-preview:-1"},"canonical":"https:\/\/tys.fi\/sv\/finlands-roda-korset-tranar-i-studentbyn-ost-den-26-10-2019","og_locale":"sv_SE","og_type":"article","og_title":"Finlands R\u00f6da Korset tr\u00e4nar i Studentbyn \u00f6st den 26.10.2019 | TYS | Turun Ylioppilaskyl\u00e4s\u00e4\u00e4ti\u00f6","og_description":"R\u00f6da Korsets nationella f\u00f6rberedande tr\u00e4ning Pisara \u00e4ger rum i \u00c5bo l\u00f6rdagen den 26.10.2019 kl 12-14.00...","og_url":"https:\/\/tys.fi\/sv\/finlands-roda-korset-tranar-i-studentbyn-ost-den-26-10-2019","og_site_name":"Turun Ylioppilaskyl&auml;s&auml;&auml;ti&ouml;","article_publisher":"https:\/\/www.facebook.com\/tysturku\/","article_published_time":"2019-10-16T09:42:28+00:00","article_modified_time":"2019-10-16T09:43:34+00:00","og_image":[{"width":6367,"height":4245,"url":"https:\/\/tys.fi\/wp-content\/uploads\/2019\/10\/vedenpuhdistusharjoitus_151.jpg","type":"image\/jpeg"}],"author":"Marja Aapalahti","twitter_card":"summary_large_image","twitter_creator":"@tysturku","twitter_site":"@tysturku","twitter_misc":{"Skriven av":"Marja Aapalahti","Ber\u00e4knad l\u00e4stid":"1 minut"},"schema":{"@context":"https:\/\/schema.org","@graph":[{"@type":"Article","@id":"https:\/\/tys.fi\/sv\/finlands-roda-korset-tranar-i-studentbyn-ost-den-26-10-2019#article","isPartOf":{"@id":"https:\/\/tys.fi\/sv\/finlands-roda-korset-tranar-i-studentbyn-ost-den-26-10-2019"},"author":{"name":"Marja Aapalahti","@id":"https:\/\/tys.fi\/#\/schema\/person\/c1f87ee6d97815ab24d89b5ad67f8718"},"headline":"Finlands R\u00f6da Korset tr\u00e4nar i Studentbyn \u00f6st den 26.10.2019","datePublished":"2019-10-16T09:42:28+00:00","dateModified":"2019-10-16T09:43:34+00:00","mainEntityOfPage":{"@id":"https:\/\/tys.fi\/sv\/finlands-roda-korset-tranar-i-studentbyn-ost-den-26-10-2019"},"wordCount":267,"publisher":{"@id":"https:\/\/tys.fi\/#organization"},"image":{"@id":"https:\/\/tys.fi\/sv\/finlands-roda-korset-tranar-i-studentbyn-ost-den-26-10-2019#primaryimage"},"thumbnailUrl":"https:\/\/tys.fi\/wp-content\/uploads\/2019\/10\/vedenpuhdistusharjoitus_151.jpg","articleSection":["Nyheter"],"inLanguage":"sv-SE"},{"@type":"WebPage","@id":"https:\/\/tys.fi\/sv\/finlands-roda-korset-tranar-i-studentbyn-ost-den-26-10-2019","url":"https:\/\/tys.fi\/sv\/finlands-roda-korset-tranar-i-studentbyn-ost-den-26-10-2019","name":"Finlands R\u00f6da Korset tr\u00e4nar i Studentbyn \u00f6st den 26.10.2019 | TYS | Turun Ylioppilaskyl\u00e4s\u00e4\u00e4ti\u00f6","isPartOf":{"@id":"https:\/\/tys.fi\/#website"},"primaryImageOfPage":{"@id":"https:\/\/tys.fi\/sv\/finlands-roda-korset-tranar-i-studentbyn-ost-den-26-10-2019#primaryimage"},"image":{"@id":"https:\/\/tys.fi\/sv\/finlands-roda-korset-tranar-i-studentbyn-ost-den-26-10-2019#primaryimage"},"thumbnailUrl":"https:\/\/tys.fi\/wp-content\/uploads\/2019\/10\/vedenpuhdistusharjoitus_151.jpg","datePublished":"2019-10-16T09:42:28+00:00","dateModified":"2019-10-16T09:43:34+00:00","breadcrumb":{"@id":"https:\/\/tys.fi\/sv\/finlands-roda-korset-tranar-i-studentbyn-ost-den-26-10-2019#breadcrumb"},"inLanguage":"sv-SE","potentialAction":[{"@type":"ReadAction","target":["https:\/\/tys.fi\/sv\/finlands-roda-korset-tranar-i-studentbyn-ost-den-26-10-2019"]}]},{"@type":"ImageObject","inLanguage":"sv-SE","@id":"https:\/\/tys.fi\/sv\/finlands-roda-korset-tranar-i-studentbyn-ost-den-26-10-2019#primaryimage","url":"https:\/\/tys.fi\/wp-content\/uploads\/2019\/10\/vedenpuhdistusharjoitus_151.jpg","contentUrl":"https:\/\/tys.fi\/wp-content\/uploads\/2019\/10\/vedenpuhdistusharjoitus_151.jpg","width":6367,"height":4245,"caption":"Punaisen Ristin vapaaehtoiset harjoittelevat vedenpuhdistusta."},{"@type":"BreadcrumbList","@id":"https:\/\/tys.fi\/sv\/finlands-roda-korset-tranar-i-studentbyn-ost-den-26-10-2019#breadcrumb","itemListElement":[{"@type":"ListItem","position":1,"name":"Home","item":"https:\/\/tys.fi\/sv"},{"@type":"ListItem","position":2,"name":"Finlands R\u00f6da Korset tr\u00e4nar i Studentbyn \u00f6st den 26.10.2019"}]},{"@type":"WebSite","@id":"https:\/\/tys.fi\/#website","url":"https:\/\/tys.fi\/","name":"Turun Ylioppilaskyl\u00e4s\u00e4\u00e4ti\u00f6","description":"Vuokra-asunnot Turku","publisher":{"@id":"https:\/\/tys.fi\/#organization"},"potentialAction":[{"@type":"SearchAction","target":{"@type":"EntryPoint","urlTemplate":"https:\/\/tys.fi\/?s={search_term_string}"},"query-input":{"@type":"PropertyValueSpecification","valueRequired":true,"valueName":"search_term_string"}}],"inLanguage":"sv-SE"},{"@type":"Organization","@id":"https:\/\/tys.fi\/#organization","name":"TYS","url":"https:\/\/tys.fi\/","logo":{"@type":"ImageObject","inLanguage":"sv-SE","@id":"https:\/\/tys.fi\/#\/schema\/logo\/image\/","url":"https:\/\/tys.fi\/wp-content\/uploads\/2019\/03\/TYS-Logo_Green_500px.png","contentUrl":"https:\/\/tys.fi\/wp-content\/uploads\/2019\/03\/TYS-Logo_Green_500px.png","width":500,"height":232,"caption":"TYS"},"image":{"@id":"https:\/\/tys.fi\/#\/schema\/logo\/image\/"},"sameAs":["https:\/\/www.facebook.com\/tysturku\/","https:\/\/x.com\/tysturku","https:\/\/www.instagram.com\/tysturku\/","https:\/\/www.linkedin.com\/company\/tysturku\/","https:\/\/www.youtube.com\/channel\/UCjKOs8BOiY0SORCB0WWixlw?view_as=subscriber","https:\/\/fi.wikipedia.org\/wiki\/Turun_ylioppilaskyl\u00e4s\u00e4\u00e4ti\u00f6"]},{"@type":"Person","@id":"https:\/\/tys.fi\/#\/schema\/person\/c1f87ee6d97815ab24d89b5ad67f8718","name":"Marja Aapalahti","url":"https:\/\/tys.fi\/sv\/author\/marja"}]}},"_links":{"self":[{"href":"https:\/\/tys.fi\/sv\/wp-json\/wp\/v2\/posts\/16844","targetHints":{"allow":["GET"]}}],"collection":[{"href":"https:\/\/tys.fi\/sv\/wp-json\/wp\/v2\/posts"}],"about":[{"href":"https:\/\/tys.fi\/sv\/wp-json\/wp\/v2\/types\/post"}],"author":[{"embeddable":true,"href":"https:\/\/tys.fi\/sv\/wp-json\/wp\/v2\/users\/2"}],"replies":[{"embeddable":true,"href":"https:\/\/tys.fi\/sv\/wp-json\/wp\/v2\/comments?post=16844"}],"version-history":[{"count":1,"href":"https:\/\/tys.fi\/sv\/wp-json\/wp\/v2\/posts\/16844\/revisions"}],"predecessor-version":[{"id":16845,"href":"https:\/\/tys.fi\/sv\/wp-json\/wp\/v2\/posts\/16844\/revisions\/16845"}],"wp:featuredmedia":[{"embeddable":true,"href":"https:\/\/tys.fi\/sv\/wp-json\/wp\/v2\/media\/16835"}],"wp:attachment":[{"href":"https:\/\/tys.fi\/sv\/wp-json\/wp\/v2\/media?parent=16844"}],"wp:term":[{"taxonomy":"category","embeddable":true,"href":"https:\/\/tys.fi\/sv\/wp-json\/wp\/v2\/categories?post=16844"},{"taxonomy":"post_tag","embeddable":true,"href":"https:\/\/tys.fi\/sv\/wp-json\/wp\/v2\/tags?post=16844"}],"curies":[{"name":"wp","href":"https:\/\/api.w.org\/{rel}","templated":true}]}}