{"id":30357,"date":"2025-10-28T08:56:36","date_gmt":"2025-10-28T06:56:36","guid":{"rendered":"https:\/\/tys.fi\/?p=30357"},"modified":"2025-10-28T13:26:37","modified_gmt":"2025-10-28T11:26:37","slug":"turku-student-village-foundation-apartment-rents-will-be-revised-for-2026","status":"publish","type":"post","link":"https:\/\/tys.fi\/en\/turku-student-village-foundation-apartment-rents-will-be-revised-for-2026","title":{"rendered":"Turku Student Village Foundation apartment rents will be revised for 2026"},"content":{"rendered":"<p>The rents of the Turku Student Village Foundation (TYS) apartments will be revised starting from January 1, 2026, in accordance with section 3, paragraph 32 of the Act on Residential Leases, due to increased costs.<\/p>\n<p>Apartment rents will be moderately increased by 1 to 2 percent, depending on the housing location and apartment type. In addition, the rents of some housing locations will be harmonised for some apartment types in a manner that may decrease the rent, or the rent may increase more than the average increase.<\/p>\n<p>The previous rent revision took place in 2025.<\/p>\n<p><strong>Affordable housing for students<\/strong><\/p>\n<p>The rents of TYS apartments have been determined on the cost principle basis in accordance with the Centre for State-Subsidised Housing Construction Varkes\u2019s guidelines and regulations. The goal is to provide affordable, high-quality housing for students, with rents that are on average 15\u201320% lower than other similar apartments.<\/p>\n<p>TYS is a non-profit organization. Rent collected from tenants covers only the costs of housing operations, property maintenance, repairs, and new construction. Rents also cover costs such as water and electricity consumption, apartment repairs, property cleaning, waste management, and outdoor maintenance.<\/p>\n<p><strong>Parking space and storage rents, furniture fees, and other charges remain unchanged<\/strong><\/p>\n<p>The rents for parking spaces and storage spaces, as well as furniture fees and other utility costs, will remain unchanged. Laundry room use continues to be charged separately, and the laundry charges will remain the same as in 2025.<\/p>\n<p>No changes will be made to the contract fee either, meaning that all new leases will be charged 60 euros. Each tenant continues to be entitled to four free sauna turns per month.<\/p>\n<p>In accordance with the Act on Joint Management of Rental Buildings, tenant committees have also been given an opportunity to submit their opinion on the budget.<\/p>\n<p>On 23rd October 2025, the board of Turku Student Village Foundation adopted the 2026 budget based on revised rents and utility fees.<\/p>\n<p><strong>Tenants to be notified via email about the rent review<\/strong><\/p>\n<p>All tenants have been sent a rent revision notice via email. Rental invoices with the new rents will be sent to the tenants in December.<\/p>\n<p>The reference number for rental payments will remain unchanged. If you are using recurring online payments to pay your rent, please ensure that you update them with the new amount in your online bank before the January rent is due on 7th January 2026.<\/p>\n<p>If you are using e-invoicing, the new amount will update automatically in your online bank.<\/p>\n<p><strong>Changes to housing allowance<\/strong><\/p>\n<p>Kela receives your rental details directly from TYS. As per Kela\u2019s guidelines, as a rule, any increase in monthly rent less than 50 euros does not affect the amount of housing supplement if there are no other changes in the situation. If you have questions about matters related to housing allowance, please contact <a href=\"https:\/\/www.kela.fi\/call-kela\">Kela<\/a> directly.<\/p>\n","protected":false},"excerpt":{"rendered":"<p>The rents of the Turku Student Village Foundation (TYS) apartments will be revised starting from&#8230;<\/p>\n","protected":false},"author":2,"featured_media":13410,"comment_status":"closed","ping_status":"open","sticky":false,"template":"","format":"standard","meta":{"footnotes":""},"categories":[8],"tags":[],"class_list":{"0":"post-30357","1":"post","2":"type-post","3":"status-publish","4":"format-standard","5":"has-post-thumbnail","7":"category-news"},"yoast_head":"<!-- This site is optimized with the Yoast SEO plugin v27.5 - https:\/\/yoast.com\/product\/yoast-seo-wordpress\/ -->\n<title>Turku Student Village Foundation apartment rents will be revised for 2026 | TYS | Turun Ylioppilaskyl\u00e4s\u00e4\u00e4ti\u00f6<\/title>\n<meta name=\"robots\" content=\"index, follow, max-snippet:-1, max-image-preview:large, max-video-preview:-1\" \/>\n<link rel=\"canonical\" href=\"https:\/\/tys.fi\/en\/turku-student-village-foundation-apartment-rents-will-be-revised-for-2026\" \/>\n<meta property=\"og:locale\" content=\"en_US\" \/>\n<meta property=\"og:type\" content=\"article\" \/>\n<meta property=\"og:title\" content=\"Turku Student Village Foundation apartment rents will be revised for 2026 | TYS | Turun Ylioppilaskyl\u00e4s\u00e4\u00e4ti\u00f6\" \/>\n<meta property=\"og:description\" content=\"The rents of the Turku Student Village Foundation (TYS) apartments will be revised starting from...\" \/>\n<meta property=\"og:url\" content=\"https:\/\/tys.fi\/en\/turku-student-village-foundation-apartment-rents-will-be-revised-for-2026\" \/>\n<meta property=\"og:site_name\" content=\"Turun Ylioppilaskyl&auml;s&auml;&auml;ti&ouml;\" \/>\n<meta property=\"article:publisher\" content=\"https:\/\/www.facebook.com\/tysturku\/\" \/>\n<meta property=\"article:published_time\" content=\"2025-10-28T06:56:36+00:00\" \/>\n<meta property=\"article:modified_time\" content=\"2025-10-28T11:26:37+00:00\" \/>\n<meta property=\"og:image\" content=\"https:\/\/tys.fi\/wp-content\/uploads\/2019\/04\/Tys-vihrea.jpg\" \/>\n\t<meta property=\"og:image:width\" content=\"1200\" \/>\n\t<meta property=\"og:image:height\" content=\"799\" \/>\n\t<meta property=\"og:image:type\" content=\"image\/jpeg\" \/>\n<meta name=\"author\" content=\"Marja Aapalahti\" \/>\n<meta name=\"twitter:card\" content=\"summary_large_image\" \/>\n<meta name=\"twitter:creator\" content=\"@tysturku\" \/>\n<meta name=\"twitter:site\" content=\"@tysturku\" \/>\n<meta name=\"twitter:label1\" content=\"Written by\" \/>\n\t<meta name=\"twitter:data1\" content=\"Marja Aapalahti\" \/>\n\t<meta name=\"twitter:label2\" content=\"Est. reading time\" \/>\n\t<meta name=\"twitter:data2\" content=\"4 minutes\" \/>\n<script type=\"application\/ld+json\" class=\"yoast-schema-graph\">{\"@context\":\"https:\\\/\\\/schema.org\",\"@graph\":[{\"@type\":\"Article\",\"@id\":\"https:\\\/\\\/tys.fi\\\/en\\\/turku-student-village-foundation-apartment-rents-will-be-revised-for-2026#article\",\"isPartOf\":{\"@id\":\"https:\\\/\\\/tys.fi\\\/en\\\/turku-student-village-foundation-apartment-rents-will-be-revised-for-2026\"},\"author\":{\"name\":\"Marja Aapalahti\",\"@id\":\"https:\\\/\\\/tys.fi\\\/#\\\/schema\\\/person\\\/c1f87ee6d97815ab24d89b5ad67f8718\"},\"headline\":\"Turku Student Village Foundation apartment rents will be revised for 2026\",\"datePublished\":\"2025-10-28T06:56:36+00:00\",\"dateModified\":\"2025-10-28T11:26:37+00:00\",\"mainEntityOfPage\":{\"@id\":\"https:\\\/\\\/tys.fi\\\/en\\\/turku-student-village-foundation-apartment-rents-will-be-revised-for-2026\"},\"wordCount\":471,\"publisher\":{\"@id\":\"https:\\\/\\\/tys.fi\\\/#organization\"},\"image\":{\"@id\":\"https:\\\/\\\/tys.fi\\\/en\\\/turku-student-village-foundation-apartment-rents-will-be-revised-for-2026#primaryimage\"},\"thumbnailUrl\":\"https:\\\/\\\/tys.fi\\\/wp-content\\\/uploads\\\/2019\\\/04\\\/Tys-vihrea.jpg\",\"articleSection\":[\"News\"],\"inLanguage\":\"en-US\"},{\"@type\":\"WebPage\",\"@id\":\"https:\\\/\\\/tys.fi\\\/en\\\/turku-student-village-foundation-apartment-rents-will-be-revised-for-2026\",\"url\":\"https:\\\/\\\/tys.fi\\\/en\\\/turku-student-village-foundation-apartment-rents-will-be-revised-for-2026\",\"name\":\"Turku Student Village Foundation apartment rents will be revised for 2026 | TYS | Turun Ylioppilaskyl\u00e4s\u00e4\u00e4ti\u00f6\",\"isPartOf\":{\"@id\":\"https:\\\/\\\/tys.fi\\\/#website\"},\"primaryImageOfPage\":{\"@id\":\"https:\\\/\\\/tys.fi\\\/en\\\/turku-student-village-foundation-apartment-rents-will-be-revised-for-2026#primaryimage\"},\"image\":{\"@id\":\"https:\\\/\\\/tys.fi\\\/en\\\/turku-student-village-foundation-apartment-rents-will-be-revised-for-2026#primaryimage\"},\"thumbnailUrl\":\"https:\\\/\\\/tys.fi\\\/wp-content\\\/uploads\\\/2019\\\/04\\\/Tys-vihrea.jpg\",\"datePublished\":\"2025-10-28T06:56:36+00:00\",\"dateModified\":\"2025-10-28T11:26:37+00:00\",\"breadcrumb\":{\"@id\":\"https:\\\/\\\/tys.fi\\\/en\\\/turku-student-village-foundation-apartment-rents-will-be-revised-for-2026#breadcrumb\"},\"inLanguage\":\"en-US\",\"potentialAction\":[{\"@type\":\"ReadAction\",\"target\":[\"https:\\\/\\\/tys.fi\\\/en\\\/turku-student-village-foundation-apartment-rents-will-be-revised-for-2026\"]}]},{\"@type\":\"ImageObject\",\"inLanguage\":\"en-US\",\"@id\":\"https:\\\/\\\/tys.fi\\\/en\\\/turku-student-village-foundation-apartment-rents-will-be-revised-for-2026#primaryimage\",\"url\":\"https:\\\/\\\/tys.fi\\\/wp-content\\\/uploads\\\/2019\\\/04\\\/Tys-vihrea.jpg\",\"contentUrl\":\"https:\\\/\\\/tys.fi\\\/wp-content\\\/uploads\\\/2019\\\/04\\\/Tys-vihrea.jpg\",\"width\":1200,\"height\":799},{\"@type\":\"BreadcrumbList\",\"@id\":\"https:\\\/\\\/tys.fi\\\/en\\\/turku-student-village-foundation-apartment-rents-will-be-revised-for-2026#breadcrumb\",\"itemListElement\":[{\"@type\":\"ListItem\",\"position\":1,\"name\":\"Home\",\"item\":\"https:\\\/\\\/tys.fi\\\/en\"},{\"@type\":\"ListItem\",\"position\":2,\"name\":\"Turku Student Village Foundation apartment rents will be revised for 2026\"}]},{\"@type\":\"WebSite\",\"@id\":\"https:\\\/\\\/tys.fi\\\/#website\",\"url\":\"https:\\\/\\\/tys.fi\\\/\",\"name\":\"Turun Ylioppilaskyl\u00e4s\u00e4\u00e4ti\u00f6\",\"description\":\"Vuokra-asunnot Turku\",\"publisher\":{\"@id\":\"https:\\\/\\\/tys.fi\\\/#organization\"},\"potentialAction\":[{\"@type\":\"SearchAction\",\"target\":{\"@type\":\"EntryPoint\",\"urlTemplate\":\"https:\\\/\\\/tys.fi\\\/?s={search_term_string}\"},\"query-input\":{\"@type\":\"PropertyValueSpecification\",\"valueRequired\":true,\"valueName\":\"search_term_string\"}}],\"inLanguage\":\"en-US\"},{\"@type\":\"Organization\",\"@id\":\"https:\\\/\\\/tys.fi\\\/#organization\",\"name\":\"TYS\",\"url\":\"https:\\\/\\\/tys.fi\\\/\",\"logo\":{\"@type\":\"ImageObject\",\"inLanguage\":\"en-US\",\"@id\":\"https:\\\/\\\/tys.fi\\\/#\\\/schema\\\/logo\\\/image\\\/\",\"url\":\"https:\\\/\\\/tys.fi\\\/wp-content\\\/uploads\\\/2019\\\/03\\\/TYS-Logo_Green_500px.png\",\"contentUrl\":\"https:\\\/\\\/tys.fi\\\/wp-content\\\/uploads\\\/2019\\\/03\\\/TYS-Logo_Green_500px.png\",\"width\":500,\"height\":232,\"caption\":\"TYS\"},\"image\":{\"@id\":\"https:\\\/\\\/tys.fi\\\/#\\\/schema\\\/logo\\\/image\\\/\"},\"sameAs\":[\"https:\\\/\\\/www.facebook.com\\\/tysturku\\\/\",\"https:\\\/\\\/x.com\\\/tysturku\",\"https:\\\/\\\/www.instagram.com\\\/tysturku\\\/\",\"https:\\\/\\\/www.linkedin.com\\\/company\\\/tysturku\\\/\",\"https:\\\/\\\/www.youtube.com\\\/channel\\\/UCjKOs8BOiY0SORCB0WWixlw?view_as=subscriber\",\"https:\\\/\\\/fi.wikipedia.org\\\/wiki\\\/Turun_ylioppilaskyl\u00e4s\u00e4\u00e4ti\u00f6\"]},{\"@type\":\"Person\",\"@id\":\"https:\\\/\\\/tys.fi\\\/#\\\/schema\\\/person\\\/c1f87ee6d97815ab24d89b5ad67f8718\",\"name\":\"Marja Aapalahti\",\"url\":\"https:\\\/\\\/tys.fi\\\/en\\\/author\\\/marja\"}]}<\/script>\n<!-- \/ Yoast SEO plugin. -->","yoast_head_json":{"title":"Turku Student Village Foundation apartment rents will be revised for 2026 | TYS | Turun Ylioppilaskyl\u00e4s\u00e4\u00e4ti\u00f6","robots":{"index":"index","follow":"follow","max-snippet":"max-snippet:-1","max-image-preview":"max-image-preview:large","max-video-preview":"max-video-preview:-1"},"canonical":"https:\/\/tys.fi\/en\/turku-student-village-foundation-apartment-rents-will-be-revised-for-2026","og_locale":"en_US","og_type":"article","og_title":"Turku Student Village Foundation apartment rents will be revised for 2026 | TYS | Turun Ylioppilaskyl\u00e4s\u00e4\u00e4ti\u00f6","og_description":"The rents of the Turku Student Village Foundation (TYS) apartments will be revised starting from...","og_url":"https:\/\/tys.fi\/en\/turku-student-village-foundation-apartment-rents-will-be-revised-for-2026","og_site_name":"Turun Ylioppilaskyl&auml;s&auml;&auml;ti&ouml;","article_publisher":"https:\/\/www.facebook.com\/tysturku\/","article_published_time":"2025-10-28T06:56:36+00:00","article_modified_time":"2025-10-28T11:26:37+00:00","og_image":[{"width":1200,"height":799,"url":"https:\/\/tys.fi\/wp-content\/uploads\/2019\/04\/Tys-vihrea.jpg","type":"image\/jpeg"}],"author":"Marja Aapalahti","twitter_card":"summary_large_image","twitter_creator":"@tysturku","twitter_site":"@tysturku","twitter_misc":{"Written by":"Marja Aapalahti","Est. reading time":"4 minutes"},"schema":{"@context":"https:\/\/schema.org","@graph":[{"@type":"Article","@id":"https:\/\/tys.fi\/en\/turku-student-village-foundation-apartment-rents-will-be-revised-for-2026#article","isPartOf":{"@id":"https:\/\/tys.fi\/en\/turku-student-village-foundation-apartment-rents-will-be-revised-for-2026"},"author":{"name":"Marja Aapalahti","@id":"https:\/\/tys.fi\/#\/schema\/person\/c1f87ee6d97815ab24d89b5ad67f8718"},"headline":"Turku Student Village Foundation apartment rents will be revised for 2026","datePublished":"2025-10-28T06:56:36+00:00","dateModified":"2025-10-28T11:26:37+00:00","mainEntityOfPage":{"@id":"https:\/\/tys.fi\/en\/turku-student-village-foundation-apartment-rents-will-be-revised-for-2026"},"wordCount":471,"publisher":{"@id":"https:\/\/tys.fi\/#organization"},"image":{"@id":"https:\/\/tys.fi\/en\/turku-student-village-foundation-apartment-rents-will-be-revised-for-2026#primaryimage"},"thumbnailUrl":"https:\/\/tys.fi\/wp-content\/uploads\/2019\/04\/Tys-vihrea.jpg","articleSection":["News"],"inLanguage":"en-US"},{"@type":"WebPage","@id":"https:\/\/tys.fi\/en\/turku-student-village-foundation-apartment-rents-will-be-revised-for-2026","url":"https:\/\/tys.fi\/en\/turku-student-village-foundation-apartment-rents-will-be-revised-for-2026","name":"Turku Student Village Foundation apartment rents will be revised for 2026 | TYS | Turun Ylioppilaskyl\u00e4s\u00e4\u00e4ti\u00f6","isPartOf":{"@id":"https:\/\/tys.fi\/#website"},"primaryImageOfPage":{"@id":"https:\/\/tys.fi\/en\/turku-student-village-foundation-apartment-rents-will-be-revised-for-2026#primaryimage"},"image":{"@id":"https:\/\/tys.fi\/en\/turku-student-village-foundation-apartment-rents-will-be-revised-for-2026#primaryimage"},"thumbnailUrl":"https:\/\/tys.fi\/wp-content\/uploads\/2019\/04\/Tys-vihrea.jpg","datePublished":"2025-10-28T06:56:36+00:00","dateModified":"2025-10-28T11:26:37+00:00","breadcrumb":{"@id":"https:\/\/tys.fi\/en\/turku-student-village-foundation-apartment-rents-will-be-revised-for-2026#breadcrumb"},"inLanguage":"en-US","potentialAction":[{"@type":"ReadAction","target":["https:\/\/tys.fi\/en\/turku-student-village-foundation-apartment-rents-will-be-revised-for-2026"]}]},{"@type":"ImageObject","inLanguage":"en-US","@id":"https:\/\/tys.fi\/en\/turku-student-village-foundation-apartment-rents-will-be-revised-for-2026#primaryimage","url":"https:\/\/tys.fi\/wp-content\/uploads\/2019\/04\/Tys-vihrea.jpg","contentUrl":"https:\/\/tys.fi\/wp-content\/uploads\/2019\/04\/Tys-vihrea.jpg","width":1200,"height":799},{"@type":"BreadcrumbList","@id":"https:\/\/tys.fi\/en\/turku-student-village-foundation-apartment-rents-will-be-revised-for-2026#breadcrumb","itemListElement":[{"@type":"ListItem","position":1,"name":"Home","item":"https:\/\/tys.fi\/en"},{"@type":"ListItem","position":2,"name":"Turku Student Village Foundation apartment rents will be revised for 2026"}]},{"@type":"WebSite","@id":"https:\/\/tys.fi\/#website","url":"https:\/\/tys.fi\/","name":"Turun Ylioppilaskyl\u00e4s\u00e4\u00e4ti\u00f6","description":"Vuokra-asunnot Turku","publisher":{"@id":"https:\/\/tys.fi\/#organization"},"potentialAction":[{"@type":"SearchAction","target":{"@type":"EntryPoint","urlTemplate":"https:\/\/tys.fi\/?s={search_term_string}"},"query-input":{"@type":"PropertyValueSpecification","valueRequired":true,"valueName":"search_term_string"}}],"inLanguage":"en-US"},{"@type":"Organization","@id":"https:\/\/tys.fi\/#organization","name":"TYS","url":"https:\/\/tys.fi\/","logo":{"@type":"ImageObject","inLanguage":"en-US","@id":"https:\/\/tys.fi\/#\/schema\/logo\/image\/","url":"https:\/\/tys.fi\/wp-content\/uploads\/2019\/03\/TYS-Logo_Green_500px.png","contentUrl":"https:\/\/tys.fi\/wp-content\/uploads\/2019\/03\/TYS-Logo_Green_500px.png","width":500,"height":232,"caption":"TYS"},"image":{"@id":"https:\/\/tys.fi\/#\/schema\/logo\/image\/"},"sameAs":["https:\/\/www.facebook.com\/tysturku\/","https:\/\/x.com\/tysturku","https:\/\/www.instagram.com\/tysturku\/","https:\/\/www.linkedin.com\/company\/tysturku\/","https:\/\/www.youtube.com\/channel\/UCjKOs8BOiY0SORCB0WWixlw?view_as=subscriber","https:\/\/fi.wikipedia.org\/wiki\/Turun_ylioppilaskyl\u00e4s\u00e4\u00e4ti\u00f6"]},{"@type":"Person","@id":"https:\/\/tys.fi\/#\/schema\/person\/c1f87ee6d97815ab24d89b5ad67f8718","name":"Marja Aapalahti","url":"https:\/\/tys.fi\/en\/author\/marja"}]}},"_links":{"self":[{"href":"https:\/\/tys.fi\/en\/wp-json\/wp\/v2\/posts\/30357","targetHints":{"allow":["GET"]}}],"collection":[{"href":"https:\/\/tys.fi\/en\/wp-json\/wp\/v2\/posts"}],"about":[{"href":"https:\/\/tys.fi\/en\/wp-json\/wp\/v2\/types\/post"}],"author":[{"embeddable":true,"href":"https:\/\/tys.fi\/en\/wp-json\/wp\/v2\/users\/2"}],"replies":[{"embeddable":true,"href":"https:\/\/tys.fi\/en\/wp-json\/wp\/v2\/comments?post=30357"}],"version-history":[{"count":3,"href":"https:\/\/tys.fi\/en\/wp-json\/wp\/v2\/posts\/30357\/revisions"}],"predecessor-version":[{"id":30364,"href":"https:\/\/tys.fi\/en\/wp-json\/wp\/v2\/posts\/30357\/revisions\/30364"}],"wp:featuredmedia":[{"embeddable":true,"href":"https:\/\/tys.fi\/en\/wp-json\/wp\/v2\/media\/13410"}],"wp:attachment":[{"href":"https:\/\/tys.fi\/en\/wp-json\/wp\/v2\/media?parent=30357"}],"wp:term":[{"taxonomy":"category","embeddable":true,"href":"https:\/\/tys.fi\/en\/wp-json\/wp\/v2\/categories?post=30357"},{"taxonomy":"post_tag","embeddable":true,"href":"https:\/\/tys.fi\/en\/wp-json\/wp\/v2\/tags?post=30357"}],"curies":[{"name":"wp","href":"https:\/\/api.w.org\/{rel}","templated":true}]}}