{"id":30024,"date":"2025-08-26T12:29:53","date_gmt":"2025-08-26T09:29:53","guid":{"rendered":"https:\/\/tys.fi\/porriaisten-paratiisi-ja-asukkaiden-silmanilo-tysin-niityt-menestyivat-toisena-kesanaan-vaihtelevasti"},"modified":"2025-08-26T12:32:04","modified_gmt":"2025-08-26T09:32:04","slug":"a-paradise-for-pollinators-and-a-delight-for-tenants-tys-meadows-thrived-with-mixed-results-in-their-second-summer","status":"publish","type":"post","link":"https:\/\/tys.fi\/en\/a-paradise-for-pollinators-and-a-delight-for-tenants-tys-meadows-thrived-with-mixed-results-in-their-second-summer","title":{"rendered":"A Paradise for Pollinators and a Delight for Tenants \u2013 TYS Meadows Thrived with Mixed Results in Their Second Summer"},"content":{"rendered":"<div id=\"attachment_30020\" style=\"width: 310px\" class=\"wp-caption alignright\"><img loading=\"lazy\" decoding=\"async\" aria-describedby=\"caption-attachment-30020\" class=\"wp-image-30020 size-medium\" src=\"https:\/\/tys.fi\/wp-content\/uploads\/2025\/08\/Ikituurin-niitty-III-1280x1280-1-300x300.jpg\" alt=\"\" width=\"300\" height=\"300\" srcset=\"https:\/\/tys.fi\/wp-content\/uploads\/2025\/08\/Ikituurin-niitty-III-1280x1280-1-300x300.jpg 300w, https:\/\/tys.fi\/wp-content\/uploads\/2025\/08\/Ikituurin-niitty-III-1280x1280-1-1024x1024.jpg 1024w, https:\/\/tys.fi\/wp-content\/uploads\/2025\/08\/Ikituurin-niitty-III-1280x1280-1-150x150.jpg 150w, https:\/\/tys.fi\/wp-content\/uploads\/2025\/08\/Ikituurin-niitty-III-1280x1280-1-768x768.jpg 768w, https:\/\/tys.fi\/wp-content\/uploads\/2025\/08\/Ikituurin-niitty-III-1280x1280-1-140x140.jpg 140w, https:\/\/tys.fi\/wp-content\/uploads\/2025\/08\/Ikituurin-niitty-III-1280x1280-1-100x100.jpg 100w, https:\/\/tys.fi\/wp-content\/uploads\/2025\/08\/Ikituurin-niitty-III-1280x1280-1-500x500.jpg 500w, https:\/\/tys.fi\/wp-content\/uploads\/2025\/08\/Ikituurin-niitty-III-1280x1280-1-350x350.jpg 350w, https:\/\/tys.fi\/wp-content\/uploads\/2025\/08\/Ikituurin-niitty-III-1280x1280-1-1000x1000.jpg 1000w, https:\/\/tys.fi\/wp-content\/uploads\/2025\/08\/Ikituurin-niitty-III-1280x1280-1-800x800.jpg 800w, https:\/\/tys.fi\/wp-content\/uploads\/2025\/08\/Ikituurin-niitty-III-1280x1280-1.jpg 1280w\" sizes=\"auto, (max-width: 300px) 100vw, 300px\" \/><p id=\"caption-attachment-30020\" class=\"wp-caption-text\">The floral splendour of the Ikituuri meadow<\/p><\/div>\n<p>Have you noticed that in some TYS housing locations, lawn areas have been transformed into meadows? Meadows were established in spring 2024 near the Haliskyl\u00e4, Ikituuri, Kuunsilta, and Nummenranta housing locations. The purpose is to support biodiversity and provide habitats for pollinators. You can find maps of the meadows\u2019 locations at the end of this article.<\/p>\n<p>\u201cWe got the idea to create meadows from our tenants. It\u2019s always nice when we can make their wishes come true,\u201d says TYS maintenance manager <strong>Toni Pohjavirta<\/strong>.<\/p>\n<p>The placement of the meadows was planned together with TYS\u2019s outdoor area partner, Infraroad Oy. The meadows were created in growing sites selected by a green area professional, with tenants\u2019 living comfort taken into account.<\/p>\n<p>Establishing meadows takes time and patience. When converting a lawn into a meadow, the first years are mostly about observing which plants naturally emerge from the soil. The plants that appear provide clues about, for example, the type of soil and its nutrient levels.<\/p>\n<p>\u201cThe meadows in Ikituuri and Haliskyl\u00e4 grew well in both summers, but due to the long dry period this summer, the meadows in Nummenranta and Kuunsilta didn\u2019t produce the expected abundance of flowers. Next year we\u2019ll look into how the biodiversity of these two meadows could be supported so that they can fully bloom,\u201d Pohjavirta explains.<\/p>\n<p>The growing season of the meadows has now ended, and they will soon be mown down. The cut vegetation will be left to dry on the ground so that the seeds can fall into the soil. TYS hopes that flowers will not be picked from the meadows to take home, so that the meadows can continue to develop and become self-sustaining, without the need for additional sowing. Once the vegetation has dried, it will be raked away.<\/p>\n<p>\u201cIf needed, supplementary seed sowing and other measures will be carried out next summer to support the meadows\u2019 growth. No new meadows are currently planned, but the possibility of adding more is being considered,\u201d Pohjavirta hints.<\/p>\n<p>&nbsp;<\/p>\n<p><strong>A lush meadow is a pollinator\u2019s paradise<\/strong><\/p>\n<p>Flower meadows please the eyes of many, but they are of even greater value to pollinators and various endangered species. According to <a href=\"https:\/\/www.sll.fi\/opi-lisaa\/polyttajat\/\">the Finnish Association for Nature Conservation<\/a>, the number of endangered species has increased in all major pollinator groups; nearly one in five bees and butterflies is endangered. The number of species increases, for example, when a lawn is converted into a meadow. Meadow creation benefits not only plants and pollinators but also birds, fungi, and soil microbes.<\/p>\n<p>That\u2019s why meadows are best admired from a short distance: walking in them or picking plants can harm the species living there. For this reason, signs have also been set up by the meadows to provide information about them to passersby and tenants.<\/p>\n<p>&nbsp;<\/p>\n<p><strong>Meadow areas in the map images:<\/strong><\/p>\n<p><img loading=\"lazy\" decoding=\"async\" class=\"alignnone wp-image-27948 size-large\" src=\"https:\/\/tys.fi\/wp-content\/uploads\/2024\/05\/Haliskyla-1280x720-1-1024x576.jpg\" alt=\"\" width=\"1024\" height=\"576\" srcset=\"https:\/\/tys.fi\/wp-content\/uploads\/2024\/05\/Haliskyla-1280x720-1-1024x576.jpg 1024w, https:\/\/tys.fi\/wp-content\/uploads\/2024\/05\/Haliskyla-1280x720-1-300x169.jpg 300w, https:\/\/tys.fi\/wp-content\/uploads\/2024\/05\/Haliskyla-1280x720-1-768x432.jpg 768w, https:\/\/tys.fi\/wp-content\/uploads\/2024\/05\/Haliskyla-1280x720-1-1536x864.jpg 1536w, https:\/\/tys.fi\/wp-content\/uploads\/2024\/05\/Haliskyla-1280x720-1.jpg 1707w\" sizes=\"auto, (max-width: 1024px) 100vw, 1024px\" \/><\/p>\n<p><img loading=\"lazy\" decoding=\"async\" class=\"alignnone wp-image-27951 size-large\" src=\"https:\/\/tys.fi\/wp-content\/uploads\/2024\/05\/Ikituuri-Nummenranta-1280x720-1-1024x576.jpg\" alt=\"\" width=\"1024\" height=\"576\" srcset=\"https:\/\/tys.fi\/wp-content\/uploads\/2024\/05\/Ikituuri-Nummenranta-1280x720-1-1024x576.jpg 1024w, https:\/\/tys.fi\/wp-content\/uploads\/2024\/05\/Ikituuri-Nummenranta-1280x720-1-300x169.jpg 300w, https:\/\/tys.fi\/wp-content\/uploads\/2024\/05\/Ikituuri-Nummenranta-1280x720-1-768x432.jpg 768w, https:\/\/tys.fi\/wp-content\/uploads\/2024\/05\/Ikituuri-Nummenranta-1280x720-1-1536x864.jpg 1536w, https:\/\/tys.fi\/wp-content\/uploads\/2024\/05\/Ikituuri-Nummenranta-1280x720-1.jpg 1707w\" sizes=\"auto, (max-width: 1024px) 100vw, 1024px\" \/><\/p>\n<p><img loading=\"lazy\" decoding=\"async\" class=\"alignnone wp-image-27954 size-large\" src=\"https:\/\/tys.fi\/wp-content\/uploads\/2024\/05\/Kuunsilta-1280x720-1-1024x576.jpg\" alt=\"\" width=\"1024\" height=\"576\" srcset=\"https:\/\/tys.fi\/wp-content\/uploads\/2024\/05\/Kuunsilta-1280x720-1-1024x576.jpg 1024w, https:\/\/tys.fi\/wp-content\/uploads\/2024\/05\/Kuunsilta-1280x720-1-300x169.jpg 300w, https:\/\/tys.fi\/wp-content\/uploads\/2024\/05\/Kuunsilta-1280x720-1-768x432.jpg 768w, https:\/\/tys.fi\/wp-content\/uploads\/2024\/05\/Kuunsilta-1280x720-1-1536x864.jpg 1536w, https:\/\/tys.fi\/wp-content\/uploads\/2024\/05\/Kuunsilta-1280x720-1.jpg 1707w\" sizes=\"auto, (max-width: 1024px) 100vw, 1024px\" \/><\/p>\n","protected":false},"excerpt":{"rendered":"<p>Have you noticed that in some TYS housing locations, lawn areas have been transformed into&#8230;<\/p>\n","protected":false},"author":2,"featured_media":30021,"comment_status":"closed","ping_status":"closed","sticky":false,"template":"","format":"standard","meta":{"footnotes":""},"categories":[37,8],"tags":[],"class_list":{"0":"post-30024","1":"post","2":"type-post","3":"status-publish","4":"format-standard","5":"has-post-thumbnail","7":"category-blog","8":"category-news"},"yoast_head":"<!-- This site is optimized with the Yoast SEO plugin v27.5 - https:\/\/yoast.com\/product\/yoast-seo-wordpress\/ -->\n<title>A Paradise for Pollinators and a Delight for Tenants \u2013 TYS Meadows Thrived with Mixed Results in Their Second Summer | TYS | Turun Ylioppilaskyl\u00e4s\u00e4\u00e4ti\u00f6<\/title>\n<meta name=\"robots\" content=\"index, follow, max-snippet:-1, max-image-preview:large, max-video-preview:-1\" \/>\n<link rel=\"canonical\" href=\"https:\/\/tys.fi\/en\/a-paradise-for-pollinators-and-a-delight-for-tenants-tys-meadows-thrived-with-mixed-results-in-their-second-summer\" \/>\n<meta property=\"og:locale\" content=\"en_US\" \/>\n<meta property=\"og:type\" content=\"article\" \/>\n<meta property=\"og:title\" content=\"A Paradise for Pollinators and a Delight for Tenants \u2013 TYS Meadows Thrived with Mixed Results in Their Second Summer | TYS | Turun Ylioppilaskyl\u00e4s\u00e4\u00e4ti\u00f6\" \/>\n<meta property=\"og:description\" content=\"Have you noticed that in some TYS housing locations, lawn areas have been transformed into...\" \/>\n<meta property=\"og:url\" content=\"https:\/\/tys.fi\/en\/a-paradise-for-pollinators-and-a-delight-for-tenants-tys-meadows-thrived-with-mixed-results-in-their-second-summer\" \/>\n<meta property=\"og:site_name\" content=\"Turun Ylioppilaskyl&auml;s&auml;&auml;ti&ouml;\" \/>\n<meta property=\"article:publisher\" content=\"https:\/\/www.facebook.com\/tysturku\/\" \/>\n<meta property=\"article:published_time\" content=\"2025-08-26T09:29:53+00:00\" \/>\n<meta property=\"article:modified_time\" content=\"2025-08-26T09:32:04+00:00\" \/>\n<meta property=\"og:image\" content=\"https:\/\/tys.fi\/wp-content\/uploads\/2025\/08\/Ikituurin-niitty-III-1280x1280-1.jpg\" \/>\n\t<meta property=\"og:image:width\" content=\"1280\" \/>\n\t<meta property=\"og:image:height\" content=\"1280\" \/>\n\t<meta property=\"og:image:type\" content=\"image\/jpeg\" \/>\n<meta name=\"author\" content=\"Marja Aapalahti\" \/>\n<meta name=\"twitter:card\" content=\"summary_large_image\" \/>\n<meta name=\"twitter:creator\" content=\"@tysturku\" \/>\n<meta name=\"twitter:site\" content=\"@tysturku\" \/>\n<meta name=\"twitter:label1\" content=\"Written by\" \/>\n\t<meta name=\"twitter:data1\" content=\"Marja Aapalahti\" \/>\n\t<meta name=\"twitter:label2\" content=\"Est. reading time\" \/>\n\t<meta name=\"twitter:data2\" content=\"4 minutes\" \/>\n<script type=\"application\/ld+json\" class=\"yoast-schema-graph\">{\"@context\":\"https:\\\/\\\/schema.org\",\"@graph\":[{\"@type\":\"Article\",\"@id\":\"https:\\\/\\\/tys.fi\\\/en\\\/a-paradise-for-pollinators-and-a-delight-for-tenants-tys-meadows-thrived-with-mixed-results-in-their-second-summer#article\",\"isPartOf\":{\"@id\":\"https:\\\/\\\/tys.fi\\\/en\\\/a-paradise-for-pollinators-and-a-delight-for-tenants-tys-meadows-thrived-with-mixed-results-in-their-second-summer\"},\"author\":{\"name\":\"Marja Aapalahti\",\"@id\":\"https:\\\/\\\/tys.fi\\\/#\\\/schema\\\/person\\\/c1f87ee6d97815ab24d89b5ad67f8718\"},\"headline\":\"A Paradise for Pollinators and a Delight for Tenants \u2013 TYS Meadows Thrived with Mixed Results in Their Second Summer\",\"datePublished\":\"2025-08-26T09:29:53+00:00\",\"dateModified\":\"2025-08-26T09:32:04+00:00\",\"mainEntityOfPage\":{\"@id\":\"https:\\\/\\\/tys.fi\\\/en\\\/a-paradise-for-pollinators-and-a-delight-for-tenants-tys-meadows-thrived-with-mixed-results-in-their-second-summer\"},\"wordCount\":506,\"publisher\":{\"@id\":\"https:\\\/\\\/tys.fi\\\/#organization\"},\"image\":{\"@id\":\"https:\\\/\\\/tys.fi\\\/en\\\/a-paradise-for-pollinators-and-a-delight-for-tenants-tys-meadows-thrived-with-mixed-results-in-their-second-summer#primaryimage\"},\"thumbnailUrl\":\"https:\\\/\\\/tys.fi\\\/wp-content\\\/uploads\\\/2025\\\/08\\\/Ikituurin-niitty-III-1280x1280-1.jpg\",\"articleSection\":[\"Blog\",\"News\"],\"inLanguage\":\"en-US\"},{\"@type\":\"WebPage\",\"@id\":\"https:\\\/\\\/tys.fi\\\/en\\\/a-paradise-for-pollinators-and-a-delight-for-tenants-tys-meadows-thrived-with-mixed-results-in-their-second-summer\",\"url\":\"https:\\\/\\\/tys.fi\\\/en\\\/a-paradise-for-pollinators-and-a-delight-for-tenants-tys-meadows-thrived-with-mixed-results-in-their-second-summer\",\"name\":\"A Paradise for Pollinators and a Delight for Tenants \u2013 TYS Meadows Thrived with Mixed Results in Their Second Summer | TYS | Turun Ylioppilaskyl\u00e4s\u00e4\u00e4ti\u00f6\",\"isPartOf\":{\"@id\":\"https:\\\/\\\/tys.fi\\\/#website\"},\"primaryImageOfPage\":{\"@id\":\"https:\\\/\\\/tys.fi\\\/en\\\/a-paradise-for-pollinators-and-a-delight-for-tenants-tys-meadows-thrived-with-mixed-results-in-their-second-summer#primaryimage\"},\"image\":{\"@id\":\"https:\\\/\\\/tys.fi\\\/en\\\/a-paradise-for-pollinators-and-a-delight-for-tenants-tys-meadows-thrived-with-mixed-results-in-their-second-summer#primaryimage\"},\"thumbnailUrl\":\"https:\\\/\\\/tys.fi\\\/wp-content\\\/uploads\\\/2025\\\/08\\\/Ikituurin-niitty-III-1280x1280-1.jpg\",\"datePublished\":\"2025-08-26T09:29:53+00:00\",\"dateModified\":\"2025-08-26T09:32:04+00:00\",\"breadcrumb\":{\"@id\":\"https:\\\/\\\/tys.fi\\\/en\\\/a-paradise-for-pollinators-and-a-delight-for-tenants-tys-meadows-thrived-with-mixed-results-in-their-second-summer#breadcrumb\"},\"inLanguage\":\"en-US\",\"potentialAction\":[{\"@type\":\"ReadAction\",\"target\":[\"https:\\\/\\\/tys.fi\\\/en\\\/a-paradise-for-pollinators-and-a-delight-for-tenants-tys-meadows-thrived-with-mixed-results-in-their-second-summer\"]}]},{\"@type\":\"ImageObject\",\"inLanguage\":\"en-US\",\"@id\":\"https:\\\/\\\/tys.fi\\\/en\\\/a-paradise-for-pollinators-and-a-delight-for-tenants-tys-meadows-thrived-with-mixed-results-in-their-second-summer#primaryimage\",\"url\":\"https:\\\/\\\/tys.fi\\\/wp-content\\\/uploads\\\/2025\\\/08\\\/Ikituurin-niitty-III-1280x1280-1.jpg\",\"contentUrl\":\"https:\\\/\\\/tys.fi\\\/wp-content\\\/uploads\\\/2025\\\/08\\\/Ikituurin-niitty-III-1280x1280-1.jpg\",\"width\":1280,\"height\":1280},{\"@type\":\"BreadcrumbList\",\"@id\":\"https:\\\/\\\/tys.fi\\\/en\\\/a-paradise-for-pollinators-and-a-delight-for-tenants-tys-meadows-thrived-with-mixed-results-in-their-second-summer#breadcrumb\",\"itemListElement\":[{\"@type\":\"ListItem\",\"position\":1,\"name\":\"Home\",\"item\":\"https:\\\/\\\/tys.fi\\\/en\"},{\"@type\":\"ListItem\",\"position\":2,\"name\":\"A Paradise for Pollinators and a Delight for Tenants \u2013 TYS Meadows Thrived with Mixed Results in Their Second Summer\"}]},{\"@type\":\"WebSite\",\"@id\":\"https:\\\/\\\/tys.fi\\\/#website\",\"url\":\"https:\\\/\\\/tys.fi\\\/\",\"name\":\"Turun Ylioppilaskyl\u00e4s\u00e4\u00e4ti\u00f6\",\"description\":\"Vuokra-asunnot Turku\",\"publisher\":{\"@id\":\"https:\\\/\\\/tys.fi\\\/#organization\"},\"potentialAction\":[{\"@type\":\"SearchAction\",\"target\":{\"@type\":\"EntryPoint\",\"urlTemplate\":\"https:\\\/\\\/tys.fi\\\/?s={search_term_string}\"},\"query-input\":{\"@type\":\"PropertyValueSpecification\",\"valueRequired\":true,\"valueName\":\"search_term_string\"}}],\"inLanguage\":\"en-US\"},{\"@type\":\"Organization\",\"@id\":\"https:\\\/\\\/tys.fi\\\/#organization\",\"name\":\"TYS\",\"url\":\"https:\\\/\\\/tys.fi\\\/\",\"logo\":{\"@type\":\"ImageObject\",\"inLanguage\":\"en-US\",\"@id\":\"https:\\\/\\\/tys.fi\\\/#\\\/schema\\\/logo\\\/image\\\/\",\"url\":\"https:\\\/\\\/tys.fi\\\/wp-content\\\/uploads\\\/2019\\\/03\\\/TYS-Logo_Green_500px.png\",\"contentUrl\":\"https:\\\/\\\/tys.fi\\\/wp-content\\\/uploads\\\/2019\\\/03\\\/TYS-Logo_Green_500px.png\",\"width\":500,\"height\":232,\"caption\":\"TYS\"},\"image\":{\"@id\":\"https:\\\/\\\/tys.fi\\\/#\\\/schema\\\/logo\\\/image\\\/\"},\"sameAs\":[\"https:\\\/\\\/www.facebook.com\\\/tysturku\\\/\",\"https:\\\/\\\/x.com\\\/tysturku\",\"https:\\\/\\\/www.instagram.com\\\/tysturku\\\/\",\"https:\\\/\\\/www.linkedin.com\\\/company\\\/tysturku\\\/\",\"https:\\\/\\\/www.youtube.com\\\/channel\\\/UCjKOs8BOiY0SORCB0WWixlw?view_as=subscriber\",\"https:\\\/\\\/fi.wikipedia.org\\\/wiki\\\/Turun_ylioppilaskyl\u00e4s\u00e4\u00e4ti\u00f6\"]},{\"@type\":\"Person\",\"@id\":\"https:\\\/\\\/tys.fi\\\/#\\\/schema\\\/person\\\/c1f87ee6d97815ab24d89b5ad67f8718\",\"name\":\"Marja Aapalahti\",\"url\":\"https:\\\/\\\/tys.fi\\\/en\\\/author\\\/marja\"}]}<\/script>\n<!-- \/ Yoast SEO plugin. -->","yoast_head_json":{"title":"A Paradise for Pollinators and a Delight for Tenants \u2013 TYS Meadows Thrived with Mixed Results in Their Second Summer | TYS | Turun Ylioppilaskyl\u00e4s\u00e4\u00e4ti\u00f6","robots":{"index":"index","follow":"follow","max-snippet":"max-snippet:-1","max-image-preview":"max-image-preview:large","max-video-preview":"max-video-preview:-1"},"canonical":"https:\/\/tys.fi\/en\/a-paradise-for-pollinators-and-a-delight-for-tenants-tys-meadows-thrived-with-mixed-results-in-their-second-summer","og_locale":"en_US","og_type":"article","og_title":"A Paradise for Pollinators and a Delight for Tenants \u2013 TYS Meadows Thrived with Mixed Results in Their Second Summer | TYS | Turun Ylioppilaskyl\u00e4s\u00e4\u00e4ti\u00f6","og_description":"Have you noticed that in some TYS housing locations, lawn areas have been transformed into...","og_url":"https:\/\/tys.fi\/en\/a-paradise-for-pollinators-and-a-delight-for-tenants-tys-meadows-thrived-with-mixed-results-in-their-second-summer","og_site_name":"Turun Ylioppilaskyl&auml;s&auml;&auml;ti&ouml;","article_publisher":"https:\/\/www.facebook.com\/tysturku\/","article_published_time":"2025-08-26T09:29:53+00:00","article_modified_time":"2025-08-26T09:32:04+00:00","og_image":[{"width":1280,"height":1280,"url":"https:\/\/tys.fi\/wp-content\/uploads\/2025\/08\/Ikituurin-niitty-III-1280x1280-1.jpg","type":"image\/jpeg"}],"author":"Marja Aapalahti","twitter_card":"summary_large_image","twitter_creator":"@tysturku","twitter_site":"@tysturku","twitter_misc":{"Written by":"Marja Aapalahti","Est. reading time":"4 minutes"},"schema":{"@context":"https:\/\/schema.org","@graph":[{"@type":"Article","@id":"https:\/\/tys.fi\/en\/a-paradise-for-pollinators-and-a-delight-for-tenants-tys-meadows-thrived-with-mixed-results-in-their-second-summer#article","isPartOf":{"@id":"https:\/\/tys.fi\/en\/a-paradise-for-pollinators-and-a-delight-for-tenants-tys-meadows-thrived-with-mixed-results-in-their-second-summer"},"author":{"name":"Marja Aapalahti","@id":"https:\/\/tys.fi\/#\/schema\/person\/c1f87ee6d97815ab24d89b5ad67f8718"},"headline":"A Paradise for Pollinators and a Delight for Tenants \u2013 TYS Meadows Thrived with Mixed Results in Their Second Summer","datePublished":"2025-08-26T09:29:53+00:00","dateModified":"2025-08-26T09:32:04+00:00","mainEntityOfPage":{"@id":"https:\/\/tys.fi\/en\/a-paradise-for-pollinators-and-a-delight-for-tenants-tys-meadows-thrived-with-mixed-results-in-their-second-summer"},"wordCount":506,"publisher":{"@id":"https:\/\/tys.fi\/#organization"},"image":{"@id":"https:\/\/tys.fi\/en\/a-paradise-for-pollinators-and-a-delight-for-tenants-tys-meadows-thrived-with-mixed-results-in-their-second-summer#primaryimage"},"thumbnailUrl":"https:\/\/tys.fi\/wp-content\/uploads\/2025\/08\/Ikituurin-niitty-III-1280x1280-1.jpg","articleSection":["Blog","News"],"inLanguage":"en-US"},{"@type":"WebPage","@id":"https:\/\/tys.fi\/en\/a-paradise-for-pollinators-and-a-delight-for-tenants-tys-meadows-thrived-with-mixed-results-in-their-second-summer","url":"https:\/\/tys.fi\/en\/a-paradise-for-pollinators-and-a-delight-for-tenants-tys-meadows-thrived-with-mixed-results-in-their-second-summer","name":"A Paradise for Pollinators and a Delight for Tenants \u2013 TYS Meadows Thrived with Mixed Results in Their Second Summer | TYS | Turun Ylioppilaskyl\u00e4s\u00e4\u00e4ti\u00f6","isPartOf":{"@id":"https:\/\/tys.fi\/#website"},"primaryImageOfPage":{"@id":"https:\/\/tys.fi\/en\/a-paradise-for-pollinators-and-a-delight-for-tenants-tys-meadows-thrived-with-mixed-results-in-their-second-summer#primaryimage"},"image":{"@id":"https:\/\/tys.fi\/en\/a-paradise-for-pollinators-and-a-delight-for-tenants-tys-meadows-thrived-with-mixed-results-in-their-second-summer#primaryimage"},"thumbnailUrl":"https:\/\/tys.fi\/wp-content\/uploads\/2025\/08\/Ikituurin-niitty-III-1280x1280-1.jpg","datePublished":"2025-08-26T09:29:53+00:00","dateModified":"2025-08-26T09:32:04+00:00","breadcrumb":{"@id":"https:\/\/tys.fi\/en\/a-paradise-for-pollinators-and-a-delight-for-tenants-tys-meadows-thrived-with-mixed-results-in-their-second-summer#breadcrumb"},"inLanguage":"en-US","potentialAction":[{"@type":"ReadAction","target":["https:\/\/tys.fi\/en\/a-paradise-for-pollinators-and-a-delight-for-tenants-tys-meadows-thrived-with-mixed-results-in-their-second-summer"]}]},{"@type":"ImageObject","inLanguage":"en-US","@id":"https:\/\/tys.fi\/en\/a-paradise-for-pollinators-and-a-delight-for-tenants-tys-meadows-thrived-with-mixed-results-in-their-second-summer#primaryimage","url":"https:\/\/tys.fi\/wp-content\/uploads\/2025\/08\/Ikituurin-niitty-III-1280x1280-1.jpg","contentUrl":"https:\/\/tys.fi\/wp-content\/uploads\/2025\/08\/Ikituurin-niitty-III-1280x1280-1.jpg","width":1280,"height":1280},{"@type":"BreadcrumbList","@id":"https:\/\/tys.fi\/en\/a-paradise-for-pollinators-and-a-delight-for-tenants-tys-meadows-thrived-with-mixed-results-in-their-second-summer#breadcrumb","itemListElement":[{"@type":"ListItem","position":1,"name":"Home","item":"https:\/\/tys.fi\/en"},{"@type":"ListItem","position":2,"name":"A Paradise for Pollinators and a Delight for Tenants \u2013 TYS Meadows Thrived with Mixed Results in Their Second Summer"}]},{"@type":"WebSite","@id":"https:\/\/tys.fi\/#website","url":"https:\/\/tys.fi\/","name":"Turun Ylioppilaskyl\u00e4s\u00e4\u00e4ti\u00f6","description":"Vuokra-asunnot Turku","publisher":{"@id":"https:\/\/tys.fi\/#organization"},"potentialAction":[{"@type":"SearchAction","target":{"@type":"EntryPoint","urlTemplate":"https:\/\/tys.fi\/?s={search_term_string}"},"query-input":{"@type":"PropertyValueSpecification","valueRequired":true,"valueName":"search_term_string"}}],"inLanguage":"en-US"},{"@type":"Organization","@id":"https:\/\/tys.fi\/#organization","name":"TYS","url":"https:\/\/tys.fi\/","logo":{"@type":"ImageObject","inLanguage":"en-US","@id":"https:\/\/tys.fi\/#\/schema\/logo\/image\/","url":"https:\/\/tys.fi\/wp-content\/uploads\/2019\/03\/TYS-Logo_Green_500px.png","contentUrl":"https:\/\/tys.fi\/wp-content\/uploads\/2019\/03\/TYS-Logo_Green_500px.png","width":500,"height":232,"caption":"TYS"},"image":{"@id":"https:\/\/tys.fi\/#\/schema\/logo\/image\/"},"sameAs":["https:\/\/www.facebook.com\/tysturku\/","https:\/\/x.com\/tysturku","https:\/\/www.instagram.com\/tysturku\/","https:\/\/www.linkedin.com\/company\/tysturku\/","https:\/\/www.youtube.com\/channel\/UCjKOs8BOiY0SORCB0WWixlw?view_as=subscriber","https:\/\/fi.wikipedia.org\/wiki\/Turun_ylioppilaskyl\u00e4s\u00e4\u00e4ti\u00f6"]},{"@type":"Person","@id":"https:\/\/tys.fi\/#\/schema\/person\/c1f87ee6d97815ab24d89b5ad67f8718","name":"Marja Aapalahti","url":"https:\/\/tys.fi\/en\/author\/marja"}]}},"_links":{"self":[{"href":"https:\/\/tys.fi\/en\/wp-json\/wp\/v2\/posts\/30024","targetHints":{"allow":["GET"]}}],"collection":[{"href":"https:\/\/tys.fi\/en\/wp-json\/wp\/v2\/posts"}],"about":[{"href":"https:\/\/tys.fi\/en\/wp-json\/wp\/v2\/types\/post"}],"author":[{"embeddable":true,"href":"https:\/\/tys.fi\/en\/wp-json\/wp\/v2\/users\/2"}],"replies":[{"embeddable":true,"href":"https:\/\/tys.fi\/en\/wp-json\/wp\/v2\/comments?post=30024"}],"version-history":[{"count":2,"href":"https:\/\/tys.fi\/en\/wp-json\/wp\/v2\/posts\/30024\/revisions"}],"predecessor-version":[{"id":30027,"href":"https:\/\/tys.fi\/en\/wp-json\/wp\/v2\/posts\/30024\/revisions\/30027"}],"wp:featuredmedia":[{"embeddable":true,"href":"https:\/\/tys.fi\/en\/wp-json\/wp\/v2\/media\/30021"}],"wp:attachment":[{"href":"https:\/\/tys.fi\/en\/wp-json\/wp\/v2\/media?parent=30024"}],"wp:term":[{"taxonomy":"category","embeddable":true,"href":"https:\/\/tys.fi\/en\/wp-json\/wp\/v2\/categories?post=30024"},{"taxonomy":"post_tag","embeddable":true,"href":"https:\/\/tys.fi\/en\/wp-json\/wp\/v2\/tags?post=30024"}],"curies":[{"name":"wp","href":"https:\/\/api.w.org\/{rel}","templated":true}]}}