{"id":28333,"date":"2024-09-03T15:27:41","date_gmt":"2024-09-03T12:27:41","guid":{"rendered":"https:\/\/tys.fi\/?p=28333"},"modified":"2024-09-03T15:27:41","modified_gmt":"2024-09-03T12:27:41","slug":"two-public-charging-stations-for-electric-bikes-opened-in-student-village","status":"publish","type":"post","link":"https:\/\/tys.fi\/en\/two-public-charging-stations-for-electric-bikes-opened-in-student-village","title":{"rendered":"Two public charging stations for electric bikes opened in Student Village"},"content":{"rendered":"<p><strong><img loading=\"lazy\" decoding=\"async\" class=\"alignnone wp-image-28325 size-large\" src=\"https:\/\/tys.fi\/wp-content\/uploads\/2024\/09\/Latausasema-I-1600x757-150ppi-1024x484.jpg\" alt=\"\" width=\"1024\" height=\"484\" srcset=\"https:\/\/tys.fi\/wp-content\/uploads\/2024\/09\/Latausasema-I-1600x757-150ppi-1024x484.jpg 1024w, https:\/\/tys.fi\/wp-content\/uploads\/2024\/09\/Latausasema-I-1600x757-150ppi-300x142.jpg 300w, https:\/\/tys.fi\/wp-content\/uploads\/2024\/09\/Latausasema-I-1600x757-150ppi-768x363.jpg 768w, https:\/\/tys.fi\/wp-content\/uploads\/2024\/09\/Latausasema-I-1600x757-150ppi-1536x727.jpg 1536w, https:\/\/tys.fi\/wp-content\/uploads\/2024\/09\/Latausasema-I-1600x757-150ppi.jpg 1600w\" sizes=\"auto, (max-width: 1024px) 100vw, 1024px\" \/><\/strong><\/p>\n<p><strong>The charging stations are next to the F\u00f6ll\u00e4ri stop of Ikituuri and next to Tyyssija along Inspehtorinkatu, and are available for use free of charge.<\/strong><\/p>\n<p>Is your electric bike\u2019s battery running low? If your route goes through the Student Village, you can now charge up your bike at the free bike charging stations along Inspehtorinkatu! The charging stations are next to the F\u00f6ll\u00e4ri stop of Ikituuri and the housing location Tyyssija.<\/p>\n<div id=\"attachment_28309\" style=\"width: 610px\" class=\"wp-caption alignnone\"><a href=\"https:\/\/tys.fi\/wp-content\/uploads\/2024\/09\/Sahkopyorien-asemat-kartta-1280x800-1.png\"><img loading=\"lazy\" decoding=\"async\" aria-describedby=\"caption-attachment-28309\" class=\"wp-image-28309\" src=\"https:\/\/tys.fi\/wp-content\/uploads\/2024\/09\/Sahkopyorien-asemat-kartta-1280x800-1-1024x640.png\" alt=\"\" width=\"600\" height=\"375\" srcset=\"https:\/\/tys.fi\/wp-content\/uploads\/2024\/09\/Sahkopyorien-asemat-kartta-1280x800-1-1024x640.png 1024w, https:\/\/tys.fi\/wp-content\/uploads\/2024\/09\/Sahkopyorien-asemat-kartta-1280x800-1-300x188.png 300w, https:\/\/tys.fi\/wp-content\/uploads\/2024\/09\/Sahkopyorien-asemat-kartta-1280x800-1-768x480.png 768w, https:\/\/tys.fi\/wp-content\/uploads\/2024\/09\/Sahkopyorien-asemat-kartta-1280x800-1-1536x960.png 1536w, https:\/\/tys.fi\/wp-content\/uploads\/2024\/09\/Sahkopyorien-asemat-kartta-1280x800-1-2048x1280.png 2048w\" sizes=\"auto, (max-width: 600px) 100vw, 600px\" \/><\/a><p id=\"caption-attachment-28309\" class=\"wp-caption-text\">Both stations are located along Inspehtorinkatu (click to enlarge).<\/p><\/div>\n<p>Using the charging stations is simple: just open the hatch and follow the instructions you can find inside. The charging stations have the charging cords for the most common electric bike batteries (Shimano, Yamaha and Bosch), and an outlet for your own charging cord.<\/p>\n<p>Thanks to the fast charging technology, just a 30-minute charge gives your electric bike 20 kilometres of more distance. The charging stations also include a bike stand, so you can lock your bike to it during the charging session. The stations allow charging two bikes simultaneously.<\/p>\n<div id=\"attachment_28312\" style=\"width: 385px\" class=\"wp-caption alignleft\"><img loading=\"lazy\" decoding=\"async\" aria-describedby=\"caption-attachment-28312\" class=\"wp-image-28312\" src=\"https:\/\/tys.fi\/wp-content\/uploads\/2024\/09\/Tyyssijan-laturi-2160x2160-1-1024x1024.jpg\" alt=\"\" width=\"375\" height=\"375\" srcset=\"https:\/\/tys.fi\/wp-content\/uploads\/2024\/09\/Tyyssijan-laturi-2160x2160-1-1024x1024.jpg 1024w, https:\/\/tys.fi\/wp-content\/uploads\/2024\/09\/Tyyssijan-laturi-2160x2160-1-300x300.jpg 300w, https:\/\/tys.fi\/wp-content\/uploads\/2024\/09\/Tyyssijan-laturi-2160x2160-1-150x150.jpg 150w, https:\/\/tys.fi\/wp-content\/uploads\/2024\/09\/Tyyssijan-laturi-2160x2160-1-768x768.jpg 768w, https:\/\/tys.fi\/wp-content\/uploads\/2024\/09\/Tyyssijan-laturi-2160x2160-1-1536x1536.jpg 1536w, https:\/\/tys.fi\/wp-content\/uploads\/2024\/09\/Tyyssijan-laturi-2160x2160-1-2048x2048.jpg 2048w, https:\/\/tys.fi\/wp-content\/uploads\/2024\/09\/Tyyssijan-laturi-2160x2160-1-140x140.jpg 140w, https:\/\/tys.fi\/wp-content\/uploads\/2024\/09\/Tyyssijan-laturi-2160x2160-1-100x100.jpg 100w, https:\/\/tys.fi\/wp-content\/uploads\/2024\/09\/Tyyssijan-laturi-2160x2160-1-500x500.jpg 500w, https:\/\/tys.fi\/wp-content\/uploads\/2024\/09\/Tyyssijan-laturi-2160x2160-1-350x350.jpg 350w, https:\/\/tys.fi\/wp-content\/uploads\/2024\/09\/Tyyssijan-laturi-2160x2160-1-1000x1000.jpg 1000w, https:\/\/tys.fi\/wp-content\/uploads\/2024\/09\/Tyyssijan-laturi-2160x2160-1-800x800.jpg 800w\" sizes=\"auto, (max-width: 375px) 100vw, 375px\" \/><p id=\"caption-attachment-28312\" class=\"wp-caption-text\">The charging stations are equipped with illustrated instructions.<\/p><\/div>\n<p>The charging stations have been developed as part of the RESPONSE and KAEV projects of the Turku University of Applied Sciences\u2019 <a href=\"https:\/\/nerc.turkuamk.fi\/\">New Energy Research Center<\/a>.<\/p>\n<p>RESPONSE is a joint European project striving to build sustainable cities, which focuses on issues such as the availability and price of energy and balancing its environmental impacts through new technological solutions and inclusion of residents.<\/p>\n<p><a href=\"https:\/\/tys.fi\/en\/response\">TYS is one of the partners of the RESPONSE project.<\/a><\/p>\n<p>&nbsp;<\/p>\n<p><strong>Further information and inquiries about the charging station:<\/strong><\/p>\n<p><a href=\"mailto:nerc@turkuamk.fi\">nerc@turkuamk.fi<\/a>.<\/p>\n","protected":false},"excerpt":{"rendered":"<p>The charging stations are next to the F\u00f6ll\u00e4ri stop of Ikituuri and next to Tyyssija&#8230;<\/p>\n","protected":false},"author":2,"featured_media":28316,"comment_status":"closed","ping_status":"open","sticky":false,"template":"","format":"standard","meta":{"footnotes":""},"categories":[8],"tags":[],"class_list":{"0":"post-28333","1":"post","2":"type-post","3":"status-publish","4":"format-standard","5":"has-post-thumbnail","7":"category-news"},"yoast_head":"<!-- This site is optimized with the Yoast SEO plugin v27.5 - https:\/\/yoast.com\/product\/yoast-seo-wordpress\/ -->\n<title>Two public charging stations for electric bikes opened in Student Village | TYS | Turun Ylioppilaskyl\u00e4s\u00e4\u00e4ti\u00f6<\/title>\n<meta name=\"robots\" content=\"index, follow, max-snippet:-1, max-image-preview:large, max-video-preview:-1\" \/>\n<link rel=\"canonical\" href=\"https:\/\/tys.fi\/sv?p=28341\" \/>\n<meta property=\"og:locale\" content=\"en_US\" \/>\n<meta property=\"og:type\" content=\"article\" \/>\n<meta property=\"og:title\" content=\"Two public charging stations for electric bikes opened in Student Village | TYS | Turun Ylioppilaskyl\u00e4s\u00e4\u00e4ti\u00f6\" \/>\n<meta property=\"og:description\" content=\"The charging stations are next to the F\u00f6ll\u00e4ri stop of Ikituuri and next to Tyyssija...\" \/>\n<meta property=\"og:url\" content=\"https:\/\/tys.fi\/sv?p=28341\" \/>\n<meta property=\"og:site_name\" content=\"Turun Ylioppilaskyl&auml;s&auml;&auml;ti&ouml;\" \/>\n<meta property=\"article:publisher\" content=\"https:\/\/www.facebook.com\/tysturku\/\" \/>\n<meta property=\"article:published_time\" content=\"2024-09-03T12:27:41+00:00\" \/>\n<meta property=\"og:image\" content=\"https:\/\/tys.fi\/wp-content\/uploads\/2024\/09\/Latausasema-I-1920x1280-150ppi-1024x683.jpg\" \/>\n\t<meta property=\"og:image:width\" content=\"1024\" \/>\n\t<meta property=\"og:image:height\" content=\"683\" \/>\n\t<meta property=\"og:image:type\" content=\"image\/jpeg\" \/>\n<meta name=\"author\" content=\"Marja Aapalahti\" \/>\n<meta name=\"twitter:card\" content=\"summary_large_image\" \/>\n<meta name=\"twitter:creator\" content=\"@tysturku\" \/>\n<meta name=\"twitter:site\" content=\"@tysturku\" \/>\n<meta name=\"twitter:label1\" content=\"Written by\" \/>\n\t<meta name=\"twitter:data1\" content=\"Marja Aapalahti\" \/>\n\t<meta name=\"twitter:label2\" content=\"Est. reading time\" \/>\n\t<meta name=\"twitter:data2\" content=\"1 minute\" \/>\n<script type=\"application\/ld+json\" class=\"yoast-schema-graph\">{\"@context\":\"https:\\\/\\\/schema.org\",\"@graph\":[{\"@type\":\"Article\",\"@id\":\"https:\\\/\\\/tys.fi\\\/sv?p=28341#article\",\"isPartOf\":{\"@id\":\"https:\\\/\\\/tys.fi\\\/sv?p=28341\"},\"author\":{\"name\":\"Marja Aapalahti\",\"@id\":\"https:\\\/\\\/tys.fi\\\/#\\\/schema\\\/person\\\/c1f87ee6d97815ab24d89b5ad67f8718\"},\"headline\":\"Two public charging stations for electric bikes opened in Student Village\",\"datePublished\":\"2024-09-03T12:27:41+00:00\",\"mainEntityOfPage\":{\"@id\":\"https:\\\/\\\/tys.fi\\\/sv?p=28341\"},\"wordCount\":290,\"publisher\":{\"@id\":\"https:\\\/\\\/tys.fi\\\/#organization\"},\"image\":{\"@id\":\"https:\\\/\\\/tys.fi\\\/sv?p=28341#primaryimage\"},\"thumbnailUrl\":\"https:\\\/\\\/tys.fi\\\/wp-content\\\/uploads\\\/2024\\\/09\\\/Latausasema-I-1920x1280-150ppi.jpg\",\"articleSection\":[\"News\"],\"inLanguage\":\"en-US\"},{\"@type\":\"WebPage\",\"@id\":\"https:\\\/\\\/tys.fi\\\/sv?p=28341\",\"url\":\"https:\\\/\\\/tys.fi\\\/sv?p=28341\",\"name\":\"Two public charging stations for electric bikes opened in Student Village | TYS | Turun Ylioppilaskyl\u00e4s\u00e4\u00e4ti\u00f6\",\"isPartOf\":{\"@id\":\"https:\\\/\\\/tys.fi\\\/#website\"},\"primaryImageOfPage\":{\"@id\":\"https:\\\/\\\/tys.fi\\\/sv?p=28341#primaryimage\"},\"image\":{\"@id\":\"https:\\\/\\\/tys.fi\\\/sv?p=28341#primaryimage\"},\"thumbnailUrl\":\"https:\\\/\\\/tys.fi\\\/wp-content\\\/uploads\\\/2024\\\/09\\\/Latausasema-I-1920x1280-150ppi.jpg\",\"datePublished\":\"2024-09-03T12:27:41+00:00\",\"breadcrumb\":{\"@id\":\"https:\\\/\\\/tys.fi\\\/sv?p=28341#breadcrumb\"},\"inLanguage\":\"en-US\",\"potentialAction\":[{\"@type\":\"ReadAction\",\"target\":[\"https:\\\/\\\/tys.fi\\\/sv?p=28341\"]}]},{\"@type\":\"ImageObject\",\"inLanguage\":\"en-US\",\"@id\":\"https:\\\/\\\/tys.fi\\\/sv?p=28341#primaryimage\",\"url\":\"https:\\\/\\\/tys.fi\\\/wp-content\\\/uploads\\\/2024\\\/09\\\/Latausasema-I-1920x1280-150ppi.jpg\",\"contentUrl\":\"https:\\\/\\\/tys.fi\\\/wp-content\\\/uploads\\\/2024\\\/09\\\/Latausasema-I-1920x1280-150ppi.jpg\",\"width\":1920,\"height\":1280},{\"@type\":\"BreadcrumbList\",\"@id\":\"https:\\\/\\\/tys.fi\\\/sv?p=28341#breadcrumb\",\"itemListElement\":[{\"@type\":\"ListItem\",\"position\":1,\"name\":\"Home\",\"item\":\"https:\\\/\\\/tys.fi\\\/en\"},{\"@type\":\"ListItem\",\"position\":2,\"name\":\"Two public charging stations for electric bikes opened in Student Village\"}]},{\"@type\":\"WebSite\",\"@id\":\"https:\\\/\\\/tys.fi\\\/#website\",\"url\":\"https:\\\/\\\/tys.fi\\\/\",\"name\":\"Turun Ylioppilaskyl\u00e4s\u00e4\u00e4ti\u00f6\",\"description\":\"Vuokra-asunnot Turku\",\"publisher\":{\"@id\":\"https:\\\/\\\/tys.fi\\\/#organization\"},\"potentialAction\":[{\"@type\":\"SearchAction\",\"target\":{\"@type\":\"EntryPoint\",\"urlTemplate\":\"https:\\\/\\\/tys.fi\\\/?s={search_term_string}\"},\"query-input\":{\"@type\":\"PropertyValueSpecification\",\"valueRequired\":true,\"valueName\":\"search_term_string\"}}],\"inLanguage\":\"en-US\"},{\"@type\":\"Organization\",\"@id\":\"https:\\\/\\\/tys.fi\\\/#organization\",\"name\":\"TYS\",\"url\":\"https:\\\/\\\/tys.fi\\\/\",\"logo\":{\"@type\":\"ImageObject\",\"inLanguage\":\"en-US\",\"@id\":\"https:\\\/\\\/tys.fi\\\/#\\\/schema\\\/logo\\\/image\\\/\",\"url\":\"https:\\\/\\\/tys.fi\\\/wp-content\\\/uploads\\\/2019\\\/03\\\/TYS-Logo_Green_500px.png\",\"contentUrl\":\"https:\\\/\\\/tys.fi\\\/wp-content\\\/uploads\\\/2019\\\/03\\\/TYS-Logo_Green_500px.png\",\"width\":500,\"height\":232,\"caption\":\"TYS\"},\"image\":{\"@id\":\"https:\\\/\\\/tys.fi\\\/#\\\/schema\\\/logo\\\/image\\\/\"},\"sameAs\":[\"https:\\\/\\\/www.facebook.com\\\/tysturku\\\/\",\"https:\\\/\\\/x.com\\\/tysturku\",\"https:\\\/\\\/www.instagram.com\\\/tysturku\\\/\",\"https:\\\/\\\/www.linkedin.com\\\/company\\\/tysturku\\\/\",\"https:\\\/\\\/www.youtube.com\\\/channel\\\/UCjKOs8BOiY0SORCB0WWixlw?view_as=subscriber\",\"https:\\\/\\\/fi.wikipedia.org\\\/wiki\\\/Turun_ylioppilaskyl\u00e4s\u00e4\u00e4ti\u00f6\"]},{\"@type\":\"Person\",\"@id\":\"https:\\\/\\\/tys.fi\\\/#\\\/schema\\\/person\\\/c1f87ee6d97815ab24d89b5ad67f8718\",\"name\":\"Marja Aapalahti\",\"url\":\"https:\\\/\\\/tys.fi\\\/en\\\/author\\\/marja\"}]}<\/script>\n<!-- \/ Yoast SEO plugin. -->","yoast_head_json":{"title":"Two public charging stations for electric bikes opened in Student Village | TYS | Turun Ylioppilaskyl\u00e4s\u00e4\u00e4ti\u00f6","robots":{"index":"index","follow":"follow","max-snippet":"max-snippet:-1","max-image-preview":"max-image-preview:large","max-video-preview":"max-video-preview:-1"},"canonical":"https:\/\/tys.fi\/sv?p=28341","og_locale":"en_US","og_type":"article","og_title":"Two public charging stations for electric bikes opened in Student Village | TYS | Turun Ylioppilaskyl\u00e4s\u00e4\u00e4ti\u00f6","og_description":"The charging stations are next to the F\u00f6ll\u00e4ri stop of Ikituuri and next to Tyyssija...","og_url":"https:\/\/tys.fi\/sv?p=28341","og_site_name":"Turun Ylioppilaskyl&auml;s&auml;&auml;ti&ouml;","article_publisher":"https:\/\/www.facebook.com\/tysturku\/","article_published_time":"2024-09-03T12:27:41+00:00","og_image":[{"width":1024,"height":683,"url":"https:\/\/tys.fi\/wp-content\/uploads\/2024\/09\/Latausasema-I-1920x1280-150ppi-1024x683.jpg","type":"image\/jpeg"}],"author":"Marja Aapalahti","twitter_card":"summary_large_image","twitter_creator":"@tysturku","twitter_site":"@tysturku","twitter_misc":{"Written by":"Marja Aapalahti","Est. reading time":"1 minute"},"schema":{"@context":"https:\/\/schema.org","@graph":[{"@type":"Article","@id":"https:\/\/tys.fi\/sv?p=28341#article","isPartOf":{"@id":"https:\/\/tys.fi\/sv?p=28341"},"author":{"name":"Marja Aapalahti","@id":"https:\/\/tys.fi\/#\/schema\/person\/c1f87ee6d97815ab24d89b5ad67f8718"},"headline":"Two public charging stations for electric bikes opened in Student Village","datePublished":"2024-09-03T12:27:41+00:00","mainEntityOfPage":{"@id":"https:\/\/tys.fi\/sv?p=28341"},"wordCount":290,"publisher":{"@id":"https:\/\/tys.fi\/#organization"},"image":{"@id":"https:\/\/tys.fi\/sv?p=28341#primaryimage"},"thumbnailUrl":"https:\/\/tys.fi\/wp-content\/uploads\/2024\/09\/Latausasema-I-1920x1280-150ppi.jpg","articleSection":["News"],"inLanguage":"en-US"},{"@type":"WebPage","@id":"https:\/\/tys.fi\/sv?p=28341","url":"https:\/\/tys.fi\/sv?p=28341","name":"Two public charging stations for electric bikes opened in Student Village | TYS | Turun Ylioppilaskyl\u00e4s\u00e4\u00e4ti\u00f6","isPartOf":{"@id":"https:\/\/tys.fi\/#website"},"primaryImageOfPage":{"@id":"https:\/\/tys.fi\/sv?p=28341#primaryimage"},"image":{"@id":"https:\/\/tys.fi\/sv?p=28341#primaryimage"},"thumbnailUrl":"https:\/\/tys.fi\/wp-content\/uploads\/2024\/09\/Latausasema-I-1920x1280-150ppi.jpg","datePublished":"2024-09-03T12:27:41+00:00","breadcrumb":{"@id":"https:\/\/tys.fi\/sv?p=28341#breadcrumb"},"inLanguage":"en-US","potentialAction":[{"@type":"ReadAction","target":["https:\/\/tys.fi\/sv?p=28341"]}]},{"@type":"ImageObject","inLanguage":"en-US","@id":"https:\/\/tys.fi\/sv?p=28341#primaryimage","url":"https:\/\/tys.fi\/wp-content\/uploads\/2024\/09\/Latausasema-I-1920x1280-150ppi.jpg","contentUrl":"https:\/\/tys.fi\/wp-content\/uploads\/2024\/09\/Latausasema-I-1920x1280-150ppi.jpg","width":1920,"height":1280},{"@type":"BreadcrumbList","@id":"https:\/\/tys.fi\/sv?p=28341#breadcrumb","itemListElement":[{"@type":"ListItem","position":1,"name":"Home","item":"https:\/\/tys.fi\/en"},{"@type":"ListItem","position":2,"name":"Two public charging stations for electric bikes opened in Student Village"}]},{"@type":"WebSite","@id":"https:\/\/tys.fi\/#website","url":"https:\/\/tys.fi\/","name":"Turun Ylioppilaskyl\u00e4s\u00e4\u00e4ti\u00f6","description":"Vuokra-asunnot Turku","publisher":{"@id":"https:\/\/tys.fi\/#organization"},"potentialAction":[{"@type":"SearchAction","target":{"@type":"EntryPoint","urlTemplate":"https:\/\/tys.fi\/?s={search_term_string}"},"query-input":{"@type":"PropertyValueSpecification","valueRequired":true,"valueName":"search_term_string"}}],"inLanguage":"en-US"},{"@type":"Organization","@id":"https:\/\/tys.fi\/#organization","name":"TYS","url":"https:\/\/tys.fi\/","logo":{"@type":"ImageObject","inLanguage":"en-US","@id":"https:\/\/tys.fi\/#\/schema\/logo\/image\/","url":"https:\/\/tys.fi\/wp-content\/uploads\/2019\/03\/TYS-Logo_Green_500px.png","contentUrl":"https:\/\/tys.fi\/wp-content\/uploads\/2019\/03\/TYS-Logo_Green_500px.png","width":500,"height":232,"caption":"TYS"},"image":{"@id":"https:\/\/tys.fi\/#\/schema\/logo\/image\/"},"sameAs":["https:\/\/www.facebook.com\/tysturku\/","https:\/\/x.com\/tysturku","https:\/\/www.instagram.com\/tysturku\/","https:\/\/www.linkedin.com\/company\/tysturku\/","https:\/\/www.youtube.com\/channel\/UCjKOs8BOiY0SORCB0WWixlw?view_as=subscriber","https:\/\/fi.wikipedia.org\/wiki\/Turun_ylioppilaskyl\u00e4s\u00e4\u00e4ti\u00f6"]},{"@type":"Person","@id":"https:\/\/tys.fi\/#\/schema\/person\/c1f87ee6d97815ab24d89b5ad67f8718","name":"Marja Aapalahti","url":"https:\/\/tys.fi\/en\/author\/marja"}]}},"_links":{"self":[{"href":"https:\/\/tys.fi\/en\/wp-json\/wp\/v2\/posts\/28333","targetHints":{"allow":["GET"]}}],"collection":[{"href":"https:\/\/tys.fi\/en\/wp-json\/wp\/v2\/posts"}],"about":[{"href":"https:\/\/tys.fi\/en\/wp-json\/wp\/v2\/types\/post"}],"author":[{"embeddable":true,"href":"https:\/\/tys.fi\/en\/wp-json\/wp\/v2\/users\/2"}],"replies":[{"embeddable":true,"href":"https:\/\/tys.fi\/en\/wp-json\/wp\/v2\/comments?post=28333"}],"version-history":[{"count":4,"href":"https:\/\/tys.fi\/en\/wp-json\/wp\/v2\/posts\/28333\/revisions"}],"predecessor-version":[{"id":28353,"href":"https:\/\/tys.fi\/en\/wp-json\/wp\/v2\/posts\/28333\/revisions\/28353"}],"wp:featuredmedia":[{"embeddable":true,"href":"https:\/\/tys.fi\/en\/wp-json\/wp\/v2\/media\/28316"}],"wp:attachment":[{"href":"https:\/\/tys.fi\/en\/wp-json\/wp\/v2\/media?parent=28333"}],"wp:term":[{"taxonomy":"category","embeddable":true,"href":"https:\/\/tys.fi\/en\/wp-json\/wp\/v2\/categories?post=28333"},{"taxonomy":"post_tag","embeddable":true,"href":"https:\/\/tys.fi\/en\/wp-json\/wp\/v2\/tags?post=28333"}],"curies":[{"name":"wp","href":"https:\/\/api.w.org\/{rel}","templated":true}]}}