{"id":25640,"date":"2023-08-31T17:13:53","date_gmt":"2023-08-31T14:13:53","guid":{"rendered":"https:\/\/tys.fi\/vuoden-opiskelijapuutarhuri-loytyy-turusta"},"modified":"2023-10-04T09:46:51","modified_gmt":"2023-10-04T06:46:51","slug":"vuoden-opiskelijapuutarhuri-loytyy-turusta","status":"publish","type":"post","link":"https:\/\/tys.fi\/en\/vuoden-opiskelijapuutarhuri-loytyy-turusta","title":{"rendered":"Student Gardener 2023 comes from Turku"},"content":{"rendered":"<p><strong><img loading=\"lazy\" decoding=\"async\" class=\"alignright wp-image-25635\" src=\"https:\/\/tys.fi\/wp-content\/uploads\/2023\/08\/IMG-768x1024.jpg\" alt=\"\" width=\"400\" height=\"533\" srcset=\"https:\/\/tys.fi\/wp-content\/uploads\/2023\/08\/IMG-768x1024.jpg 768w, https:\/\/tys.fi\/wp-content\/uploads\/2023\/08\/IMG-225x300.jpg 225w, https:\/\/tys.fi\/wp-content\/uploads\/2023\/08\/IMG-1152x1536.jpg 1152w, https:\/\/tys.fi\/wp-content\/uploads\/2023\/08\/IMG.jpg 1536w\" sizes=\"auto, (max-width: 400px) 100vw, 400px\" \/><\/strong><\/p>\n<p><strong>You can now find the 2023 student gardener of the year in Turku. Oliver Ahnlund won the Student Gardeners 2023 competition offered by the student housing organisations. This was the second year for the competition with the target of discovering\u00a0 the finest plantings by the student apartments\u2019 residents.<\/strong><\/p>\n<p>University teacher of landscape architecture, Aada Taipale, acted as a judge for the competition and she was especially convinced by the balcony garden&#8217;s verticality aspect.<\/p>\n<p>&#8220;The balcony space has been used versatilely and the vegetation is layered. There were a variety of plant species: useful plants, but also more common house plants, which were perhaps brought outside for the summer to air out,&#8221; describes Taipale.<\/p>\n<p>For the competition winner, growing plants is an important hobby.<\/p>\n<p>&#8220;Working with plants is therapeutic and calming. Plants themselves bring me joy, but growing and caring for them gives everything an even deeper meaning. Caring for them from seed is long-term, educational, and rewarding,&#8221; says Ahnlund.<\/p>\n<p>For Ahnlund, it has been nice to watch the plants grow and taste home-grown tomatoes right there on the balcony.<\/p>\n<p>&#8220;I like plants and I intend to continue this as my hobby. I recommend the pastime of gardening and planting to every student who has the opportunity! I thank my mother for all the plant care tips and tricks I received.&#8221;<\/p>\n<p>Taipale praises the competition&#8217;s versatile offering.<\/p>\n<p>&#8220;The competition was very wide-ranging. Gardening varied from planter boxes and yards to balconies and light-filled, indoor spaces at home. A lot of vegetables and useful plants were grown, but it was also a pleasure to see flowering plants among them &#8211; this is also a pollinator-friendly act,&#8221; Taipale praises.<\/p>\n<p>The competition showed that great plantings can be achieved in many sorts of student homes.<\/p>\n<p>&#8220;It was also great to see that people can grow many useful plants indoors &#8211; not everyone has a balcony.&#8221;<\/p>\n<p><strong>About the competition<\/strong><\/p>\n<p><img loading=\"lazy\" decoding=\"async\" class=\"size-medium wp-image-25644 alignright\" src=\"https:\/\/tys.fi\/wp-content\/uploads\/2023\/08\/img1-300x237.jpg\" alt=\"\" width=\"300\" height=\"237\" srcset=\"https:\/\/tys.fi\/wp-content\/uploads\/2023\/08\/img1-300x237.jpg 300w, https:\/\/tys.fi\/wp-content\/uploads\/2023\/08\/img1-768x607.jpg 768w, https:\/\/tys.fi\/wp-content\/uploads\/2023\/08\/img1.jpg 972w\" sizes=\"auto, (max-width: 300px) 100vw, 300px\" \/>The Student Gardeners competition, which presented the finest cultivations by student apartment residents, was now organised for the second time. The <a href=\"https:\/\/www.sttinfo.fi\/tiedote\/vuoden-opiskelijapuutarhuri-on-olivia-kuronen-lappeenrannasta?publisherId=40159750&amp;releaseId=69945928&amp;lang=fi\">winner<\/a> of the 2022 competition was from Lappeenranta. Total of 45 \u201cgreen thumbs\u201d from Vaasa, Lappeenranta, Jyv\u00e4skyl\u00e4, Turku, and the metropolitan area took part in the competition on Instagram. The winner will receive a 200-euro gift card to a gardening store. In addition to the winner of the national competition, the student housing organisations awarded local winners.<\/p>\n<p>In Turku TYS\u00b4 expert jury fell in love with this atmospheric yard of Student Village West, where you could find both decorative and eatable plants. The winner will receive a gift card worth 99 euros to Viherlassila.<\/p>\n","protected":false},"excerpt":{"rendered":"<p>You can now find the 2023 student gardener of the year in Turku. Oliver Ahnlund&#8230;<\/p>\n","protected":false},"author":2,"featured_media":25636,"comment_status":"closed","ping_status":"closed","sticky":false,"template":"","format":"standard","meta":{"footnotes":""},"categories":[8],"tags":[],"class_list":{"0":"post-25640","1":"post","2":"type-post","3":"status-publish","4":"format-standard","5":"has-post-thumbnail","7":"category-news"},"yoast_head":"<!-- This site is optimized with the Yoast SEO plugin v27.5 - https:\/\/yoast.com\/product\/yoast-seo-wordpress\/ -->\n<title>Student Gardener 2023 comes from Turku | TYS | Turun Ylioppilaskyl\u00e4s\u00e4\u00e4ti\u00f6<\/title>\n<meta name=\"robots\" content=\"index, follow, max-snippet:-1, max-image-preview:large, max-video-preview:-1\" \/>\n<link rel=\"canonical\" href=\"https:\/\/tys.fi\/en\/vuoden-opiskelijapuutarhuri-loytyy-turusta\" \/>\n<meta property=\"og:locale\" content=\"en_US\" \/>\n<meta property=\"og:type\" content=\"article\" \/>\n<meta property=\"og:title\" content=\"Student Gardener 2023 comes from Turku | TYS | Turun Ylioppilaskyl\u00e4s\u00e4\u00e4ti\u00f6\" \/>\n<meta property=\"og:description\" content=\"You can now find the 2023 student gardener of the year in Turku. Oliver Ahnlund...\" \/>\n<meta property=\"og:url\" content=\"https:\/\/tys.fi\/en\/vuoden-opiskelijapuutarhuri-loytyy-turusta\" \/>\n<meta property=\"og:site_name\" content=\"Turun Ylioppilaskyl&auml;s&auml;&auml;ti&ouml;\" \/>\n<meta property=\"article:publisher\" content=\"https:\/\/www.facebook.com\/tysturku\/\" \/>\n<meta property=\"article:published_time\" content=\"2023-08-31T14:13:53+00:00\" \/>\n<meta property=\"article:modified_time\" content=\"2023-10-04T06:46:51+00:00\" \/>\n<meta property=\"og:image\" content=\"https:\/\/tys.fi\/wp-content\/uploads\/2023\/08\/IMG.jpg\" \/>\n\t<meta property=\"og:image:width\" content=\"1536\" \/>\n\t<meta property=\"og:image:height\" content=\"2048\" \/>\n\t<meta property=\"og:image:type\" content=\"image\/jpeg\" \/>\n<meta name=\"author\" content=\"Marja Aapalahti\" \/>\n<meta name=\"twitter:card\" content=\"summary_large_image\" \/>\n<meta name=\"twitter:creator\" content=\"@tysturku\" \/>\n<meta name=\"twitter:site\" content=\"@tysturku\" \/>\n<meta name=\"twitter:label1\" content=\"Written by\" \/>\n\t<meta name=\"twitter:data1\" content=\"Marja Aapalahti\" \/>\n\t<meta name=\"twitter:label2\" content=\"Est. reading time\" \/>\n\t<meta name=\"twitter:data2\" content=\"4 minutes\" \/>\n<script type=\"application\/ld+json\" class=\"yoast-schema-graph\">{\"@context\":\"https:\\\/\\\/schema.org\",\"@graph\":[{\"@type\":\"Article\",\"@id\":\"https:\\\/\\\/tys.fi\\\/en\\\/vuoden-opiskelijapuutarhuri-loytyy-turusta#article\",\"isPartOf\":{\"@id\":\"https:\\\/\\\/tys.fi\\\/en\\\/vuoden-opiskelijapuutarhuri-loytyy-turusta\"},\"author\":{\"name\":\"Marja Aapalahti\",\"@id\":\"https:\\\/\\\/tys.fi\\\/#\\\/schema\\\/person\\\/c1f87ee6d97815ab24d89b5ad67f8718\"},\"headline\":\"Student Gardener 2023 comes from Turku\",\"datePublished\":\"2023-08-31T14:13:53+00:00\",\"dateModified\":\"2023-10-04T06:46:51+00:00\",\"mainEntityOfPage\":{\"@id\":\"https:\\\/\\\/tys.fi\\\/en\\\/vuoden-opiskelijapuutarhuri-loytyy-turusta\"},\"wordCount\":432,\"publisher\":{\"@id\":\"https:\\\/\\\/tys.fi\\\/#organization\"},\"image\":{\"@id\":\"https:\\\/\\\/tys.fi\\\/en\\\/vuoden-opiskelijapuutarhuri-loytyy-turusta#primaryimage\"},\"thumbnailUrl\":\"https:\\\/\\\/tys.fi\\\/wp-content\\\/uploads\\\/2023\\\/08\\\/IMG.jpg\",\"articleSection\":[\"News\"],\"inLanguage\":\"en-US\"},{\"@type\":\"WebPage\",\"@id\":\"https:\\\/\\\/tys.fi\\\/en\\\/vuoden-opiskelijapuutarhuri-loytyy-turusta\",\"url\":\"https:\\\/\\\/tys.fi\\\/en\\\/vuoden-opiskelijapuutarhuri-loytyy-turusta\",\"name\":\"Student Gardener 2023 comes from Turku | TYS | Turun Ylioppilaskyl\u00e4s\u00e4\u00e4ti\u00f6\",\"isPartOf\":{\"@id\":\"https:\\\/\\\/tys.fi\\\/#website\"},\"primaryImageOfPage\":{\"@id\":\"https:\\\/\\\/tys.fi\\\/en\\\/vuoden-opiskelijapuutarhuri-loytyy-turusta#primaryimage\"},\"image\":{\"@id\":\"https:\\\/\\\/tys.fi\\\/en\\\/vuoden-opiskelijapuutarhuri-loytyy-turusta#primaryimage\"},\"thumbnailUrl\":\"https:\\\/\\\/tys.fi\\\/wp-content\\\/uploads\\\/2023\\\/08\\\/IMG.jpg\",\"datePublished\":\"2023-08-31T14:13:53+00:00\",\"dateModified\":\"2023-10-04T06:46:51+00:00\",\"breadcrumb\":{\"@id\":\"https:\\\/\\\/tys.fi\\\/en\\\/vuoden-opiskelijapuutarhuri-loytyy-turusta#breadcrumb\"},\"inLanguage\":\"en-US\",\"potentialAction\":[{\"@type\":\"ReadAction\",\"target\":[\"https:\\\/\\\/tys.fi\\\/en\\\/vuoden-opiskelijapuutarhuri-loytyy-turusta\"]}]},{\"@type\":\"ImageObject\",\"inLanguage\":\"en-US\",\"@id\":\"https:\\\/\\\/tys.fi\\\/en\\\/vuoden-opiskelijapuutarhuri-loytyy-turusta#primaryimage\",\"url\":\"https:\\\/\\\/tys.fi\\\/wp-content\\\/uploads\\\/2023\\\/08\\\/IMG.jpg\",\"contentUrl\":\"https:\\\/\\\/tys.fi\\\/wp-content\\\/uploads\\\/2023\\\/08\\\/IMG.jpg\",\"width\":1536,\"height\":2048},{\"@type\":\"BreadcrumbList\",\"@id\":\"https:\\\/\\\/tys.fi\\\/en\\\/vuoden-opiskelijapuutarhuri-loytyy-turusta#breadcrumb\",\"itemListElement\":[{\"@type\":\"ListItem\",\"position\":1,\"name\":\"Home\",\"item\":\"https:\\\/\\\/tys.fi\\\/en\"},{\"@type\":\"ListItem\",\"position\":2,\"name\":\"Student Gardener 2023 comes from Turku\"}]},{\"@type\":\"WebSite\",\"@id\":\"https:\\\/\\\/tys.fi\\\/#website\",\"url\":\"https:\\\/\\\/tys.fi\\\/\",\"name\":\"Turun Ylioppilaskyl\u00e4s\u00e4\u00e4ti\u00f6\",\"description\":\"Vuokra-asunnot Turku\",\"publisher\":{\"@id\":\"https:\\\/\\\/tys.fi\\\/#organization\"},\"potentialAction\":[{\"@type\":\"SearchAction\",\"target\":{\"@type\":\"EntryPoint\",\"urlTemplate\":\"https:\\\/\\\/tys.fi\\\/?s={search_term_string}\"},\"query-input\":{\"@type\":\"PropertyValueSpecification\",\"valueRequired\":true,\"valueName\":\"search_term_string\"}}],\"inLanguage\":\"en-US\"},{\"@type\":\"Organization\",\"@id\":\"https:\\\/\\\/tys.fi\\\/#organization\",\"name\":\"TYS\",\"url\":\"https:\\\/\\\/tys.fi\\\/\",\"logo\":{\"@type\":\"ImageObject\",\"inLanguage\":\"en-US\",\"@id\":\"https:\\\/\\\/tys.fi\\\/#\\\/schema\\\/logo\\\/image\\\/\",\"url\":\"https:\\\/\\\/tys.fi\\\/wp-content\\\/uploads\\\/2019\\\/03\\\/TYS-Logo_Green_500px.png\",\"contentUrl\":\"https:\\\/\\\/tys.fi\\\/wp-content\\\/uploads\\\/2019\\\/03\\\/TYS-Logo_Green_500px.png\",\"width\":500,\"height\":232,\"caption\":\"TYS\"},\"image\":{\"@id\":\"https:\\\/\\\/tys.fi\\\/#\\\/schema\\\/logo\\\/image\\\/\"},\"sameAs\":[\"https:\\\/\\\/www.facebook.com\\\/tysturku\\\/\",\"https:\\\/\\\/x.com\\\/tysturku\",\"https:\\\/\\\/www.instagram.com\\\/tysturku\\\/\",\"https:\\\/\\\/www.linkedin.com\\\/company\\\/tysturku\\\/\",\"https:\\\/\\\/www.youtube.com\\\/channel\\\/UCjKOs8BOiY0SORCB0WWixlw?view_as=subscriber\",\"https:\\\/\\\/fi.wikipedia.org\\\/wiki\\\/Turun_ylioppilaskyl\u00e4s\u00e4\u00e4ti\u00f6\"]},{\"@type\":\"Person\",\"@id\":\"https:\\\/\\\/tys.fi\\\/#\\\/schema\\\/person\\\/c1f87ee6d97815ab24d89b5ad67f8718\",\"name\":\"Marja Aapalahti\",\"url\":\"https:\\\/\\\/tys.fi\\\/en\\\/author\\\/marja\"}]}<\/script>\n<!-- \/ Yoast SEO plugin. -->","yoast_head_json":{"title":"Student Gardener 2023 comes from Turku | TYS | Turun Ylioppilaskyl\u00e4s\u00e4\u00e4ti\u00f6","robots":{"index":"index","follow":"follow","max-snippet":"max-snippet:-1","max-image-preview":"max-image-preview:large","max-video-preview":"max-video-preview:-1"},"canonical":"https:\/\/tys.fi\/en\/vuoden-opiskelijapuutarhuri-loytyy-turusta","og_locale":"en_US","og_type":"article","og_title":"Student Gardener 2023 comes from Turku | TYS | Turun Ylioppilaskyl\u00e4s\u00e4\u00e4ti\u00f6","og_description":"You can now find the 2023 student gardener of the year in Turku. Oliver Ahnlund...","og_url":"https:\/\/tys.fi\/en\/vuoden-opiskelijapuutarhuri-loytyy-turusta","og_site_name":"Turun Ylioppilaskyl&auml;s&auml;&auml;ti&ouml;","article_publisher":"https:\/\/www.facebook.com\/tysturku\/","article_published_time":"2023-08-31T14:13:53+00:00","article_modified_time":"2023-10-04T06:46:51+00:00","og_image":[{"width":1536,"height":2048,"url":"https:\/\/tys.fi\/wp-content\/uploads\/2023\/08\/IMG.jpg","type":"image\/jpeg"}],"author":"Marja Aapalahti","twitter_card":"summary_large_image","twitter_creator":"@tysturku","twitter_site":"@tysturku","twitter_misc":{"Written by":"Marja Aapalahti","Est. reading time":"4 minutes"},"schema":{"@context":"https:\/\/schema.org","@graph":[{"@type":"Article","@id":"https:\/\/tys.fi\/en\/vuoden-opiskelijapuutarhuri-loytyy-turusta#article","isPartOf":{"@id":"https:\/\/tys.fi\/en\/vuoden-opiskelijapuutarhuri-loytyy-turusta"},"author":{"name":"Marja Aapalahti","@id":"https:\/\/tys.fi\/#\/schema\/person\/c1f87ee6d97815ab24d89b5ad67f8718"},"headline":"Student Gardener 2023 comes from Turku","datePublished":"2023-08-31T14:13:53+00:00","dateModified":"2023-10-04T06:46:51+00:00","mainEntityOfPage":{"@id":"https:\/\/tys.fi\/en\/vuoden-opiskelijapuutarhuri-loytyy-turusta"},"wordCount":432,"publisher":{"@id":"https:\/\/tys.fi\/#organization"},"image":{"@id":"https:\/\/tys.fi\/en\/vuoden-opiskelijapuutarhuri-loytyy-turusta#primaryimage"},"thumbnailUrl":"https:\/\/tys.fi\/wp-content\/uploads\/2023\/08\/IMG.jpg","articleSection":["News"],"inLanguage":"en-US"},{"@type":"WebPage","@id":"https:\/\/tys.fi\/en\/vuoden-opiskelijapuutarhuri-loytyy-turusta","url":"https:\/\/tys.fi\/en\/vuoden-opiskelijapuutarhuri-loytyy-turusta","name":"Student Gardener 2023 comes from Turku | TYS | Turun Ylioppilaskyl\u00e4s\u00e4\u00e4ti\u00f6","isPartOf":{"@id":"https:\/\/tys.fi\/#website"},"primaryImageOfPage":{"@id":"https:\/\/tys.fi\/en\/vuoden-opiskelijapuutarhuri-loytyy-turusta#primaryimage"},"image":{"@id":"https:\/\/tys.fi\/en\/vuoden-opiskelijapuutarhuri-loytyy-turusta#primaryimage"},"thumbnailUrl":"https:\/\/tys.fi\/wp-content\/uploads\/2023\/08\/IMG.jpg","datePublished":"2023-08-31T14:13:53+00:00","dateModified":"2023-10-04T06:46:51+00:00","breadcrumb":{"@id":"https:\/\/tys.fi\/en\/vuoden-opiskelijapuutarhuri-loytyy-turusta#breadcrumb"},"inLanguage":"en-US","potentialAction":[{"@type":"ReadAction","target":["https:\/\/tys.fi\/en\/vuoden-opiskelijapuutarhuri-loytyy-turusta"]}]},{"@type":"ImageObject","inLanguage":"en-US","@id":"https:\/\/tys.fi\/en\/vuoden-opiskelijapuutarhuri-loytyy-turusta#primaryimage","url":"https:\/\/tys.fi\/wp-content\/uploads\/2023\/08\/IMG.jpg","contentUrl":"https:\/\/tys.fi\/wp-content\/uploads\/2023\/08\/IMG.jpg","width":1536,"height":2048},{"@type":"BreadcrumbList","@id":"https:\/\/tys.fi\/en\/vuoden-opiskelijapuutarhuri-loytyy-turusta#breadcrumb","itemListElement":[{"@type":"ListItem","position":1,"name":"Home","item":"https:\/\/tys.fi\/en"},{"@type":"ListItem","position":2,"name":"Student Gardener 2023 comes from Turku"}]},{"@type":"WebSite","@id":"https:\/\/tys.fi\/#website","url":"https:\/\/tys.fi\/","name":"Turun Ylioppilaskyl\u00e4s\u00e4\u00e4ti\u00f6","description":"Vuokra-asunnot Turku","publisher":{"@id":"https:\/\/tys.fi\/#organization"},"potentialAction":[{"@type":"SearchAction","target":{"@type":"EntryPoint","urlTemplate":"https:\/\/tys.fi\/?s={search_term_string}"},"query-input":{"@type":"PropertyValueSpecification","valueRequired":true,"valueName":"search_term_string"}}],"inLanguage":"en-US"},{"@type":"Organization","@id":"https:\/\/tys.fi\/#organization","name":"TYS","url":"https:\/\/tys.fi\/","logo":{"@type":"ImageObject","inLanguage":"en-US","@id":"https:\/\/tys.fi\/#\/schema\/logo\/image\/","url":"https:\/\/tys.fi\/wp-content\/uploads\/2019\/03\/TYS-Logo_Green_500px.png","contentUrl":"https:\/\/tys.fi\/wp-content\/uploads\/2019\/03\/TYS-Logo_Green_500px.png","width":500,"height":232,"caption":"TYS"},"image":{"@id":"https:\/\/tys.fi\/#\/schema\/logo\/image\/"},"sameAs":["https:\/\/www.facebook.com\/tysturku\/","https:\/\/x.com\/tysturku","https:\/\/www.instagram.com\/tysturku\/","https:\/\/www.linkedin.com\/company\/tysturku\/","https:\/\/www.youtube.com\/channel\/UCjKOs8BOiY0SORCB0WWixlw?view_as=subscriber","https:\/\/fi.wikipedia.org\/wiki\/Turun_ylioppilaskyl\u00e4s\u00e4\u00e4ti\u00f6"]},{"@type":"Person","@id":"https:\/\/tys.fi\/#\/schema\/person\/c1f87ee6d97815ab24d89b5ad67f8718","name":"Marja Aapalahti","url":"https:\/\/tys.fi\/en\/author\/marja"}]}},"_links":{"self":[{"href":"https:\/\/tys.fi\/en\/wp-json\/wp\/v2\/posts\/25640","targetHints":{"allow":["GET"]}}],"collection":[{"href":"https:\/\/tys.fi\/en\/wp-json\/wp\/v2\/posts"}],"about":[{"href":"https:\/\/tys.fi\/en\/wp-json\/wp\/v2\/types\/post"}],"author":[{"embeddable":true,"href":"https:\/\/tys.fi\/en\/wp-json\/wp\/v2\/users\/2"}],"replies":[{"embeddable":true,"href":"https:\/\/tys.fi\/en\/wp-json\/wp\/v2\/comments?post=25640"}],"version-history":[{"count":5,"href":"https:\/\/tys.fi\/en\/wp-json\/wp\/v2\/posts\/25640\/revisions"}],"predecessor-version":[{"id":25663,"href":"https:\/\/tys.fi\/en\/wp-json\/wp\/v2\/posts\/25640\/revisions\/25663"}],"wp:featuredmedia":[{"embeddable":true,"href":"https:\/\/tys.fi\/en\/wp-json\/wp\/v2\/media\/25636"}],"wp:attachment":[{"href":"https:\/\/tys.fi\/en\/wp-json\/wp\/v2\/media?parent=25640"}],"wp:term":[{"taxonomy":"category","embeddable":true,"href":"https:\/\/tys.fi\/en\/wp-json\/wp\/v2\/categories?post=25640"},{"taxonomy":"post_tag","embeddable":true,"href":"https:\/\/tys.fi\/en\/wp-json\/wp\/v2\/tags?post=25640"}],"curies":[{"name":"wp","href":"https:\/\/api.w.org\/{rel}","templated":true}]}}