{"id":24668,"date":"2023-03-23T15:41:46","date_gmt":"2023-03-23T13:41:46","guid":{"rendered":"https:\/\/tys.fi\/vuoden-2023-haalarimerkkikisa-on-ratkennut"},"modified":"2023-03-23T16:00:21","modified_gmt":"2023-03-23T14:00:21","slug":"vuoden-2023-haalarimerkkikisa-on-ratkennut","status":"publish","type":"post","link":"https:\/\/tys.fi\/en\/vuoden-2023-haalarimerkkikisa-on-ratkennut","title":{"rendered":"The 2023 overall badge competition has been resolved!"},"content":{"rendered":"<p>During spring we were looking for a new overall badge idea for the year 2023 that reflects living at TYS and the TYS mental landscape. We were hoping for a lot of different bold badge proposals in the competition, and that is what we got! Record-breaking 63 different proposals were submitted to the competition, of which a jury consisting of TYS personnel and seasonal workers still studying selected the winner.<\/p>\n<p>The jury aimed to select a badge from among the proposals that would be identifiable and familiar to as many tenant as possible living in TYS&#8217;s 18 different housing locations. Copyrights were respected in the selection as well. The proposals included, for example, themes such as: Posankka, Moomin characters and other copyrighted works that could not be selected as the theme of the badge.<\/p>\n<div id=\"attachment_24663\" style=\"width: 410px\" class=\"wp-caption alignleft\"><img loading=\"lazy\" decoding=\"async\" aria-describedby=\"caption-attachment-24663\" class=\"wp-image-24663\" src=\"https:\/\/tys.fi\/wp-content\/uploads\/2023\/03\/TYS-Haalarimerkki-2023_PAINOON_edited.jpg\" alt=\"\" width=\"400\" height=\"476\" srcset=\"https:\/\/tys.fi\/wp-content\/uploads\/2023\/03\/TYS-Haalarimerkki-2023_PAINOON_edited.jpg 2018w, https:\/\/tys.fi\/wp-content\/uploads\/2023\/03\/TYS-Haalarimerkki-2023_PAINOON_edited-252x300.jpg 252w, https:\/\/tys.fi\/wp-content\/uploads\/2023\/03\/TYS-Haalarimerkki-2023_PAINOON_edited-861x1024.jpg 861w, https:\/\/tys.fi\/wp-content\/uploads\/2023\/03\/TYS-Haalarimerkki-2023_PAINOON_edited-768x913.jpg 768w, https:\/\/tys.fi\/wp-content\/uploads\/2023\/03\/TYS-Haalarimerkki-2023_PAINOON_edited-1292x1536.jpg 1292w, https:\/\/tys.fi\/wp-content\/uploads\/2023\/03\/TYS-Haalarimerkki-2023_PAINOON_edited-1722x2048.jpg 1722w\" sizes=\"auto, (max-width: 400px) 100vw, 400px\" \/><p id=\"caption-attachment-24663\" class=\"wp-caption-text\">&#8220;I wonder if any more energy-saving tips have been sent?&#8221; &#8220;I don\u00b4t know&#8230;It&#8217;s starting to get pretty dark.&#8221;<\/p><\/div>\n<p>As the winner, the jury selected a badge addressing the energy saving campaign that had raised a lot of discussion in, for example, Jodel.\u00a0 The jury particularly appreciated its humour and topicality.<\/p>\n<p>This is how the artist of the proposal described the process of creating the badge:<br \/>\n<em><br \/>\n\u201cWhen I began designing the badge, I thought about current issues that would concern as many people as possible. Of course, the energy crisis and the measures against it quickly came to mind. And then I was inspired by TYS&#8217;s energy saving tips.\u201d<\/em><\/p>\n<p>The winner will receive a K-Group gift card worth 99 euros.<\/p>\n<p>The TYS overall badge for 2023 has been further perfected by a graphic designer and is now going to print. The badge will be distributed at TYS Housing Office be free of charge. The gold is to get the badges for distribution before May Day. We will announce the arrival of the badges separately on our social media channels Instagram and Facebook, as well as in the tenant newsletter.<\/p>\n","protected":false},"excerpt":{"rendered":"<p>During spring we were looking for a new overall badge idea for the year 2023&#8230;<\/p>\n","protected":false},"author":2,"featured_media":24664,"comment_status":"closed","ping_status":"open","sticky":false,"template":"","format":"standard","meta":{"footnotes":""},"categories":[8],"tags":[],"class_list":{"0":"post-24668","1":"post","2":"type-post","3":"status-publish","4":"format-standard","5":"has-post-thumbnail","7":"category-news"},"yoast_head":"<!-- This site is optimized with the Yoast SEO plugin v27.5 - https:\/\/yoast.com\/product\/yoast-seo-wordpress\/ -->\n<title>The 2023 overall badge competition has been resolved! | TYS | Turun Ylioppilaskyl\u00e4s\u00e4\u00e4ti\u00f6<\/title>\n<meta name=\"robots\" content=\"index, follow, max-snippet:-1, max-image-preview:large, max-video-preview:-1\" \/>\n<link rel=\"canonical\" href=\"https:\/\/tys.fi\/en\/vuoden-2023-haalarimerkkikisa-on-ratkennut\" \/>\n<meta property=\"og:locale\" content=\"en_US\" \/>\n<meta property=\"og:type\" content=\"article\" \/>\n<meta property=\"og:title\" content=\"The 2023 overall badge competition has been resolved! | TYS | Turun Ylioppilaskyl\u00e4s\u00e4\u00e4ti\u00f6\" \/>\n<meta property=\"og:description\" content=\"During spring we were looking for a new overall badge idea for the year 2023...\" \/>\n<meta property=\"og:url\" content=\"https:\/\/tys.fi\/en\/vuoden-2023-haalarimerkkikisa-on-ratkennut\" \/>\n<meta property=\"og:site_name\" content=\"Turun Ylioppilaskyl&auml;s&auml;&auml;ti&ouml;\" \/>\n<meta property=\"article:publisher\" content=\"https:\/\/www.facebook.com\/tysturku\/\" \/>\n<meta property=\"article:published_time\" content=\"2023-03-23T13:41:46+00:00\" \/>\n<meta property=\"article:modified_time\" content=\"2023-03-23T14:00:21+00:00\" \/>\n<meta property=\"og:image\" content=\"https:\/\/tys.fi\/wp-content\/uploads\/2023\/03\/TYS-Haalarimerkki-2023_PAINOON_edited.jpg\" \/>\n\t<meta property=\"og:image:width\" content=\"2018\" \/>\n\t<meta property=\"og:image:height\" content=\"2400\" \/>\n\t<meta property=\"og:image:type\" content=\"image\/jpeg\" \/>\n<meta name=\"author\" content=\"Marja Aapalahti\" \/>\n<meta name=\"twitter:card\" content=\"summary_large_image\" \/>\n<meta name=\"twitter:creator\" content=\"@tysturku\" \/>\n<meta name=\"twitter:site\" content=\"@tysturku\" \/>\n<meta name=\"twitter:label1\" content=\"Written by\" \/>\n\t<meta name=\"twitter:data1\" content=\"Marja Aapalahti\" \/>\n\t<meta name=\"twitter:label2\" content=\"Est. reading time\" \/>\n\t<meta name=\"twitter:data2\" content=\"3 minutes\" \/>\n<script type=\"application\/ld+json\" class=\"yoast-schema-graph\">{\"@context\":\"https:\\\/\\\/schema.org\",\"@graph\":[{\"@type\":\"Article\",\"@id\":\"https:\\\/\\\/tys.fi\\\/en\\\/vuoden-2023-haalarimerkkikisa-on-ratkennut#article\",\"isPartOf\":{\"@id\":\"https:\\\/\\\/tys.fi\\\/en\\\/vuoden-2023-haalarimerkkikisa-on-ratkennut\"},\"author\":{\"name\":\"Marja Aapalahti\",\"@id\":\"https:\\\/\\\/tys.fi\\\/#\\\/schema\\\/person\\\/c1f87ee6d97815ab24d89b5ad67f8718\"},\"headline\":\"The 2023 overall badge competition has been resolved!\",\"datePublished\":\"2023-03-23T13:41:46+00:00\",\"dateModified\":\"2023-03-23T14:00:21+00:00\",\"mainEntityOfPage\":{\"@id\":\"https:\\\/\\\/tys.fi\\\/en\\\/vuoden-2023-haalarimerkkikisa-on-ratkennut\"},\"wordCount\":336,\"publisher\":{\"@id\":\"https:\\\/\\\/tys.fi\\\/#organization\"},\"image\":{\"@id\":\"https:\\\/\\\/tys.fi\\\/en\\\/vuoden-2023-haalarimerkkikisa-on-ratkennut#primaryimage\"},\"thumbnailUrl\":\"https:\\\/\\\/tys.fi\\\/wp-content\\\/uploads\\\/2023\\\/03\\\/TYS-Haalarimerkki-2023_PAINOON_edited.jpg\",\"articleSection\":[\"News\"],\"inLanguage\":\"en-US\"},{\"@type\":\"WebPage\",\"@id\":\"https:\\\/\\\/tys.fi\\\/en\\\/vuoden-2023-haalarimerkkikisa-on-ratkennut\",\"url\":\"https:\\\/\\\/tys.fi\\\/en\\\/vuoden-2023-haalarimerkkikisa-on-ratkennut\",\"name\":\"The 2023 overall badge competition has been resolved! | TYS | Turun Ylioppilaskyl\u00e4s\u00e4\u00e4ti\u00f6\",\"isPartOf\":{\"@id\":\"https:\\\/\\\/tys.fi\\\/#website\"},\"primaryImageOfPage\":{\"@id\":\"https:\\\/\\\/tys.fi\\\/en\\\/vuoden-2023-haalarimerkkikisa-on-ratkennut#primaryimage\"},\"image\":{\"@id\":\"https:\\\/\\\/tys.fi\\\/en\\\/vuoden-2023-haalarimerkkikisa-on-ratkennut#primaryimage\"},\"thumbnailUrl\":\"https:\\\/\\\/tys.fi\\\/wp-content\\\/uploads\\\/2023\\\/03\\\/TYS-Haalarimerkki-2023_PAINOON_edited.jpg\",\"datePublished\":\"2023-03-23T13:41:46+00:00\",\"dateModified\":\"2023-03-23T14:00:21+00:00\",\"breadcrumb\":{\"@id\":\"https:\\\/\\\/tys.fi\\\/en\\\/vuoden-2023-haalarimerkkikisa-on-ratkennut#breadcrumb\"},\"inLanguage\":\"en-US\",\"potentialAction\":[{\"@type\":\"ReadAction\",\"target\":[\"https:\\\/\\\/tys.fi\\\/en\\\/vuoden-2023-haalarimerkkikisa-on-ratkennut\"]}]},{\"@type\":\"ImageObject\",\"inLanguage\":\"en-US\",\"@id\":\"https:\\\/\\\/tys.fi\\\/en\\\/vuoden-2023-haalarimerkkikisa-on-ratkennut#primaryimage\",\"url\":\"https:\\\/\\\/tys.fi\\\/wp-content\\\/uploads\\\/2023\\\/03\\\/TYS-Haalarimerkki-2023_PAINOON_edited.jpg\",\"contentUrl\":\"https:\\\/\\\/tys.fi\\\/wp-content\\\/uploads\\\/2023\\\/03\\\/TYS-Haalarimerkki-2023_PAINOON_edited.jpg\",\"width\":2018,\"height\":2400},{\"@type\":\"BreadcrumbList\",\"@id\":\"https:\\\/\\\/tys.fi\\\/en\\\/vuoden-2023-haalarimerkkikisa-on-ratkennut#breadcrumb\",\"itemListElement\":[{\"@type\":\"ListItem\",\"position\":1,\"name\":\"Home\",\"item\":\"https:\\\/\\\/tys.fi\\\/en\"},{\"@type\":\"ListItem\",\"position\":2,\"name\":\"The 2023 overall badge competition has been resolved!\"}]},{\"@type\":\"WebSite\",\"@id\":\"https:\\\/\\\/tys.fi\\\/#website\",\"url\":\"https:\\\/\\\/tys.fi\\\/\",\"name\":\"Turun Ylioppilaskyl\u00e4s\u00e4\u00e4ti\u00f6\",\"description\":\"Vuokra-asunnot Turku\",\"publisher\":{\"@id\":\"https:\\\/\\\/tys.fi\\\/#organization\"},\"potentialAction\":[{\"@type\":\"SearchAction\",\"target\":{\"@type\":\"EntryPoint\",\"urlTemplate\":\"https:\\\/\\\/tys.fi\\\/?s={search_term_string}\"},\"query-input\":{\"@type\":\"PropertyValueSpecification\",\"valueRequired\":true,\"valueName\":\"search_term_string\"}}],\"inLanguage\":\"en-US\"},{\"@type\":\"Organization\",\"@id\":\"https:\\\/\\\/tys.fi\\\/#organization\",\"name\":\"TYS\",\"url\":\"https:\\\/\\\/tys.fi\\\/\",\"logo\":{\"@type\":\"ImageObject\",\"inLanguage\":\"en-US\",\"@id\":\"https:\\\/\\\/tys.fi\\\/#\\\/schema\\\/logo\\\/image\\\/\",\"url\":\"https:\\\/\\\/tys.fi\\\/wp-content\\\/uploads\\\/2019\\\/03\\\/TYS-Logo_Green_500px.png\",\"contentUrl\":\"https:\\\/\\\/tys.fi\\\/wp-content\\\/uploads\\\/2019\\\/03\\\/TYS-Logo_Green_500px.png\",\"width\":500,\"height\":232,\"caption\":\"TYS\"},\"image\":{\"@id\":\"https:\\\/\\\/tys.fi\\\/#\\\/schema\\\/logo\\\/image\\\/\"},\"sameAs\":[\"https:\\\/\\\/www.facebook.com\\\/tysturku\\\/\",\"https:\\\/\\\/x.com\\\/tysturku\",\"https:\\\/\\\/www.instagram.com\\\/tysturku\\\/\",\"https:\\\/\\\/www.linkedin.com\\\/company\\\/tysturku\\\/\",\"https:\\\/\\\/www.youtube.com\\\/channel\\\/UCjKOs8BOiY0SORCB0WWixlw?view_as=subscriber\",\"https:\\\/\\\/fi.wikipedia.org\\\/wiki\\\/Turun_ylioppilaskyl\u00e4s\u00e4\u00e4ti\u00f6\"]},{\"@type\":\"Person\",\"@id\":\"https:\\\/\\\/tys.fi\\\/#\\\/schema\\\/person\\\/c1f87ee6d97815ab24d89b5ad67f8718\",\"name\":\"Marja Aapalahti\",\"url\":\"https:\\\/\\\/tys.fi\\\/en\\\/author\\\/marja\"}]}<\/script>\n<!-- \/ Yoast SEO plugin. -->","yoast_head_json":{"title":"The 2023 overall badge competition has been resolved! | TYS | Turun Ylioppilaskyl\u00e4s\u00e4\u00e4ti\u00f6","robots":{"index":"index","follow":"follow","max-snippet":"max-snippet:-1","max-image-preview":"max-image-preview:large","max-video-preview":"max-video-preview:-1"},"canonical":"https:\/\/tys.fi\/en\/vuoden-2023-haalarimerkkikisa-on-ratkennut","og_locale":"en_US","og_type":"article","og_title":"The 2023 overall badge competition has been resolved! | TYS | Turun Ylioppilaskyl\u00e4s\u00e4\u00e4ti\u00f6","og_description":"During spring we were looking for a new overall badge idea for the year 2023...","og_url":"https:\/\/tys.fi\/en\/vuoden-2023-haalarimerkkikisa-on-ratkennut","og_site_name":"Turun Ylioppilaskyl&auml;s&auml;&auml;ti&ouml;","article_publisher":"https:\/\/www.facebook.com\/tysturku\/","article_published_time":"2023-03-23T13:41:46+00:00","article_modified_time":"2023-03-23T14:00:21+00:00","og_image":[{"width":2018,"height":2400,"url":"https:\/\/tys.fi\/wp-content\/uploads\/2023\/03\/TYS-Haalarimerkki-2023_PAINOON_edited.jpg","type":"image\/jpeg"}],"author":"Marja Aapalahti","twitter_card":"summary_large_image","twitter_creator":"@tysturku","twitter_site":"@tysturku","twitter_misc":{"Written by":"Marja Aapalahti","Est. reading time":"3 minutes"},"schema":{"@context":"https:\/\/schema.org","@graph":[{"@type":"Article","@id":"https:\/\/tys.fi\/en\/vuoden-2023-haalarimerkkikisa-on-ratkennut#article","isPartOf":{"@id":"https:\/\/tys.fi\/en\/vuoden-2023-haalarimerkkikisa-on-ratkennut"},"author":{"name":"Marja Aapalahti","@id":"https:\/\/tys.fi\/#\/schema\/person\/c1f87ee6d97815ab24d89b5ad67f8718"},"headline":"The 2023 overall badge competition has been resolved!","datePublished":"2023-03-23T13:41:46+00:00","dateModified":"2023-03-23T14:00:21+00:00","mainEntityOfPage":{"@id":"https:\/\/tys.fi\/en\/vuoden-2023-haalarimerkkikisa-on-ratkennut"},"wordCount":336,"publisher":{"@id":"https:\/\/tys.fi\/#organization"},"image":{"@id":"https:\/\/tys.fi\/en\/vuoden-2023-haalarimerkkikisa-on-ratkennut#primaryimage"},"thumbnailUrl":"https:\/\/tys.fi\/wp-content\/uploads\/2023\/03\/TYS-Haalarimerkki-2023_PAINOON_edited.jpg","articleSection":["News"],"inLanguage":"en-US"},{"@type":"WebPage","@id":"https:\/\/tys.fi\/en\/vuoden-2023-haalarimerkkikisa-on-ratkennut","url":"https:\/\/tys.fi\/en\/vuoden-2023-haalarimerkkikisa-on-ratkennut","name":"The 2023 overall badge competition has been resolved! | TYS | Turun Ylioppilaskyl\u00e4s\u00e4\u00e4ti\u00f6","isPartOf":{"@id":"https:\/\/tys.fi\/#website"},"primaryImageOfPage":{"@id":"https:\/\/tys.fi\/en\/vuoden-2023-haalarimerkkikisa-on-ratkennut#primaryimage"},"image":{"@id":"https:\/\/tys.fi\/en\/vuoden-2023-haalarimerkkikisa-on-ratkennut#primaryimage"},"thumbnailUrl":"https:\/\/tys.fi\/wp-content\/uploads\/2023\/03\/TYS-Haalarimerkki-2023_PAINOON_edited.jpg","datePublished":"2023-03-23T13:41:46+00:00","dateModified":"2023-03-23T14:00:21+00:00","breadcrumb":{"@id":"https:\/\/tys.fi\/en\/vuoden-2023-haalarimerkkikisa-on-ratkennut#breadcrumb"},"inLanguage":"en-US","potentialAction":[{"@type":"ReadAction","target":["https:\/\/tys.fi\/en\/vuoden-2023-haalarimerkkikisa-on-ratkennut"]}]},{"@type":"ImageObject","inLanguage":"en-US","@id":"https:\/\/tys.fi\/en\/vuoden-2023-haalarimerkkikisa-on-ratkennut#primaryimage","url":"https:\/\/tys.fi\/wp-content\/uploads\/2023\/03\/TYS-Haalarimerkki-2023_PAINOON_edited.jpg","contentUrl":"https:\/\/tys.fi\/wp-content\/uploads\/2023\/03\/TYS-Haalarimerkki-2023_PAINOON_edited.jpg","width":2018,"height":2400},{"@type":"BreadcrumbList","@id":"https:\/\/tys.fi\/en\/vuoden-2023-haalarimerkkikisa-on-ratkennut#breadcrumb","itemListElement":[{"@type":"ListItem","position":1,"name":"Home","item":"https:\/\/tys.fi\/en"},{"@type":"ListItem","position":2,"name":"The 2023 overall badge competition has been resolved!"}]},{"@type":"WebSite","@id":"https:\/\/tys.fi\/#website","url":"https:\/\/tys.fi\/","name":"Turun Ylioppilaskyl\u00e4s\u00e4\u00e4ti\u00f6","description":"Vuokra-asunnot Turku","publisher":{"@id":"https:\/\/tys.fi\/#organization"},"potentialAction":[{"@type":"SearchAction","target":{"@type":"EntryPoint","urlTemplate":"https:\/\/tys.fi\/?s={search_term_string}"},"query-input":{"@type":"PropertyValueSpecification","valueRequired":true,"valueName":"search_term_string"}}],"inLanguage":"en-US"},{"@type":"Organization","@id":"https:\/\/tys.fi\/#organization","name":"TYS","url":"https:\/\/tys.fi\/","logo":{"@type":"ImageObject","inLanguage":"en-US","@id":"https:\/\/tys.fi\/#\/schema\/logo\/image\/","url":"https:\/\/tys.fi\/wp-content\/uploads\/2019\/03\/TYS-Logo_Green_500px.png","contentUrl":"https:\/\/tys.fi\/wp-content\/uploads\/2019\/03\/TYS-Logo_Green_500px.png","width":500,"height":232,"caption":"TYS"},"image":{"@id":"https:\/\/tys.fi\/#\/schema\/logo\/image\/"},"sameAs":["https:\/\/www.facebook.com\/tysturku\/","https:\/\/x.com\/tysturku","https:\/\/www.instagram.com\/tysturku\/","https:\/\/www.linkedin.com\/company\/tysturku\/","https:\/\/www.youtube.com\/channel\/UCjKOs8BOiY0SORCB0WWixlw?view_as=subscriber","https:\/\/fi.wikipedia.org\/wiki\/Turun_ylioppilaskyl\u00e4s\u00e4\u00e4ti\u00f6"]},{"@type":"Person","@id":"https:\/\/tys.fi\/#\/schema\/person\/c1f87ee6d97815ab24d89b5ad67f8718","name":"Marja Aapalahti","url":"https:\/\/tys.fi\/en\/author\/marja"}]}},"_links":{"self":[{"href":"https:\/\/tys.fi\/en\/wp-json\/wp\/v2\/posts\/24668","targetHints":{"allow":["GET"]}}],"collection":[{"href":"https:\/\/tys.fi\/en\/wp-json\/wp\/v2\/posts"}],"about":[{"href":"https:\/\/tys.fi\/en\/wp-json\/wp\/v2\/types\/post"}],"author":[{"embeddable":true,"href":"https:\/\/tys.fi\/en\/wp-json\/wp\/v2\/users\/2"}],"replies":[{"embeddable":true,"href":"https:\/\/tys.fi\/en\/wp-json\/wp\/v2\/comments?post=24668"}],"version-history":[{"count":2,"href":"https:\/\/tys.fi\/en\/wp-json\/wp\/v2\/posts\/24668\/revisions"}],"predecessor-version":[{"id":24671,"href":"https:\/\/tys.fi\/en\/wp-json\/wp\/v2\/posts\/24668\/revisions\/24671"}],"wp:featuredmedia":[{"embeddable":true,"href":"https:\/\/tys.fi\/en\/wp-json\/wp\/v2\/media\/24664"}],"wp:attachment":[{"href":"https:\/\/tys.fi\/en\/wp-json\/wp\/v2\/media?parent=24668"}],"wp:term":[{"taxonomy":"category","embeddable":true,"href":"https:\/\/tys.fi\/en\/wp-json\/wp\/v2\/categories?post=24668"},{"taxonomy":"post_tag","embeddable":true,"href":"https:\/\/tys.fi\/en\/wp-json\/wp\/v2\/tags?post=24668"}],"curies":[{"name":"wp","href":"https:\/\/api.w.org\/{rel}","templated":true}]}}