{"id":24438,"date":"2023-01-27T12:57:58","date_gmt":"2023-01-27T10:57:58","guid":{"rendered":"https:\/\/tys.fi\/?p=24438"},"modified":"2023-01-27T13:13:12","modified_gmt":"2023-01-27T11:13:12","slug":"prepare-in-advance-for-possible-power-outages","status":"publish","type":"post","link":"https:\/\/tys.fi\/en\/prepare-in-advance-for-possible-power-outages","title":{"rendered":"Prepare in advance for possible power outages"},"content":{"rendered":"<p>There may be power cuts in Finland caused by electricity shortages, which can also affect TYS housing locations. Planned power cuts are estimated to last around two hours, but no certain information is currently available. You can reduce the risk of power cuts by cutting your electricity consumption between 8 and 10 a.m., 4 and 5 p.m. and 7 and 8 p.m.<\/p>\n<p>TYS tries to notify its tenants about upcoming power cuts in advance, but a power cut may start at such short notice that notifying in advance is impossible. Therefore, tenants should be prepared for any possible power cuts in advance. Below you will find information on how to prepare for power cuts, what to do during a power cut and how a power cut affects your apartment.<\/p>\n<h4><span style=\"color: #829974;\"><strong>How to prepare for a power cut <\/strong><\/span><\/h4>\n<ul>\n<li>Check your phone number and email on your Tenant Pages and correct if necessary.<br \/>\nTYS may inform its tenants by SMS or email about upcoming power cuts. Your phone number should be in the following format: +35840xxxxxxx.<\/li>\n<li>Make sure you have drinking water. Faucets must not be used during a power cut.<\/li>\n<li>Make sure you have a flashlight and batteries.<\/li>\n<li>Avoid using the elevator if possible. Elevator doors may be stuck closed during a power cut.<\/li>\n<\/ul>\n<h4><span style=\"color: #829974;\"><strong>What to do during a power cut<\/strong><\/span><\/h4>\n<ul>\n<li>A short power cut of two hours or so does not affect heating significantly. Nonetheless, you should keep the apartment doors and windows shut and the window air vents in the winter setting.<\/li>\n<li>Your apartment and housing location lights will not work.<br \/>\nBe careful when moving around in your apartment, in other<br \/>\nfacilities or outside when it\u2019s dark.<\/li>\n<li>Avoid opening the refrigerator or freezer to prevent their contents from warming up or thawing.<\/li>\n<li>Do not use the faucets or shower or flush the toilet.<\/li>\n<li>Turn off all electrical devices to prevent the risk of fire once power comes back. You should leave one light turned on in your<br \/>\napartment so you can see when power comes back.<\/li>\n<li>Unplug any extra devices, such as your laptop and phone charger. NOTE! Do not unplug the refrigerator!<\/li>\n<li>Internet will not work. Phone calls and text messaging may also not function normally.<\/li>\n<li>Elevators will not operate. Elevator doors may be stuck closed during a power cut.<\/li>\n<li>Laundry rooms will not be operational. If you are washing laundry when power cut starts, it may be stuck in the machine for the<br \/>\nduration of the power cut.<\/li>\n<li>The TYS Housing Office will be open normally. NOTE! If the power cut affects the Student Village, the office will not have power and will not have its systems working normally.<\/li>\n<li>Stay calm, and make sure your neighbour is also doing ok.<\/li>\n<\/ul>\n<h4><strong><span style=\"color: #829974;\">After a power cut<\/span><br \/>\n<\/strong><\/h4>\n<ul>\n<li>Plug in the devices you need.<\/li>\n<li>After a power cut the water coming out of your faucet and shower may be burning hot and remain briefly discolored. Let the water run carefully at first. After letting it run the color should go back to normal. If the water remains discolored after letting it run or you experience other issues, please fill in a fault report on your Tenant Pages.<\/li>\n<\/ul>\n<h4><span style=\"color: #829974;\"><strong>Useful links<\/strong><\/span><\/h4>\n<ul>\n<li>Fingrid \u2013 Information regarding electricity shortage:<br \/>\n<a href=\"https:\/\/www.fingrid.fi\/en\/grid\/information-regarding-electricity-shortages\/questions-and-answers-about-electricity-shortages\/\">fingrid.fi\/en\/grid\/information-regarding-electricity-shortages\/questions-and-answers-about-electricity-shortages\/<\/a><\/li>\n<li>Home preparedness recommended by the authorities and NGOs &#8211; 72 hours: <a href=\"https:\/\/72hours.fi\/\">https:\/\/72hours.fi\/<\/a><\/li>\n<\/ul>\n<p>&nbsp;<\/p>\n","protected":false},"excerpt":{"rendered":"<p>There may be power cuts in Finland caused by electricity shortages, which can also affect&#8230;<\/p>\n","protected":false},"author":2,"featured_media":24433,"comment_status":"closed","ping_status":"open","sticky":false,"template":"","format":"standard","meta":{"footnotes":""},"categories":[8],"tags":[],"class_list":{"0":"post-24438","1":"post","2":"type-post","3":"status-publish","4":"format-standard","5":"has-post-thumbnail","7":"category-news"},"yoast_head":"<!-- This site is optimized with the Yoast SEO plugin v27.5 - https:\/\/yoast.com\/product\/yoast-seo-wordpress\/ -->\n<title>Prepare in advance for possible power outages | TYS | Turun Ylioppilaskyl\u00e4s\u00e4\u00e4ti\u00f6<\/title>\n<meta name=\"robots\" content=\"index, follow, max-snippet:-1, max-image-preview:large, max-video-preview:-1\" \/>\n<link rel=\"canonical\" href=\"https:\/\/tys.fi\/en\/prepare-in-advance-for-possible-power-outages\" \/>\n<meta property=\"og:locale\" content=\"en_US\" \/>\n<meta property=\"og:type\" content=\"article\" \/>\n<meta property=\"og:title\" content=\"Prepare in advance for possible power outages | TYS | Turun Ylioppilaskyl\u00e4s\u00e4\u00e4ti\u00f6\" \/>\n<meta property=\"og:description\" content=\"There may be power cuts in Finland caused by electricity shortages, which can also affect...\" \/>\n<meta property=\"og:url\" content=\"https:\/\/tys.fi\/en\/prepare-in-advance-for-possible-power-outages\" \/>\n<meta property=\"og:site_name\" content=\"Turun Ylioppilaskyl&auml;s&auml;&auml;ti&ouml;\" \/>\n<meta property=\"article:publisher\" content=\"https:\/\/www.facebook.com\/tysturku\/\" \/>\n<meta property=\"article:published_time\" content=\"2023-01-27T10:57:58+00:00\" \/>\n<meta property=\"article:modified_time\" content=\"2023-01-27T11:13:12+00:00\" \/>\n<meta property=\"og:image\" content=\"https:\/\/tys.fi\/wp-content\/uploads\/2023\/01\/kynttila2-scaled.jpg\" \/>\n\t<meta property=\"og:image:width\" content=\"2560\" \/>\n\t<meta property=\"og:image:height\" content=\"1707\" \/>\n\t<meta property=\"og:image:type\" content=\"image\/jpeg\" \/>\n<meta name=\"author\" content=\"Marja Aapalahti\" \/>\n<meta name=\"twitter:card\" content=\"summary_large_image\" \/>\n<meta name=\"twitter:creator\" content=\"@tysturku\" \/>\n<meta name=\"twitter:site\" content=\"@tysturku\" \/>\n<meta name=\"twitter:label1\" content=\"Written by\" \/>\n\t<meta name=\"twitter:data1\" content=\"Marja Aapalahti\" \/>\n\t<meta name=\"twitter:label2\" content=\"Est. reading time\" \/>\n\t<meta name=\"twitter:data2\" content=\"4 minutes\" \/>\n<script type=\"application\/ld+json\" class=\"yoast-schema-graph\">{\"@context\":\"https:\\\/\\\/schema.org\",\"@graph\":[{\"@type\":\"Article\",\"@id\":\"https:\\\/\\\/tys.fi\\\/en\\\/prepare-in-advance-for-possible-power-outages#article\",\"isPartOf\":{\"@id\":\"https:\\\/\\\/tys.fi\\\/en\\\/prepare-in-advance-for-possible-power-outages\"},\"author\":{\"name\":\"Marja Aapalahti\",\"@id\":\"https:\\\/\\\/tys.fi\\\/#\\\/schema\\\/person\\\/c1f87ee6d97815ab24d89b5ad67f8718\"},\"headline\":\"Prepare in advance for possible power outages\",\"datePublished\":\"2023-01-27T10:57:58+00:00\",\"dateModified\":\"2023-01-27T11:13:12+00:00\",\"mainEntityOfPage\":{\"@id\":\"https:\\\/\\\/tys.fi\\\/en\\\/prepare-in-advance-for-possible-power-outages\"},\"wordCount\":557,\"publisher\":{\"@id\":\"https:\\\/\\\/tys.fi\\\/#organization\"},\"image\":{\"@id\":\"https:\\\/\\\/tys.fi\\\/en\\\/prepare-in-advance-for-possible-power-outages#primaryimage\"},\"thumbnailUrl\":\"https:\\\/\\\/tys.fi\\\/wp-content\\\/uploads\\\/2023\\\/01\\\/kynttila2-scaled.jpg\",\"articleSection\":[\"News\"],\"inLanguage\":\"en-US\"},{\"@type\":\"WebPage\",\"@id\":\"https:\\\/\\\/tys.fi\\\/en\\\/prepare-in-advance-for-possible-power-outages\",\"url\":\"https:\\\/\\\/tys.fi\\\/en\\\/prepare-in-advance-for-possible-power-outages\",\"name\":\"Prepare in advance for possible power outages | TYS | Turun Ylioppilaskyl\u00e4s\u00e4\u00e4ti\u00f6\",\"isPartOf\":{\"@id\":\"https:\\\/\\\/tys.fi\\\/#website\"},\"primaryImageOfPage\":{\"@id\":\"https:\\\/\\\/tys.fi\\\/en\\\/prepare-in-advance-for-possible-power-outages#primaryimage\"},\"image\":{\"@id\":\"https:\\\/\\\/tys.fi\\\/en\\\/prepare-in-advance-for-possible-power-outages#primaryimage\"},\"thumbnailUrl\":\"https:\\\/\\\/tys.fi\\\/wp-content\\\/uploads\\\/2023\\\/01\\\/kynttila2-scaled.jpg\",\"datePublished\":\"2023-01-27T10:57:58+00:00\",\"dateModified\":\"2023-01-27T11:13:12+00:00\",\"breadcrumb\":{\"@id\":\"https:\\\/\\\/tys.fi\\\/en\\\/prepare-in-advance-for-possible-power-outages#breadcrumb\"},\"inLanguage\":\"en-US\",\"potentialAction\":[{\"@type\":\"ReadAction\",\"target\":[\"https:\\\/\\\/tys.fi\\\/en\\\/prepare-in-advance-for-possible-power-outages\"]}]},{\"@type\":\"ImageObject\",\"inLanguage\":\"en-US\",\"@id\":\"https:\\\/\\\/tys.fi\\\/en\\\/prepare-in-advance-for-possible-power-outages#primaryimage\",\"url\":\"https:\\\/\\\/tys.fi\\\/wp-content\\\/uploads\\\/2023\\\/01\\\/kynttila2-scaled.jpg\",\"contentUrl\":\"https:\\\/\\\/tys.fi\\\/wp-content\\\/uploads\\\/2023\\\/01\\\/kynttila2-scaled.jpg\",\"width\":2560,\"height\":1707},{\"@type\":\"BreadcrumbList\",\"@id\":\"https:\\\/\\\/tys.fi\\\/en\\\/prepare-in-advance-for-possible-power-outages#breadcrumb\",\"itemListElement\":[{\"@type\":\"ListItem\",\"position\":1,\"name\":\"Home\",\"item\":\"https:\\\/\\\/tys.fi\\\/en\"},{\"@type\":\"ListItem\",\"position\":2,\"name\":\"Prepare in advance for possible power outages\"}]},{\"@type\":\"WebSite\",\"@id\":\"https:\\\/\\\/tys.fi\\\/#website\",\"url\":\"https:\\\/\\\/tys.fi\\\/\",\"name\":\"Turun Ylioppilaskyl\u00e4s\u00e4\u00e4ti\u00f6\",\"description\":\"Vuokra-asunnot Turku\",\"publisher\":{\"@id\":\"https:\\\/\\\/tys.fi\\\/#organization\"},\"potentialAction\":[{\"@type\":\"SearchAction\",\"target\":{\"@type\":\"EntryPoint\",\"urlTemplate\":\"https:\\\/\\\/tys.fi\\\/?s={search_term_string}\"},\"query-input\":{\"@type\":\"PropertyValueSpecification\",\"valueRequired\":true,\"valueName\":\"search_term_string\"}}],\"inLanguage\":\"en-US\"},{\"@type\":\"Organization\",\"@id\":\"https:\\\/\\\/tys.fi\\\/#organization\",\"name\":\"TYS\",\"url\":\"https:\\\/\\\/tys.fi\\\/\",\"logo\":{\"@type\":\"ImageObject\",\"inLanguage\":\"en-US\",\"@id\":\"https:\\\/\\\/tys.fi\\\/#\\\/schema\\\/logo\\\/image\\\/\",\"url\":\"https:\\\/\\\/tys.fi\\\/wp-content\\\/uploads\\\/2019\\\/03\\\/TYS-Logo_Green_500px.png\",\"contentUrl\":\"https:\\\/\\\/tys.fi\\\/wp-content\\\/uploads\\\/2019\\\/03\\\/TYS-Logo_Green_500px.png\",\"width\":500,\"height\":232,\"caption\":\"TYS\"},\"image\":{\"@id\":\"https:\\\/\\\/tys.fi\\\/#\\\/schema\\\/logo\\\/image\\\/\"},\"sameAs\":[\"https:\\\/\\\/www.facebook.com\\\/tysturku\\\/\",\"https:\\\/\\\/x.com\\\/tysturku\",\"https:\\\/\\\/www.instagram.com\\\/tysturku\\\/\",\"https:\\\/\\\/www.linkedin.com\\\/company\\\/tysturku\\\/\",\"https:\\\/\\\/www.youtube.com\\\/channel\\\/UCjKOs8BOiY0SORCB0WWixlw?view_as=subscriber\",\"https:\\\/\\\/fi.wikipedia.org\\\/wiki\\\/Turun_ylioppilaskyl\u00e4s\u00e4\u00e4ti\u00f6\"]},{\"@type\":\"Person\",\"@id\":\"https:\\\/\\\/tys.fi\\\/#\\\/schema\\\/person\\\/c1f87ee6d97815ab24d89b5ad67f8718\",\"name\":\"Marja Aapalahti\",\"url\":\"https:\\\/\\\/tys.fi\\\/en\\\/author\\\/marja\"}]}<\/script>\n<!-- \/ Yoast SEO plugin. -->","yoast_head_json":{"title":"Prepare in advance for possible power outages | TYS | Turun Ylioppilaskyl\u00e4s\u00e4\u00e4ti\u00f6","robots":{"index":"index","follow":"follow","max-snippet":"max-snippet:-1","max-image-preview":"max-image-preview:large","max-video-preview":"max-video-preview:-1"},"canonical":"https:\/\/tys.fi\/en\/prepare-in-advance-for-possible-power-outages","og_locale":"en_US","og_type":"article","og_title":"Prepare in advance for possible power outages | TYS | Turun Ylioppilaskyl\u00e4s\u00e4\u00e4ti\u00f6","og_description":"There may be power cuts in Finland caused by electricity shortages, which can also affect...","og_url":"https:\/\/tys.fi\/en\/prepare-in-advance-for-possible-power-outages","og_site_name":"Turun Ylioppilaskyl&auml;s&auml;&auml;ti&ouml;","article_publisher":"https:\/\/www.facebook.com\/tysturku\/","article_published_time":"2023-01-27T10:57:58+00:00","article_modified_time":"2023-01-27T11:13:12+00:00","og_image":[{"width":2560,"height":1707,"url":"https:\/\/tys.fi\/wp-content\/uploads\/2023\/01\/kynttila2-scaled.jpg","type":"image\/jpeg"}],"author":"Marja Aapalahti","twitter_card":"summary_large_image","twitter_creator":"@tysturku","twitter_site":"@tysturku","twitter_misc":{"Written by":"Marja Aapalahti","Est. reading time":"4 minutes"},"schema":{"@context":"https:\/\/schema.org","@graph":[{"@type":"Article","@id":"https:\/\/tys.fi\/en\/prepare-in-advance-for-possible-power-outages#article","isPartOf":{"@id":"https:\/\/tys.fi\/en\/prepare-in-advance-for-possible-power-outages"},"author":{"name":"Marja Aapalahti","@id":"https:\/\/tys.fi\/#\/schema\/person\/c1f87ee6d97815ab24d89b5ad67f8718"},"headline":"Prepare in advance for possible power outages","datePublished":"2023-01-27T10:57:58+00:00","dateModified":"2023-01-27T11:13:12+00:00","mainEntityOfPage":{"@id":"https:\/\/tys.fi\/en\/prepare-in-advance-for-possible-power-outages"},"wordCount":557,"publisher":{"@id":"https:\/\/tys.fi\/#organization"},"image":{"@id":"https:\/\/tys.fi\/en\/prepare-in-advance-for-possible-power-outages#primaryimage"},"thumbnailUrl":"https:\/\/tys.fi\/wp-content\/uploads\/2023\/01\/kynttila2-scaled.jpg","articleSection":["News"],"inLanguage":"en-US"},{"@type":"WebPage","@id":"https:\/\/tys.fi\/en\/prepare-in-advance-for-possible-power-outages","url":"https:\/\/tys.fi\/en\/prepare-in-advance-for-possible-power-outages","name":"Prepare in advance for possible power outages | TYS | Turun Ylioppilaskyl\u00e4s\u00e4\u00e4ti\u00f6","isPartOf":{"@id":"https:\/\/tys.fi\/#website"},"primaryImageOfPage":{"@id":"https:\/\/tys.fi\/en\/prepare-in-advance-for-possible-power-outages#primaryimage"},"image":{"@id":"https:\/\/tys.fi\/en\/prepare-in-advance-for-possible-power-outages#primaryimage"},"thumbnailUrl":"https:\/\/tys.fi\/wp-content\/uploads\/2023\/01\/kynttila2-scaled.jpg","datePublished":"2023-01-27T10:57:58+00:00","dateModified":"2023-01-27T11:13:12+00:00","breadcrumb":{"@id":"https:\/\/tys.fi\/en\/prepare-in-advance-for-possible-power-outages#breadcrumb"},"inLanguage":"en-US","potentialAction":[{"@type":"ReadAction","target":["https:\/\/tys.fi\/en\/prepare-in-advance-for-possible-power-outages"]}]},{"@type":"ImageObject","inLanguage":"en-US","@id":"https:\/\/tys.fi\/en\/prepare-in-advance-for-possible-power-outages#primaryimage","url":"https:\/\/tys.fi\/wp-content\/uploads\/2023\/01\/kynttila2-scaled.jpg","contentUrl":"https:\/\/tys.fi\/wp-content\/uploads\/2023\/01\/kynttila2-scaled.jpg","width":2560,"height":1707},{"@type":"BreadcrumbList","@id":"https:\/\/tys.fi\/en\/prepare-in-advance-for-possible-power-outages#breadcrumb","itemListElement":[{"@type":"ListItem","position":1,"name":"Home","item":"https:\/\/tys.fi\/en"},{"@type":"ListItem","position":2,"name":"Prepare in advance for possible power outages"}]},{"@type":"WebSite","@id":"https:\/\/tys.fi\/#website","url":"https:\/\/tys.fi\/","name":"Turun Ylioppilaskyl\u00e4s\u00e4\u00e4ti\u00f6","description":"Vuokra-asunnot Turku","publisher":{"@id":"https:\/\/tys.fi\/#organization"},"potentialAction":[{"@type":"SearchAction","target":{"@type":"EntryPoint","urlTemplate":"https:\/\/tys.fi\/?s={search_term_string}"},"query-input":{"@type":"PropertyValueSpecification","valueRequired":true,"valueName":"search_term_string"}}],"inLanguage":"en-US"},{"@type":"Organization","@id":"https:\/\/tys.fi\/#organization","name":"TYS","url":"https:\/\/tys.fi\/","logo":{"@type":"ImageObject","inLanguage":"en-US","@id":"https:\/\/tys.fi\/#\/schema\/logo\/image\/","url":"https:\/\/tys.fi\/wp-content\/uploads\/2019\/03\/TYS-Logo_Green_500px.png","contentUrl":"https:\/\/tys.fi\/wp-content\/uploads\/2019\/03\/TYS-Logo_Green_500px.png","width":500,"height":232,"caption":"TYS"},"image":{"@id":"https:\/\/tys.fi\/#\/schema\/logo\/image\/"},"sameAs":["https:\/\/www.facebook.com\/tysturku\/","https:\/\/x.com\/tysturku","https:\/\/www.instagram.com\/tysturku\/","https:\/\/www.linkedin.com\/company\/tysturku\/","https:\/\/www.youtube.com\/channel\/UCjKOs8BOiY0SORCB0WWixlw?view_as=subscriber","https:\/\/fi.wikipedia.org\/wiki\/Turun_ylioppilaskyl\u00e4s\u00e4\u00e4ti\u00f6"]},{"@type":"Person","@id":"https:\/\/tys.fi\/#\/schema\/person\/c1f87ee6d97815ab24d89b5ad67f8718","name":"Marja Aapalahti","url":"https:\/\/tys.fi\/en\/author\/marja"}]}},"_links":{"self":[{"href":"https:\/\/tys.fi\/en\/wp-json\/wp\/v2\/posts\/24438","targetHints":{"allow":["GET"]}}],"collection":[{"href":"https:\/\/tys.fi\/en\/wp-json\/wp\/v2\/posts"}],"about":[{"href":"https:\/\/tys.fi\/en\/wp-json\/wp\/v2\/types\/post"}],"author":[{"embeddable":true,"href":"https:\/\/tys.fi\/en\/wp-json\/wp\/v2\/users\/2"}],"replies":[{"embeddable":true,"href":"https:\/\/tys.fi\/en\/wp-json\/wp\/v2\/comments?post=24438"}],"version-history":[{"count":4,"href":"https:\/\/tys.fi\/en\/wp-json\/wp\/v2\/posts\/24438\/revisions"}],"predecessor-version":[{"id":24445,"href":"https:\/\/tys.fi\/en\/wp-json\/wp\/v2\/posts\/24438\/revisions\/24445"}],"wp:featuredmedia":[{"embeddable":true,"href":"https:\/\/tys.fi\/en\/wp-json\/wp\/v2\/media\/24433"}],"wp:attachment":[{"href":"https:\/\/tys.fi\/en\/wp-json\/wp\/v2\/media?parent=24438"}],"wp:term":[{"taxonomy":"category","embeddable":true,"href":"https:\/\/tys.fi\/en\/wp-json\/wp\/v2\/categories?post=24438"},{"taxonomy":"post_tag","embeddable":true,"href":"https:\/\/tys.fi\/en\/wp-json\/wp\/v2\/tags?post=24438"}],"curies":[{"name":"wp","href":"https:\/\/api.w.org\/{rel}","templated":true}]}}