{"id":21485,"date":"2021-09-02T15:09:50","date_gmt":"2021-09-02T12:09:50","guid":{"rendered":"https:\/\/tys.fi\/?p=21485"},"modified":"2021-09-02T15:14:01","modified_gmt":"2021-09-02T12:14:01","slug":"tys-apartments-of-september-have-now-been-offered-2","status":"publish","type":"post","link":"https:\/\/tys.fi\/en\/tys-apartments-of-september-have-now-been-offered-2","title":{"rendered":"TYS apartments of September have now been offered"},"content":{"rendered":"<p style=\"text-align: center;\">The apartments of September have been offered. There might still be some cancellations.\u00a0 Your application will be valid on the offer round of September. If you\u2019re no longer looking for an apartment with TYS, please delete your application.<\/p>\n<p style=\"text-align: center;\"><img loading=\"lazy\" decoding=\"async\" class=\"aligncenter wp-image-14207\" src=\"https:\/\/tys.fi\/wp-content\/uploads\/2019\/05\/99BE98C0-E61F-4B3B-B726-3A9475C8FE95-199x300.jpg\" alt=\"\" width=\"500\" height=\"753\" srcset=\"https:\/\/tys.fi\/wp-content\/uploads\/2019\/05\/99BE98C0-E61F-4B3B-B726-3A9475C8FE95-199x300.jpg 199w, https:\/\/tys.fi\/wp-content\/uploads\/2019\/05\/99BE98C0-E61F-4B3B-B726-3A9475C8FE95-768x1157.jpg 768w, https:\/\/tys.fi\/wp-content\/uploads\/2019\/05\/99BE98C0-E61F-4B3B-B726-3A9475C8FE95-680x1024.jpg 680w, https:\/\/tys.fi\/wp-content\/uploads\/2019\/05\/99BE98C0-E61F-4B3B-B726-3A9475C8FE95.jpg 1360w\" sizes=\"auto, (max-width: 500px) 100vw, 500px\" \/><\/p>\n","protected":false},"excerpt":{"rendered":"<p>The apartments of September have been offered. There might still be some cancellations.\u00a0 Your application&#8230;<\/p>\n","protected":false},"author":2,"featured_media":14207,"comment_status":"closed","ping_status":"open","sticky":false,"template":"","format":"standard","meta":{"footnotes":""},"categories":[8],"tags":[],"class_list":{"0":"post-21485","1":"post","2":"type-post","3":"status-publish","4":"format-standard","5":"has-post-thumbnail","7":"category-news"},"yoast_head":"<!-- This site is optimized with the Yoast SEO plugin v27.5 - https:\/\/yoast.com\/product\/yoast-seo-wordpress\/ -->\n<title>TYS apartments of September have now been offered | TYS | Turun Ylioppilaskyl\u00e4s\u00e4\u00e4ti\u00f6<\/title>\n<meta name=\"robots\" content=\"index, follow, max-snippet:-1, max-image-preview:large, max-video-preview:-1\" \/>\n<link rel=\"canonical\" href=\"https:\/\/tys.fi\/en\/tys-apartments-of-september-have-now-been-offered-2\" \/>\n<meta property=\"og:locale\" content=\"en_US\" \/>\n<meta property=\"og:type\" content=\"article\" \/>\n<meta property=\"og:title\" content=\"TYS apartments of September have now been offered | TYS | Turun Ylioppilaskyl\u00e4s\u00e4\u00e4ti\u00f6\" \/>\n<meta property=\"og:description\" content=\"The apartments of September have been offered. There might still be some cancellations.\u00a0 Your application...\" \/>\n<meta property=\"og:url\" content=\"https:\/\/tys.fi\/en\/tys-apartments-of-september-have-now-been-offered-2\" \/>\n<meta property=\"og:site_name\" content=\"Turun Ylioppilaskyl&auml;s&auml;&auml;ti&ouml;\" \/>\n<meta property=\"article:publisher\" content=\"https:\/\/www.facebook.com\/tysturku\/\" \/>\n<meta property=\"article:published_time\" content=\"2021-09-02T12:09:50+00:00\" \/>\n<meta property=\"article:modified_time\" content=\"2021-09-02T12:14:01+00:00\" \/>\n<meta property=\"og:image\" content=\"https:\/\/tys.fi\/wp-content\/uploads\/2019\/05\/99BE98C0-E61F-4B3B-B726-3A9475C8FE95.jpg\" \/>\n\t<meta property=\"og:image:width\" content=\"1360\" \/>\n\t<meta property=\"og:image:height\" content=\"2048\" \/>\n\t<meta property=\"og:image:type\" content=\"image\/jpeg\" \/>\n<meta name=\"author\" content=\"Marja Aapalahti\" \/>\n<meta name=\"twitter:card\" content=\"summary_large_image\" \/>\n<meta name=\"twitter:creator\" content=\"@tysturku\" \/>\n<meta name=\"twitter:site\" content=\"@tysturku\" \/>\n<meta name=\"twitter:label1\" content=\"Written by\" \/>\n\t<meta name=\"twitter:data1\" content=\"Marja Aapalahti\" \/>\n\t<meta name=\"twitter:label2\" content=\"Est. reading time\" \/>\n\t<meta name=\"twitter:data2\" content=\"1 minute\" \/>\n<script type=\"application\/ld+json\" class=\"yoast-schema-graph\">{\"@context\":\"https:\\\/\\\/schema.org\",\"@graph\":[{\"@type\":\"Article\",\"@id\":\"https:\\\/\\\/tys.fi\\\/en\\\/tys-apartments-of-september-have-now-been-offered-2#article\",\"isPartOf\":{\"@id\":\"https:\\\/\\\/tys.fi\\\/en\\\/tys-apartments-of-september-have-now-been-offered-2\"},\"author\":{\"name\":\"Marja Aapalahti\",\"@id\":\"https:\\\/\\\/tys.fi\\\/#\\\/schema\\\/person\\\/c1f87ee6d97815ab24d89b5ad67f8718\"},\"headline\":\"TYS apartments of September have now been offered\",\"datePublished\":\"2021-09-02T12:09:50+00:00\",\"dateModified\":\"2021-09-02T12:14:01+00:00\",\"mainEntityOfPage\":{\"@id\":\"https:\\\/\\\/tys.fi\\\/en\\\/tys-apartments-of-september-have-now-been-offered-2\"},\"wordCount\":47,\"publisher\":{\"@id\":\"https:\\\/\\\/tys.fi\\\/#organization\"},\"image\":{\"@id\":\"https:\\\/\\\/tys.fi\\\/en\\\/tys-apartments-of-september-have-now-been-offered-2#primaryimage\"},\"thumbnailUrl\":\"https:\\\/\\\/tys.fi\\\/wp-content\\\/uploads\\\/2019\\\/05\\\/99BE98C0-E61F-4B3B-B726-3A9475C8FE95.jpg\",\"articleSection\":[\"News\"],\"inLanguage\":\"en-US\"},{\"@type\":\"WebPage\",\"@id\":\"https:\\\/\\\/tys.fi\\\/en\\\/tys-apartments-of-september-have-now-been-offered-2\",\"url\":\"https:\\\/\\\/tys.fi\\\/en\\\/tys-apartments-of-september-have-now-been-offered-2\",\"name\":\"TYS apartments of September have now been offered | TYS | Turun Ylioppilaskyl\u00e4s\u00e4\u00e4ti\u00f6\",\"isPartOf\":{\"@id\":\"https:\\\/\\\/tys.fi\\\/#website\"},\"primaryImageOfPage\":{\"@id\":\"https:\\\/\\\/tys.fi\\\/en\\\/tys-apartments-of-september-have-now-been-offered-2#primaryimage\"},\"image\":{\"@id\":\"https:\\\/\\\/tys.fi\\\/en\\\/tys-apartments-of-september-have-now-been-offered-2#primaryimage\"},\"thumbnailUrl\":\"https:\\\/\\\/tys.fi\\\/wp-content\\\/uploads\\\/2019\\\/05\\\/99BE98C0-E61F-4B3B-B726-3A9475C8FE95.jpg\",\"datePublished\":\"2021-09-02T12:09:50+00:00\",\"dateModified\":\"2021-09-02T12:14:01+00:00\",\"breadcrumb\":{\"@id\":\"https:\\\/\\\/tys.fi\\\/en\\\/tys-apartments-of-september-have-now-been-offered-2#breadcrumb\"},\"inLanguage\":\"en-US\",\"potentialAction\":[{\"@type\":\"ReadAction\",\"target\":[\"https:\\\/\\\/tys.fi\\\/en\\\/tys-apartments-of-september-have-now-been-offered-2\"]}]},{\"@type\":\"ImageObject\",\"inLanguage\":\"en-US\",\"@id\":\"https:\\\/\\\/tys.fi\\\/en\\\/tys-apartments-of-september-have-now-been-offered-2#primaryimage\",\"url\":\"https:\\\/\\\/tys.fi\\\/wp-content\\\/uploads\\\/2019\\\/05\\\/99BE98C0-E61F-4B3B-B726-3A9475C8FE95.jpg\",\"contentUrl\":\"https:\\\/\\\/tys.fi\\\/wp-content\\\/uploads\\\/2019\\\/05\\\/99BE98C0-E61F-4B3B-B726-3A9475C8FE95.jpg\",\"width\":1360,\"height\":2048},{\"@type\":\"BreadcrumbList\",\"@id\":\"https:\\\/\\\/tys.fi\\\/en\\\/tys-apartments-of-september-have-now-been-offered-2#breadcrumb\",\"itemListElement\":[{\"@type\":\"ListItem\",\"position\":1,\"name\":\"Home\",\"item\":\"https:\\\/\\\/tys.fi\\\/en\"},{\"@type\":\"ListItem\",\"position\":2,\"name\":\"TYS apartments of September have now been offered\"}]},{\"@type\":\"WebSite\",\"@id\":\"https:\\\/\\\/tys.fi\\\/#website\",\"url\":\"https:\\\/\\\/tys.fi\\\/\",\"name\":\"Turun Ylioppilaskyl\u00e4s\u00e4\u00e4ti\u00f6\",\"description\":\"Vuokra-asunnot Turku\",\"publisher\":{\"@id\":\"https:\\\/\\\/tys.fi\\\/#organization\"},\"potentialAction\":[{\"@type\":\"SearchAction\",\"target\":{\"@type\":\"EntryPoint\",\"urlTemplate\":\"https:\\\/\\\/tys.fi\\\/?s={search_term_string}\"},\"query-input\":{\"@type\":\"PropertyValueSpecification\",\"valueRequired\":true,\"valueName\":\"search_term_string\"}}],\"inLanguage\":\"en-US\"},{\"@type\":\"Organization\",\"@id\":\"https:\\\/\\\/tys.fi\\\/#organization\",\"name\":\"TYS\",\"url\":\"https:\\\/\\\/tys.fi\\\/\",\"logo\":{\"@type\":\"ImageObject\",\"inLanguage\":\"en-US\",\"@id\":\"https:\\\/\\\/tys.fi\\\/#\\\/schema\\\/logo\\\/image\\\/\",\"url\":\"https:\\\/\\\/tys.fi\\\/wp-content\\\/uploads\\\/2019\\\/03\\\/TYS-Logo_Green_500px.png\",\"contentUrl\":\"https:\\\/\\\/tys.fi\\\/wp-content\\\/uploads\\\/2019\\\/03\\\/TYS-Logo_Green_500px.png\",\"width\":500,\"height\":232,\"caption\":\"TYS\"},\"image\":{\"@id\":\"https:\\\/\\\/tys.fi\\\/#\\\/schema\\\/logo\\\/image\\\/\"},\"sameAs\":[\"https:\\\/\\\/www.facebook.com\\\/tysturku\\\/\",\"https:\\\/\\\/x.com\\\/tysturku\",\"https:\\\/\\\/www.instagram.com\\\/tysturku\\\/\",\"https:\\\/\\\/www.linkedin.com\\\/company\\\/tysturku\\\/\",\"https:\\\/\\\/www.youtube.com\\\/channel\\\/UCjKOs8BOiY0SORCB0WWixlw?view_as=subscriber\",\"https:\\\/\\\/fi.wikipedia.org\\\/wiki\\\/Turun_ylioppilaskyl\u00e4s\u00e4\u00e4ti\u00f6\"]},{\"@type\":\"Person\",\"@id\":\"https:\\\/\\\/tys.fi\\\/#\\\/schema\\\/person\\\/c1f87ee6d97815ab24d89b5ad67f8718\",\"name\":\"Marja Aapalahti\",\"url\":\"https:\\\/\\\/tys.fi\\\/en\\\/author\\\/marja\"}]}<\/script>\n<!-- \/ Yoast SEO plugin. -->","yoast_head_json":{"title":"TYS apartments of September have now been offered | TYS | Turun Ylioppilaskyl\u00e4s\u00e4\u00e4ti\u00f6","robots":{"index":"index","follow":"follow","max-snippet":"max-snippet:-1","max-image-preview":"max-image-preview:large","max-video-preview":"max-video-preview:-1"},"canonical":"https:\/\/tys.fi\/en\/tys-apartments-of-september-have-now-been-offered-2","og_locale":"en_US","og_type":"article","og_title":"TYS apartments of September have now been offered | TYS | Turun Ylioppilaskyl\u00e4s\u00e4\u00e4ti\u00f6","og_description":"The apartments of September have been offered. There might still be some cancellations.\u00a0 Your application...","og_url":"https:\/\/tys.fi\/en\/tys-apartments-of-september-have-now-been-offered-2","og_site_name":"Turun Ylioppilaskyl&auml;s&auml;&auml;ti&ouml;","article_publisher":"https:\/\/www.facebook.com\/tysturku\/","article_published_time":"2021-09-02T12:09:50+00:00","article_modified_time":"2021-09-02T12:14:01+00:00","og_image":[{"width":1360,"height":2048,"url":"https:\/\/tys.fi\/wp-content\/uploads\/2019\/05\/99BE98C0-E61F-4B3B-B726-3A9475C8FE95.jpg","type":"image\/jpeg"}],"author":"Marja Aapalahti","twitter_card":"summary_large_image","twitter_creator":"@tysturku","twitter_site":"@tysturku","twitter_misc":{"Written by":"Marja Aapalahti","Est. reading time":"1 minute"},"schema":{"@context":"https:\/\/schema.org","@graph":[{"@type":"Article","@id":"https:\/\/tys.fi\/en\/tys-apartments-of-september-have-now-been-offered-2#article","isPartOf":{"@id":"https:\/\/tys.fi\/en\/tys-apartments-of-september-have-now-been-offered-2"},"author":{"name":"Marja Aapalahti","@id":"https:\/\/tys.fi\/#\/schema\/person\/c1f87ee6d97815ab24d89b5ad67f8718"},"headline":"TYS apartments of September have now been offered","datePublished":"2021-09-02T12:09:50+00:00","dateModified":"2021-09-02T12:14:01+00:00","mainEntityOfPage":{"@id":"https:\/\/tys.fi\/en\/tys-apartments-of-september-have-now-been-offered-2"},"wordCount":47,"publisher":{"@id":"https:\/\/tys.fi\/#organization"},"image":{"@id":"https:\/\/tys.fi\/en\/tys-apartments-of-september-have-now-been-offered-2#primaryimage"},"thumbnailUrl":"https:\/\/tys.fi\/wp-content\/uploads\/2019\/05\/99BE98C0-E61F-4B3B-B726-3A9475C8FE95.jpg","articleSection":["News"],"inLanguage":"en-US"},{"@type":"WebPage","@id":"https:\/\/tys.fi\/en\/tys-apartments-of-september-have-now-been-offered-2","url":"https:\/\/tys.fi\/en\/tys-apartments-of-september-have-now-been-offered-2","name":"TYS apartments of September have now been offered | TYS | Turun Ylioppilaskyl\u00e4s\u00e4\u00e4ti\u00f6","isPartOf":{"@id":"https:\/\/tys.fi\/#website"},"primaryImageOfPage":{"@id":"https:\/\/tys.fi\/en\/tys-apartments-of-september-have-now-been-offered-2#primaryimage"},"image":{"@id":"https:\/\/tys.fi\/en\/tys-apartments-of-september-have-now-been-offered-2#primaryimage"},"thumbnailUrl":"https:\/\/tys.fi\/wp-content\/uploads\/2019\/05\/99BE98C0-E61F-4B3B-B726-3A9475C8FE95.jpg","datePublished":"2021-09-02T12:09:50+00:00","dateModified":"2021-09-02T12:14:01+00:00","breadcrumb":{"@id":"https:\/\/tys.fi\/en\/tys-apartments-of-september-have-now-been-offered-2#breadcrumb"},"inLanguage":"en-US","potentialAction":[{"@type":"ReadAction","target":["https:\/\/tys.fi\/en\/tys-apartments-of-september-have-now-been-offered-2"]}]},{"@type":"ImageObject","inLanguage":"en-US","@id":"https:\/\/tys.fi\/en\/tys-apartments-of-september-have-now-been-offered-2#primaryimage","url":"https:\/\/tys.fi\/wp-content\/uploads\/2019\/05\/99BE98C0-E61F-4B3B-B726-3A9475C8FE95.jpg","contentUrl":"https:\/\/tys.fi\/wp-content\/uploads\/2019\/05\/99BE98C0-E61F-4B3B-B726-3A9475C8FE95.jpg","width":1360,"height":2048},{"@type":"BreadcrumbList","@id":"https:\/\/tys.fi\/en\/tys-apartments-of-september-have-now-been-offered-2#breadcrumb","itemListElement":[{"@type":"ListItem","position":1,"name":"Home","item":"https:\/\/tys.fi\/en"},{"@type":"ListItem","position":2,"name":"TYS apartments of September have now been offered"}]},{"@type":"WebSite","@id":"https:\/\/tys.fi\/#website","url":"https:\/\/tys.fi\/","name":"Turun Ylioppilaskyl\u00e4s\u00e4\u00e4ti\u00f6","description":"Vuokra-asunnot Turku","publisher":{"@id":"https:\/\/tys.fi\/#organization"},"potentialAction":[{"@type":"SearchAction","target":{"@type":"EntryPoint","urlTemplate":"https:\/\/tys.fi\/?s={search_term_string}"},"query-input":{"@type":"PropertyValueSpecification","valueRequired":true,"valueName":"search_term_string"}}],"inLanguage":"en-US"},{"@type":"Organization","@id":"https:\/\/tys.fi\/#organization","name":"TYS","url":"https:\/\/tys.fi\/","logo":{"@type":"ImageObject","inLanguage":"en-US","@id":"https:\/\/tys.fi\/#\/schema\/logo\/image\/","url":"https:\/\/tys.fi\/wp-content\/uploads\/2019\/03\/TYS-Logo_Green_500px.png","contentUrl":"https:\/\/tys.fi\/wp-content\/uploads\/2019\/03\/TYS-Logo_Green_500px.png","width":500,"height":232,"caption":"TYS"},"image":{"@id":"https:\/\/tys.fi\/#\/schema\/logo\/image\/"},"sameAs":["https:\/\/www.facebook.com\/tysturku\/","https:\/\/x.com\/tysturku","https:\/\/www.instagram.com\/tysturku\/","https:\/\/www.linkedin.com\/company\/tysturku\/","https:\/\/www.youtube.com\/channel\/UCjKOs8BOiY0SORCB0WWixlw?view_as=subscriber","https:\/\/fi.wikipedia.org\/wiki\/Turun_ylioppilaskyl\u00e4s\u00e4\u00e4ti\u00f6"]},{"@type":"Person","@id":"https:\/\/tys.fi\/#\/schema\/person\/c1f87ee6d97815ab24d89b5ad67f8718","name":"Marja Aapalahti","url":"https:\/\/tys.fi\/en\/author\/marja"}]}},"_links":{"self":[{"href":"https:\/\/tys.fi\/en\/wp-json\/wp\/v2\/posts\/21485","targetHints":{"allow":["GET"]}}],"collection":[{"href":"https:\/\/tys.fi\/en\/wp-json\/wp\/v2\/posts"}],"about":[{"href":"https:\/\/tys.fi\/en\/wp-json\/wp\/v2\/types\/post"}],"author":[{"embeddable":true,"href":"https:\/\/tys.fi\/en\/wp-json\/wp\/v2\/users\/2"}],"replies":[{"embeddable":true,"href":"https:\/\/tys.fi\/en\/wp-json\/wp\/v2\/comments?post=21485"}],"version-history":[{"count":1,"href":"https:\/\/tys.fi\/en\/wp-json\/wp\/v2\/posts\/21485\/revisions"}],"predecessor-version":[{"id":21489,"href":"https:\/\/tys.fi\/en\/wp-json\/wp\/v2\/posts\/21485\/revisions\/21489"}],"wp:featuredmedia":[{"embeddable":true,"href":"https:\/\/tys.fi\/en\/wp-json\/wp\/v2\/media\/14207"}],"wp:attachment":[{"href":"https:\/\/tys.fi\/en\/wp-json\/wp\/v2\/media?parent=21485"}],"wp:term":[{"taxonomy":"category","embeddable":true,"href":"https:\/\/tys.fi\/en\/wp-json\/wp\/v2\/categories?post=21485"},{"taxonomy":"post_tag","embeddable":true,"href":"https:\/\/tys.fi\/en\/wp-json\/wp\/v2\/tags?post=21485"}],"curies":[{"name":"wp","href":"https:\/\/api.w.org\/{rel}","templated":true}]}}