{"id":20490,"date":"2021-02-05T17:34:45","date_gmt":"2021-02-05T15:34:45","guid":{"rendered":"https:\/\/tys.fi\/uusi-yhteiskayttoauto-vuokrattavissa-ylioppilaskylassa"},"modified":"2021-02-15T13:10:03","modified_gmt":"2021-02-15T11:10:03","slug":"uusi-yhteiskayttoauto-vuokrattavissa-ylioppilaskylassa","status":"publish","type":"post","link":"https:\/\/tys.fi\/en\/uusi-yhteiskayttoauto-vuokrattavissa-ylioppilaskylassa","title":{"rendered":"New shared car for rent in the Student Village"},"content":{"rendered":"<p><img loading=\"lazy\" decoding=\"async\" class=\"alignleft wp-image-20487\" src=\"https:\/\/tys.fi\/wp-content\/uploads\/2021\/02\/MG_1033-scaled.jpg\" alt=\"\" width=\"400\" height=\"267\" srcset=\"https:\/\/tys.fi\/wp-content\/uploads\/2021\/02\/MG_1033-scaled.jpg 2560w, https:\/\/tys.fi\/wp-content\/uploads\/2021\/02\/MG_1033-300x200.jpg 300w, https:\/\/tys.fi\/wp-content\/uploads\/2021\/02\/MG_1033-1024x683.jpg 1024w, https:\/\/tys.fi\/wp-content\/uploads\/2021\/02\/MG_1033-768x512.jpg 768w, https:\/\/tys.fi\/wp-content\/uploads\/2021\/02\/MG_1033-1536x1024.jpg 1536w, https:\/\/tys.fi\/wp-content\/uploads\/2021\/02\/MG_1033-2048x1365.jpg 2048w, https:\/\/tys.fi\/wp-content\/uploads\/2021\/02\/MG_1033-900x600.jpg 900w\" sizes=\"auto, (max-width: 400px) 100vw, 400px\" \/>TYS and Omago Oy have brought a fully electric Nissan Leaf shared car to the Student Village, available for all TYS tenants. The car is located at the electric car charging station on the parking lot at Nummenranta, at the street address Pispalantie 17. The car is rentable at a rate of EUR 6 per hour, which includes all expenses. To rent the car, register in the Omago system at <a href=\"http:\/\/www.tili.omago.fi\/\">www.tili.omago.fi<\/a> and enter the code TYS21 to join.<\/p>\n<p>The discount code TYS will give you three driving hours for free until 19th February. You can find more detailed instructions on how to use the service at <a href=\"http:\/\/www.omago.fi\/ohjeet\">www.omago.fi\/ohjeet<\/a>.<\/p>\n<p>More information on the service from Omago Oy&#8217;s customer service<br \/>\n+358504150300, <a href=\"mailto:asiakaspalvelu@omago.fi\">asiakaspalvelu@omago.fi<\/a><\/p>\n<p>You can read more about the shared cars provided for TYS tenants from <a href=\"https:\/\/tys.fi\/en\/services\/shared-cars\">https:\/\/tys.fi\/en\/services\/shared-cars\u00a0<\/a><\/p>\n","protected":false},"excerpt":{"rendered":"<p>TYS and Omago Oy have brought a fully electric Nissan Leaf shared car to the&#8230;<\/p>\n","protected":false},"author":2,"featured_media":20486,"comment_status":"closed","ping_status":"open","sticky":false,"template":"","format":"standard","meta":{"footnotes":""},"categories":[8],"tags":[],"class_list":{"0":"post-20490","1":"post","2":"type-post","3":"status-publish","4":"format-standard","5":"has-post-thumbnail","7":"category-news"},"yoast_head":"<!-- This site is optimized with the Yoast SEO plugin v27.4 - https:\/\/yoast.com\/product\/yoast-seo-wordpress\/ -->\n<title>New shared car for rent in the Student Village | TYS | Turun Ylioppilaskyl\u00e4s\u00e4\u00e4ti\u00f6<\/title>\n<meta name=\"robots\" content=\"index, follow, max-snippet:-1, max-image-preview:large, max-video-preview:-1\" \/>\n<link rel=\"canonical\" href=\"https:\/\/tys.fi\/en\/uusi-yhteiskayttoauto-vuokrattavissa-ylioppilaskylassa\" \/>\n<meta property=\"og:locale\" content=\"en_US\" \/>\n<meta property=\"og:type\" content=\"article\" \/>\n<meta property=\"og:title\" content=\"New shared car for rent in the Student Village | TYS | Turun Ylioppilaskyl\u00e4s\u00e4\u00e4ti\u00f6\" \/>\n<meta property=\"og:description\" content=\"TYS and Omago Oy have brought a fully electric Nissan Leaf shared car to the...\" \/>\n<meta property=\"og:url\" content=\"https:\/\/tys.fi\/en\/uusi-yhteiskayttoauto-vuokrattavissa-ylioppilaskylassa\" \/>\n<meta property=\"og:site_name\" content=\"Turun Ylioppilaskyl&auml;s&auml;&auml;ti&ouml;\" \/>\n<meta property=\"article:publisher\" content=\"https:\/\/www.facebook.com\/tysturku\/\" \/>\n<meta property=\"article:published_time\" content=\"2021-02-05T15:34:45+00:00\" \/>\n<meta property=\"article:modified_time\" content=\"2021-02-15T11:10:03+00:00\" \/>\n<meta property=\"og:image\" content=\"https:\/\/tys.fi\/wp-content\/uploads\/2021\/02\/MG_1033-scaled.jpg\" \/>\n\t<meta property=\"og:image:width\" content=\"2560\" \/>\n\t<meta property=\"og:image:height\" content=\"1707\" \/>\n\t<meta property=\"og:image:type\" content=\"image\/jpeg\" \/>\n<meta name=\"author\" content=\"Marja Aapalahti\" \/>\n<meta name=\"twitter:card\" content=\"summary_large_image\" \/>\n<meta name=\"twitter:creator\" content=\"@tysturku\" \/>\n<meta name=\"twitter:site\" content=\"@tysturku\" \/>\n<meta name=\"twitter:label1\" content=\"Written by\" \/>\n\t<meta name=\"twitter:data1\" content=\"Marja Aapalahti\" \/>\n\t<meta name=\"twitter:label2\" content=\"Est. reading time\" \/>\n\t<meta name=\"twitter:data2\" content=\"1 minute\" \/>\n<script type=\"application\/ld+json\" class=\"yoast-schema-graph\">{\"@context\":\"https:\\\/\\\/schema.org\",\"@graph\":[{\"@type\":\"Article\",\"@id\":\"https:\\\/\\\/tys.fi\\\/en\\\/uusi-yhteiskayttoauto-vuokrattavissa-ylioppilaskylassa#article\",\"isPartOf\":{\"@id\":\"https:\\\/\\\/tys.fi\\\/en\\\/uusi-yhteiskayttoauto-vuokrattavissa-ylioppilaskylassa\"},\"author\":{\"name\":\"Marja Aapalahti\",\"@id\":\"https:\\\/\\\/tys.fi\\\/#\\\/schema\\\/person\\\/c1f87ee6d97815ab24d89b5ad67f8718\"},\"headline\":\"New shared car for rent in the Student Village\",\"datePublished\":\"2021-02-05T15:34:45+00:00\",\"dateModified\":\"2021-02-15T11:10:03+00:00\",\"mainEntityOfPage\":{\"@id\":\"https:\\\/\\\/tys.fi\\\/en\\\/uusi-yhteiskayttoauto-vuokrattavissa-ylioppilaskylassa\"},\"wordCount\":153,\"publisher\":{\"@id\":\"https:\\\/\\\/tys.fi\\\/#organization\"},\"image\":{\"@id\":\"https:\\\/\\\/tys.fi\\\/en\\\/uusi-yhteiskayttoauto-vuokrattavissa-ylioppilaskylassa#primaryimage\"},\"thumbnailUrl\":\"https:\\\/\\\/tys.fi\\\/wp-content\\\/uploads\\\/2021\\\/02\\\/MG_1033-scaled.jpg\",\"articleSection\":[\"News\"],\"inLanguage\":\"en-US\"},{\"@type\":\"WebPage\",\"@id\":\"https:\\\/\\\/tys.fi\\\/en\\\/uusi-yhteiskayttoauto-vuokrattavissa-ylioppilaskylassa\",\"url\":\"https:\\\/\\\/tys.fi\\\/en\\\/uusi-yhteiskayttoauto-vuokrattavissa-ylioppilaskylassa\",\"name\":\"New shared car for rent in the Student Village | TYS | Turun Ylioppilaskyl\u00e4s\u00e4\u00e4ti\u00f6\",\"isPartOf\":{\"@id\":\"https:\\\/\\\/tys.fi\\\/#website\"},\"primaryImageOfPage\":{\"@id\":\"https:\\\/\\\/tys.fi\\\/en\\\/uusi-yhteiskayttoauto-vuokrattavissa-ylioppilaskylassa#primaryimage\"},\"image\":{\"@id\":\"https:\\\/\\\/tys.fi\\\/en\\\/uusi-yhteiskayttoauto-vuokrattavissa-ylioppilaskylassa#primaryimage\"},\"thumbnailUrl\":\"https:\\\/\\\/tys.fi\\\/wp-content\\\/uploads\\\/2021\\\/02\\\/MG_1033-scaled.jpg\",\"datePublished\":\"2021-02-05T15:34:45+00:00\",\"dateModified\":\"2021-02-15T11:10:03+00:00\",\"breadcrumb\":{\"@id\":\"https:\\\/\\\/tys.fi\\\/en\\\/uusi-yhteiskayttoauto-vuokrattavissa-ylioppilaskylassa#breadcrumb\"},\"inLanguage\":\"en-US\",\"potentialAction\":[{\"@type\":\"ReadAction\",\"target\":[\"https:\\\/\\\/tys.fi\\\/en\\\/uusi-yhteiskayttoauto-vuokrattavissa-ylioppilaskylassa\"]}]},{\"@type\":\"ImageObject\",\"inLanguage\":\"en-US\",\"@id\":\"https:\\\/\\\/tys.fi\\\/en\\\/uusi-yhteiskayttoauto-vuokrattavissa-ylioppilaskylassa#primaryimage\",\"url\":\"https:\\\/\\\/tys.fi\\\/wp-content\\\/uploads\\\/2021\\\/02\\\/MG_1033-scaled.jpg\",\"contentUrl\":\"https:\\\/\\\/tys.fi\\\/wp-content\\\/uploads\\\/2021\\\/02\\\/MG_1033-scaled.jpg\",\"width\":2560,\"height\":1707},{\"@type\":\"BreadcrumbList\",\"@id\":\"https:\\\/\\\/tys.fi\\\/en\\\/uusi-yhteiskayttoauto-vuokrattavissa-ylioppilaskylassa#breadcrumb\",\"itemListElement\":[{\"@type\":\"ListItem\",\"position\":1,\"name\":\"Home\",\"item\":\"https:\\\/\\\/tys.fi\\\/en\"},{\"@type\":\"ListItem\",\"position\":2,\"name\":\"New shared car for rent in the Student Village\"}]},{\"@type\":\"WebSite\",\"@id\":\"https:\\\/\\\/tys.fi\\\/#website\",\"url\":\"https:\\\/\\\/tys.fi\\\/\",\"name\":\"Turun Ylioppilaskyl\u00e4s\u00e4\u00e4ti\u00f6\",\"description\":\"Vuokra-asunnot Turku\",\"publisher\":{\"@id\":\"https:\\\/\\\/tys.fi\\\/#organization\"},\"potentialAction\":[{\"@type\":\"SearchAction\",\"target\":{\"@type\":\"EntryPoint\",\"urlTemplate\":\"https:\\\/\\\/tys.fi\\\/?s={search_term_string}\"},\"query-input\":{\"@type\":\"PropertyValueSpecification\",\"valueRequired\":true,\"valueName\":\"search_term_string\"}}],\"inLanguage\":\"en-US\"},{\"@type\":\"Organization\",\"@id\":\"https:\\\/\\\/tys.fi\\\/#organization\",\"name\":\"TYS\",\"url\":\"https:\\\/\\\/tys.fi\\\/\",\"logo\":{\"@type\":\"ImageObject\",\"inLanguage\":\"en-US\",\"@id\":\"https:\\\/\\\/tys.fi\\\/#\\\/schema\\\/logo\\\/image\\\/\",\"url\":\"https:\\\/\\\/tys.fi\\\/wp-content\\\/uploads\\\/2019\\\/03\\\/TYS-Logo_Green_500px.png\",\"contentUrl\":\"https:\\\/\\\/tys.fi\\\/wp-content\\\/uploads\\\/2019\\\/03\\\/TYS-Logo_Green_500px.png\",\"width\":500,\"height\":232,\"caption\":\"TYS\"},\"image\":{\"@id\":\"https:\\\/\\\/tys.fi\\\/#\\\/schema\\\/logo\\\/image\\\/\"},\"sameAs\":[\"https:\\\/\\\/www.facebook.com\\\/tysturku\\\/\",\"https:\\\/\\\/x.com\\\/tysturku\",\"https:\\\/\\\/www.instagram.com\\\/tysturku\\\/\",\"https:\\\/\\\/www.linkedin.com\\\/company\\\/tysturku\\\/\",\"https:\\\/\\\/www.youtube.com\\\/channel\\\/UCjKOs8BOiY0SORCB0WWixlw?view_as=subscriber\",\"https:\\\/\\\/fi.wikipedia.org\\\/wiki\\\/Turun_ylioppilaskyl\u00e4s\u00e4\u00e4ti\u00f6\"]},{\"@type\":\"Person\",\"@id\":\"https:\\\/\\\/tys.fi\\\/#\\\/schema\\\/person\\\/c1f87ee6d97815ab24d89b5ad67f8718\",\"name\":\"Marja Aapalahti\",\"url\":\"https:\\\/\\\/tys.fi\\\/en\\\/author\\\/marja\"}]}<\/script>\n<!-- \/ Yoast SEO plugin. -->","yoast_head_json":{"title":"New shared car for rent in the Student Village | TYS | Turun Ylioppilaskyl\u00e4s\u00e4\u00e4ti\u00f6","robots":{"index":"index","follow":"follow","max-snippet":"max-snippet:-1","max-image-preview":"max-image-preview:large","max-video-preview":"max-video-preview:-1"},"canonical":"https:\/\/tys.fi\/en\/uusi-yhteiskayttoauto-vuokrattavissa-ylioppilaskylassa","og_locale":"en_US","og_type":"article","og_title":"New shared car for rent in the Student Village | TYS | Turun Ylioppilaskyl\u00e4s\u00e4\u00e4ti\u00f6","og_description":"TYS and Omago Oy have brought a fully electric Nissan Leaf shared car to the...","og_url":"https:\/\/tys.fi\/en\/uusi-yhteiskayttoauto-vuokrattavissa-ylioppilaskylassa","og_site_name":"Turun Ylioppilaskyl&auml;s&auml;&auml;ti&ouml;","article_publisher":"https:\/\/www.facebook.com\/tysturku\/","article_published_time":"2021-02-05T15:34:45+00:00","article_modified_time":"2021-02-15T11:10:03+00:00","og_image":[{"width":2560,"height":1707,"url":"https:\/\/tys.fi\/wp-content\/uploads\/2021\/02\/MG_1033-scaled.jpg","type":"image\/jpeg"}],"author":"Marja Aapalahti","twitter_card":"summary_large_image","twitter_creator":"@tysturku","twitter_site":"@tysturku","twitter_misc":{"Written by":"Marja Aapalahti","Est. reading time":"1 minute"},"schema":{"@context":"https:\/\/schema.org","@graph":[{"@type":"Article","@id":"https:\/\/tys.fi\/en\/uusi-yhteiskayttoauto-vuokrattavissa-ylioppilaskylassa#article","isPartOf":{"@id":"https:\/\/tys.fi\/en\/uusi-yhteiskayttoauto-vuokrattavissa-ylioppilaskylassa"},"author":{"name":"Marja Aapalahti","@id":"https:\/\/tys.fi\/#\/schema\/person\/c1f87ee6d97815ab24d89b5ad67f8718"},"headline":"New shared car for rent in the Student Village","datePublished":"2021-02-05T15:34:45+00:00","dateModified":"2021-02-15T11:10:03+00:00","mainEntityOfPage":{"@id":"https:\/\/tys.fi\/en\/uusi-yhteiskayttoauto-vuokrattavissa-ylioppilaskylassa"},"wordCount":153,"publisher":{"@id":"https:\/\/tys.fi\/#organization"},"image":{"@id":"https:\/\/tys.fi\/en\/uusi-yhteiskayttoauto-vuokrattavissa-ylioppilaskylassa#primaryimage"},"thumbnailUrl":"https:\/\/tys.fi\/wp-content\/uploads\/2021\/02\/MG_1033-scaled.jpg","articleSection":["News"],"inLanguage":"en-US"},{"@type":"WebPage","@id":"https:\/\/tys.fi\/en\/uusi-yhteiskayttoauto-vuokrattavissa-ylioppilaskylassa","url":"https:\/\/tys.fi\/en\/uusi-yhteiskayttoauto-vuokrattavissa-ylioppilaskylassa","name":"New shared car for rent in the Student Village | TYS | Turun Ylioppilaskyl\u00e4s\u00e4\u00e4ti\u00f6","isPartOf":{"@id":"https:\/\/tys.fi\/#website"},"primaryImageOfPage":{"@id":"https:\/\/tys.fi\/en\/uusi-yhteiskayttoauto-vuokrattavissa-ylioppilaskylassa#primaryimage"},"image":{"@id":"https:\/\/tys.fi\/en\/uusi-yhteiskayttoauto-vuokrattavissa-ylioppilaskylassa#primaryimage"},"thumbnailUrl":"https:\/\/tys.fi\/wp-content\/uploads\/2021\/02\/MG_1033-scaled.jpg","datePublished":"2021-02-05T15:34:45+00:00","dateModified":"2021-02-15T11:10:03+00:00","breadcrumb":{"@id":"https:\/\/tys.fi\/en\/uusi-yhteiskayttoauto-vuokrattavissa-ylioppilaskylassa#breadcrumb"},"inLanguage":"en-US","potentialAction":[{"@type":"ReadAction","target":["https:\/\/tys.fi\/en\/uusi-yhteiskayttoauto-vuokrattavissa-ylioppilaskylassa"]}]},{"@type":"ImageObject","inLanguage":"en-US","@id":"https:\/\/tys.fi\/en\/uusi-yhteiskayttoauto-vuokrattavissa-ylioppilaskylassa#primaryimage","url":"https:\/\/tys.fi\/wp-content\/uploads\/2021\/02\/MG_1033-scaled.jpg","contentUrl":"https:\/\/tys.fi\/wp-content\/uploads\/2021\/02\/MG_1033-scaled.jpg","width":2560,"height":1707},{"@type":"BreadcrumbList","@id":"https:\/\/tys.fi\/en\/uusi-yhteiskayttoauto-vuokrattavissa-ylioppilaskylassa#breadcrumb","itemListElement":[{"@type":"ListItem","position":1,"name":"Home","item":"https:\/\/tys.fi\/en"},{"@type":"ListItem","position":2,"name":"New shared car for rent in the Student Village"}]},{"@type":"WebSite","@id":"https:\/\/tys.fi\/#website","url":"https:\/\/tys.fi\/","name":"Turun Ylioppilaskyl\u00e4s\u00e4\u00e4ti\u00f6","description":"Vuokra-asunnot Turku","publisher":{"@id":"https:\/\/tys.fi\/#organization"},"potentialAction":[{"@type":"SearchAction","target":{"@type":"EntryPoint","urlTemplate":"https:\/\/tys.fi\/?s={search_term_string}"},"query-input":{"@type":"PropertyValueSpecification","valueRequired":true,"valueName":"search_term_string"}}],"inLanguage":"en-US"},{"@type":"Organization","@id":"https:\/\/tys.fi\/#organization","name":"TYS","url":"https:\/\/tys.fi\/","logo":{"@type":"ImageObject","inLanguage":"en-US","@id":"https:\/\/tys.fi\/#\/schema\/logo\/image\/","url":"https:\/\/tys.fi\/wp-content\/uploads\/2019\/03\/TYS-Logo_Green_500px.png","contentUrl":"https:\/\/tys.fi\/wp-content\/uploads\/2019\/03\/TYS-Logo_Green_500px.png","width":500,"height":232,"caption":"TYS"},"image":{"@id":"https:\/\/tys.fi\/#\/schema\/logo\/image\/"},"sameAs":["https:\/\/www.facebook.com\/tysturku\/","https:\/\/x.com\/tysturku","https:\/\/www.instagram.com\/tysturku\/","https:\/\/www.linkedin.com\/company\/tysturku\/","https:\/\/www.youtube.com\/channel\/UCjKOs8BOiY0SORCB0WWixlw?view_as=subscriber","https:\/\/fi.wikipedia.org\/wiki\/Turun_ylioppilaskyl\u00e4s\u00e4\u00e4ti\u00f6"]},{"@type":"Person","@id":"https:\/\/tys.fi\/#\/schema\/person\/c1f87ee6d97815ab24d89b5ad67f8718","name":"Marja Aapalahti","url":"https:\/\/tys.fi\/en\/author\/marja"}]}},"_links":{"self":[{"href":"https:\/\/tys.fi\/en\/wp-json\/wp\/v2\/posts\/20490","targetHints":{"allow":["GET"]}}],"collection":[{"href":"https:\/\/tys.fi\/en\/wp-json\/wp\/v2\/posts"}],"about":[{"href":"https:\/\/tys.fi\/en\/wp-json\/wp\/v2\/types\/post"}],"author":[{"embeddable":true,"href":"https:\/\/tys.fi\/en\/wp-json\/wp\/v2\/users\/2"}],"replies":[{"embeddable":true,"href":"https:\/\/tys.fi\/en\/wp-json\/wp\/v2\/comments?post=20490"}],"version-history":[{"count":5,"href":"https:\/\/tys.fi\/en\/wp-json\/wp\/v2\/posts\/20490\/revisions"}],"predecessor-version":[{"id":20498,"href":"https:\/\/tys.fi\/en\/wp-json\/wp\/v2\/posts\/20490\/revisions\/20498"}],"wp:featuredmedia":[{"embeddable":true,"href":"https:\/\/tys.fi\/en\/wp-json\/wp\/v2\/media\/20486"}],"wp:attachment":[{"href":"https:\/\/tys.fi\/en\/wp-json\/wp\/v2\/media?parent=20490"}],"wp:term":[{"taxonomy":"category","embeddable":true,"href":"https:\/\/tys.fi\/en\/wp-json\/wp\/v2\/categories?post=20490"},{"taxonomy":"post_tag","embeddable":true,"href":"https:\/\/tys.fi\/en\/wp-json\/wp\/v2\/tags?post=20490"}],"curies":[{"name":"wp","href":"https:\/\/api.w.org\/{rel}","templated":true}]}}