{"id":20179,"date":"2021-01-12T13:31:16","date_gmt":"2021-01-12T11:31:16","guid":{"rendered":"https:\/\/tys.fi\/yo-kylan-asukas-tule-mentoriksi-response-hankkeeseen"},"modified":"2021-02-04T13:23:16","modified_gmt":"2021-02-04T11:23:16","slug":"yo-kylan-asukas-tule-mentoriksi-response-hankkeeseen","status":"publish","type":"post","link":"https:\/\/tys.fi\/en\/yo-kylan-asukas-tule-mentoriksi-response-hankkeeseen","title":{"rendered":"Resident of the Student Village: Become a mentor for the RESPONSE project!"},"content":{"rendered":"<p><strong>Are you interested in environmental, climate or energy issues? Or perhaps you\u2019re into communication, advocacy work or event planning? Would you like to become part of an international project and contribute to the creation of a positive energy district, together with other like-minded Student Village residents?<\/strong><\/p>\n<p>The RESPONSE project is now looking for ten peer mentors from among the residents of the Student Village area (Aitiopaikka, Ikituuri, Nummenranta, Student Village West or Student Village East). The peer mentors will aim at increasing the knowledge about environmental and energy issues in the Student Village and inspire other residents to become involved. The mentor activities may include e.g.:<\/p>\n<ul>\n<li>planning and creating new environmental activities to the Student Village<\/li>\n<li>planning and organizing small-scale environmental events in the Student Village<\/li>\n<li>mapping the views of the residents in different ways, e.g. by gathering short videos about how environmental and energy issues are present in the residents\u2019 daily lives as well as following the discussion in social media about these topics<\/li>\n<li>bring forth the resident perspective in the project when needed<\/li>\n<li>taking part in the mentor network activities, e.g. monthly meetings<\/li>\n<\/ul>\n<p>Being a peer mentor is estimated to take approximately 10 hours per month, however in the spring of 2021 when the mentors are being inducted to their role and the mentoring is launched, a few extra hours should be reserved. The roles and the workload of individual mentors can be adjusted according to preferences. The mentors will be inducted to their role and the idea is that the mentors will support each other. No one is expected to work alone!<\/p>\n<p>There is no financial compensation for mentoring, but the peer mentors will gain valuable experience of e.g. communication, advocacy and organizing events as part of an international project and a chance to build valuable contacts for the working life. All mentors will receive a certificate for their participation. On a case-by-case basis, depending e.g. on the mentor\u2019s role and field of study, possibilities for study credits, thesis or internship can be explored. We hope for a commitment of at least one year to the mentoring. The peer mentoring as well as other resident cooperation in the project is coordinated by Turku University of Applied Sciences.<\/p>\n<p><strong>Became interested? <\/strong><\/p>\n<p>Apply for becoming a mentor by sending us a short (max A4) motivation letter and tell us:<\/p>\n<ul>\n<li>why you want to become a mentor<\/li>\n<li>why you would be a good mentor<\/li>\n<li>which Student Village location you live in (Aitiopaikka, Ikituuri, Nummenranta, Student Village West or Student Village East<\/li>\n<li>your field of study<\/li>\n<li>for how long you are able to commit to mentoring<\/li>\n<\/ul>\n<p>Send the motivation letter as an e-mail attachment by <strong>14<span style=\"font-size: 13.3333px;\">th <\/span>February 2020<\/strong> to <a href=\"mailto:ritva.salminiitty@turkuamk.fi\">ritva.salminiitty@turkuamk.fi<\/a>. If you have any further questions about mentoring, you can send them to the same e-mail address.<\/p>\n<p><em>RESPONSE \u2013 Integrated Solutions for Positive Energy and Resilient Cities is a five-year international Horizon 2020 project. During the project a variety of energy-positive solutions will be implemented in the Turku Student Village. The organizations involved in the project include e.g. City of Turku, TYS, Turku Energia, Turku University of Applied Sciences, University of Turku, Turku City Data, VTT and FMI. For more information about the project, see <\/em><a href=\"https:\/\/h2020response.eu\/\"><em>https:\/\/h2020response.eu\/<\/em><\/a><em> &amp; <a href=\"https:\/\/tys.fi\/en\/response\">https:\/\/tys.fi\/en\/response<\/a><\/p>\n<p><\/em><\/p>\n<p><img loading=\"lazy\" decoding=\"async\" class=\"wp-image-20408 alignleft\" src=\"https:\/\/tys.fi\/wp-content\/uploads\/2021\/01\/logo-white-bg-1-300x241.jpg\" alt=\"\" width=\"200\" height=\"161\" srcset=\"https:\/\/tys.fi\/wp-content\/uploads\/2021\/01\/logo-white-bg-1-300x241.jpg 300w, https:\/\/tys.fi\/wp-content\/uploads\/2021\/01\/logo-white-bg-1.jpg 600w\" sizes=\"auto, (max-width: 200px) 100vw, 200px\" \/><\/p>\n<p><img loading=\"lazy\" decoding=\"async\" class=\"wp-image-20089 alignleft\" src=\"https:\/\/tys.fi\/wp-content\/uploads\/2020\/12\/EU-Emblem-300x200.jpg\" alt=\"\" width=\"200\" height=\"133\" srcset=\"https:\/\/tys.fi\/wp-content\/uploads\/2020\/12\/EU-Emblem-300x200.jpg 300w, https:\/\/tys.fi\/wp-content\/uploads\/2020\/12\/EU-Emblem-1024x683.jpg 1024w, https:\/\/tys.fi\/wp-content\/uploads\/2020\/12\/EU-Emblem-768x512.jpg 768w, https:\/\/tys.fi\/wp-content\/uploads\/2020\/12\/EU-Emblem-1536x1024.jpg 1536w, https:\/\/tys.fi\/wp-content\/uploads\/2020\/12\/EU-Emblem-2048x1366.jpg 2048w, https:\/\/tys.fi\/wp-content\/uploads\/2020\/12\/EU-Emblem-900x600.jpg 900w, https:\/\/tys.fi\/wp-content\/uploads\/2020\/12\/EU-Emblem-600x403.jpg 600w\" sizes=\"auto, (max-width: 200px) 100vw, 200px\" \/><\/p>\n<p><img loading=\"lazy\" decoding=\"async\" class=\"wp-image-20174 alignleft\" src=\"https:\/\/tys.fi\/wp-content\/uploads\/2021\/01\/TURKU_AMK_RGB-300x118.jpg\" alt=\"\" width=\"200\" height=\"79\" srcset=\"https:\/\/tys.fi\/wp-content\/uploads\/2021\/01\/TURKU_AMK_RGB-300x118.jpg 300w, https:\/\/tys.fi\/wp-content\/uploads\/2021\/01\/TURKU_AMK_RGB-1024x404.jpg 1024w, https:\/\/tys.fi\/wp-content\/uploads\/2021\/01\/TURKU_AMK_RGB-768x303.jpg 768w, https:\/\/tys.fi\/wp-content\/uploads\/2021\/01\/TURKU_AMK_RGB.jpg 1388w\" sizes=\"auto, (max-width: 200px) 100vw, 200px\" \/><\/p>\n<p>&nbsp;<\/p>\n<p>&nbsp;<\/p>\n<p>&nbsp;<\/p>\n<p>This project has received funding from the European Union\u2019s Horizon 2020 research and innovation programme under Grant Agreement n\u00ba 957751. The document represents the view of the author only and is his\/her sole responsibility: it cannot be considered to reflect the views of the European Commission and\/or the Innovation and Networks Executive Agency (INEA). The European Commission and the Agency do not accept responsibility for the use that may be made of the information it contains.<\/p>\n","protected":false},"excerpt":{"rendered":"<p>Are you interested in environmental, climate or energy issues? Or perhaps you\u2019re into communication, advocacy&#8230;<\/p>\n","protected":false},"author":2,"featured_media":20169,"comment_status":"closed","ping_status":"closed","sticky":false,"template":"","format":"standard","meta":{"footnotes":""},"categories":[37,8],"tags":[],"class_list":{"0":"post-20179","1":"post","2":"type-post","3":"status-publish","4":"format-standard","5":"has-post-thumbnail","7":"category-blog","8":"category-news"},"yoast_head":"<!-- This site is optimized with the Yoast SEO plugin v27.5 - https:\/\/yoast.com\/product\/yoast-seo-wordpress\/ -->\n<title>Resident of the Student Village: Become a mentor for the RESPONSE project! | TYS | Turun Ylioppilaskyl\u00e4s\u00e4\u00e4ti\u00f6<\/title>\n<meta name=\"robots\" content=\"index, follow, max-snippet:-1, max-image-preview:large, max-video-preview:-1\" \/>\n<link rel=\"canonical\" href=\"https:\/\/tys.fi\/en\/yo-kylan-asukas-tule-mentoriksi-response-hankkeeseen\" \/>\n<meta property=\"og:locale\" content=\"en_US\" \/>\n<meta property=\"og:type\" content=\"article\" \/>\n<meta property=\"og:title\" content=\"Resident of the Student Village: Become a mentor for the RESPONSE project! | TYS | Turun Ylioppilaskyl\u00e4s\u00e4\u00e4ti\u00f6\" \/>\n<meta property=\"og:description\" content=\"Are you interested in environmental, climate or energy issues? Or perhaps you\u2019re into communication, advocacy...\" \/>\n<meta property=\"og:url\" content=\"https:\/\/tys.fi\/en\/yo-kylan-asukas-tule-mentoriksi-response-hankkeeseen\" \/>\n<meta property=\"og:site_name\" content=\"Turun Ylioppilaskyl&auml;s&auml;&auml;ti&ouml;\" \/>\n<meta property=\"article:publisher\" content=\"https:\/\/www.facebook.com\/tysturku\/\" \/>\n<meta property=\"article:published_time\" content=\"2021-01-12T11:31:16+00:00\" \/>\n<meta property=\"article:modified_time\" content=\"2021-02-04T11:23:16+00:00\" \/>\n<meta property=\"og:image\" content=\"https:\/\/tys.fi\/wp-content\/uploads\/2021\/01\/priscilla-du-preez-nF8xhLMmg0c-unsplash-scaled.jpg\" \/>\n\t<meta property=\"og:image:width\" content=\"2560\" \/>\n\t<meta property=\"og:image:height\" content=\"1707\" \/>\n\t<meta property=\"og:image:type\" content=\"image\/jpeg\" \/>\n<meta name=\"author\" content=\"Marja Aapalahti\" \/>\n<meta name=\"twitter:card\" content=\"summary_large_image\" \/>\n<meta name=\"twitter:creator\" content=\"@tysturku\" \/>\n<meta name=\"twitter:site\" content=\"@tysturku\" \/>\n<meta name=\"twitter:label1\" content=\"Written by\" \/>\n\t<meta name=\"twitter:data1\" content=\"Marja Aapalahti\" \/>\n\t<meta name=\"twitter:label2\" content=\"Est. reading time\" \/>\n\t<meta name=\"twitter:data2\" content=\"4 minutes\" \/>\n<script type=\"application\/ld+json\" class=\"yoast-schema-graph\">{\"@context\":\"https:\\\/\\\/schema.org\",\"@graph\":[{\"@type\":\"Article\",\"@id\":\"https:\\\/\\\/tys.fi\\\/en\\\/yo-kylan-asukas-tule-mentoriksi-response-hankkeeseen#article\",\"isPartOf\":{\"@id\":\"https:\\\/\\\/tys.fi\\\/en\\\/yo-kylan-asukas-tule-mentoriksi-response-hankkeeseen\"},\"author\":{\"name\":\"Marja Aapalahti\",\"@id\":\"https:\\\/\\\/tys.fi\\\/#\\\/schema\\\/person\\\/c1f87ee6d97815ab24d89b5ad67f8718\"},\"headline\":\"Resident of the Student Village: Become a mentor for the RESPONSE project!\",\"datePublished\":\"2021-01-12T11:31:16+00:00\",\"dateModified\":\"2021-02-04T11:23:16+00:00\",\"mainEntityOfPage\":{\"@id\":\"https:\\\/\\\/tys.fi\\\/en\\\/yo-kylan-asukas-tule-mentoriksi-response-hankkeeseen\"},\"wordCount\":641,\"publisher\":{\"@id\":\"https:\\\/\\\/tys.fi\\\/#organization\"},\"image\":{\"@id\":\"https:\\\/\\\/tys.fi\\\/en\\\/yo-kylan-asukas-tule-mentoriksi-response-hankkeeseen#primaryimage\"},\"thumbnailUrl\":\"https:\\\/\\\/tys.fi\\\/wp-content\\\/uploads\\\/2021\\\/01\\\/priscilla-du-preez-nF8xhLMmg0c-unsplash-scaled.jpg\",\"articleSection\":[\"Blog\",\"News\"],\"inLanguage\":\"en-US\"},{\"@type\":\"WebPage\",\"@id\":\"https:\\\/\\\/tys.fi\\\/en\\\/yo-kylan-asukas-tule-mentoriksi-response-hankkeeseen\",\"url\":\"https:\\\/\\\/tys.fi\\\/en\\\/yo-kylan-asukas-tule-mentoriksi-response-hankkeeseen\",\"name\":\"Resident of the Student Village: Become a mentor for the RESPONSE project! | TYS | Turun Ylioppilaskyl\u00e4s\u00e4\u00e4ti\u00f6\",\"isPartOf\":{\"@id\":\"https:\\\/\\\/tys.fi\\\/#website\"},\"primaryImageOfPage\":{\"@id\":\"https:\\\/\\\/tys.fi\\\/en\\\/yo-kylan-asukas-tule-mentoriksi-response-hankkeeseen#primaryimage\"},\"image\":{\"@id\":\"https:\\\/\\\/tys.fi\\\/en\\\/yo-kylan-asukas-tule-mentoriksi-response-hankkeeseen#primaryimage\"},\"thumbnailUrl\":\"https:\\\/\\\/tys.fi\\\/wp-content\\\/uploads\\\/2021\\\/01\\\/priscilla-du-preez-nF8xhLMmg0c-unsplash-scaled.jpg\",\"datePublished\":\"2021-01-12T11:31:16+00:00\",\"dateModified\":\"2021-02-04T11:23:16+00:00\",\"breadcrumb\":{\"@id\":\"https:\\\/\\\/tys.fi\\\/en\\\/yo-kylan-asukas-tule-mentoriksi-response-hankkeeseen#breadcrumb\"},\"inLanguage\":\"en-US\",\"potentialAction\":[{\"@type\":\"ReadAction\",\"target\":[\"https:\\\/\\\/tys.fi\\\/en\\\/yo-kylan-asukas-tule-mentoriksi-response-hankkeeseen\"]}]},{\"@type\":\"ImageObject\",\"inLanguage\":\"en-US\",\"@id\":\"https:\\\/\\\/tys.fi\\\/en\\\/yo-kylan-asukas-tule-mentoriksi-response-hankkeeseen#primaryimage\",\"url\":\"https:\\\/\\\/tys.fi\\\/wp-content\\\/uploads\\\/2021\\\/01\\\/priscilla-du-preez-nF8xhLMmg0c-unsplash-scaled.jpg\",\"contentUrl\":\"https:\\\/\\\/tys.fi\\\/wp-content\\\/uploads\\\/2021\\\/01\\\/priscilla-du-preez-nF8xhLMmg0c-unsplash-scaled.jpg\",\"width\":2560,\"height\":1707},{\"@type\":\"BreadcrumbList\",\"@id\":\"https:\\\/\\\/tys.fi\\\/en\\\/yo-kylan-asukas-tule-mentoriksi-response-hankkeeseen#breadcrumb\",\"itemListElement\":[{\"@type\":\"ListItem\",\"position\":1,\"name\":\"Home\",\"item\":\"https:\\\/\\\/tys.fi\\\/en\"},{\"@type\":\"ListItem\",\"position\":2,\"name\":\"Resident of the Student Village: Become a mentor for the RESPONSE project!\"}]},{\"@type\":\"WebSite\",\"@id\":\"https:\\\/\\\/tys.fi\\\/#website\",\"url\":\"https:\\\/\\\/tys.fi\\\/\",\"name\":\"Turun Ylioppilaskyl\u00e4s\u00e4\u00e4ti\u00f6\",\"description\":\"Vuokra-asunnot Turku\",\"publisher\":{\"@id\":\"https:\\\/\\\/tys.fi\\\/#organization\"},\"potentialAction\":[{\"@type\":\"SearchAction\",\"target\":{\"@type\":\"EntryPoint\",\"urlTemplate\":\"https:\\\/\\\/tys.fi\\\/?s={search_term_string}\"},\"query-input\":{\"@type\":\"PropertyValueSpecification\",\"valueRequired\":true,\"valueName\":\"search_term_string\"}}],\"inLanguage\":\"en-US\"},{\"@type\":\"Organization\",\"@id\":\"https:\\\/\\\/tys.fi\\\/#organization\",\"name\":\"TYS\",\"url\":\"https:\\\/\\\/tys.fi\\\/\",\"logo\":{\"@type\":\"ImageObject\",\"inLanguage\":\"en-US\",\"@id\":\"https:\\\/\\\/tys.fi\\\/#\\\/schema\\\/logo\\\/image\\\/\",\"url\":\"https:\\\/\\\/tys.fi\\\/wp-content\\\/uploads\\\/2019\\\/03\\\/TYS-Logo_Green_500px.png\",\"contentUrl\":\"https:\\\/\\\/tys.fi\\\/wp-content\\\/uploads\\\/2019\\\/03\\\/TYS-Logo_Green_500px.png\",\"width\":500,\"height\":232,\"caption\":\"TYS\"},\"image\":{\"@id\":\"https:\\\/\\\/tys.fi\\\/#\\\/schema\\\/logo\\\/image\\\/\"},\"sameAs\":[\"https:\\\/\\\/www.facebook.com\\\/tysturku\\\/\",\"https:\\\/\\\/x.com\\\/tysturku\",\"https:\\\/\\\/www.instagram.com\\\/tysturku\\\/\",\"https:\\\/\\\/www.linkedin.com\\\/company\\\/tysturku\\\/\",\"https:\\\/\\\/www.youtube.com\\\/channel\\\/UCjKOs8BOiY0SORCB0WWixlw?view_as=subscriber\",\"https:\\\/\\\/fi.wikipedia.org\\\/wiki\\\/Turun_ylioppilaskyl\u00e4s\u00e4\u00e4ti\u00f6\"]},{\"@type\":\"Person\",\"@id\":\"https:\\\/\\\/tys.fi\\\/#\\\/schema\\\/person\\\/c1f87ee6d97815ab24d89b5ad67f8718\",\"name\":\"Marja Aapalahti\",\"url\":\"https:\\\/\\\/tys.fi\\\/en\\\/author\\\/marja\"}]}<\/script>\n<!-- \/ Yoast SEO plugin. -->","yoast_head_json":{"title":"Resident of the Student Village: Become a mentor for the RESPONSE project! | TYS | Turun Ylioppilaskyl\u00e4s\u00e4\u00e4ti\u00f6","robots":{"index":"index","follow":"follow","max-snippet":"max-snippet:-1","max-image-preview":"max-image-preview:large","max-video-preview":"max-video-preview:-1"},"canonical":"https:\/\/tys.fi\/en\/yo-kylan-asukas-tule-mentoriksi-response-hankkeeseen","og_locale":"en_US","og_type":"article","og_title":"Resident of the Student Village: Become a mentor for the RESPONSE project! | TYS | Turun Ylioppilaskyl\u00e4s\u00e4\u00e4ti\u00f6","og_description":"Are you interested in environmental, climate or energy issues? Or perhaps you\u2019re into communication, advocacy...","og_url":"https:\/\/tys.fi\/en\/yo-kylan-asukas-tule-mentoriksi-response-hankkeeseen","og_site_name":"Turun Ylioppilaskyl&auml;s&auml;&auml;ti&ouml;","article_publisher":"https:\/\/www.facebook.com\/tysturku\/","article_published_time":"2021-01-12T11:31:16+00:00","article_modified_time":"2021-02-04T11:23:16+00:00","og_image":[{"width":2560,"height":1707,"url":"https:\/\/tys.fi\/wp-content\/uploads\/2021\/01\/priscilla-du-preez-nF8xhLMmg0c-unsplash-scaled.jpg","type":"image\/jpeg"}],"author":"Marja Aapalahti","twitter_card":"summary_large_image","twitter_creator":"@tysturku","twitter_site":"@tysturku","twitter_misc":{"Written by":"Marja Aapalahti","Est. reading time":"4 minutes"},"schema":{"@context":"https:\/\/schema.org","@graph":[{"@type":"Article","@id":"https:\/\/tys.fi\/en\/yo-kylan-asukas-tule-mentoriksi-response-hankkeeseen#article","isPartOf":{"@id":"https:\/\/tys.fi\/en\/yo-kylan-asukas-tule-mentoriksi-response-hankkeeseen"},"author":{"name":"Marja Aapalahti","@id":"https:\/\/tys.fi\/#\/schema\/person\/c1f87ee6d97815ab24d89b5ad67f8718"},"headline":"Resident of the Student Village: Become a mentor for the RESPONSE project!","datePublished":"2021-01-12T11:31:16+00:00","dateModified":"2021-02-04T11:23:16+00:00","mainEntityOfPage":{"@id":"https:\/\/tys.fi\/en\/yo-kylan-asukas-tule-mentoriksi-response-hankkeeseen"},"wordCount":641,"publisher":{"@id":"https:\/\/tys.fi\/#organization"},"image":{"@id":"https:\/\/tys.fi\/en\/yo-kylan-asukas-tule-mentoriksi-response-hankkeeseen#primaryimage"},"thumbnailUrl":"https:\/\/tys.fi\/wp-content\/uploads\/2021\/01\/priscilla-du-preez-nF8xhLMmg0c-unsplash-scaled.jpg","articleSection":["Blog","News"],"inLanguage":"en-US"},{"@type":"WebPage","@id":"https:\/\/tys.fi\/en\/yo-kylan-asukas-tule-mentoriksi-response-hankkeeseen","url":"https:\/\/tys.fi\/en\/yo-kylan-asukas-tule-mentoriksi-response-hankkeeseen","name":"Resident of the Student Village: Become a mentor for the RESPONSE project! | TYS | Turun Ylioppilaskyl\u00e4s\u00e4\u00e4ti\u00f6","isPartOf":{"@id":"https:\/\/tys.fi\/#website"},"primaryImageOfPage":{"@id":"https:\/\/tys.fi\/en\/yo-kylan-asukas-tule-mentoriksi-response-hankkeeseen#primaryimage"},"image":{"@id":"https:\/\/tys.fi\/en\/yo-kylan-asukas-tule-mentoriksi-response-hankkeeseen#primaryimage"},"thumbnailUrl":"https:\/\/tys.fi\/wp-content\/uploads\/2021\/01\/priscilla-du-preez-nF8xhLMmg0c-unsplash-scaled.jpg","datePublished":"2021-01-12T11:31:16+00:00","dateModified":"2021-02-04T11:23:16+00:00","breadcrumb":{"@id":"https:\/\/tys.fi\/en\/yo-kylan-asukas-tule-mentoriksi-response-hankkeeseen#breadcrumb"},"inLanguage":"en-US","potentialAction":[{"@type":"ReadAction","target":["https:\/\/tys.fi\/en\/yo-kylan-asukas-tule-mentoriksi-response-hankkeeseen"]}]},{"@type":"ImageObject","inLanguage":"en-US","@id":"https:\/\/tys.fi\/en\/yo-kylan-asukas-tule-mentoriksi-response-hankkeeseen#primaryimage","url":"https:\/\/tys.fi\/wp-content\/uploads\/2021\/01\/priscilla-du-preez-nF8xhLMmg0c-unsplash-scaled.jpg","contentUrl":"https:\/\/tys.fi\/wp-content\/uploads\/2021\/01\/priscilla-du-preez-nF8xhLMmg0c-unsplash-scaled.jpg","width":2560,"height":1707},{"@type":"BreadcrumbList","@id":"https:\/\/tys.fi\/en\/yo-kylan-asukas-tule-mentoriksi-response-hankkeeseen#breadcrumb","itemListElement":[{"@type":"ListItem","position":1,"name":"Home","item":"https:\/\/tys.fi\/en"},{"@type":"ListItem","position":2,"name":"Resident of the Student Village: Become a mentor for the RESPONSE project!"}]},{"@type":"WebSite","@id":"https:\/\/tys.fi\/#website","url":"https:\/\/tys.fi\/","name":"Turun Ylioppilaskyl\u00e4s\u00e4\u00e4ti\u00f6","description":"Vuokra-asunnot Turku","publisher":{"@id":"https:\/\/tys.fi\/#organization"},"potentialAction":[{"@type":"SearchAction","target":{"@type":"EntryPoint","urlTemplate":"https:\/\/tys.fi\/?s={search_term_string}"},"query-input":{"@type":"PropertyValueSpecification","valueRequired":true,"valueName":"search_term_string"}}],"inLanguage":"en-US"},{"@type":"Organization","@id":"https:\/\/tys.fi\/#organization","name":"TYS","url":"https:\/\/tys.fi\/","logo":{"@type":"ImageObject","inLanguage":"en-US","@id":"https:\/\/tys.fi\/#\/schema\/logo\/image\/","url":"https:\/\/tys.fi\/wp-content\/uploads\/2019\/03\/TYS-Logo_Green_500px.png","contentUrl":"https:\/\/tys.fi\/wp-content\/uploads\/2019\/03\/TYS-Logo_Green_500px.png","width":500,"height":232,"caption":"TYS"},"image":{"@id":"https:\/\/tys.fi\/#\/schema\/logo\/image\/"},"sameAs":["https:\/\/www.facebook.com\/tysturku\/","https:\/\/x.com\/tysturku","https:\/\/www.instagram.com\/tysturku\/","https:\/\/www.linkedin.com\/company\/tysturku\/","https:\/\/www.youtube.com\/channel\/UCjKOs8BOiY0SORCB0WWixlw?view_as=subscriber","https:\/\/fi.wikipedia.org\/wiki\/Turun_ylioppilaskyl\u00e4s\u00e4\u00e4ti\u00f6"]},{"@type":"Person","@id":"https:\/\/tys.fi\/#\/schema\/person\/c1f87ee6d97815ab24d89b5ad67f8718","name":"Marja Aapalahti","url":"https:\/\/tys.fi\/en\/author\/marja"}]}},"_links":{"self":[{"href":"https:\/\/tys.fi\/en\/wp-json\/wp\/v2\/posts\/20179","targetHints":{"allow":["GET"]}}],"collection":[{"href":"https:\/\/tys.fi\/en\/wp-json\/wp\/v2\/posts"}],"about":[{"href":"https:\/\/tys.fi\/en\/wp-json\/wp\/v2\/types\/post"}],"author":[{"embeddable":true,"href":"https:\/\/tys.fi\/en\/wp-json\/wp\/v2\/users\/2"}],"replies":[{"embeddable":true,"href":"https:\/\/tys.fi\/en\/wp-json\/wp\/v2\/comments?post=20179"}],"version-history":[{"count":5,"href":"https:\/\/tys.fi\/en\/wp-json\/wp\/v2\/posts\/20179\/revisions"}],"predecessor-version":[{"id":20412,"href":"https:\/\/tys.fi\/en\/wp-json\/wp\/v2\/posts\/20179\/revisions\/20412"}],"wp:featuredmedia":[{"embeddable":true,"href":"https:\/\/tys.fi\/en\/wp-json\/wp\/v2\/media\/20169"}],"wp:attachment":[{"href":"https:\/\/tys.fi\/en\/wp-json\/wp\/v2\/media?parent=20179"}],"wp:term":[{"taxonomy":"category","embeddable":true,"href":"https:\/\/tys.fi\/en\/wp-json\/wp\/v2\/categories?post=20179"},{"taxonomy":"post_tag","embeddable":true,"href":"https:\/\/tys.fi\/en\/wp-json\/wp\/v2\/tags?post=20179"}],"curies":[{"name":"wp","href":"https:\/\/api.w.org\/{rel}","templated":true}]}}