{"id":19359,"date":"2021-09-10T10:10:31","date_gmt":"2021-09-10T07:10:31","guid":{"rendered":"https:\/\/tys.fi\/oletko-sina-tysn-seuraava-asukasbloggari"},"modified":"2021-09-21T17:22:43","modified_gmt":"2021-09-21T14:22:43","slug":"oletko-sina-tysn-seuraava-asukasbloggari","status":"publish","type":"post","link":"https:\/\/tys.fi\/en\/oletko-sina-tysn-seuraava-asukasbloggari","title":{"rendered":"Could you be our next tenant blogger?"},"content":{"rendered":"<p>We are seeking bloggers among our tenants to post about student life and living at TYS on Instagram. The bloggers receive a monthly monetary reward for their work. The bloggers will take turns posting each week for one year.<\/p>\n<p>Interested? Please submit your application by 26th September 2021 \u2013 tell us briefly about yourself and why you should be the next TYS tenant blogger! Please send your application and any questions to <a href=\"mailto:office@tys.fi\">office@tys.fi<\/a>.<\/p>\n<p>Anniina, Eeva, Jnhua and Viivi have been blogging on TYS&#8217;s Instagram since last November and you can check out their posts in the highlights of <a href=\"https:\/\/www.instagram.com\/tysturku\/\">TYS&#8217;s Instagram page<\/a>.<\/p>\n","protected":false},"excerpt":{"rendered":"<p>We are seeking bloggers among our tenants to post about student life and living at&#8230;<\/p>\n","protected":false},"author":2,"featured_media":21677,"comment_status":"closed","ping_status":"open","sticky":false,"template":"","format":"standard","meta":{"footnotes":""},"categories":[8],"tags":[],"class_list":{"0":"post-19359","1":"post","2":"type-post","3":"status-publish","4":"format-standard","5":"has-post-thumbnail","7":"category-news"},"yoast_head":"<!-- This site is optimized with the Yoast SEO plugin v27.5 - https:\/\/yoast.com\/product\/yoast-seo-wordpress\/ -->\n<title>Could you be our next tenant blogger? | TYS | Turun Ylioppilaskyl\u00e4s\u00e4\u00e4ti\u00f6<\/title>\n<meta name=\"robots\" content=\"index, follow, max-snippet:-1, max-image-preview:large, max-video-preview:-1\" \/>\n<link rel=\"canonical\" href=\"https:\/\/tys.fi\/en\/oletko-sina-tysn-seuraava-asukasbloggari\" \/>\n<meta property=\"og:locale\" content=\"en_US\" \/>\n<meta property=\"og:type\" content=\"article\" \/>\n<meta property=\"og:title\" content=\"Could you be our next tenant blogger? | TYS | Turun Ylioppilaskyl\u00e4s\u00e4\u00e4ti\u00f6\" \/>\n<meta property=\"og:description\" content=\"We are seeking bloggers among our tenants to post about student life and living at...\" \/>\n<meta property=\"og:url\" content=\"https:\/\/tys.fi\/en\/oletko-sina-tysn-seuraava-asukasbloggari\" \/>\n<meta property=\"og:site_name\" content=\"Turun Ylioppilaskyl&auml;s&auml;&auml;ti&ouml;\" \/>\n<meta property=\"article:publisher\" content=\"https:\/\/www.facebook.com\/tysturku\/\" \/>\n<meta property=\"article:published_time\" content=\"2021-09-10T07:10:31+00:00\" \/>\n<meta property=\"article:modified_time\" content=\"2021-09-21T14:22:43+00:00\" \/>\n<meta property=\"og:image\" content=\"https:\/\/tys.fi\/wp-content\/uploads\/2020\/09\/Eeva-scaled-e1632234143739.jpg\" \/>\n\t<meta property=\"og:image:width\" content=\"1920\" \/>\n\t<meta property=\"og:image:height\" content=\"1760\" \/>\n\t<meta property=\"og:image:type\" content=\"image\/jpeg\" \/>\n<meta name=\"author\" content=\"Marja Aapalahti\" \/>\n<meta name=\"twitter:card\" content=\"summary_large_image\" \/>\n<meta name=\"twitter:creator\" content=\"@tysturku\" \/>\n<meta name=\"twitter:site\" content=\"@tysturku\" \/>\n<meta name=\"twitter:label1\" content=\"Written by\" \/>\n\t<meta name=\"twitter:data1\" content=\"Marja Aapalahti\" \/>\n\t<meta name=\"twitter:label2\" content=\"Est. reading time\" \/>\n\t<meta name=\"twitter:data2\" content=\"1 minute\" \/>\n<script type=\"application\/ld+json\" class=\"yoast-schema-graph\">{\"@context\":\"https:\\\/\\\/schema.org\",\"@graph\":[{\"@type\":\"Article\",\"@id\":\"https:\\\/\\\/tys.fi\\\/en\\\/oletko-sina-tysn-seuraava-asukasbloggari#article\",\"isPartOf\":{\"@id\":\"https:\\\/\\\/tys.fi\\\/en\\\/oletko-sina-tysn-seuraava-asukasbloggari\"},\"author\":{\"name\":\"Marja Aapalahti\",\"@id\":\"https:\\\/\\\/tys.fi\\\/#\\\/schema\\\/person\\\/c1f87ee6d97815ab24d89b5ad67f8718\"},\"headline\":\"Could you be our next tenant blogger?\",\"datePublished\":\"2021-09-10T07:10:31+00:00\",\"dateModified\":\"2021-09-21T14:22:43+00:00\",\"mainEntityOfPage\":{\"@id\":\"https:\\\/\\\/tys.fi\\\/en\\\/oletko-sina-tysn-seuraava-asukasbloggari\"},\"wordCount\":110,\"publisher\":{\"@id\":\"https:\\\/\\\/tys.fi\\\/#organization\"},\"image\":{\"@id\":\"https:\\\/\\\/tys.fi\\\/en\\\/oletko-sina-tysn-seuraava-asukasbloggari#primaryimage\"},\"thumbnailUrl\":\"https:\\\/\\\/tys.fi\\\/wp-content\\\/uploads\\\/2020\\\/09\\\/Eeva-scaled-e1632234143739.jpg\",\"articleSection\":[\"News\"],\"inLanguage\":\"en-US\"},{\"@type\":\"WebPage\",\"@id\":\"https:\\\/\\\/tys.fi\\\/en\\\/oletko-sina-tysn-seuraava-asukasbloggari\",\"url\":\"https:\\\/\\\/tys.fi\\\/en\\\/oletko-sina-tysn-seuraava-asukasbloggari\",\"name\":\"Could you be our next tenant blogger? | TYS | Turun Ylioppilaskyl\u00e4s\u00e4\u00e4ti\u00f6\",\"isPartOf\":{\"@id\":\"https:\\\/\\\/tys.fi\\\/#website\"},\"primaryImageOfPage\":{\"@id\":\"https:\\\/\\\/tys.fi\\\/en\\\/oletko-sina-tysn-seuraava-asukasbloggari#primaryimage\"},\"image\":{\"@id\":\"https:\\\/\\\/tys.fi\\\/en\\\/oletko-sina-tysn-seuraava-asukasbloggari#primaryimage\"},\"thumbnailUrl\":\"https:\\\/\\\/tys.fi\\\/wp-content\\\/uploads\\\/2020\\\/09\\\/Eeva-scaled-e1632234143739.jpg\",\"datePublished\":\"2021-09-10T07:10:31+00:00\",\"dateModified\":\"2021-09-21T14:22:43+00:00\",\"breadcrumb\":{\"@id\":\"https:\\\/\\\/tys.fi\\\/en\\\/oletko-sina-tysn-seuraava-asukasbloggari#breadcrumb\"},\"inLanguage\":\"en-US\",\"potentialAction\":[{\"@type\":\"ReadAction\",\"target\":[\"https:\\\/\\\/tys.fi\\\/en\\\/oletko-sina-tysn-seuraava-asukasbloggari\"]}]},{\"@type\":\"ImageObject\",\"inLanguage\":\"en-US\",\"@id\":\"https:\\\/\\\/tys.fi\\\/en\\\/oletko-sina-tysn-seuraava-asukasbloggari#primaryimage\",\"url\":\"https:\\\/\\\/tys.fi\\\/wp-content\\\/uploads\\\/2020\\\/09\\\/Eeva-scaled-e1632234143739.jpg\",\"contentUrl\":\"https:\\\/\\\/tys.fi\\\/wp-content\\\/uploads\\\/2020\\\/09\\\/Eeva-scaled-e1632234143739.jpg\",\"width\":1920,\"height\":1760},{\"@type\":\"BreadcrumbList\",\"@id\":\"https:\\\/\\\/tys.fi\\\/en\\\/oletko-sina-tysn-seuraava-asukasbloggari#breadcrumb\",\"itemListElement\":[{\"@type\":\"ListItem\",\"position\":1,\"name\":\"Home\",\"item\":\"https:\\\/\\\/tys.fi\\\/en\"},{\"@type\":\"ListItem\",\"position\":2,\"name\":\"Could you be our next tenant blogger?\"}]},{\"@type\":\"WebSite\",\"@id\":\"https:\\\/\\\/tys.fi\\\/#website\",\"url\":\"https:\\\/\\\/tys.fi\\\/\",\"name\":\"Turun Ylioppilaskyl\u00e4s\u00e4\u00e4ti\u00f6\",\"description\":\"Vuokra-asunnot Turku\",\"publisher\":{\"@id\":\"https:\\\/\\\/tys.fi\\\/#organization\"},\"potentialAction\":[{\"@type\":\"SearchAction\",\"target\":{\"@type\":\"EntryPoint\",\"urlTemplate\":\"https:\\\/\\\/tys.fi\\\/?s={search_term_string}\"},\"query-input\":{\"@type\":\"PropertyValueSpecification\",\"valueRequired\":true,\"valueName\":\"search_term_string\"}}],\"inLanguage\":\"en-US\"},{\"@type\":\"Organization\",\"@id\":\"https:\\\/\\\/tys.fi\\\/#organization\",\"name\":\"TYS\",\"url\":\"https:\\\/\\\/tys.fi\\\/\",\"logo\":{\"@type\":\"ImageObject\",\"inLanguage\":\"en-US\",\"@id\":\"https:\\\/\\\/tys.fi\\\/#\\\/schema\\\/logo\\\/image\\\/\",\"url\":\"https:\\\/\\\/tys.fi\\\/wp-content\\\/uploads\\\/2019\\\/03\\\/TYS-Logo_Green_500px.png\",\"contentUrl\":\"https:\\\/\\\/tys.fi\\\/wp-content\\\/uploads\\\/2019\\\/03\\\/TYS-Logo_Green_500px.png\",\"width\":500,\"height\":232,\"caption\":\"TYS\"},\"image\":{\"@id\":\"https:\\\/\\\/tys.fi\\\/#\\\/schema\\\/logo\\\/image\\\/\"},\"sameAs\":[\"https:\\\/\\\/www.facebook.com\\\/tysturku\\\/\",\"https:\\\/\\\/x.com\\\/tysturku\",\"https:\\\/\\\/www.instagram.com\\\/tysturku\\\/\",\"https:\\\/\\\/www.linkedin.com\\\/company\\\/tysturku\\\/\",\"https:\\\/\\\/www.youtube.com\\\/channel\\\/UCjKOs8BOiY0SORCB0WWixlw?view_as=subscriber\",\"https:\\\/\\\/fi.wikipedia.org\\\/wiki\\\/Turun_ylioppilaskyl\u00e4s\u00e4\u00e4ti\u00f6\"]},{\"@type\":\"Person\",\"@id\":\"https:\\\/\\\/tys.fi\\\/#\\\/schema\\\/person\\\/c1f87ee6d97815ab24d89b5ad67f8718\",\"name\":\"Marja Aapalahti\",\"url\":\"https:\\\/\\\/tys.fi\\\/en\\\/author\\\/marja\"}]}<\/script>\n<!-- \/ Yoast SEO plugin. -->","yoast_head_json":{"title":"Could you be our next tenant blogger? | TYS | Turun Ylioppilaskyl\u00e4s\u00e4\u00e4ti\u00f6","robots":{"index":"index","follow":"follow","max-snippet":"max-snippet:-1","max-image-preview":"max-image-preview:large","max-video-preview":"max-video-preview:-1"},"canonical":"https:\/\/tys.fi\/en\/oletko-sina-tysn-seuraava-asukasbloggari","og_locale":"en_US","og_type":"article","og_title":"Could you be our next tenant blogger? | TYS | Turun Ylioppilaskyl\u00e4s\u00e4\u00e4ti\u00f6","og_description":"We are seeking bloggers among our tenants to post about student life and living at...","og_url":"https:\/\/tys.fi\/en\/oletko-sina-tysn-seuraava-asukasbloggari","og_site_name":"Turun Ylioppilaskyl&auml;s&auml;&auml;ti&ouml;","article_publisher":"https:\/\/www.facebook.com\/tysturku\/","article_published_time":"2021-09-10T07:10:31+00:00","article_modified_time":"2021-09-21T14:22:43+00:00","og_image":[{"width":1920,"height":1760,"url":"https:\/\/tys.fi\/wp-content\/uploads\/2020\/09\/Eeva-scaled-e1632234143739.jpg","type":"image\/jpeg"}],"author":"Marja Aapalahti","twitter_card":"summary_large_image","twitter_creator":"@tysturku","twitter_site":"@tysturku","twitter_misc":{"Written by":"Marja Aapalahti","Est. reading time":"1 minute"},"schema":{"@context":"https:\/\/schema.org","@graph":[{"@type":"Article","@id":"https:\/\/tys.fi\/en\/oletko-sina-tysn-seuraava-asukasbloggari#article","isPartOf":{"@id":"https:\/\/tys.fi\/en\/oletko-sina-tysn-seuraava-asukasbloggari"},"author":{"name":"Marja Aapalahti","@id":"https:\/\/tys.fi\/#\/schema\/person\/c1f87ee6d97815ab24d89b5ad67f8718"},"headline":"Could you be our next tenant blogger?","datePublished":"2021-09-10T07:10:31+00:00","dateModified":"2021-09-21T14:22:43+00:00","mainEntityOfPage":{"@id":"https:\/\/tys.fi\/en\/oletko-sina-tysn-seuraava-asukasbloggari"},"wordCount":110,"publisher":{"@id":"https:\/\/tys.fi\/#organization"},"image":{"@id":"https:\/\/tys.fi\/en\/oletko-sina-tysn-seuraava-asukasbloggari#primaryimage"},"thumbnailUrl":"https:\/\/tys.fi\/wp-content\/uploads\/2020\/09\/Eeva-scaled-e1632234143739.jpg","articleSection":["News"],"inLanguage":"en-US"},{"@type":"WebPage","@id":"https:\/\/tys.fi\/en\/oletko-sina-tysn-seuraava-asukasbloggari","url":"https:\/\/tys.fi\/en\/oletko-sina-tysn-seuraava-asukasbloggari","name":"Could you be our next tenant blogger? | TYS | Turun Ylioppilaskyl\u00e4s\u00e4\u00e4ti\u00f6","isPartOf":{"@id":"https:\/\/tys.fi\/#website"},"primaryImageOfPage":{"@id":"https:\/\/tys.fi\/en\/oletko-sina-tysn-seuraava-asukasbloggari#primaryimage"},"image":{"@id":"https:\/\/tys.fi\/en\/oletko-sina-tysn-seuraava-asukasbloggari#primaryimage"},"thumbnailUrl":"https:\/\/tys.fi\/wp-content\/uploads\/2020\/09\/Eeva-scaled-e1632234143739.jpg","datePublished":"2021-09-10T07:10:31+00:00","dateModified":"2021-09-21T14:22:43+00:00","breadcrumb":{"@id":"https:\/\/tys.fi\/en\/oletko-sina-tysn-seuraava-asukasbloggari#breadcrumb"},"inLanguage":"en-US","potentialAction":[{"@type":"ReadAction","target":["https:\/\/tys.fi\/en\/oletko-sina-tysn-seuraava-asukasbloggari"]}]},{"@type":"ImageObject","inLanguage":"en-US","@id":"https:\/\/tys.fi\/en\/oletko-sina-tysn-seuraava-asukasbloggari#primaryimage","url":"https:\/\/tys.fi\/wp-content\/uploads\/2020\/09\/Eeva-scaled-e1632234143739.jpg","contentUrl":"https:\/\/tys.fi\/wp-content\/uploads\/2020\/09\/Eeva-scaled-e1632234143739.jpg","width":1920,"height":1760},{"@type":"BreadcrumbList","@id":"https:\/\/tys.fi\/en\/oletko-sina-tysn-seuraava-asukasbloggari#breadcrumb","itemListElement":[{"@type":"ListItem","position":1,"name":"Home","item":"https:\/\/tys.fi\/en"},{"@type":"ListItem","position":2,"name":"Could you be our next tenant blogger?"}]},{"@type":"WebSite","@id":"https:\/\/tys.fi\/#website","url":"https:\/\/tys.fi\/","name":"Turun Ylioppilaskyl\u00e4s\u00e4\u00e4ti\u00f6","description":"Vuokra-asunnot Turku","publisher":{"@id":"https:\/\/tys.fi\/#organization"},"potentialAction":[{"@type":"SearchAction","target":{"@type":"EntryPoint","urlTemplate":"https:\/\/tys.fi\/?s={search_term_string}"},"query-input":{"@type":"PropertyValueSpecification","valueRequired":true,"valueName":"search_term_string"}}],"inLanguage":"en-US"},{"@type":"Organization","@id":"https:\/\/tys.fi\/#organization","name":"TYS","url":"https:\/\/tys.fi\/","logo":{"@type":"ImageObject","inLanguage":"en-US","@id":"https:\/\/tys.fi\/#\/schema\/logo\/image\/","url":"https:\/\/tys.fi\/wp-content\/uploads\/2019\/03\/TYS-Logo_Green_500px.png","contentUrl":"https:\/\/tys.fi\/wp-content\/uploads\/2019\/03\/TYS-Logo_Green_500px.png","width":500,"height":232,"caption":"TYS"},"image":{"@id":"https:\/\/tys.fi\/#\/schema\/logo\/image\/"},"sameAs":["https:\/\/www.facebook.com\/tysturku\/","https:\/\/x.com\/tysturku","https:\/\/www.instagram.com\/tysturku\/","https:\/\/www.linkedin.com\/company\/tysturku\/","https:\/\/www.youtube.com\/channel\/UCjKOs8BOiY0SORCB0WWixlw?view_as=subscriber","https:\/\/fi.wikipedia.org\/wiki\/Turun_ylioppilaskyl\u00e4s\u00e4\u00e4ti\u00f6"]},{"@type":"Person","@id":"https:\/\/tys.fi\/#\/schema\/person\/c1f87ee6d97815ab24d89b5ad67f8718","name":"Marja Aapalahti","url":"https:\/\/tys.fi\/en\/author\/marja"}]}},"_links":{"self":[{"href":"https:\/\/tys.fi\/en\/wp-json\/wp\/v2\/posts\/19359","targetHints":{"allow":["GET"]}}],"collection":[{"href":"https:\/\/tys.fi\/en\/wp-json\/wp\/v2\/posts"}],"about":[{"href":"https:\/\/tys.fi\/en\/wp-json\/wp\/v2\/types\/post"}],"author":[{"embeddable":true,"href":"https:\/\/tys.fi\/en\/wp-json\/wp\/v2\/users\/2"}],"replies":[{"embeddable":true,"href":"https:\/\/tys.fi\/en\/wp-json\/wp\/v2\/comments?post=19359"}],"version-history":[{"count":4,"href":"https:\/\/tys.fi\/en\/wp-json\/wp\/v2\/posts\/19359\/revisions"}],"predecessor-version":[{"id":21680,"href":"https:\/\/tys.fi\/en\/wp-json\/wp\/v2\/posts\/19359\/revisions\/21680"}],"wp:featuredmedia":[{"embeddable":true,"href":"https:\/\/tys.fi\/en\/wp-json\/wp\/v2\/media\/21677"}],"wp:attachment":[{"href":"https:\/\/tys.fi\/en\/wp-json\/wp\/v2\/media?parent=19359"}],"wp:term":[{"taxonomy":"category","embeddable":true,"href":"https:\/\/tys.fi\/en\/wp-json\/wp\/v2\/categories?post=19359"},{"taxonomy":"post_tag","embeddable":true,"href":"https:\/\/tys.fi\/en\/wp-json\/wp\/v2\/tags?post=19359"}],"curies":[{"name":"wp","href":"https:\/\/api.w.org\/{rel}","templated":true}]}}