{"id":17356,"date":"2019-12-18T12:40:02","date_gmt":"2019-12-18T10:40:02","guid":{"rendered":"https:\/\/tys.fi\/toimiston-joulun-ajan-ja-vuodenvaihteen-aukioloajat"},"modified":"2019-12-19T13:40:01","modified_gmt":"2019-12-19T11:40:01","slug":"toimiston-joulun-ajan-ja-vuodenvaihteen-aukioloajat","status":"publish","type":"post","link":"https:\/\/tys.fi\/en\/toimiston-joulun-ajan-ja-vuodenvaihteen-aukioloajat","title":{"rendered":"Housing office\u2019s opening hours during Christmas and at the turn of the year"},"content":{"rendered":"<p><img loading=\"lazy\" decoding=\"async\" class=\"size-medium wp-image-17352 alignleft\" src=\"https:\/\/tys.fi\/wp-content\/uploads\/2019\/12\/joulu1-300x200.jpg\" alt=\"\" width=\"300\" height=\"200\" srcset=\"https:\/\/tys.fi\/wp-content\/uploads\/2019\/12\/joulu1-300x200.jpg 300w, https:\/\/tys.fi\/wp-content\/uploads\/2019\/12\/joulu1-1024x683.jpg 1024w, https:\/\/tys.fi\/wp-content\/uploads\/2019\/12\/joulu1-768x512.jpg 768w, https:\/\/tys.fi\/wp-content\/uploads\/2019\/12\/joulu1-1536x1024.jpg 1536w, https:\/\/tys.fi\/wp-content\/uploads\/2019\/12\/joulu1-scaled.jpg 2048w, https:\/\/tys.fi\/wp-content\/uploads\/2019\/12\/joulu1-900x600.jpg 900w\" sizes=\"auto, (max-width: 300px) 100vw, 300px\" \/><\/p>\n<p>On Friday, 20 December, the office will be open from 10 am to 3 pm.<\/p>\n<p>During the Christmas week, from Monday 23 December to Thursday 26 December, the office will be closed.<br \/>\nOn Friday, 27 December, the office will be open from 10 am to 3 pm.<\/p>\n<p>On New Year\u2019s Eve, 31 December, the office will be open from 10 am to 1 pm.<br \/>\nOn New Year\u2019s Day, 1 January, the office is closed.<\/p>\n<p>Many new rental contracts start in January, due to which the office is very busy during the first week of January. Therefore, you should reserve a little more time for visiting the office and also be aware that it may take some time before your contact requests or phone calls are answered.<\/p>\n<p>We would like to ask all our tenants to take this busy early January into account and postpone their visit to the office unless their matter is urgent. For example, internal transfers will not be offered during the first week of January, so inquiries about available apartments should be made at a later date.<\/p>\n","protected":false},"excerpt":{"rendered":"<p>On Friday, 20 December, the office will be open from 10 am to 3 pm&#8230;.<\/p>\n","protected":false},"author":2,"featured_media":17353,"comment_status":"closed","ping_status":"closed","sticky":false,"template":"","format":"standard","meta":{"footnotes":""},"categories":[37,8],"tags":[],"class_list":{"0":"post-17356","1":"post","2":"type-post","3":"status-publish","4":"format-standard","5":"has-post-thumbnail","7":"category-blog","8":"category-news"},"yoast_head":"<!-- This site is optimized with the Yoast SEO plugin v27.5 - https:\/\/yoast.com\/product\/yoast-seo-wordpress\/ -->\n<title>Housing office\u2019s opening hours during Christmas and at the turn of the year | TYS | Turun Ylioppilaskyl\u00e4s\u00e4\u00e4ti\u00f6<\/title>\n<meta name=\"robots\" content=\"index, follow, max-snippet:-1, max-image-preview:large, max-video-preview:-1\" \/>\n<link rel=\"canonical\" href=\"https:\/\/tys.fi\/en\/toimiston-joulun-ajan-ja-vuodenvaihteen-aukioloajat\" \/>\n<meta property=\"og:locale\" content=\"en_US\" \/>\n<meta property=\"og:type\" content=\"article\" \/>\n<meta property=\"og:title\" content=\"Housing office\u2019s opening hours during Christmas and at the turn of the year | TYS | Turun Ylioppilaskyl\u00e4s\u00e4\u00e4ti\u00f6\" \/>\n<meta property=\"og:description\" content=\"On Friday, 20 December, the office will be open from 10 am to 3 pm....\" \/>\n<meta property=\"og:url\" content=\"https:\/\/tys.fi\/en\/toimiston-joulun-ajan-ja-vuodenvaihteen-aukioloajat\" \/>\n<meta property=\"og:site_name\" content=\"Turun Ylioppilaskyl&auml;s&auml;&auml;ti&ouml;\" \/>\n<meta property=\"article:publisher\" content=\"https:\/\/www.facebook.com\/tysturku\/\" \/>\n<meta property=\"article:published_time\" content=\"2019-12-18T10:40:02+00:00\" \/>\n<meta property=\"article:modified_time\" content=\"2019-12-19T11:40:01+00:00\" \/>\n<meta property=\"og:image\" content=\"https:\/\/tys.fi\/wp-content\/uploads\/2019\/12\/joulu1.jpg\" \/>\n\t<meta property=\"og:image:width\" content=\"2048\" \/>\n\t<meta property=\"og:image:height\" content=\"1365\" \/>\n\t<meta property=\"og:image:type\" content=\"image\/jpeg\" \/>\n<meta name=\"author\" content=\"Marja Aapalahti\" \/>\n<meta name=\"twitter:card\" content=\"summary_large_image\" \/>\n<meta name=\"twitter:creator\" content=\"@tysturku\" \/>\n<meta name=\"twitter:site\" content=\"@tysturku\" \/>\n<meta name=\"twitter:label1\" content=\"Written by\" \/>\n\t<meta name=\"twitter:data1\" content=\"Marja Aapalahti\" \/>\n\t<meta name=\"twitter:label2\" content=\"Est. reading time\" \/>\n\t<meta name=\"twitter:data2\" content=\"1 minute\" \/>\n<script type=\"application\/ld+json\" class=\"yoast-schema-graph\">{\"@context\":\"https:\\\/\\\/schema.org\",\"@graph\":[{\"@type\":\"Article\",\"@id\":\"https:\\\/\\\/tys.fi\\\/en\\\/toimiston-joulun-ajan-ja-vuodenvaihteen-aukioloajat#article\",\"isPartOf\":{\"@id\":\"https:\\\/\\\/tys.fi\\\/en\\\/toimiston-joulun-ajan-ja-vuodenvaihteen-aukioloajat\"},\"author\":{\"name\":\"Marja Aapalahti\",\"@id\":\"https:\\\/\\\/tys.fi\\\/#\\\/schema\\\/person\\\/c1f87ee6d97815ab24d89b5ad67f8718\"},\"headline\":\"Housing office\u2019s opening hours during Christmas and at the turn of the year\",\"datePublished\":\"2019-12-18T10:40:02+00:00\",\"dateModified\":\"2019-12-19T11:40:01+00:00\",\"mainEntityOfPage\":{\"@id\":\"https:\\\/\\\/tys.fi\\\/en\\\/toimiston-joulun-ajan-ja-vuodenvaihteen-aukioloajat\"},\"wordCount\":184,\"publisher\":{\"@id\":\"https:\\\/\\\/tys.fi\\\/#organization\"},\"image\":{\"@id\":\"https:\\\/\\\/tys.fi\\\/en\\\/toimiston-joulun-ajan-ja-vuodenvaihteen-aukioloajat#primaryimage\"},\"thumbnailUrl\":\"https:\\\/\\\/tys.fi\\\/wp-content\\\/uploads\\\/2019\\\/12\\\/joulu1.jpg\",\"articleSection\":[\"Blog\",\"News\"],\"inLanguage\":\"en-US\"},{\"@type\":\"WebPage\",\"@id\":\"https:\\\/\\\/tys.fi\\\/en\\\/toimiston-joulun-ajan-ja-vuodenvaihteen-aukioloajat\",\"url\":\"https:\\\/\\\/tys.fi\\\/en\\\/toimiston-joulun-ajan-ja-vuodenvaihteen-aukioloajat\",\"name\":\"Housing office\u2019s opening hours during Christmas and at the turn of the year | TYS | Turun Ylioppilaskyl\u00e4s\u00e4\u00e4ti\u00f6\",\"isPartOf\":{\"@id\":\"https:\\\/\\\/tys.fi\\\/#website\"},\"primaryImageOfPage\":{\"@id\":\"https:\\\/\\\/tys.fi\\\/en\\\/toimiston-joulun-ajan-ja-vuodenvaihteen-aukioloajat#primaryimage\"},\"image\":{\"@id\":\"https:\\\/\\\/tys.fi\\\/en\\\/toimiston-joulun-ajan-ja-vuodenvaihteen-aukioloajat#primaryimage\"},\"thumbnailUrl\":\"https:\\\/\\\/tys.fi\\\/wp-content\\\/uploads\\\/2019\\\/12\\\/joulu1.jpg\",\"datePublished\":\"2019-12-18T10:40:02+00:00\",\"dateModified\":\"2019-12-19T11:40:01+00:00\",\"breadcrumb\":{\"@id\":\"https:\\\/\\\/tys.fi\\\/en\\\/toimiston-joulun-ajan-ja-vuodenvaihteen-aukioloajat#breadcrumb\"},\"inLanguage\":\"en-US\",\"potentialAction\":[{\"@type\":\"ReadAction\",\"target\":[\"https:\\\/\\\/tys.fi\\\/en\\\/toimiston-joulun-ajan-ja-vuodenvaihteen-aukioloajat\"]}]},{\"@type\":\"ImageObject\",\"inLanguage\":\"en-US\",\"@id\":\"https:\\\/\\\/tys.fi\\\/en\\\/toimiston-joulun-ajan-ja-vuodenvaihteen-aukioloajat#primaryimage\",\"url\":\"https:\\\/\\\/tys.fi\\\/wp-content\\\/uploads\\\/2019\\\/12\\\/joulu1.jpg\",\"contentUrl\":\"https:\\\/\\\/tys.fi\\\/wp-content\\\/uploads\\\/2019\\\/12\\\/joulu1.jpg\",\"width\":2048,\"height\":1365},{\"@type\":\"BreadcrumbList\",\"@id\":\"https:\\\/\\\/tys.fi\\\/en\\\/toimiston-joulun-ajan-ja-vuodenvaihteen-aukioloajat#breadcrumb\",\"itemListElement\":[{\"@type\":\"ListItem\",\"position\":1,\"name\":\"Home\",\"item\":\"https:\\\/\\\/tys.fi\\\/en\"},{\"@type\":\"ListItem\",\"position\":2,\"name\":\"Housing office\u2019s opening hours during Christmas and at the turn of the year\"}]},{\"@type\":\"WebSite\",\"@id\":\"https:\\\/\\\/tys.fi\\\/#website\",\"url\":\"https:\\\/\\\/tys.fi\\\/\",\"name\":\"Turun Ylioppilaskyl\u00e4s\u00e4\u00e4ti\u00f6\",\"description\":\"Vuokra-asunnot Turku\",\"publisher\":{\"@id\":\"https:\\\/\\\/tys.fi\\\/#organization\"},\"potentialAction\":[{\"@type\":\"SearchAction\",\"target\":{\"@type\":\"EntryPoint\",\"urlTemplate\":\"https:\\\/\\\/tys.fi\\\/?s={search_term_string}\"},\"query-input\":{\"@type\":\"PropertyValueSpecification\",\"valueRequired\":true,\"valueName\":\"search_term_string\"}}],\"inLanguage\":\"en-US\"},{\"@type\":\"Organization\",\"@id\":\"https:\\\/\\\/tys.fi\\\/#organization\",\"name\":\"TYS\",\"url\":\"https:\\\/\\\/tys.fi\\\/\",\"logo\":{\"@type\":\"ImageObject\",\"inLanguage\":\"en-US\",\"@id\":\"https:\\\/\\\/tys.fi\\\/#\\\/schema\\\/logo\\\/image\\\/\",\"url\":\"https:\\\/\\\/tys.fi\\\/wp-content\\\/uploads\\\/2019\\\/03\\\/TYS-Logo_Green_500px.png\",\"contentUrl\":\"https:\\\/\\\/tys.fi\\\/wp-content\\\/uploads\\\/2019\\\/03\\\/TYS-Logo_Green_500px.png\",\"width\":500,\"height\":232,\"caption\":\"TYS\"},\"image\":{\"@id\":\"https:\\\/\\\/tys.fi\\\/#\\\/schema\\\/logo\\\/image\\\/\"},\"sameAs\":[\"https:\\\/\\\/www.facebook.com\\\/tysturku\\\/\",\"https:\\\/\\\/x.com\\\/tysturku\",\"https:\\\/\\\/www.instagram.com\\\/tysturku\\\/\",\"https:\\\/\\\/www.linkedin.com\\\/company\\\/tysturku\\\/\",\"https:\\\/\\\/www.youtube.com\\\/channel\\\/UCjKOs8BOiY0SORCB0WWixlw?view_as=subscriber\",\"https:\\\/\\\/fi.wikipedia.org\\\/wiki\\\/Turun_ylioppilaskyl\u00e4s\u00e4\u00e4ti\u00f6\"]},{\"@type\":\"Person\",\"@id\":\"https:\\\/\\\/tys.fi\\\/#\\\/schema\\\/person\\\/c1f87ee6d97815ab24d89b5ad67f8718\",\"name\":\"Marja Aapalahti\",\"url\":\"https:\\\/\\\/tys.fi\\\/en\\\/author\\\/marja\"}]}<\/script>\n<!-- \/ Yoast SEO plugin. -->","yoast_head_json":{"title":"Housing office\u2019s opening hours during Christmas and at the turn of the year | TYS | Turun Ylioppilaskyl\u00e4s\u00e4\u00e4ti\u00f6","robots":{"index":"index","follow":"follow","max-snippet":"max-snippet:-1","max-image-preview":"max-image-preview:large","max-video-preview":"max-video-preview:-1"},"canonical":"https:\/\/tys.fi\/en\/toimiston-joulun-ajan-ja-vuodenvaihteen-aukioloajat","og_locale":"en_US","og_type":"article","og_title":"Housing office\u2019s opening hours during Christmas and at the turn of the year | TYS | Turun Ylioppilaskyl\u00e4s\u00e4\u00e4ti\u00f6","og_description":"On Friday, 20 December, the office will be open from 10 am to 3 pm....","og_url":"https:\/\/tys.fi\/en\/toimiston-joulun-ajan-ja-vuodenvaihteen-aukioloajat","og_site_name":"Turun Ylioppilaskyl&auml;s&auml;&auml;ti&ouml;","article_publisher":"https:\/\/www.facebook.com\/tysturku\/","article_published_time":"2019-12-18T10:40:02+00:00","article_modified_time":"2019-12-19T11:40:01+00:00","og_image":[{"width":2048,"height":1365,"url":"https:\/\/tys.fi\/wp-content\/uploads\/2019\/12\/joulu1.jpg","type":"image\/jpeg"}],"author":"Marja Aapalahti","twitter_card":"summary_large_image","twitter_creator":"@tysturku","twitter_site":"@tysturku","twitter_misc":{"Written by":"Marja Aapalahti","Est. reading time":"1 minute"},"schema":{"@context":"https:\/\/schema.org","@graph":[{"@type":"Article","@id":"https:\/\/tys.fi\/en\/toimiston-joulun-ajan-ja-vuodenvaihteen-aukioloajat#article","isPartOf":{"@id":"https:\/\/tys.fi\/en\/toimiston-joulun-ajan-ja-vuodenvaihteen-aukioloajat"},"author":{"name":"Marja Aapalahti","@id":"https:\/\/tys.fi\/#\/schema\/person\/c1f87ee6d97815ab24d89b5ad67f8718"},"headline":"Housing office\u2019s opening hours during Christmas and at the turn of the year","datePublished":"2019-12-18T10:40:02+00:00","dateModified":"2019-12-19T11:40:01+00:00","mainEntityOfPage":{"@id":"https:\/\/tys.fi\/en\/toimiston-joulun-ajan-ja-vuodenvaihteen-aukioloajat"},"wordCount":184,"publisher":{"@id":"https:\/\/tys.fi\/#organization"},"image":{"@id":"https:\/\/tys.fi\/en\/toimiston-joulun-ajan-ja-vuodenvaihteen-aukioloajat#primaryimage"},"thumbnailUrl":"https:\/\/tys.fi\/wp-content\/uploads\/2019\/12\/joulu1.jpg","articleSection":["Blog","News"],"inLanguage":"en-US"},{"@type":"WebPage","@id":"https:\/\/tys.fi\/en\/toimiston-joulun-ajan-ja-vuodenvaihteen-aukioloajat","url":"https:\/\/tys.fi\/en\/toimiston-joulun-ajan-ja-vuodenvaihteen-aukioloajat","name":"Housing office\u2019s opening hours during Christmas and at the turn of the year | TYS | Turun Ylioppilaskyl\u00e4s\u00e4\u00e4ti\u00f6","isPartOf":{"@id":"https:\/\/tys.fi\/#website"},"primaryImageOfPage":{"@id":"https:\/\/tys.fi\/en\/toimiston-joulun-ajan-ja-vuodenvaihteen-aukioloajat#primaryimage"},"image":{"@id":"https:\/\/tys.fi\/en\/toimiston-joulun-ajan-ja-vuodenvaihteen-aukioloajat#primaryimage"},"thumbnailUrl":"https:\/\/tys.fi\/wp-content\/uploads\/2019\/12\/joulu1.jpg","datePublished":"2019-12-18T10:40:02+00:00","dateModified":"2019-12-19T11:40:01+00:00","breadcrumb":{"@id":"https:\/\/tys.fi\/en\/toimiston-joulun-ajan-ja-vuodenvaihteen-aukioloajat#breadcrumb"},"inLanguage":"en-US","potentialAction":[{"@type":"ReadAction","target":["https:\/\/tys.fi\/en\/toimiston-joulun-ajan-ja-vuodenvaihteen-aukioloajat"]}]},{"@type":"ImageObject","inLanguage":"en-US","@id":"https:\/\/tys.fi\/en\/toimiston-joulun-ajan-ja-vuodenvaihteen-aukioloajat#primaryimage","url":"https:\/\/tys.fi\/wp-content\/uploads\/2019\/12\/joulu1.jpg","contentUrl":"https:\/\/tys.fi\/wp-content\/uploads\/2019\/12\/joulu1.jpg","width":2048,"height":1365},{"@type":"BreadcrumbList","@id":"https:\/\/tys.fi\/en\/toimiston-joulun-ajan-ja-vuodenvaihteen-aukioloajat#breadcrumb","itemListElement":[{"@type":"ListItem","position":1,"name":"Home","item":"https:\/\/tys.fi\/en"},{"@type":"ListItem","position":2,"name":"Housing office\u2019s opening hours during Christmas and at the turn of the year"}]},{"@type":"WebSite","@id":"https:\/\/tys.fi\/#website","url":"https:\/\/tys.fi\/","name":"Turun Ylioppilaskyl\u00e4s\u00e4\u00e4ti\u00f6","description":"Vuokra-asunnot Turku","publisher":{"@id":"https:\/\/tys.fi\/#organization"},"potentialAction":[{"@type":"SearchAction","target":{"@type":"EntryPoint","urlTemplate":"https:\/\/tys.fi\/?s={search_term_string}"},"query-input":{"@type":"PropertyValueSpecification","valueRequired":true,"valueName":"search_term_string"}}],"inLanguage":"en-US"},{"@type":"Organization","@id":"https:\/\/tys.fi\/#organization","name":"TYS","url":"https:\/\/tys.fi\/","logo":{"@type":"ImageObject","inLanguage":"en-US","@id":"https:\/\/tys.fi\/#\/schema\/logo\/image\/","url":"https:\/\/tys.fi\/wp-content\/uploads\/2019\/03\/TYS-Logo_Green_500px.png","contentUrl":"https:\/\/tys.fi\/wp-content\/uploads\/2019\/03\/TYS-Logo_Green_500px.png","width":500,"height":232,"caption":"TYS"},"image":{"@id":"https:\/\/tys.fi\/#\/schema\/logo\/image\/"},"sameAs":["https:\/\/www.facebook.com\/tysturku\/","https:\/\/x.com\/tysturku","https:\/\/www.instagram.com\/tysturku\/","https:\/\/www.linkedin.com\/company\/tysturku\/","https:\/\/www.youtube.com\/channel\/UCjKOs8BOiY0SORCB0WWixlw?view_as=subscriber","https:\/\/fi.wikipedia.org\/wiki\/Turun_ylioppilaskyl\u00e4s\u00e4\u00e4ti\u00f6"]},{"@type":"Person","@id":"https:\/\/tys.fi\/#\/schema\/person\/c1f87ee6d97815ab24d89b5ad67f8718","name":"Marja Aapalahti","url":"https:\/\/tys.fi\/en\/author\/marja"}]}},"_links":{"self":[{"href":"https:\/\/tys.fi\/en\/wp-json\/wp\/v2\/posts\/17356","targetHints":{"allow":["GET"]}}],"collection":[{"href":"https:\/\/tys.fi\/en\/wp-json\/wp\/v2\/posts"}],"about":[{"href":"https:\/\/tys.fi\/en\/wp-json\/wp\/v2\/types\/post"}],"author":[{"embeddable":true,"href":"https:\/\/tys.fi\/en\/wp-json\/wp\/v2\/users\/2"}],"replies":[{"embeddable":true,"href":"https:\/\/tys.fi\/en\/wp-json\/wp\/v2\/comments?post=17356"}],"version-history":[{"count":2,"href":"https:\/\/tys.fi\/en\/wp-json\/wp\/v2\/posts\/17356\/revisions"}],"predecessor-version":[{"id":17370,"href":"https:\/\/tys.fi\/en\/wp-json\/wp\/v2\/posts\/17356\/revisions\/17370"}],"wp:featuredmedia":[{"embeddable":true,"href":"https:\/\/tys.fi\/en\/wp-json\/wp\/v2\/media\/17353"}],"wp:attachment":[{"href":"https:\/\/tys.fi\/en\/wp-json\/wp\/v2\/media?parent=17356"}],"wp:term":[{"taxonomy":"category","embeddable":true,"href":"https:\/\/tys.fi\/en\/wp-json\/wp\/v2\/categories?post=17356"},{"taxonomy":"post_tag","embeddable":true,"href":"https:\/\/tys.fi\/en\/wp-json\/wp\/v2\/tags?post=17356"}],"curies":[{"name":"wp","href":"https:\/\/api.w.org\/{rel}","templated":true}]}}