{"id":17247,"date":"2019-12-02T14:56:32","date_gmt":"2019-12-02T12:56:32","guid":{"rendered":"https:\/\/tys.fi\/asukastoimisto-sulkee-5-12-poikkeuksellisesti-jo-klo-15-ja-on-suljettu-itsenaisyyspaivana-6-12"},"modified":"2019-12-02T15:08:37","modified_gmt":"2019-12-02T13:08:37","slug":"asukastoimisto-sulkee-5-12-poikkeuksellisesti-jo-klo-15-ja-on-suljettu-itsenaisyyspaivana-6-12","status":"publish","type":"post","link":"https:\/\/tys.fi\/en\/asukastoimisto-sulkee-5-12-poikkeuksellisesti-jo-klo-15-ja-on-suljettu-itsenaisyyspaivana-6-12","title":{"rendered":"The housing office will close its doors exceptionally at 3pm on 5th December and will be closed on Independence Day, 6th December."},"content":{"rendered":"<p style=\"text-align: center;\">The housing office will close its doors exceptionally\u00a0at 3pm on\u00a05th December and will be closed on Independence Day, 6th December.<\/p>\n<p style=\"text-align: center;\">Have a peaceful Independence Day!<\/p>\n<p><img loading=\"lazy\" decoding=\"async\" class=\"alignnone size-medium wp-image-17243 aligncenter\" src=\"https:\/\/tys.fi\/wp-content\/uploads\/2019\/12\/lumi-300x300.jpg\" alt=\"\" width=\"300\" height=\"300\" srcset=\"https:\/\/tys.fi\/wp-content\/uploads\/2019\/12\/lumi-300x300.jpg 300w, https:\/\/tys.fi\/wp-content\/uploads\/2019\/12\/lumi-1024x1024.jpg 1024w, https:\/\/tys.fi\/wp-content\/uploads\/2019\/12\/lumi-150x150.jpg 150w, https:\/\/tys.fi\/wp-content\/uploads\/2019\/12\/lumi-768x768.jpg 768w, https:\/\/tys.fi\/wp-content\/uploads\/2019\/12\/lumi-1536x1536.jpg 1536w, https:\/\/tys.fi\/wp-content\/uploads\/2019\/12\/lumi-scaled.jpg 2048w, https:\/\/tys.fi\/wp-content\/uploads\/2019\/12\/lumi-100x100.jpg 100w, https:\/\/tys.fi\/wp-content\/uploads\/2019\/12\/lumi-140x140.jpg 140w, https:\/\/tys.fi\/wp-content\/uploads\/2019\/12\/lumi-500x500.jpg 500w, https:\/\/tys.fi\/wp-content\/uploads\/2019\/12\/lumi-350x350.jpg 350w, https:\/\/tys.fi\/wp-content\/uploads\/2019\/12\/lumi-1000x1000.jpg 1000w, https:\/\/tys.fi\/wp-content\/uploads\/2019\/12\/lumi-800x800.jpg 800w\" sizes=\"auto, (max-width: 300px) 100vw, 300px\" \/><\/p>\n","protected":false},"excerpt":{"rendered":"<p>The housing office will close its doors exceptionally\u00a0at 3pm on\u00a05th December and will be closed&#8230;<\/p>\n","protected":false},"author":2,"featured_media":17244,"comment_status":"closed","ping_status":"closed","sticky":false,"template":"","format":"standard","meta":{"footnotes":""},"categories":[8],"tags":[],"class_list":{"0":"post-17247","1":"post","2":"type-post","3":"status-publish","4":"format-standard","5":"has-post-thumbnail","7":"category-news"},"yoast_head":"<!-- This site is optimized with the Yoast SEO plugin v27.5 - https:\/\/yoast.com\/product\/yoast-seo-wordpress\/ -->\n<title>The housing office will close its doors exceptionally at 3pm on 5th December and will be closed on Independence Day, 6th December. | TYS | Turun Ylioppilaskyl\u00e4s\u00e4\u00e4ti\u00f6<\/title>\n<meta name=\"robots\" content=\"index, follow, max-snippet:-1, max-image-preview:large, max-video-preview:-1\" \/>\n<link rel=\"canonical\" href=\"https:\/\/tys.fi\/en\/asukastoimisto-sulkee-5-12-poikkeuksellisesti-jo-klo-15-ja-on-suljettu-itsenaisyyspaivana-6-12\" \/>\n<meta property=\"og:locale\" content=\"en_US\" \/>\n<meta property=\"og:type\" content=\"article\" \/>\n<meta property=\"og:title\" content=\"The housing office will close its doors exceptionally at 3pm on 5th December and will be closed on Independence Day, 6th December. | TYS | Turun Ylioppilaskyl\u00e4s\u00e4\u00e4ti\u00f6\" \/>\n<meta property=\"og:description\" content=\"The housing office will close its doors exceptionally\u00a0at 3pm on\u00a05th December and will be closed...\" \/>\n<meta property=\"og:url\" content=\"https:\/\/tys.fi\/en\/asukastoimisto-sulkee-5-12-poikkeuksellisesti-jo-klo-15-ja-on-suljettu-itsenaisyyspaivana-6-12\" \/>\n<meta property=\"og:site_name\" content=\"Turun Ylioppilaskyl&auml;s&auml;&auml;ti&ouml;\" \/>\n<meta property=\"article:publisher\" content=\"https:\/\/www.facebook.com\/tysturku\/\" \/>\n<meta property=\"article:published_time\" content=\"2019-12-02T12:56:32+00:00\" \/>\n<meta property=\"article:modified_time\" content=\"2019-12-02T13:08:37+00:00\" \/>\n<meta property=\"og:image\" content=\"https:\/\/tys.fi\/wp-content\/uploads\/2019\/12\/lumi.jpg\" \/>\n\t<meta property=\"og:image:width\" content=\"2560\" \/>\n\t<meta property=\"og:image:height\" content=\"2560\" \/>\n\t<meta property=\"og:image:type\" content=\"image\/jpeg\" \/>\n<meta name=\"author\" content=\"Marja Aapalahti\" \/>\n<meta name=\"twitter:card\" content=\"summary_large_image\" \/>\n<meta name=\"twitter:creator\" content=\"@tysturku\" \/>\n<meta name=\"twitter:site\" content=\"@tysturku\" \/>\n<meta name=\"twitter:label1\" content=\"Written by\" \/>\n\t<meta name=\"twitter:data1\" content=\"Marja Aapalahti\" \/>\n<script type=\"application\/ld+json\" class=\"yoast-schema-graph\">{\"@context\":\"https:\\\/\\\/schema.org\",\"@graph\":[{\"@type\":\"Article\",\"@id\":\"https:\\\/\\\/tys.fi\\\/en\\\/asukastoimisto-sulkee-5-12-poikkeuksellisesti-jo-klo-15-ja-on-suljettu-itsenaisyyspaivana-6-12#article\",\"isPartOf\":{\"@id\":\"https:\\\/\\\/tys.fi\\\/en\\\/asukastoimisto-sulkee-5-12-poikkeuksellisesti-jo-klo-15-ja-on-suljettu-itsenaisyyspaivana-6-12\"},\"author\":{\"name\":\"Marja Aapalahti\",\"@id\":\"https:\\\/\\\/tys.fi\\\/#\\\/schema\\\/person\\\/c1f87ee6d97815ab24d89b5ad67f8718\"},\"headline\":\"The housing office will close its doors exceptionally at 3pm on 5th December and will be closed on Independence Day, 6th December.\",\"datePublished\":\"2019-12-02T12:56:32+00:00\",\"dateModified\":\"2019-12-02T13:08:37+00:00\",\"mainEntityOfPage\":{\"@id\":\"https:\\\/\\\/tys.fi\\\/en\\\/asukastoimisto-sulkee-5-12-poikkeuksellisesti-jo-klo-15-ja-on-suljettu-itsenaisyyspaivana-6-12\"},\"wordCount\":49,\"publisher\":{\"@id\":\"https:\\\/\\\/tys.fi\\\/#organization\"},\"image\":{\"@id\":\"https:\\\/\\\/tys.fi\\\/en\\\/asukastoimisto-sulkee-5-12-poikkeuksellisesti-jo-klo-15-ja-on-suljettu-itsenaisyyspaivana-6-12#primaryimage\"},\"thumbnailUrl\":\"https:\\\/\\\/tys.fi\\\/wp-content\\\/uploads\\\/2019\\\/12\\\/lumi.jpg\",\"articleSection\":[\"News\"],\"inLanguage\":\"en-US\"},{\"@type\":\"WebPage\",\"@id\":\"https:\\\/\\\/tys.fi\\\/en\\\/asukastoimisto-sulkee-5-12-poikkeuksellisesti-jo-klo-15-ja-on-suljettu-itsenaisyyspaivana-6-12\",\"url\":\"https:\\\/\\\/tys.fi\\\/en\\\/asukastoimisto-sulkee-5-12-poikkeuksellisesti-jo-klo-15-ja-on-suljettu-itsenaisyyspaivana-6-12\",\"name\":\"The housing office will close its doors exceptionally at 3pm on 5th December and will be closed on Independence Day, 6th December. | TYS | Turun Ylioppilaskyl\u00e4s\u00e4\u00e4ti\u00f6\",\"isPartOf\":{\"@id\":\"https:\\\/\\\/tys.fi\\\/#website\"},\"primaryImageOfPage\":{\"@id\":\"https:\\\/\\\/tys.fi\\\/en\\\/asukastoimisto-sulkee-5-12-poikkeuksellisesti-jo-klo-15-ja-on-suljettu-itsenaisyyspaivana-6-12#primaryimage\"},\"image\":{\"@id\":\"https:\\\/\\\/tys.fi\\\/en\\\/asukastoimisto-sulkee-5-12-poikkeuksellisesti-jo-klo-15-ja-on-suljettu-itsenaisyyspaivana-6-12#primaryimage\"},\"thumbnailUrl\":\"https:\\\/\\\/tys.fi\\\/wp-content\\\/uploads\\\/2019\\\/12\\\/lumi.jpg\",\"datePublished\":\"2019-12-02T12:56:32+00:00\",\"dateModified\":\"2019-12-02T13:08:37+00:00\",\"breadcrumb\":{\"@id\":\"https:\\\/\\\/tys.fi\\\/en\\\/asukastoimisto-sulkee-5-12-poikkeuksellisesti-jo-klo-15-ja-on-suljettu-itsenaisyyspaivana-6-12#breadcrumb\"},\"inLanguage\":\"en-US\",\"potentialAction\":[{\"@type\":\"ReadAction\",\"target\":[\"https:\\\/\\\/tys.fi\\\/en\\\/asukastoimisto-sulkee-5-12-poikkeuksellisesti-jo-klo-15-ja-on-suljettu-itsenaisyyspaivana-6-12\"]}]},{\"@type\":\"ImageObject\",\"inLanguage\":\"en-US\",\"@id\":\"https:\\\/\\\/tys.fi\\\/en\\\/asukastoimisto-sulkee-5-12-poikkeuksellisesti-jo-klo-15-ja-on-suljettu-itsenaisyyspaivana-6-12#primaryimage\",\"url\":\"https:\\\/\\\/tys.fi\\\/wp-content\\\/uploads\\\/2019\\\/12\\\/lumi.jpg\",\"contentUrl\":\"https:\\\/\\\/tys.fi\\\/wp-content\\\/uploads\\\/2019\\\/12\\\/lumi.jpg\",\"width\":2560,\"height\":2560},{\"@type\":\"BreadcrumbList\",\"@id\":\"https:\\\/\\\/tys.fi\\\/en\\\/asukastoimisto-sulkee-5-12-poikkeuksellisesti-jo-klo-15-ja-on-suljettu-itsenaisyyspaivana-6-12#breadcrumb\",\"itemListElement\":[{\"@type\":\"ListItem\",\"position\":1,\"name\":\"Home\",\"item\":\"https:\\\/\\\/tys.fi\\\/en\"},{\"@type\":\"ListItem\",\"position\":2,\"name\":\"The housing office will close its doors exceptionally at 3pm on 5th December and will be closed on Independence Day, 6th December.\"}]},{\"@type\":\"WebSite\",\"@id\":\"https:\\\/\\\/tys.fi\\\/#website\",\"url\":\"https:\\\/\\\/tys.fi\\\/\",\"name\":\"Turun Ylioppilaskyl\u00e4s\u00e4\u00e4ti\u00f6\",\"description\":\"Vuokra-asunnot Turku\",\"publisher\":{\"@id\":\"https:\\\/\\\/tys.fi\\\/#organization\"},\"potentialAction\":[{\"@type\":\"SearchAction\",\"target\":{\"@type\":\"EntryPoint\",\"urlTemplate\":\"https:\\\/\\\/tys.fi\\\/?s={search_term_string}\"},\"query-input\":{\"@type\":\"PropertyValueSpecification\",\"valueRequired\":true,\"valueName\":\"search_term_string\"}}],\"inLanguage\":\"en-US\"},{\"@type\":\"Organization\",\"@id\":\"https:\\\/\\\/tys.fi\\\/#organization\",\"name\":\"TYS\",\"url\":\"https:\\\/\\\/tys.fi\\\/\",\"logo\":{\"@type\":\"ImageObject\",\"inLanguage\":\"en-US\",\"@id\":\"https:\\\/\\\/tys.fi\\\/#\\\/schema\\\/logo\\\/image\\\/\",\"url\":\"https:\\\/\\\/tys.fi\\\/wp-content\\\/uploads\\\/2019\\\/03\\\/TYS-Logo_Green_500px.png\",\"contentUrl\":\"https:\\\/\\\/tys.fi\\\/wp-content\\\/uploads\\\/2019\\\/03\\\/TYS-Logo_Green_500px.png\",\"width\":500,\"height\":232,\"caption\":\"TYS\"},\"image\":{\"@id\":\"https:\\\/\\\/tys.fi\\\/#\\\/schema\\\/logo\\\/image\\\/\"},\"sameAs\":[\"https:\\\/\\\/www.facebook.com\\\/tysturku\\\/\",\"https:\\\/\\\/x.com\\\/tysturku\",\"https:\\\/\\\/www.instagram.com\\\/tysturku\\\/\",\"https:\\\/\\\/www.linkedin.com\\\/company\\\/tysturku\\\/\",\"https:\\\/\\\/www.youtube.com\\\/channel\\\/UCjKOs8BOiY0SORCB0WWixlw?view_as=subscriber\",\"https:\\\/\\\/fi.wikipedia.org\\\/wiki\\\/Turun_ylioppilaskyl\u00e4s\u00e4\u00e4ti\u00f6\"]},{\"@type\":\"Person\",\"@id\":\"https:\\\/\\\/tys.fi\\\/#\\\/schema\\\/person\\\/c1f87ee6d97815ab24d89b5ad67f8718\",\"name\":\"Marja Aapalahti\",\"url\":\"https:\\\/\\\/tys.fi\\\/en\\\/author\\\/marja\"}]}<\/script>\n<!-- \/ Yoast SEO plugin. -->","yoast_head_json":{"title":"The housing office will close its doors exceptionally at 3pm on 5th December and will be closed on Independence Day, 6th December. | TYS | Turun Ylioppilaskyl\u00e4s\u00e4\u00e4ti\u00f6","robots":{"index":"index","follow":"follow","max-snippet":"max-snippet:-1","max-image-preview":"max-image-preview:large","max-video-preview":"max-video-preview:-1"},"canonical":"https:\/\/tys.fi\/en\/asukastoimisto-sulkee-5-12-poikkeuksellisesti-jo-klo-15-ja-on-suljettu-itsenaisyyspaivana-6-12","og_locale":"en_US","og_type":"article","og_title":"The housing office will close its doors exceptionally at 3pm on 5th December and will be closed on Independence Day, 6th December. | TYS | Turun Ylioppilaskyl\u00e4s\u00e4\u00e4ti\u00f6","og_description":"The housing office will close its doors exceptionally\u00a0at 3pm on\u00a05th December and will be closed...","og_url":"https:\/\/tys.fi\/en\/asukastoimisto-sulkee-5-12-poikkeuksellisesti-jo-klo-15-ja-on-suljettu-itsenaisyyspaivana-6-12","og_site_name":"Turun Ylioppilaskyl&auml;s&auml;&auml;ti&ouml;","article_publisher":"https:\/\/www.facebook.com\/tysturku\/","article_published_time":"2019-12-02T12:56:32+00:00","article_modified_time":"2019-12-02T13:08:37+00:00","og_image":[{"width":2560,"height":2560,"url":"https:\/\/tys.fi\/wp-content\/uploads\/2019\/12\/lumi.jpg","type":"image\/jpeg"}],"author":"Marja Aapalahti","twitter_card":"summary_large_image","twitter_creator":"@tysturku","twitter_site":"@tysturku","twitter_misc":{"Written by":"Marja Aapalahti"},"schema":{"@context":"https:\/\/schema.org","@graph":[{"@type":"Article","@id":"https:\/\/tys.fi\/en\/asukastoimisto-sulkee-5-12-poikkeuksellisesti-jo-klo-15-ja-on-suljettu-itsenaisyyspaivana-6-12#article","isPartOf":{"@id":"https:\/\/tys.fi\/en\/asukastoimisto-sulkee-5-12-poikkeuksellisesti-jo-klo-15-ja-on-suljettu-itsenaisyyspaivana-6-12"},"author":{"name":"Marja Aapalahti","@id":"https:\/\/tys.fi\/#\/schema\/person\/c1f87ee6d97815ab24d89b5ad67f8718"},"headline":"The housing office will close its doors exceptionally at 3pm on 5th December and will be closed on Independence Day, 6th December.","datePublished":"2019-12-02T12:56:32+00:00","dateModified":"2019-12-02T13:08:37+00:00","mainEntityOfPage":{"@id":"https:\/\/tys.fi\/en\/asukastoimisto-sulkee-5-12-poikkeuksellisesti-jo-klo-15-ja-on-suljettu-itsenaisyyspaivana-6-12"},"wordCount":49,"publisher":{"@id":"https:\/\/tys.fi\/#organization"},"image":{"@id":"https:\/\/tys.fi\/en\/asukastoimisto-sulkee-5-12-poikkeuksellisesti-jo-klo-15-ja-on-suljettu-itsenaisyyspaivana-6-12#primaryimage"},"thumbnailUrl":"https:\/\/tys.fi\/wp-content\/uploads\/2019\/12\/lumi.jpg","articleSection":["News"],"inLanguage":"en-US"},{"@type":"WebPage","@id":"https:\/\/tys.fi\/en\/asukastoimisto-sulkee-5-12-poikkeuksellisesti-jo-klo-15-ja-on-suljettu-itsenaisyyspaivana-6-12","url":"https:\/\/tys.fi\/en\/asukastoimisto-sulkee-5-12-poikkeuksellisesti-jo-klo-15-ja-on-suljettu-itsenaisyyspaivana-6-12","name":"The housing office will close its doors exceptionally at 3pm on 5th December and will be closed on Independence Day, 6th December. | TYS | Turun Ylioppilaskyl\u00e4s\u00e4\u00e4ti\u00f6","isPartOf":{"@id":"https:\/\/tys.fi\/#website"},"primaryImageOfPage":{"@id":"https:\/\/tys.fi\/en\/asukastoimisto-sulkee-5-12-poikkeuksellisesti-jo-klo-15-ja-on-suljettu-itsenaisyyspaivana-6-12#primaryimage"},"image":{"@id":"https:\/\/tys.fi\/en\/asukastoimisto-sulkee-5-12-poikkeuksellisesti-jo-klo-15-ja-on-suljettu-itsenaisyyspaivana-6-12#primaryimage"},"thumbnailUrl":"https:\/\/tys.fi\/wp-content\/uploads\/2019\/12\/lumi.jpg","datePublished":"2019-12-02T12:56:32+00:00","dateModified":"2019-12-02T13:08:37+00:00","breadcrumb":{"@id":"https:\/\/tys.fi\/en\/asukastoimisto-sulkee-5-12-poikkeuksellisesti-jo-klo-15-ja-on-suljettu-itsenaisyyspaivana-6-12#breadcrumb"},"inLanguage":"en-US","potentialAction":[{"@type":"ReadAction","target":["https:\/\/tys.fi\/en\/asukastoimisto-sulkee-5-12-poikkeuksellisesti-jo-klo-15-ja-on-suljettu-itsenaisyyspaivana-6-12"]}]},{"@type":"ImageObject","inLanguage":"en-US","@id":"https:\/\/tys.fi\/en\/asukastoimisto-sulkee-5-12-poikkeuksellisesti-jo-klo-15-ja-on-suljettu-itsenaisyyspaivana-6-12#primaryimage","url":"https:\/\/tys.fi\/wp-content\/uploads\/2019\/12\/lumi.jpg","contentUrl":"https:\/\/tys.fi\/wp-content\/uploads\/2019\/12\/lumi.jpg","width":2560,"height":2560},{"@type":"BreadcrumbList","@id":"https:\/\/tys.fi\/en\/asukastoimisto-sulkee-5-12-poikkeuksellisesti-jo-klo-15-ja-on-suljettu-itsenaisyyspaivana-6-12#breadcrumb","itemListElement":[{"@type":"ListItem","position":1,"name":"Home","item":"https:\/\/tys.fi\/en"},{"@type":"ListItem","position":2,"name":"The housing office will close its doors exceptionally at 3pm on 5th December and will be closed on Independence Day, 6th December."}]},{"@type":"WebSite","@id":"https:\/\/tys.fi\/#website","url":"https:\/\/tys.fi\/","name":"Turun Ylioppilaskyl\u00e4s\u00e4\u00e4ti\u00f6","description":"Vuokra-asunnot Turku","publisher":{"@id":"https:\/\/tys.fi\/#organization"},"potentialAction":[{"@type":"SearchAction","target":{"@type":"EntryPoint","urlTemplate":"https:\/\/tys.fi\/?s={search_term_string}"},"query-input":{"@type":"PropertyValueSpecification","valueRequired":true,"valueName":"search_term_string"}}],"inLanguage":"en-US"},{"@type":"Organization","@id":"https:\/\/tys.fi\/#organization","name":"TYS","url":"https:\/\/tys.fi\/","logo":{"@type":"ImageObject","inLanguage":"en-US","@id":"https:\/\/tys.fi\/#\/schema\/logo\/image\/","url":"https:\/\/tys.fi\/wp-content\/uploads\/2019\/03\/TYS-Logo_Green_500px.png","contentUrl":"https:\/\/tys.fi\/wp-content\/uploads\/2019\/03\/TYS-Logo_Green_500px.png","width":500,"height":232,"caption":"TYS"},"image":{"@id":"https:\/\/tys.fi\/#\/schema\/logo\/image\/"},"sameAs":["https:\/\/www.facebook.com\/tysturku\/","https:\/\/x.com\/tysturku","https:\/\/www.instagram.com\/tysturku\/","https:\/\/www.linkedin.com\/company\/tysturku\/","https:\/\/www.youtube.com\/channel\/UCjKOs8BOiY0SORCB0WWixlw?view_as=subscriber","https:\/\/fi.wikipedia.org\/wiki\/Turun_ylioppilaskyl\u00e4s\u00e4\u00e4ti\u00f6"]},{"@type":"Person","@id":"https:\/\/tys.fi\/#\/schema\/person\/c1f87ee6d97815ab24d89b5ad67f8718","name":"Marja Aapalahti","url":"https:\/\/tys.fi\/en\/author\/marja"}]}},"_links":{"self":[{"href":"https:\/\/tys.fi\/en\/wp-json\/wp\/v2\/posts\/17247","targetHints":{"allow":["GET"]}}],"collection":[{"href":"https:\/\/tys.fi\/en\/wp-json\/wp\/v2\/posts"}],"about":[{"href":"https:\/\/tys.fi\/en\/wp-json\/wp\/v2\/types\/post"}],"author":[{"embeddable":true,"href":"https:\/\/tys.fi\/en\/wp-json\/wp\/v2\/users\/2"}],"replies":[{"embeddable":true,"href":"https:\/\/tys.fi\/en\/wp-json\/wp\/v2\/comments?post=17247"}],"version-history":[{"count":3,"href":"https:\/\/tys.fi\/en\/wp-json\/wp\/v2\/posts\/17247\/revisions"}],"predecessor-version":[{"id":17253,"href":"https:\/\/tys.fi\/en\/wp-json\/wp\/v2\/posts\/17247\/revisions\/17253"}],"wp:featuredmedia":[{"embeddable":true,"href":"https:\/\/tys.fi\/en\/wp-json\/wp\/v2\/media\/17244"}],"wp:attachment":[{"href":"https:\/\/tys.fi\/en\/wp-json\/wp\/v2\/media?parent=17247"}],"wp:term":[{"taxonomy":"category","embeddable":true,"href":"https:\/\/tys.fi\/en\/wp-json\/wp\/v2\/categories?post=17247"},{"taxonomy":"post_tag","embeddable":true,"href":"https:\/\/tys.fi\/en\/wp-json\/wp\/v2\/tags?post=17247"}],"curies":[{"name":"wp","href":"https:\/\/api.w.org\/{rel}","templated":true}]}}