{"id":16874,"date":"2022-10-31T13:30:07","date_gmt":"2022-10-31T11:30:07","guid":{"rendered":"https:\/\/tys.fi\/uudet-asukasbloggarit-on-valittu-tervetuloa-instagramiin-seuraamaan-elamaa-tysn-asunnoissa"},"modified":"2022-10-31T14:31:56","modified_gmt":"2022-10-31T12:31:56","slug":"uudet-asukasbloggarit-on-valittu-tervetuloa-instagramiin-seuraamaan-elamaa-tysn-asunnoissa","status":"publish","type":"post","link":"https:\/\/tys.fi\/en\/uudet-asukasbloggarit-on-valittu-tervetuloa-instagramiin-seuraamaan-elamaa-tysn-asunnoissa","title":{"rendered":"The new tenant bloggers have been chosen! Welcome to follow the lives of our tenant bloggers on Instagram!"},"content":{"rendered":"<p>In September, we were looking for bloggers among pur tenants to make posts related to housing and student life on the TYS Instagram Stories. The new bloggers have now been chosen and you\u2019ll find presentations for each of them below.<\/p>\n<p>The bloggers take weekly blogging turns over a period of one year. If you\u2019re not following the TYS Instagram <a href=\"https:\/\/www.instagram.com\/tysturku\">@tysturku<\/a> yet, start checking it out right away! Asmaa will start on the TYS Instagram Stories on 1st of November\u00a0<img decoding=\"async\" class=\"emoji\" role=\"img\" draggable=\"false\" src=\"https:\/\/s.w.org\/images\/core\/emoji\/14.0.0\/svg\/1f609.svg\" alt=\"&#x1f609;\" \/><\/p>\n<p><strong><img loading=\"lazy\" decoding=\"async\" class=\"size-medium wp-image-24040 alignleft\" src=\"https:\/\/tys.fi\/wp-content\/uploads\/2019\/10\/Asukasbloggarit-2022_Asmaa-251x300.jpg\" alt=\"\" width=\"251\" height=\"300\" srcset=\"https:\/\/tys.fi\/wp-content\/uploads\/2019\/10\/Asukasbloggarit-2022_Asmaa-251x300.jpg 251w, https:\/\/tys.fi\/wp-content\/uploads\/2019\/10\/Asukasbloggarit-2022_Asmaa-858x1024.jpg 858w, https:\/\/tys.fi\/wp-content\/uploads\/2019\/10\/Asukasbloggarit-2022_Asmaa-768x916.jpg 768w, https:\/\/tys.fi\/wp-content\/uploads\/2019\/10\/Asukasbloggarit-2022_Asmaa-1288x1536.jpg 1288w, https:\/\/tys.fi\/wp-content\/uploads\/2019\/10\/Asukasbloggarit-2022_Asmaa-1717x2048.jpg 1717w\" sizes=\"auto, (max-width: 251px) 100vw, 251px\" \/>Asmaa<\/strong><\/p>\n<p>\u201cMy name is and I\u00b4m a master&#8217;s student at \u00c5bo Akademi University majoring in Business Analytics. I moved to Finland about a year ago with my fianc\u00e9 and our two dogs, Kai &amp; Cookie. I\u00b4m passionate about home d\u00e9cor and cooking. I will be blogging about her international experience in Turku, DIY hacks, dog tips, and some delicious recipes.\u201d<\/p>\n<p><strong>Camilla<\/strong><\/p>\n<p><strong><img loading=\"lazy\" decoding=\"async\" class=\"size-medium wp-image-24043 alignright\" src=\"https:\/\/tys.fi\/wp-content\/uploads\/2019\/10\/Asukasbloggarit-2022_Camilla-278x300.jpg\" alt=\"\" width=\"278\" height=\"300\" srcset=\"https:\/\/tys.fi\/wp-content\/uploads\/2019\/10\/Asukasbloggarit-2022_Camilla-278x300.jpg 278w, https:\/\/tys.fi\/wp-content\/uploads\/2019\/10\/Asukasbloggarit-2022_Camilla-947x1024.jpg 947w, https:\/\/tys.fi\/wp-content\/uploads\/2019\/10\/Asukasbloggarit-2022_Camilla-768x830.jpg 768w, https:\/\/tys.fi\/wp-content\/uploads\/2019\/10\/Asukasbloggarit-2022_Camilla-1421x1536.jpg 1421w, https:\/\/tys.fi\/wp-content\/uploads\/2019\/10\/Asukasbloggarit-2022_Camilla-1895x2048.jpg 1895w\" sizes=\"auto, (max-width: 278px) 100vw, 278px\" \/><\/strong>\u201dHello everyone! I&#8217;m Camilla, 22, and one of this year&#8217;s TYS bloggers! I&#8217;m a fourth year geology student at the University of Turku and just started my Master&#8217;s studies.<\/p>\n<p>I live in the Student Village East in a studio apartment, which includes features such as a separate kitchenette and an alcove for the bed! The kitchen especially is one of the best parts of my apartment, since I spend a good chunk of my time there.<\/p>\n<p>I have lived in my apartment for two entire years already! I have enjoyed living here and the size (35,5m\u00b2!!) has been more than enough for me. My apartment is my first own home and still a work-in-progress, and will probably never be finished!<\/p>\n<p>I applied to become a TYS blogger because I heard so many good things about the position. I also thought that this could be a great opportunity to try something truly different and that I would hopefully meet new, fun people. I&#8217;ve met the other bloggers and look forward to working with them in the coming year!<\/p>\n<p>I wish that my blog will be casual and friendly, and my goal is to portray what a regular student&#8217;s day in the life looks like. I also hope that the viewers warm up to the idea of the Student Village, since I&#8217;ve liked living here and have no regrets about living in a TYS apartment.\u201d<\/p>\n<p><strong><img loading=\"lazy\" decoding=\"async\" class=\"size-medium wp-image-24046 alignleft\" src=\"https:\/\/tys.fi\/wp-content\/uploads\/2019\/10\/Asukasbloggarit-2022_Demi-271x300.jpg\" alt=\"\" width=\"271\" height=\"300\" srcset=\"https:\/\/tys.fi\/wp-content\/uploads\/2019\/10\/Asukasbloggarit-2022_Demi-271x300.jpg 271w, https:\/\/tys.fi\/wp-content\/uploads\/2019\/10\/Asukasbloggarit-2022_Demi-926x1024.jpg 926w, https:\/\/tys.fi\/wp-content\/uploads\/2019\/10\/Asukasbloggarit-2022_Demi-768x850.jpg 768w, https:\/\/tys.fi\/wp-content\/uploads\/2019\/10\/Asukasbloggarit-2022_Demi-1388x1536.jpg 1388w, https:\/\/tys.fi\/wp-content\/uploads\/2019\/10\/Asukasbloggarit-2022_Demi-1851x2048.jpg 1851w\" sizes=\"auto, (max-width: 271px) 100vw, 271px\" \/><\/strong><strong>Demi<\/strong><\/p>\n<p>\u201dMy name is Demi and I am a soon-to-be 25-year-old Swedish-Speaking Finn who is a pretty well-adjusted Turku-habitant (if you may say so when you haven\u2019t been born here?!) after five years of living here. I am originally from Tammisaari and I spent much of my childhood in Tenhola, amidst tractors and terrible bus connections.<\/p>\n<p>I have just started my fourth year in the political science department at \u00c5bo Akademi where I study public administration, and I will get my long-awaited Bachelor of Political Sciences degree in the spring (if all goes according to plan). Up until last week, I was living in Student Village East where I moved in April 2022, but now I have moved into Auranhelmi together with my boyfriend. I have been moving houses once a year ever since I moved to Turku, and I can tell you that TYS is the first lessor I have actually enjoyed renting from because I can always get help whenever I need it, and I can still afford groceries after paying my rent!<\/p>\n<p>I wanted to become a tenant blogger because it seemed fun based on the blogs I\u2019ve seen before, but I was missing Swedish content, which you will now get whenever I am blogging. Thus, you can expect content in both domestic languages along with tips on budgeting, how to combine work and studies, and plenty of recipes (just to mention a few things for starters).\u201d<\/p>\n<p><strong><img loading=\"lazy\" decoding=\"async\" class=\"size-medium wp-image-24049 alignright\" src=\"https:\/\/tys.fi\/wp-content\/uploads\/2019\/10\/Asukasbloggarit-2022_Lari-289x300.jpg\" alt=\"\" width=\"289\" height=\"300\" srcset=\"https:\/\/tys.fi\/wp-content\/uploads\/2019\/10\/Asukasbloggarit-2022_Lari-289x300.jpg 289w, https:\/\/tys.fi\/wp-content\/uploads\/2019\/10\/Asukasbloggarit-2022_Lari-986x1024.jpg 986w, https:\/\/tys.fi\/wp-content\/uploads\/2019\/10\/Asukasbloggarit-2022_Lari-768x798.jpg 768w, https:\/\/tys.fi\/wp-content\/uploads\/2019\/10\/Asukasbloggarit-2022_Lari-1479x1536.jpg 1479w, https:\/\/tys.fi\/wp-content\/uploads\/2019\/10\/Asukasbloggarit-2022_Lari-1971x2048.jpg 1971w\" sizes=\"auto, (max-width: 289px) 100vw, 289px\" \/><\/strong><strong>Lari<br \/>\n<\/strong><br \/>\n\u201dMy name is Lari and I am a first-year student at Turku University of Applied Sciences on track to become a Bachelor of Business Administration through multi-format studies. I have been living in Tampere almost my entire life, but Turku has become quite familiar to me over the past few years. My home is located in the oldest building TYS has, Ylioppilastalot. The apartment is extremely cozy and spacious for two people.<\/p>\n<p>I started my studies this fall, so I have only been renting from TYS for about two months. I really like the apartment and I have been positively surprised by the location. Basically everything I need is within walking distance. I wanted to become a blogger because I would like to shed some light on what it means to be a multi-format student. Multi-format studies are quite different, and I think people may also have some prejudices about them. I enjoy producing content.<\/p>\n<p>I would like to bring out the everyday life of a multi-format student more in my blogs. I make use of services oriented at students a lot. I enjoy exercise and sports, and both will be prominently featured in my upcoming blog posts.\u201d<\/p>\n","protected":false},"excerpt":{"rendered":"<p>In September, we were looking for bloggers among pur tenants to make posts related to&#8230;<\/p>\n","protected":false},"author":2,"featured_media":24038,"comment_status":"closed","ping_status":"closed","sticky":false,"template":"","format":"standard","meta":{"footnotes":""},"categories":[8],"tags":[],"class_list":{"0":"post-16874","1":"post","2":"type-post","3":"status-publish","4":"format-standard","5":"has-post-thumbnail","7":"category-news"},"yoast_head":"<!-- This site is optimized with the Yoast SEO plugin v27.5 - https:\/\/yoast.com\/product\/yoast-seo-wordpress\/ -->\n<title>The new tenant bloggers have been chosen! Welcome to follow the lives of our tenant bloggers on Instagram! | TYS | Turun Ylioppilaskyl\u00e4s\u00e4\u00e4ti\u00f6<\/title>\n<meta name=\"robots\" content=\"index, follow, max-snippet:-1, max-image-preview:large, max-video-preview:-1\" \/>\n<link rel=\"canonical\" href=\"https:\/\/tys.fi\/en\/uudet-asukasbloggarit-on-valittu-tervetuloa-instagramiin-seuraamaan-elamaa-tysn-asunnoissa\" \/>\n<meta property=\"og:locale\" content=\"en_US\" \/>\n<meta property=\"og:type\" content=\"article\" \/>\n<meta property=\"og:title\" content=\"The new tenant bloggers have been chosen! Welcome to follow the lives of our tenant bloggers on Instagram! | TYS | Turun Ylioppilaskyl\u00e4s\u00e4\u00e4ti\u00f6\" \/>\n<meta property=\"og:description\" content=\"In September, we were looking for bloggers among pur tenants to make posts related to...\" \/>\n<meta property=\"og:url\" content=\"https:\/\/tys.fi\/en\/uudet-asukasbloggarit-on-valittu-tervetuloa-instagramiin-seuraamaan-elamaa-tysn-asunnoissa\" \/>\n<meta property=\"og:site_name\" content=\"Turun Ylioppilaskyl&auml;s&auml;&auml;ti&ouml;\" \/>\n<meta property=\"article:publisher\" content=\"https:\/\/www.facebook.com\/tysturku\/\" \/>\n<meta property=\"article:published_time\" content=\"2022-10-31T11:30:07+00:00\" \/>\n<meta property=\"article:modified_time\" content=\"2022-10-31T12:31:56+00:00\" \/>\n<meta property=\"og:image\" content=\"https:\/\/tys.fi\/wp-content\/uploads\/2019\/10\/Asukasbloggarit-2022_2-scaled.jpg\" \/>\n\t<meta property=\"og:image:width\" content=\"2560\" \/>\n\t<meta property=\"og:image:height\" content=\"1803\" \/>\n\t<meta property=\"og:image:type\" content=\"image\/jpeg\" \/>\n<meta name=\"author\" content=\"Marja Aapalahti\" \/>\n<meta name=\"twitter:card\" content=\"summary_large_image\" \/>\n<meta name=\"twitter:creator\" content=\"@tysturku\" \/>\n<meta name=\"twitter:site\" content=\"@tysturku\" \/>\n<meta name=\"twitter:label1\" content=\"Written by\" \/>\n\t<meta name=\"twitter:data1\" content=\"Marja Aapalahti\" \/>\n\t<meta name=\"twitter:label2\" content=\"Est. reading time\" \/>\n\t<meta name=\"twitter:data2\" content=\"7 minutes\" \/>\n<script type=\"application\/ld+json\" class=\"yoast-schema-graph\">{\"@context\":\"https:\\\/\\\/schema.org\",\"@graph\":[{\"@type\":\"Article\",\"@id\":\"https:\\\/\\\/tys.fi\\\/en\\\/uudet-asukasbloggarit-on-valittu-tervetuloa-instagramiin-seuraamaan-elamaa-tysn-asunnoissa#article\",\"isPartOf\":{\"@id\":\"https:\\\/\\\/tys.fi\\\/en\\\/uudet-asukasbloggarit-on-valittu-tervetuloa-instagramiin-seuraamaan-elamaa-tysn-asunnoissa\"},\"author\":{\"name\":\"Marja Aapalahti\",\"@id\":\"https:\\\/\\\/tys.fi\\\/#\\\/schema\\\/person\\\/c1f87ee6d97815ab24d89b5ad67f8718\"},\"headline\":\"The new tenant bloggers have been chosen! Welcome to follow the lives of our tenant bloggers on Instagram!\",\"datePublished\":\"2022-10-31T11:30:07+00:00\",\"dateModified\":\"2022-10-31T12:31:56+00:00\",\"mainEntityOfPage\":{\"@id\":\"https:\\\/\\\/tys.fi\\\/en\\\/uudet-asukasbloggarit-on-valittu-tervetuloa-instagramiin-seuraamaan-elamaa-tysn-asunnoissa\"},\"wordCount\":843,\"publisher\":{\"@id\":\"https:\\\/\\\/tys.fi\\\/#organization\"},\"image\":{\"@id\":\"https:\\\/\\\/tys.fi\\\/en\\\/uudet-asukasbloggarit-on-valittu-tervetuloa-instagramiin-seuraamaan-elamaa-tysn-asunnoissa#primaryimage\"},\"thumbnailUrl\":\"https:\\\/\\\/tys.fi\\\/wp-content\\\/uploads\\\/2019\\\/10\\\/Asukasbloggarit-2022_2-scaled.jpg\",\"articleSection\":[\"News\"],\"inLanguage\":\"en-US\"},{\"@type\":\"WebPage\",\"@id\":\"https:\\\/\\\/tys.fi\\\/en\\\/uudet-asukasbloggarit-on-valittu-tervetuloa-instagramiin-seuraamaan-elamaa-tysn-asunnoissa\",\"url\":\"https:\\\/\\\/tys.fi\\\/en\\\/uudet-asukasbloggarit-on-valittu-tervetuloa-instagramiin-seuraamaan-elamaa-tysn-asunnoissa\",\"name\":\"The new tenant bloggers have been chosen! Welcome to follow the lives of our tenant bloggers on Instagram! | TYS | Turun Ylioppilaskyl\u00e4s\u00e4\u00e4ti\u00f6\",\"isPartOf\":{\"@id\":\"https:\\\/\\\/tys.fi\\\/#website\"},\"primaryImageOfPage\":{\"@id\":\"https:\\\/\\\/tys.fi\\\/en\\\/uudet-asukasbloggarit-on-valittu-tervetuloa-instagramiin-seuraamaan-elamaa-tysn-asunnoissa#primaryimage\"},\"image\":{\"@id\":\"https:\\\/\\\/tys.fi\\\/en\\\/uudet-asukasbloggarit-on-valittu-tervetuloa-instagramiin-seuraamaan-elamaa-tysn-asunnoissa#primaryimage\"},\"thumbnailUrl\":\"https:\\\/\\\/tys.fi\\\/wp-content\\\/uploads\\\/2019\\\/10\\\/Asukasbloggarit-2022_2-scaled.jpg\",\"datePublished\":\"2022-10-31T11:30:07+00:00\",\"dateModified\":\"2022-10-31T12:31:56+00:00\",\"breadcrumb\":{\"@id\":\"https:\\\/\\\/tys.fi\\\/en\\\/uudet-asukasbloggarit-on-valittu-tervetuloa-instagramiin-seuraamaan-elamaa-tysn-asunnoissa#breadcrumb\"},\"inLanguage\":\"en-US\",\"potentialAction\":[{\"@type\":\"ReadAction\",\"target\":[\"https:\\\/\\\/tys.fi\\\/en\\\/uudet-asukasbloggarit-on-valittu-tervetuloa-instagramiin-seuraamaan-elamaa-tysn-asunnoissa\"]}]},{\"@type\":\"ImageObject\",\"inLanguage\":\"en-US\",\"@id\":\"https:\\\/\\\/tys.fi\\\/en\\\/uudet-asukasbloggarit-on-valittu-tervetuloa-instagramiin-seuraamaan-elamaa-tysn-asunnoissa#primaryimage\",\"url\":\"https:\\\/\\\/tys.fi\\\/wp-content\\\/uploads\\\/2019\\\/10\\\/Asukasbloggarit-2022_2-scaled.jpg\",\"contentUrl\":\"https:\\\/\\\/tys.fi\\\/wp-content\\\/uploads\\\/2019\\\/10\\\/Asukasbloggarit-2022_2-scaled.jpg\",\"width\":2560,\"height\":1803},{\"@type\":\"BreadcrumbList\",\"@id\":\"https:\\\/\\\/tys.fi\\\/en\\\/uudet-asukasbloggarit-on-valittu-tervetuloa-instagramiin-seuraamaan-elamaa-tysn-asunnoissa#breadcrumb\",\"itemListElement\":[{\"@type\":\"ListItem\",\"position\":1,\"name\":\"Home\",\"item\":\"https:\\\/\\\/tys.fi\\\/en\"},{\"@type\":\"ListItem\",\"position\":2,\"name\":\"The new tenant bloggers have been chosen! Welcome to follow the lives of our tenant bloggers on Instagram!\"}]},{\"@type\":\"WebSite\",\"@id\":\"https:\\\/\\\/tys.fi\\\/#website\",\"url\":\"https:\\\/\\\/tys.fi\\\/\",\"name\":\"Turun Ylioppilaskyl\u00e4s\u00e4\u00e4ti\u00f6\",\"description\":\"Vuokra-asunnot Turku\",\"publisher\":{\"@id\":\"https:\\\/\\\/tys.fi\\\/#organization\"},\"potentialAction\":[{\"@type\":\"SearchAction\",\"target\":{\"@type\":\"EntryPoint\",\"urlTemplate\":\"https:\\\/\\\/tys.fi\\\/?s={search_term_string}\"},\"query-input\":{\"@type\":\"PropertyValueSpecification\",\"valueRequired\":true,\"valueName\":\"search_term_string\"}}],\"inLanguage\":\"en-US\"},{\"@type\":\"Organization\",\"@id\":\"https:\\\/\\\/tys.fi\\\/#organization\",\"name\":\"TYS\",\"url\":\"https:\\\/\\\/tys.fi\\\/\",\"logo\":{\"@type\":\"ImageObject\",\"inLanguage\":\"en-US\",\"@id\":\"https:\\\/\\\/tys.fi\\\/#\\\/schema\\\/logo\\\/image\\\/\",\"url\":\"https:\\\/\\\/tys.fi\\\/wp-content\\\/uploads\\\/2019\\\/03\\\/TYS-Logo_Green_500px.png\",\"contentUrl\":\"https:\\\/\\\/tys.fi\\\/wp-content\\\/uploads\\\/2019\\\/03\\\/TYS-Logo_Green_500px.png\",\"width\":500,\"height\":232,\"caption\":\"TYS\"},\"image\":{\"@id\":\"https:\\\/\\\/tys.fi\\\/#\\\/schema\\\/logo\\\/image\\\/\"},\"sameAs\":[\"https:\\\/\\\/www.facebook.com\\\/tysturku\\\/\",\"https:\\\/\\\/x.com\\\/tysturku\",\"https:\\\/\\\/www.instagram.com\\\/tysturku\\\/\",\"https:\\\/\\\/www.linkedin.com\\\/company\\\/tysturku\\\/\",\"https:\\\/\\\/www.youtube.com\\\/channel\\\/UCjKOs8BOiY0SORCB0WWixlw?view_as=subscriber\",\"https:\\\/\\\/fi.wikipedia.org\\\/wiki\\\/Turun_ylioppilaskyl\u00e4s\u00e4\u00e4ti\u00f6\"]},{\"@type\":\"Person\",\"@id\":\"https:\\\/\\\/tys.fi\\\/#\\\/schema\\\/person\\\/c1f87ee6d97815ab24d89b5ad67f8718\",\"name\":\"Marja Aapalahti\",\"url\":\"https:\\\/\\\/tys.fi\\\/en\\\/author\\\/marja\"}]}<\/script>\n<!-- \/ Yoast SEO plugin. -->","yoast_head_json":{"title":"The new tenant bloggers have been chosen! Welcome to follow the lives of our tenant bloggers on Instagram! | TYS | Turun Ylioppilaskyl\u00e4s\u00e4\u00e4ti\u00f6","robots":{"index":"index","follow":"follow","max-snippet":"max-snippet:-1","max-image-preview":"max-image-preview:large","max-video-preview":"max-video-preview:-1"},"canonical":"https:\/\/tys.fi\/en\/uudet-asukasbloggarit-on-valittu-tervetuloa-instagramiin-seuraamaan-elamaa-tysn-asunnoissa","og_locale":"en_US","og_type":"article","og_title":"The new tenant bloggers have been chosen! Welcome to follow the lives of our tenant bloggers on Instagram! | TYS | Turun Ylioppilaskyl\u00e4s\u00e4\u00e4ti\u00f6","og_description":"In September, we were looking for bloggers among pur tenants to make posts related to...","og_url":"https:\/\/tys.fi\/en\/uudet-asukasbloggarit-on-valittu-tervetuloa-instagramiin-seuraamaan-elamaa-tysn-asunnoissa","og_site_name":"Turun Ylioppilaskyl&auml;s&auml;&auml;ti&ouml;","article_publisher":"https:\/\/www.facebook.com\/tysturku\/","article_published_time":"2022-10-31T11:30:07+00:00","article_modified_time":"2022-10-31T12:31:56+00:00","og_image":[{"width":2560,"height":1803,"url":"https:\/\/tys.fi\/wp-content\/uploads\/2019\/10\/Asukasbloggarit-2022_2-scaled.jpg","type":"image\/jpeg"}],"author":"Marja Aapalahti","twitter_card":"summary_large_image","twitter_creator":"@tysturku","twitter_site":"@tysturku","twitter_misc":{"Written by":"Marja Aapalahti","Est. reading time":"7 minutes"},"schema":{"@context":"https:\/\/schema.org","@graph":[{"@type":"Article","@id":"https:\/\/tys.fi\/en\/uudet-asukasbloggarit-on-valittu-tervetuloa-instagramiin-seuraamaan-elamaa-tysn-asunnoissa#article","isPartOf":{"@id":"https:\/\/tys.fi\/en\/uudet-asukasbloggarit-on-valittu-tervetuloa-instagramiin-seuraamaan-elamaa-tysn-asunnoissa"},"author":{"name":"Marja Aapalahti","@id":"https:\/\/tys.fi\/#\/schema\/person\/c1f87ee6d97815ab24d89b5ad67f8718"},"headline":"The new tenant bloggers have been chosen! Welcome to follow the lives of our tenant bloggers on Instagram!","datePublished":"2022-10-31T11:30:07+00:00","dateModified":"2022-10-31T12:31:56+00:00","mainEntityOfPage":{"@id":"https:\/\/tys.fi\/en\/uudet-asukasbloggarit-on-valittu-tervetuloa-instagramiin-seuraamaan-elamaa-tysn-asunnoissa"},"wordCount":843,"publisher":{"@id":"https:\/\/tys.fi\/#organization"},"image":{"@id":"https:\/\/tys.fi\/en\/uudet-asukasbloggarit-on-valittu-tervetuloa-instagramiin-seuraamaan-elamaa-tysn-asunnoissa#primaryimage"},"thumbnailUrl":"https:\/\/tys.fi\/wp-content\/uploads\/2019\/10\/Asukasbloggarit-2022_2-scaled.jpg","articleSection":["News"],"inLanguage":"en-US"},{"@type":"WebPage","@id":"https:\/\/tys.fi\/en\/uudet-asukasbloggarit-on-valittu-tervetuloa-instagramiin-seuraamaan-elamaa-tysn-asunnoissa","url":"https:\/\/tys.fi\/en\/uudet-asukasbloggarit-on-valittu-tervetuloa-instagramiin-seuraamaan-elamaa-tysn-asunnoissa","name":"The new tenant bloggers have been chosen! Welcome to follow the lives of our tenant bloggers on Instagram! | TYS | Turun Ylioppilaskyl\u00e4s\u00e4\u00e4ti\u00f6","isPartOf":{"@id":"https:\/\/tys.fi\/#website"},"primaryImageOfPage":{"@id":"https:\/\/tys.fi\/en\/uudet-asukasbloggarit-on-valittu-tervetuloa-instagramiin-seuraamaan-elamaa-tysn-asunnoissa#primaryimage"},"image":{"@id":"https:\/\/tys.fi\/en\/uudet-asukasbloggarit-on-valittu-tervetuloa-instagramiin-seuraamaan-elamaa-tysn-asunnoissa#primaryimage"},"thumbnailUrl":"https:\/\/tys.fi\/wp-content\/uploads\/2019\/10\/Asukasbloggarit-2022_2-scaled.jpg","datePublished":"2022-10-31T11:30:07+00:00","dateModified":"2022-10-31T12:31:56+00:00","breadcrumb":{"@id":"https:\/\/tys.fi\/en\/uudet-asukasbloggarit-on-valittu-tervetuloa-instagramiin-seuraamaan-elamaa-tysn-asunnoissa#breadcrumb"},"inLanguage":"en-US","potentialAction":[{"@type":"ReadAction","target":["https:\/\/tys.fi\/en\/uudet-asukasbloggarit-on-valittu-tervetuloa-instagramiin-seuraamaan-elamaa-tysn-asunnoissa"]}]},{"@type":"ImageObject","inLanguage":"en-US","@id":"https:\/\/tys.fi\/en\/uudet-asukasbloggarit-on-valittu-tervetuloa-instagramiin-seuraamaan-elamaa-tysn-asunnoissa#primaryimage","url":"https:\/\/tys.fi\/wp-content\/uploads\/2019\/10\/Asukasbloggarit-2022_2-scaled.jpg","contentUrl":"https:\/\/tys.fi\/wp-content\/uploads\/2019\/10\/Asukasbloggarit-2022_2-scaled.jpg","width":2560,"height":1803},{"@type":"BreadcrumbList","@id":"https:\/\/tys.fi\/en\/uudet-asukasbloggarit-on-valittu-tervetuloa-instagramiin-seuraamaan-elamaa-tysn-asunnoissa#breadcrumb","itemListElement":[{"@type":"ListItem","position":1,"name":"Home","item":"https:\/\/tys.fi\/en"},{"@type":"ListItem","position":2,"name":"The new tenant bloggers have been chosen! Welcome to follow the lives of our tenant bloggers on Instagram!"}]},{"@type":"WebSite","@id":"https:\/\/tys.fi\/#website","url":"https:\/\/tys.fi\/","name":"Turun Ylioppilaskyl\u00e4s\u00e4\u00e4ti\u00f6","description":"Vuokra-asunnot Turku","publisher":{"@id":"https:\/\/tys.fi\/#organization"},"potentialAction":[{"@type":"SearchAction","target":{"@type":"EntryPoint","urlTemplate":"https:\/\/tys.fi\/?s={search_term_string}"},"query-input":{"@type":"PropertyValueSpecification","valueRequired":true,"valueName":"search_term_string"}}],"inLanguage":"en-US"},{"@type":"Organization","@id":"https:\/\/tys.fi\/#organization","name":"TYS","url":"https:\/\/tys.fi\/","logo":{"@type":"ImageObject","inLanguage":"en-US","@id":"https:\/\/tys.fi\/#\/schema\/logo\/image\/","url":"https:\/\/tys.fi\/wp-content\/uploads\/2019\/03\/TYS-Logo_Green_500px.png","contentUrl":"https:\/\/tys.fi\/wp-content\/uploads\/2019\/03\/TYS-Logo_Green_500px.png","width":500,"height":232,"caption":"TYS"},"image":{"@id":"https:\/\/tys.fi\/#\/schema\/logo\/image\/"},"sameAs":["https:\/\/www.facebook.com\/tysturku\/","https:\/\/x.com\/tysturku","https:\/\/www.instagram.com\/tysturku\/","https:\/\/www.linkedin.com\/company\/tysturku\/","https:\/\/www.youtube.com\/channel\/UCjKOs8BOiY0SORCB0WWixlw?view_as=subscriber","https:\/\/fi.wikipedia.org\/wiki\/Turun_ylioppilaskyl\u00e4s\u00e4\u00e4ti\u00f6"]},{"@type":"Person","@id":"https:\/\/tys.fi\/#\/schema\/person\/c1f87ee6d97815ab24d89b5ad67f8718","name":"Marja Aapalahti","url":"https:\/\/tys.fi\/en\/author\/marja"}]}},"_links":{"self":[{"href":"https:\/\/tys.fi\/en\/wp-json\/wp\/v2\/posts\/16874","targetHints":{"allow":["GET"]}}],"collection":[{"href":"https:\/\/tys.fi\/en\/wp-json\/wp\/v2\/posts"}],"about":[{"href":"https:\/\/tys.fi\/en\/wp-json\/wp\/v2\/types\/post"}],"author":[{"embeddable":true,"href":"https:\/\/tys.fi\/en\/wp-json\/wp\/v2\/users\/2"}],"replies":[{"embeddable":true,"href":"https:\/\/tys.fi\/en\/wp-json\/wp\/v2\/comments?post=16874"}],"version-history":[{"count":5,"href":"https:\/\/tys.fi\/en\/wp-json\/wp\/v2\/posts\/16874\/revisions"}],"predecessor-version":[{"id":24064,"href":"https:\/\/tys.fi\/en\/wp-json\/wp\/v2\/posts\/16874\/revisions\/24064"}],"wp:featuredmedia":[{"embeddable":true,"href":"https:\/\/tys.fi\/en\/wp-json\/wp\/v2\/media\/24038"}],"wp:attachment":[{"href":"https:\/\/tys.fi\/en\/wp-json\/wp\/v2\/media?parent=16874"}],"wp:term":[{"taxonomy":"category","embeddable":true,"href":"https:\/\/tys.fi\/en\/wp-json\/wp\/v2\/categories?post=16874"},{"taxonomy":"post_tag","embeddable":true,"href":"https:\/\/tys.fi\/en\/wp-json\/wp\/v2\/tags?post=16874"}],"curies":[{"name":"wp","href":"https:\/\/api.w.org\/{rel}","templated":true}]}}