{"id":13807,"date":"2019-04-05T11:05:34","date_gmt":"2019-04-05T08:05:34","guid":{"rendered":"https:\/\/tys.fi\/farewell-flatmate-for-two-months"},"modified":"2019-04-05T11:05:34","modified_gmt":"2019-04-05T08:05:34","slug":"farewell-flatmate-for-two-months","status":"publish","type":"post","link":"https:\/\/tys.fi\/en\/farewell-flatmate-for-two-months","title":{"rendered":"Farewell, Flatmate for two months."},"content":{"rendered":"<p>&nbsp;<\/p>\n<p class=\"p1\"><span class=\"s1\">When I moved in to the new apartment, one of the things that concerned me the most, was to have to live with a girl that was not one of my previous -amazing- flatmates (Kaisa if you are reading this, let\u2019s have coffee some time).<\/span><\/p>\n<p class=\"p1\"><span class=\"s1\">I already shared with you why the flatmates I had in me previous apartment, were the best I could\u2019ve had (<a href=\"https:\/\/tys.fi\/roommates-are-good\/\">you can read it here<\/a>). Since my experience was so good, I didn\u2019t think I could be lucky enough to repeat the story in the new apartment, so imagine the surprise when I met my new roommate and realized she was as nice as the previous ones.<\/span><\/p>\n<p class=\"p1\"><span class=\"s1\">We had an easy life together, started getting along quite easy, sharing a few things here and there. <\/span><\/p>\n<p class=\"p1\"><span class=\"s1\">I was really happy with her!\u2026. until she -casually- said: I\u2019m moving out\u2026.<\/span><\/p>\n<div id=\"attachment_13133\" style=\"width: 5482px\" class=\"wp-caption alignnone\"><img loading=\"lazy\" decoding=\"async\" aria-describedby=\"caption-attachment-13133\" class=\"size-full wp-image-13133\" src=\"https:\/\/tys.fi\/wp-content\/uploads\/2019\/03\/paul-hanaoka-280209-unsplash.jpg\" alt=\"\" width=\"5472\" height=\"3648\" srcset=\"https:\/\/tys.fi\/wp-content\/uploads\/2019\/03\/paul-hanaoka-280209-unsplash.jpg 2048w, https:\/\/tys.fi\/wp-content\/uploads\/2019\/03\/paul-hanaoka-280209-unsplash-300x200.jpg 300w, https:\/\/tys.fi\/wp-content\/uploads\/2019\/03\/paul-hanaoka-280209-unsplash-768x512.jpg 768w, https:\/\/tys.fi\/wp-content\/uploads\/2019\/03\/paul-hanaoka-280209-unsplash-1024x683.jpg 1024w, https:\/\/tys.fi\/wp-content\/uploads\/2019\/03\/paul-hanaoka-280209-unsplash-900x600.jpg 900w\" sizes=\"auto, (max-width: 5472px) 100vw, 5472px\" \/><p id=\"caption-attachment-13133\" class=\"wp-caption-text\">This is exactly what my face looked like when she told me she was moving out<\/p><\/div>\n<h6>My reaction<\/h6>\n<p class=\"p1\"><span class=\"s1\">WHAT. I CAN\u2019T DEAL WITH THIS ANYMORE.<\/span><\/p>\n<p class=\"p1\"><span class=\"s1\">(Here\u2019s the moment where my dramatic Mexican comes out, shining, ready for the action)<\/span><\/p>\n<p class=\"p1\"><span class=\"s1\">*Sad eyes, expression like I\u2019m about to cry*<\/span><\/p>\n<p class=\"p1\"><span class=\"s1\">-Why are you moving out?- I asked- is it because of me? (I was thinking maybe she didn\u2019t like<span class=\"Apple-converted-space\">\u00a0 <\/span>my enthusiastic \u201cGood Morning!\u201d whenever I got to see her in the mornings)<\/span><\/p>\n<p class=\"p1\"><span class=\"s1\">-Oh no! I applied for the transfer almost a year ago!.<\/span><\/p>\n<p class=\"p1\"><span class=\"s1\">*Astonished, speechless* -Oh wow, a year ago?? Alright, good. Congratulations!<\/span><\/p>\n<p class=\"p1\"><span class=\"s1\">For the rest of the day I was wondering how it was going to be my new flatmate and how long would it take for us to get along, or if we were gonna get along at all\u2026<\/span><\/p>\n<p class=\"p1\"><span class=\"s1\">Then I realized how lucky I was -one more time-, because after a very short period of time, I\u2019ll have the experience of being in all the possible scenarios when moving in a shared apartment: at the beginning, we were all new and started living together with unwritten rules but very clear boundaries; then I was the one moving into an apartment with a girl that had lived with two different flatmates in the past one or two years, and finally, I\u2019ll be the one waiting for a new girl to move in.<\/span><\/p>\n<p class=\"p1\"><span class=\"s1\">To my soon-to-be flatmate: whoever you are, this cozy apartment with a crazy latina inside, can\u2019t wait to meet you.<\/span><\/p>\n<p class=\"p1\"><span class=\"s1\">Welcome on board!<\/span><\/p>\n<p><img loading=\"lazy\" decoding=\"async\" class=\"alignnone size-full wp-image-13132\" src=\"https:\/\/tys.fi\/wp-content\/uploads\/2019\/03\/aaron-burden-82797-unsplash.jpg\" alt=\"\" width=\"4107\" height=\"3108\" srcset=\"https:\/\/tys.fi\/wp-content\/uploads\/2019\/03\/aaron-burden-82797-unsplash.jpg 2048w, https:\/\/tys.fi\/wp-content\/uploads\/2019\/03\/aaron-burden-82797-unsplash-300x227.jpg 300w, https:\/\/tys.fi\/wp-content\/uploads\/2019\/03\/aaron-burden-82797-unsplash-768x581.jpg 768w, https:\/\/tys.fi\/wp-content\/uploads\/2019\/03\/aaron-burden-82797-unsplash-1024x775.jpg 1024w\" sizes=\"auto, (max-width: 4107px) 100vw, 4107px\" \/><\/p>\n","protected":false},"excerpt":{"rendered":"<p>&nbsp; When I moved in to the new apartment, one of the things that concerned&#8230;<\/p>\n","protected":false},"author":1,"featured_media":13417,"comment_status":"open","ping_status":"open","sticky":false,"template":"","format":"standard","meta":{"footnotes":""},"categories":[8],"tags":[],"class_list":{"0":"post-13807","1":"post","2":"type-post","3":"status-publish","4":"format-standard","5":"has-post-thumbnail","7":"category-news"},"yoast_head":"<!-- This site is optimized with the Yoast SEO plugin v27.5 - https:\/\/yoast.com\/product\/yoast-seo-wordpress\/ -->\n<title>Farewell, Flatmate for two months. | TYS | Turun Ylioppilaskyl\u00e4s\u00e4\u00e4ti\u00f6<\/title>\n<meta name=\"robots\" content=\"index, follow, max-snippet:-1, max-image-preview:large, max-video-preview:-1\" \/>\n<link rel=\"canonical\" href=\"https:\/\/tys.fi\/en\/farewell-flatmate-for-two-months\" \/>\n<meta property=\"og:locale\" content=\"en_US\" \/>\n<meta property=\"og:type\" content=\"article\" \/>\n<meta property=\"og:title\" content=\"Farewell, Flatmate for two months. | TYS | Turun Ylioppilaskyl\u00e4s\u00e4\u00e4ti\u00f6\" \/>\n<meta property=\"og:description\" content=\"&nbsp; When I moved in to the new apartment, one of the things that concerned...\" \/>\n<meta property=\"og:url\" content=\"https:\/\/tys.fi\/en\/farewell-flatmate-for-two-months\" \/>\n<meta property=\"og:site_name\" content=\"Turun Ylioppilaskyl&auml;s&auml;&auml;ti&ouml;\" \/>\n<meta property=\"article:publisher\" content=\"https:\/\/www.facebook.com\/tysturku\/\" \/>\n<meta property=\"article:published_time\" content=\"2019-04-05T08:05:34+00:00\" \/>\n<meta property=\"og:image\" content=\"https:\/\/tys.fi\/wp-content\/uploads\/2019\/03\/paul-hanaoka-280209-unsplash.jpg\" \/>\n\t<meta property=\"og:image:width\" content=\"5472\" \/>\n\t<meta property=\"og:image:height\" content=\"3648\" \/>\n\t<meta property=\"og:image:type\" content=\"image\/jpeg\" \/>\n<meta name=\"author\" content=\"Tys\" \/>\n<meta name=\"twitter:card\" content=\"summary_large_image\" \/>\n<meta name=\"twitter:creator\" content=\"@tysturku\" \/>\n<meta name=\"twitter:site\" content=\"@tysturku\" \/>\n<meta name=\"twitter:label1\" content=\"Written by\" \/>\n\t<meta name=\"twitter:data1\" content=\"Tys\" \/>\n\t<meta name=\"twitter:label2\" content=\"Est. reading time\" \/>\n\t<meta name=\"twitter:data2\" content=\"2 minutes\" \/>\n<script type=\"application\/ld+json\" class=\"yoast-schema-graph\">{\"@context\":\"https:\\\/\\\/schema.org\",\"@graph\":[{\"@type\":\"Article\",\"@id\":\"https:\\\/\\\/tys.fi\\\/en\\\/farewell-flatmate-for-two-months#article\",\"isPartOf\":{\"@id\":\"https:\\\/\\\/tys.fi\\\/en\\\/farewell-flatmate-for-two-months\"},\"author\":{\"name\":\"Tys\",\"@id\":\"https:\\\/\\\/tys.fi\\\/#\\\/schema\\\/person\\\/454fc830b117d541d4e69c262e7e6ac5\"},\"headline\":\"Farewell, Flatmate for two months.\",\"datePublished\":\"2019-04-05T08:05:34+00:00\",\"mainEntityOfPage\":{\"@id\":\"https:\\\/\\\/tys.fi\\\/en\\\/farewell-flatmate-for-two-months\"},\"wordCount\":422,\"commentCount\":0,\"publisher\":{\"@id\":\"https:\\\/\\\/tys.fi\\\/#organization\"},\"image\":{\"@id\":\"https:\\\/\\\/tys.fi\\\/en\\\/farewell-flatmate-for-two-months#primaryimage\"},\"thumbnailUrl\":\"https:\\\/\\\/tys.fi\\\/wp-content\\\/uploads\\\/2019\\\/03\\\/paul-hanaoka-280209-unsplash.jpg\",\"articleSection\":[\"News\"],\"inLanguage\":\"en-US\",\"potentialAction\":[{\"@type\":\"CommentAction\",\"name\":\"Comment\",\"target\":[\"https:\\\/\\\/tys.fi\\\/en\\\/farewell-flatmate-for-two-months#respond\"]}]},{\"@type\":\"WebPage\",\"@id\":\"https:\\\/\\\/tys.fi\\\/en\\\/farewell-flatmate-for-two-months\",\"url\":\"https:\\\/\\\/tys.fi\\\/en\\\/farewell-flatmate-for-two-months\",\"name\":\"Farewell, Flatmate for two months. | TYS | Turun Ylioppilaskyl\u00e4s\u00e4\u00e4ti\u00f6\",\"isPartOf\":{\"@id\":\"https:\\\/\\\/tys.fi\\\/#website\"},\"primaryImageOfPage\":{\"@id\":\"https:\\\/\\\/tys.fi\\\/en\\\/farewell-flatmate-for-two-months#primaryimage\"},\"image\":{\"@id\":\"https:\\\/\\\/tys.fi\\\/en\\\/farewell-flatmate-for-two-months#primaryimage\"},\"thumbnailUrl\":\"https:\\\/\\\/tys.fi\\\/wp-content\\\/uploads\\\/2019\\\/03\\\/paul-hanaoka-280209-unsplash.jpg\",\"datePublished\":\"2019-04-05T08:05:34+00:00\",\"breadcrumb\":{\"@id\":\"https:\\\/\\\/tys.fi\\\/en\\\/farewell-flatmate-for-two-months#breadcrumb\"},\"inLanguage\":\"en-US\",\"potentialAction\":[{\"@type\":\"ReadAction\",\"target\":[\"https:\\\/\\\/tys.fi\\\/en\\\/farewell-flatmate-for-two-months\"]}]},{\"@type\":\"ImageObject\",\"inLanguage\":\"en-US\",\"@id\":\"https:\\\/\\\/tys.fi\\\/en\\\/farewell-flatmate-for-two-months#primaryimage\",\"url\":\"https:\\\/\\\/tys.fi\\\/wp-content\\\/uploads\\\/2019\\\/03\\\/paul-hanaoka-280209-unsplash.jpg\",\"contentUrl\":\"https:\\\/\\\/tys.fi\\\/wp-content\\\/uploads\\\/2019\\\/03\\\/paul-hanaoka-280209-unsplash.jpg\",\"width\":5472,\"height\":3648,\"caption\":\"This is exactly what my face looked like when she told me she was moving out\"},{\"@type\":\"BreadcrumbList\",\"@id\":\"https:\\\/\\\/tys.fi\\\/en\\\/farewell-flatmate-for-two-months#breadcrumb\",\"itemListElement\":[{\"@type\":\"ListItem\",\"position\":1,\"name\":\"Home\",\"item\":\"https:\\\/\\\/tys.fi\\\/en\"},{\"@type\":\"ListItem\",\"position\":2,\"name\":\"Farewell, Flatmate for two months.\"}]},{\"@type\":\"WebSite\",\"@id\":\"https:\\\/\\\/tys.fi\\\/#website\",\"url\":\"https:\\\/\\\/tys.fi\\\/\",\"name\":\"Turun Ylioppilaskyl\u00e4s\u00e4\u00e4ti\u00f6\",\"description\":\"Vuokra-asunnot Turku\",\"publisher\":{\"@id\":\"https:\\\/\\\/tys.fi\\\/#organization\"},\"potentialAction\":[{\"@type\":\"SearchAction\",\"target\":{\"@type\":\"EntryPoint\",\"urlTemplate\":\"https:\\\/\\\/tys.fi\\\/?s={search_term_string}\"},\"query-input\":{\"@type\":\"PropertyValueSpecification\",\"valueRequired\":true,\"valueName\":\"search_term_string\"}}],\"inLanguage\":\"en-US\"},{\"@type\":\"Organization\",\"@id\":\"https:\\\/\\\/tys.fi\\\/#organization\",\"name\":\"TYS\",\"url\":\"https:\\\/\\\/tys.fi\\\/\",\"logo\":{\"@type\":\"ImageObject\",\"inLanguage\":\"en-US\",\"@id\":\"https:\\\/\\\/tys.fi\\\/#\\\/schema\\\/logo\\\/image\\\/\",\"url\":\"https:\\\/\\\/tys.fi\\\/wp-content\\\/uploads\\\/2019\\\/03\\\/TYS-Logo_Green_500px.png\",\"contentUrl\":\"https:\\\/\\\/tys.fi\\\/wp-content\\\/uploads\\\/2019\\\/03\\\/TYS-Logo_Green_500px.png\",\"width\":500,\"height\":232,\"caption\":\"TYS\"},\"image\":{\"@id\":\"https:\\\/\\\/tys.fi\\\/#\\\/schema\\\/logo\\\/image\\\/\"},\"sameAs\":[\"https:\\\/\\\/www.facebook.com\\\/tysturku\\\/\",\"https:\\\/\\\/x.com\\\/tysturku\",\"https:\\\/\\\/www.instagram.com\\\/tysturku\\\/\",\"https:\\\/\\\/www.linkedin.com\\\/company\\\/tysturku\\\/\",\"https:\\\/\\\/www.youtube.com\\\/channel\\\/UCjKOs8BOiY0SORCB0WWixlw?view_as=subscriber\",\"https:\\\/\\\/fi.wikipedia.org\\\/wiki\\\/Turun_ylioppilaskyl\u00e4s\u00e4\u00e4ti\u00f6\"]},{\"@type\":\"Person\",\"@id\":\"https:\\\/\\\/tys.fi\\\/#\\\/schema\\\/person\\\/454fc830b117d541d4e69c262e7e6ac5\",\"name\":\"Tys\",\"url\":\"https:\\\/\\\/tys.fi\\\/en\\\/author\\\/tys\"}]}<\/script>\n<!-- \/ Yoast SEO plugin. -->","yoast_head_json":{"title":"Farewell, Flatmate for two months. | TYS | Turun Ylioppilaskyl\u00e4s\u00e4\u00e4ti\u00f6","robots":{"index":"index","follow":"follow","max-snippet":"max-snippet:-1","max-image-preview":"max-image-preview:large","max-video-preview":"max-video-preview:-1"},"canonical":"https:\/\/tys.fi\/en\/farewell-flatmate-for-two-months","og_locale":"en_US","og_type":"article","og_title":"Farewell, Flatmate for two months. | TYS | Turun Ylioppilaskyl\u00e4s\u00e4\u00e4ti\u00f6","og_description":"&nbsp; When I moved in to the new apartment, one of the things that concerned...","og_url":"https:\/\/tys.fi\/en\/farewell-flatmate-for-two-months","og_site_name":"Turun Ylioppilaskyl&auml;s&auml;&auml;ti&ouml;","article_publisher":"https:\/\/www.facebook.com\/tysturku\/","article_published_time":"2019-04-05T08:05:34+00:00","og_image":[{"width":5472,"height":3648,"url":"https:\/\/tys.fi\/wp-content\/uploads\/2019\/03\/paul-hanaoka-280209-unsplash.jpg","type":"image\/jpeg"}],"author":"Tys","twitter_card":"summary_large_image","twitter_creator":"@tysturku","twitter_site":"@tysturku","twitter_misc":{"Written by":"Tys","Est. reading time":"2 minutes"},"schema":{"@context":"https:\/\/schema.org","@graph":[{"@type":"Article","@id":"https:\/\/tys.fi\/en\/farewell-flatmate-for-two-months#article","isPartOf":{"@id":"https:\/\/tys.fi\/en\/farewell-flatmate-for-two-months"},"author":{"name":"Tys","@id":"https:\/\/tys.fi\/#\/schema\/person\/454fc830b117d541d4e69c262e7e6ac5"},"headline":"Farewell, Flatmate for two months.","datePublished":"2019-04-05T08:05:34+00:00","mainEntityOfPage":{"@id":"https:\/\/tys.fi\/en\/farewell-flatmate-for-two-months"},"wordCount":422,"commentCount":0,"publisher":{"@id":"https:\/\/tys.fi\/#organization"},"image":{"@id":"https:\/\/tys.fi\/en\/farewell-flatmate-for-two-months#primaryimage"},"thumbnailUrl":"https:\/\/tys.fi\/wp-content\/uploads\/2019\/03\/paul-hanaoka-280209-unsplash.jpg","articleSection":["News"],"inLanguage":"en-US","potentialAction":[{"@type":"CommentAction","name":"Comment","target":["https:\/\/tys.fi\/en\/farewell-flatmate-for-two-months#respond"]}]},{"@type":"WebPage","@id":"https:\/\/tys.fi\/en\/farewell-flatmate-for-two-months","url":"https:\/\/tys.fi\/en\/farewell-flatmate-for-two-months","name":"Farewell, Flatmate for two months. | TYS | Turun Ylioppilaskyl\u00e4s\u00e4\u00e4ti\u00f6","isPartOf":{"@id":"https:\/\/tys.fi\/#website"},"primaryImageOfPage":{"@id":"https:\/\/tys.fi\/en\/farewell-flatmate-for-two-months#primaryimage"},"image":{"@id":"https:\/\/tys.fi\/en\/farewell-flatmate-for-two-months#primaryimage"},"thumbnailUrl":"https:\/\/tys.fi\/wp-content\/uploads\/2019\/03\/paul-hanaoka-280209-unsplash.jpg","datePublished":"2019-04-05T08:05:34+00:00","breadcrumb":{"@id":"https:\/\/tys.fi\/en\/farewell-flatmate-for-two-months#breadcrumb"},"inLanguage":"en-US","potentialAction":[{"@type":"ReadAction","target":["https:\/\/tys.fi\/en\/farewell-flatmate-for-two-months"]}]},{"@type":"ImageObject","inLanguage":"en-US","@id":"https:\/\/tys.fi\/en\/farewell-flatmate-for-two-months#primaryimage","url":"https:\/\/tys.fi\/wp-content\/uploads\/2019\/03\/paul-hanaoka-280209-unsplash.jpg","contentUrl":"https:\/\/tys.fi\/wp-content\/uploads\/2019\/03\/paul-hanaoka-280209-unsplash.jpg","width":5472,"height":3648,"caption":"This is exactly what my face looked like when she told me she was moving out"},{"@type":"BreadcrumbList","@id":"https:\/\/tys.fi\/en\/farewell-flatmate-for-two-months#breadcrumb","itemListElement":[{"@type":"ListItem","position":1,"name":"Home","item":"https:\/\/tys.fi\/en"},{"@type":"ListItem","position":2,"name":"Farewell, Flatmate for two months."}]},{"@type":"WebSite","@id":"https:\/\/tys.fi\/#website","url":"https:\/\/tys.fi\/","name":"Turun Ylioppilaskyl\u00e4s\u00e4\u00e4ti\u00f6","description":"Vuokra-asunnot Turku","publisher":{"@id":"https:\/\/tys.fi\/#organization"},"potentialAction":[{"@type":"SearchAction","target":{"@type":"EntryPoint","urlTemplate":"https:\/\/tys.fi\/?s={search_term_string}"},"query-input":{"@type":"PropertyValueSpecification","valueRequired":true,"valueName":"search_term_string"}}],"inLanguage":"en-US"},{"@type":"Organization","@id":"https:\/\/tys.fi\/#organization","name":"TYS","url":"https:\/\/tys.fi\/","logo":{"@type":"ImageObject","inLanguage":"en-US","@id":"https:\/\/tys.fi\/#\/schema\/logo\/image\/","url":"https:\/\/tys.fi\/wp-content\/uploads\/2019\/03\/TYS-Logo_Green_500px.png","contentUrl":"https:\/\/tys.fi\/wp-content\/uploads\/2019\/03\/TYS-Logo_Green_500px.png","width":500,"height":232,"caption":"TYS"},"image":{"@id":"https:\/\/tys.fi\/#\/schema\/logo\/image\/"},"sameAs":["https:\/\/www.facebook.com\/tysturku\/","https:\/\/x.com\/tysturku","https:\/\/www.instagram.com\/tysturku\/","https:\/\/www.linkedin.com\/company\/tysturku\/","https:\/\/www.youtube.com\/channel\/UCjKOs8BOiY0SORCB0WWixlw?view_as=subscriber","https:\/\/fi.wikipedia.org\/wiki\/Turun_ylioppilaskyl\u00e4s\u00e4\u00e4ti\u00f6"]},{"@type":"Person","@id":"https:\/\/tys.fi\/#\/schema\/person\/454fc830b117d541d4e69c262e7e6ac5","name":"Tys","url":"https:\/\/tys.fi\/en\/author\/tys"}]}},"_links":{"self":[{"href":"https:\/\/tys.fi\/en\/wp-json\/wp\/v2\/posts\/13807","targetHints":{"allow":["GET"]}}],"collection":[{"href":"https:\/\/tys.fi\/en\/wp-json\/wp\/v2\/posts"}],"about":[{"href":"https:\/\/tys.fi\/en\/wp-json\/wp\/v2\/types\/post"}],"author":[{"embeddable":true,"href":"https:\/\/tys.fi\/en\/wp-json\/wp\/v2\/users\/1"}],"replies":[{"embeddable":true,"href":"https:\/\/tys.fi\/en\/wp-json\/wp\/v2\/comments?post=13807"}],"version-history":[{"count":0,"href":"https:\/\/tys.fi\/en\/wp-json\/wp\/v2\/posts\/13807\/revisions"}],"wp:featuredmedia":[{"embeddable":true,"href":"https:\/\/tys.fi\/en\/wp-json\/wp\/v2\/media\/13417"}],"wp:attachment":[{"href":"https:\/\/tys.fi\/en\/wp-json\/wp\/v2\/media?parent=13807"}],"wp:term":[{"taxonomy":"category","embeddable":true,"href":"https:\/\/tys.fi\/en\/wp-json\/wp\/v2\/categories?post=13807"},{"taxonomy":"post_tag","embeddable":true,"href":"https:\/\/tys.fi\/en\/wp-json\/wp\/v2\/tags?post=13807"}],"curies":[{"name":"wp","href":"https:\/\/api.w.org\/{rel}","templated":true}]}}